{"id":28538,"date":"2025-10-19T09:19:22","date_gmt":"2025-10-19T12:19:22","guid":{"rendered":"https:\/\/sulsc.com\/?p=28538"},"modified":"2025-10-19T09:19:22","modified_gmt":"2025-10-19T12:19:22","slug":"massa-de-ar-frio-e-seco-no-sul-com-pancadas-de-chuva-principalmente-nas-regioes-litoraneas","status":"publish","type":"post","link":"https:\/\/sulsc.com\/index.php\/2025\/10\/19\/massa-de-ar-frio-e-seco-no-sul-com-pancadas-de-chuva-principalmente-nas-regioes-litoraneas\/","title":{"rendered":"Massa de ar frio e seco no Sul com pancadas de chuva principalmente nas regi\u00f5es litor\u00e2neas"},"content":{"rendered":"<p>Domingo (19), o vento sul continua intenso e o risco segue moderado a alto para ocorr\u00eancias associadas aos ventos fortes. O mar permanece agitado, com ondas entre 2,5 e 3,0m, com picos mais altos em alto mar. O risco permanece moderado para ocorr\u00eancias associadas \u00e0 agita\u00e7\u00e3o mar\u00edtima. Nas \u00e1reas litor\u00e2neas, o dia ser\u00e1 de maior varia\u00e7\u00e3o de nebulosidade, com r\u00e1pidas aberturas de sol e condi\u00e7\u00f5es para chuva fraca. Nas demais regi\u00f5es do estado, o tempo firme e ensolarado tende a predominar.<\/p>\n<p><strong>Temperaturas<\/strong><\/p>\n<p>O dia ser\u00e1 marcado por uma grande amplitude t\u00e9rmica \u2013 sensa\u00e7\u00e3o de frio nas primeiras horas da manh\u00e3 e r\u00e1pido aquecimento no per\u00edodo da tarde. Entre o Meio-Oeste e os Planaltos, as temperaturas m\u00ednimas variam entre 2 e 6\u00b0C, no Oeste ficam pr\u00f3ximas dos 8\u00b0C e no Litoral variam entre 10 e 12\u00b0C. \u00c0 tarde, do Meio-Oeste aos Planaltos, as m\u00e1ximas variam entre 14 e 19\u00b0C e ficam pouco acima dos 20\u00b0C nas regi\u00f5es do Oeste e no Litoral.<\/p>\n<p><img fetchpriority=\"high\" decoding=\"async\" class=\"aligncenter size-full wp-image-28539\" src=\"http:\/\/sulsc.com\/wp-content\/uploads\/2025\/10\/image-135-1024x703-1.png\" alt=\"\" width=\"1024\" height=\"703\" srcset=\"https:\/\/sulsc.com\/wp-content\/uploads\/2025\/10\/image-135-1024x703-1.png 1024w, https:\/\/sulsc.com\/wp-content\/uploads\/2025\/10\/image-135-1024x703-1-300x206.png 300w, https:\/\/sulsc.com\/wp-content\/uploads\/2025\/10\/image-135-1024x703-1-768x527.png 768w\" sizes=\"(max-width: 1024px) 100vw, 1024px\" \/><\/p>\n<p><img decoding=\"async\" class=\"aligncenter size-full wp-image-22836\" src=\"http:\/\/sulsc.com\/wp-content\/uploads\/2025\/04\/Tempo-2.png\" alt=\"\" width=\"1024\" height=\"189\" srcset=\"https:\/\/sulsc.com\/wp-content\/uploads\/2025\/04\/Tempo-2.png 1024w, https:\/\/sulsc.com\/wp-content\/uploads\/2025\/04\/Tempo-2-300x55.png 300w, https:\/\/sulsc.com\/wp-content\/uploads\/2025\/04\/Tempo-2-768x142.png 768w\" sizes=\"(max-width: 1024px) 100vw, 1024px\" \/><\/p>\n<p><strong>Ventos:<\/strong> sul a sudeste, fraco a moderado.<\/p>\n<p><strong>Sistema predominante:<\/strong> massa de ar frio e seco no Sul do Brasil.<\/p>\n<div id=\"metaslider-id-25573\" style=\"width: 100%;\" class=\"ml-slider-3-99-0 metaslider metaslider-flex metaslider-25573 ml-slider has-onhover-arrows ms-theme-default-base has-dots-nav\" role=\"region\" aria-label=\"Meio\" data-width=\"1200\">\n    <div id=\"metaslider_container_25573\">\n        <div id=\"metaslider_25573\">\n            <ul class='slides'>\n                <li style=\"display: block; width: 100%;\" class=\"slide-25684 ms-image \" aria-roledescription=\"slide\" data-date=\"2025-07-24 07:55:40\"><img src=\"https:\/\/sulsc.com\/wp-content\/uploads\/2025\/07\/Marr-2-1000x166.jpg\" height=\"200\" width=\"1200\" alt=\"\" class=\"slider-25573 slide-25684 msDefaultImage\" title=\"Marr 2\" \/><\/li>\n                <li style=\"display: none; width: 100%;\" class=\"slide-32412 ms-image \" aria-roledescription=\"slide\" data-date=\"2026-02-18 13:59:46\"><img src=\"https:\/\/sulsc.com\/wp-content\/uploads\/2026\/02\/40dc1580-cad5-4867-bc58-c4243821ad38-1000x166.jpeg\" height=\"200\" width=\"1200\" alt=\"\" class=\"slider-25573 slide-32412 msDefaultImage\" title=\"40dc1580-cad5-4867-bc58-c4243821ad38\" \/><\/li>\n                <li style=\"display: none; width: 100%;\" class=\"slide-32766 ms-image \" aria-roledescription=\"slide\" data-date=\"2026-03-03 17:22:59\"><img src=\"https:\/\/sulsc.com\/wp-content\/uploads\/2026\/03\/271ce739-f268-41c5-8051-3de1a1750359-1000x166.jpeg\" height=\"200\" width=\"1200\" alt=\"\" class=\"slider-25573 slide-32766 msDefaultImage\" title=\"271ce739-f268-41c5-8051-3de1a1750359\" \/><\/li>\n            <\/ul>\n        <\/div>\n        \n    <\/div>\n<\/div>\n<p><strong>Amanh\u00e3 segunda-feira (20<\/strong>), predom\u00ednio de sol em SC, especialmente no oeste. Mais nuvens no leste do estado, com chance de chuva isolada, especialmente nos extremos do dia, devido \u00e0 circula\u00e7\u00e3o mar\u00edtima. As temperaturas mais baixa, com m\u00ednima pr\u00f3xima de 0\u00b0C e chance de geada isolada nas \u00e1reas altas do Planalto Sul. Durante o dia, m\u00e1ximas inferiores a 24\u00b0C.<\/p>\n<p>Fonte: Defesa Civil-SC\/Epagri-Ciram<\/p>\n","protected":false},"excerpt":{"rendered":"<p>Domingo (19), o vento sul continua intenso e o risco segue moderado a alto para ocorr\u00eancias associadas aos ventos fortes. O mar permanece agitado, com ondas entre 2,5 e 3,0m, com picos mais altos em alto mar. O risco permanece moderado para ocorr\u00eancias associadas \u00e0 agita\u00e7\u00e3o mar\u00edtima. Nas \u00e1reas litor\u00e2neas, o dia ser\u00e1 de maior &hellip;<\/p>\n<p class=\"read-more\"> <a class=\"\" href=\"https:\/\/sulsc.com\/index.php\/2025\/10\/19\/massa-de-ar-frio-e-seco-no-sul-com-pancadas-de-chuva-principalmente-nas-regioes-litoraneas\/\"> <span class=\"screen-reader-text\">Massa de ar frio e seco no Sul com pancadas de chuva principalmente nas regi\u00f5es litor\u00e2neas<\/span> Read More &raquo;<\/a><\/p>\n","protected":false},"author":3,"featured_media":16430,"comment_status":"open","ping_status":"open","sticky":false,"template":"","format":"standard","meta":{"site-sidebar-layout":"default","site-content-layout":"","ast-site-content-layout":"default","site-content-style":"default","site-sidebar-style":"default","ast-global-header-display":"","ast-banner-title-visibility":"","ast-main-header-display":"","ast-hfb-above-header-display":"","ast-hfb-below-header-display":"","ast-hfb-mobile-header-display":"","site-post-title":"","ast-breadcrumbs-content":"","ast-featured-img":"","footer-sml-layout":"","theme-transparent-header-meta":"default","adv-header-id-meta":"","stick-header-meta":"","header-above-stick-meta":"","header-main-stick-meta":"","header-below-stick-meta":"","astra-migrate-meta-layouts":"set","footnotes":""},"categories":[2354,2231,1,14,38,12],"tags":[90,89],"yoast_head":"<!-- This site is optimized with the Yoast SEO plugin v21.4 - https:\/\/yoast.com\/wordpress\/plugins\/seo\/ -->\n<title>Massa de ar frio e seco no Sul com pancadas de chuva principalmente nas regi\u00f5es litor\u00e2neas -<\/title>\n<meta name=\"robots\" content=\"index, follow, max-snippet:-1, max-image-preview:large, max-video-preview:-1\" \/>\n<link rel=\"canonical\" href=\"https:\/\/sulsc.com\/index.php\/2025\/10\/19\/massa-de-ar-frio-e-seco-no-sul-com-pancadas-de-chuva-principalmente-nas-regioes-litoraneas\/\" \/>\n<meta property=\"og:locale\" content=\"en_US\" \/>\n<meta property=\"og:type\" content=\"article\" \/>\n<meta property=\"og:title\" content=\"Massa de ar frio e seco no Sul com pancadas de chuva principalmente nas regi\u00f5es litor\u00e2neas -\" \/>\n<meta property=\"og:description\" content=\"Domingo (19), o vento sul continua intenso e o risco segue moderado a alto para ocorr\u00eancias associadas aos ventos fortes. O mar permanece agitado, com ondas entre 2,5 e 3,0m, com picos mais altos em alto mar. O risco permanece moderado para ocorr\u00eancias associadas \u00e0 agita\u00e7\u00e3o mar\u00edtima. Nas \u00e1reas litor\u00e2neas, o dia ser\u00e1 de maior &hellip; Massa de ar frio e seco no Sul com pancadas de chuva principalmente nas regi\u00f5es litor\u00e2neas Read More &raquo;\" \/>\n<meta property=\"og:url\" content=\"https:\/\/sulsc.com\/index.php\/2025\/10\/19\/massa-de-ar-frio-e-seco-no-sul-com-pancadas-de-chuva-principalmente-nas-regioes-litoraneas\/\" \/>\n<meta property=\"article:author\" content=\"https:\/\/www.facebook.com\/profile.php?id=61559278119680\" \/>\n<meta property=\"article:published_time\" content=\"2025-10-19T12:19:22+00:00\" \/>\n<meta property=\"og:image\" content=\"http:\/\/sulsc.com\/wp-content\/uploads\/2024\/10\/temporal.jpg\" \/>\n\t<meta property=\"og:image:width\" content=\"1920\" \/>\n\t<meta property=\"og:image:height\" content=\"866\" \/>\n\t<meta property=\"og:image:type\" content=\"image\/jpeg\" \/>\n<meta name=\"author\" content=\"Reda\u00e7\u00e3o Sul SC\" \/>\n<meta name=\"twitter:card\" content=\"summary_large_image\" \/>\n<meta name=\"twitter:creator\" content=\"@https:\/\/twitter.com\/PortalSulSC\" \/>\n<meta name=\"twitter:label1\" content=\"Written by\" \/>\n\t<meta name=\"twitter:data1\" content=\"Reda\u00e7\u00e3o Sul SC\" \/>\n\t<meta name=\"twitter:label2\" content=\"Est. reading time\" \/>\n\t<meta name=\"twitter:data2\" content=\"2 minutes\" \/>\n<script type=\"application\/ld+json\" class=\"yoast-schema-graph\">{\"@context\":\"https:\/\/schema.org\",\"@graph\":[{\"@type\":\"WebPage\",\"@id\":\"https:\/\/sulsc.com\/index.php\/2025\/10\/19\/massa-de-ar-frio-e-seco-no-sul-com-pancadas-de-chuva-principalmente-nas-regioes-litoraneas\/\",\"url\":\"https:\/\/sulsc.com\/index.php\/2025\/10\/19\/massa-de-ar-frio-e-seco-no-sul-com-pancadas-de-chuva-principalmente-nas-regioes-litoraneas\/\",\"name\":\"Massa de ar frio e seco no Sul com pancadas de chuva principalmente nas regi\u00f5es litor\u00e2neas -\",\"isPartOf\":{\"@id\":\"https:\/\/sulsc.com\/#website\"},\"datePublished\":\"2025-10-19T12:19:22+00:00\",\"dateModified\":\"2025-10-19T12:19:22+00:00\",\"author\":{\"@id\":\"https:\/\/sulsc.com\/#\/schema\/person\/84d2fc571684f6248ba83092f07750a3\"},\"breadcrumb\":{\"@id\":\"https:\/\/sulsc.com\/index.php\/2025\/10\/19\/massa-de-ar-frio-e-seco-no-sul-com-pancadas-de-chuva-principalmente-nas-regioes-litoraneas\/#breadcrumb\"},\"inLanguage\":\"en-US\",\"potentialAction\":[{\"@type\":\"ReadAction\",\"target\":[\"https:\/\/sulsc.com\/index.php\/2025\/10\/19\/massa-de-ar-frio-e-seco-no-sul-com-pancadas-de-chuva-principalmente-nas-regioes-litoraneas\/\"]}]},{\"@type\":\"BreadcrumbList\",\"@id\":\"https:\/\/sulsc.com\/index.php\/2025\/10\/19\/massa-de-ar-frio-e-seco-no-sul-com-pancadas-de-chuva-principalmente-nas-regioes-litoraneas\/#breadcrumb\",\"itemListElement\":[{\"@type\":\"ListItem\",\"position\":1,\"name\":\"In\u00edcio\",\"item\":\"https:\/\/sulsc.com\/\"},{\"@type\":\"ListItem\",\"position\":2,\"name\":\"Massa de ar frio e seco no Sul com pancadas de chuva principalmente nas regi\u00f5es litor\u00e2neas\"}]},{\"@type\":\"WebSite\",\"@id\":\"https:\/\/sulsc.com\/#website\",\"url\":\"https:\/\/sulsc.com\/\",\"name\":\"\",\"description\":\"\",\"potentialAction\":[{\"@type\":\"SearchAction\",\"target\":{\"@type\":\"EntryPoint\",\"urlTemplate\":\"https:\/\/sulsc.com\/?s={search_term_string}\"},\"query-input\":\"required name=search_term_string\"}],\"inLanguage\":\"en-US\"},{\"@type\":\"Person\",\"@id\":\"https:\/\/sulsc.com\/#\/schema\/person\/84d2fc571684f6248ba83092f07750a3\",\"name\":\"Reda\u00e7\u00e3o Sul SC\",\"image\":{\"@type\":\"ImageObject\",\"inLanguage\":\"en-US\",\"@id\":\"https:\/\/sulsc.com\/#\/schema\/person\/image\/e08d7fe2cc4ed596372063bbe852b8d0\",\"url\":\"https:\/\/sulsc.com\/wp-content\/uploads\/2023\/09\/redacao.png\",\"contentUrl\":\"https:\/\/sulsc.com\/wp-content\/uploads\/2023\/09\/redacao.png\",\"caption\":\"Reda\u00e7\u00e3o Sul SC\"},\"description\":\"Foco em um jornalismo imparcial, voltado \u00e0 qualidade dos seus conte\u00fados e, assim, levar informa\u00e7\u00e3o de valor que agregue \u00e0 vida dos leitores. Esta \u00e9 grande miss\u00e3o do Portal de Not\u00edcias Sul SC. N\u00e3o \u00e9 quantidade que muda o mundo, sempre foi e seguir\u00e1 sendo qualidade!\",\"sameAs\":[\"https:\/\/sulsc.com\/\",\"https:\/\/www.facebook.com\/profile.php?id=61559278119680\",\"https:\/\/www.instagram.com\/sulscportal\/?hl=pt-br\",\"https:\/\/twitter.com\/https:\/\/twitter.com\/PortalSulSC\",\"https:\/\/www.youtube.com\/channel\/UCv_BE8GeySluDov2n8qhVmw\"],\"url\":\"https:\/\/sulsc.com\/index.php\/author\/redacao\/\"}]}<\/script>\n<!-- \/ Yoast SEO plugin. -->","yoast_head_json":{"title":"Massa de ar frio e seco no Sul com pancadas de chuva principalmente nas regi\u00f5es litor\u00e2neas -","robots":{"index":"index","follow":"follow","max-snippet":"max-snippet:-1","max-image-preview":"max-image-preview:large","max-video-preview":"max-video-preview:-1"},"canonical":"https:\/\/sulsc.com\/index.php\/2025\/10\/19\/massa-de-ar-frio-e-seco-no-sul-com-pancadas-de-chuva-principalmente-nas-regioes-litoraneas\/","og_locale":"en_US","og_type":"article","og_title":"Massa de ar frio e seco no Sul com pancadas de chuva principalmente nas regi\u00f5es litor\u00e2neas -","og_description":"Domingo (19), o vento sul continua intenso e o risco segue moderado a alto para ocorr\u00eancias associadas aos ventos fortes. O mar permanece agitado, com ondas entre 2,5 e 3,0m, com picos mais altos em alto mar. O risco permanece moderado para ocorr\u00eancias associadas \u00e0 agita\u00e7\u00e3o mar\u00edtima. Nas \u00e1reas litor\u00e2neas, o dia ser\u00e1 de maior &hellip; Massa de ar frio e seco no Sul com pancadas de chuva principalmente nas regi\u00f5es litor\u00e2neas Read More &raquo;","og_url":"https:\/\/sulsc.com\/index.php\/2025\/10\/19\/massa-de-ar-frio-e-seco-no-sul-com-pancadas-de-chuva-principalmente-nas-regioes-litoraneas\/","article_author":"https:\/\/www.facebook.com\/profile.php?id=61559278119680","article_published_time":"2025-10-19T12:19:22+00:00","og_image":[{"width":1920,"height":866,"url":"http:\/\/sulsc.com\/wp-content\/uploads\/2024\/10\/temporal.jpg","type":"image\/jpeg"}],"author":"Reda\u00e7\u00e3o Sul SC","twitter_card":"summary_large_image","twitter_creator":"@https:\/\/twitter.com\/PortalSulSC","twitter_misc":{"Written by":"Reda\u00e7\u00e3o Sul SC","Est. reading time":"2 minutes"},"schema":{"@context":"https:\/\/schema.org","@graph":[{"@type":"WebPage","@id":"https:\/\/sulsc.com\/index.php\/2025\/10\/19\/massa-de-ar-frio-e-seco-no-sul-com-pancadas-de-chuva-principalmente-nas-regioes-litoraneas\/","url":"https:\/\/sulsc.com\/index.php\/2025\/10\/19\/massa-de-ar-frio-e-seco-no-sul-com-pancadas-de-chuva-principalmente-nas-regioes-litoraneas\/","name":"Massa de ar frio e seco no Sul com pancadas de chuva principalmente nas regi\u00f5es litor\u00e2neas -","isPartOf":{"@id":"https:\/\/sulsc.com\/#website"},"datePublished":"2025-10-19T12:19:22+00:00","dateModified":"2025-10-19T12:19:22+00:00","author":{"@id":"https:\/\/sulsc.com\/#\/schema\/person\/84d2fc571684f6248ba83092f07750a3"},"breadcrumb":{"@id":"https:\/\/sulsc.com\/index.php\/2025\/10\/19\/massa-de-ar-frio-e-seco-no-sul-com-pancadas-de-chuva-principalmente-nas-regioes-litoraneas\/#breadcrumb"},"inLanguage":"en-US","potentialAction":[{"@type":"ReadAction","target":["https:\/\/sulsc.com\/index.php\/2025\/10\/19\/massa-de-ar-frio-e-seco-no-sul-com-pancadas-de-chuva-principalmente-nas-regioes-litoraneas\/"]}]},{"@type":"BreadcrumbList","@id":"https:\/\/sulsc.com\/index.php\/2025\/10\/19\/massa-de-ar-frio-e-seco-no-sul-com-pancadas-de-chuva-principalmente-nas-regioes-litoraneas\/#breadcrumb","itemListElement":[{"@type":"ListItem","position":1,"name":"In\u00edcio","item":"https:\/\/sulsc.com\/"},{"@type":"ListItem","position":2,"name":"Massa de ar frio e seco no Sul com pancadas de chuva principalmente nas regi\u00f5es litor\u00e2neas"}]},{"@type":"WebSite","@id":"https:\/\/sulsc.com\/#website","url":"https:\/\/sulsc.com\/","name":"","description":"","potentialAction":[{"@type":"SearchAction","target":{"@type":"EntryPoint","urlTemplate":"https:\/\/sulsc.com\/?s={search_term_string}"},"query-input":"required name=search_term_string"}],"inLanguage":"en-US"},{"@type":"Person","@id":"https:\/\/sulsc.com\/#\/schema\/person\/84d2fc571684f6248ba83092f07750a3","name":"Reda\u00e7\u00e3o Sul SC","image":{"@type":"ImageObject","inLanguage":"en-US","@id":"https:\/\/sulsc.com\/#\/schema\/person\/image\/e08d7fe2cc4ed596372063bbe852b8d0","url":"https:\/\/sulsc.com\/wp-content\/uploads\/2023\/09\/redacao.png","contentUrl":"https:\/\/sulsc.com\/wp-content\/uploads\/2023\/09\/redacao.png","caption":"Reda\u00e7\u00e3o Sul SC"},"description":"Foco em um jornalismo imparcial, voltado \u00e0 qualidade dos seus conte\u00fados e, assim, levar informa\u00e7\u00e3o de valor que agregue \u00e0 vida dos leitores. Esta \u00e9 grande miss\u00e3o do Portal de Not\u00edcias Sul SC. N\u00e3o \u00e9 quantidade que muda o mundo, sempre foi e seguir\u00e1 sendo qualidade!","sameAs":["https:\/\/sulsc.com\/","https:\/\/www.facebook.com\/profile.php?id=61559278119680","https:\/\/www.instagram.com\/sulscportal\/?hl=pt-br","https:\/\/twitter.com\/https:\/\/twitter.com\/PortalSulSC","https:\/\/www.youtube.com\/channel\/UCv_BE8GeySluDov2n8qhVmw"],"url":"https:\/\/sulsc.com\/index.php\/author\/redacao\/"}]}},"authors":[],"_links":{"self":[{"href":"https:\/\/sulsc.com\/index.php\/wp-json\/wp\/v2\/posts\/28538"}],"collection":[{"href":"https:\/\/sulsc.com\/index.php\/wp-json\/wp\/v2\/posts"}],"about":[{"href":"https:\/\/sulsc.com\/index.php\/wp-json\/wp\/v2\/types\/post"}],"author":[{"embeddable":true,"href":"https:\/\/sulsc.com\/index.php\/wp-json\/wp\/v2\/users\/3"}],"replies":[{"embeddable":true,"href":"https:\/\/sulsc.com\/index.php\/wp-json\/wp\/v2\/comments?post=28538"}],"version-history":[{"count":1,"href":"https:\/\/sulsc.com\/index.php\/wp-json\/wp\/v2\/posts\/28538\/revisions"}],"predecessor-version":[{"id":28540,"href":"https:\/\/sulsc.com\/index.php\/wp-json\/wp\/v2\/posts\/28538\/revisions\/28540"}],"wp:featuredmedia":[{"embeddable":true,"href":"https:\/\/sulsc.com\/index.php\/wp-json\/wp\/v2\/media\/16430"}],"wp:attachment":[{"href":"https:\/\/sulsc.com\/index.php\/wp-json\/wp\/v2\/media?parent=28538"}],"wp:term":[{"taxonomy":"category","embeddable":true,"href":"https:\/\/sulsc.com\/index.php\/wp-json\/wp\/v2\/categories?post=28538"},{"taxonomy":"post_tag","embeddable":true,"href":"https:\/\/sulsc.com\/index.php\/wp-json\/wp\/v2\/tags?post=28538"}],"curies":[{"name":"wp","href":"https:\/\/api.w.org\/{rel}","templated":true}]}}