{"id":28560,"date":"2025-10-20T10:46:42","date_gmt":"2025-10-20T13:46:42","guid":{"rendered":"https:\/\/sulsc.com\/?p=28560"},"modified":"2025-10-20T10:46:42","modified_gmt":"2025-10-20T13:46:42","slug":"braco-do-norte-tera-dia-d-do-outubro-rosa","status":"publish","type":"post","link":"https:\/\/sulsc.com\/index.php\/2025\/10\/20\/braco-do-norte-tera-dia-d-do-outubro-rosa\/","title":{"rendered":"Bra\u00e7o do Norte ter\u00e1 Dia D do Outubro Rosa"},"content":{"rendered":"<p>Neste m\u00eas importantes a\u00e7\u00f5es em alus\u00e3o ao Outubro Rosa, s\u00e3o promovidas pela Prefeitura de Bra\u00e7o do Norte, por meio da Secretaria de Sa\u00fade. A a\u00e7\u00e3o tem o intuito de refor\u00e7ar a conscientiza\u00e7\u00e3o sobre a preven\u00e7\u00e3o e o diagn\u00f3stico precoce do c\u00e2ncer de mama e do colo do \u00fatero.<\/p>\n<p>O Dia D de coletas de preventivo ser\u00e1 realizado no s\u00e1bado (25), das 8h \u00e0s 17h, na Policl\u00ednica Municipal e na Rede Feminina de Combate ao C\u00e2ncer. Durante o dia, as mulheres poder\u00e3o realizar gratuitamente o exame preventivo e receber orienta\u00e7\u00f5es sobre sa\u00fade e autocuidado, em um ambiente acolhedor preparado pelas equipes de sa\u00fade e volunt\u00e1rias da Rede.<\/p>\n<div id=\"metaslider-id-25573\" style=\"width: 100%;\" class=\"ml-slider-3-99-0 metaslider metaslider-flex metaslider-25573 ml-slider has-onhover-arrows ms-theme-default-base has-dots-nav\" role=\"region\" aria-label=\"Meio\" data-width=\"1200\">\n    <div id=\"metaslider_container_25573\">\n        <div id=\"metaslider_25573\">\n            <ul class='slides'>\n                <li style=\"display: block; width: 100%;\" class=\"slide-25684 ms-image \" aria-roledescription=\"slide\" data-date=\"2025-07-24 07:55:40\"><img src=\"https:\/\/sulsc.com\/wp-content\/uploads\/2025\/07\/Marr-2-1000x166.jpg\" height=\"200\" width=\"1200\" alt=\"\" class=\"slider-25573 slide-25684 msDefaultImage\" title=\"Marr 2\" \/><\/li>\n                <li style=\"display: none; width: 100%;\" class=\"slide-32412 ms-image \" aria-roledescription=\"slide\" data-date=\"2026-02-18 13:59:46\"><img src=\"https:\/\/sulsc.com\/wp-content\/uploads\/2026\/02\/40dc1580-cad5-4867-bc58-c4243821ad38-1000x166.jpeg\" height=\"200\" width=\"1200\" alt=\"\" class=\"slider-25573 slide-32412 msDefaultImage\" title=\"40dc1580-cad5-4867-bc58-c4243821ad38\" \/><\/li>\n                <li style=\"display: none; width: 100%;\" class=\"slide-32766 ms-image \" aria-roledescription=\"slide\" data-date=\"2026-03-03 17:22:59\"><img src=\"https:\/\/sulsc.com\/wp-content\/uploads\/2026\/03\/271ce739-f268-41c5-8051-3de1a1750359-1000x166.jpeg\" height=\"200\" width=\"1200\" alt=\"\" class=\"slider-25573 slide-32766 msDefaultImage\" title=\"271ce739-f268-41c5-8051-3de1a1750359\" \/><\/li>\n            <\/ul>\n        <\/div>\n        \n    <\/div>\n<\/div>\n<p>Encerrando as a\u00e7\u00f5es, na quinta-feira (30), acontece a j\u00e1 tradicional Caminhada Rosa, logo ap\u00f3s a Missa da Sa\u00fade. A atividade reunir\u00e1 profissionais da sa\u00fade, volunt\u00e1rias, pacientes e a comunidade em um ato simb\u00f3lico de solidariedade e conscientiza\u00e7\u00e3o, colorindo as ruas da cidade em apoio \u00e0s mulheres que enfrentam o c\u00e2ncer.<\/p>\n<p>\u201cO Dia D \u00e9 uma oportunidade para colocar a sa\u00fade em dia. Estaremos prontos para acolher todas as mulheres, com atendimento humanizado e o apoio essencial da Rede Feminina, que \u00e9 nossa grande parceira nessa miss\u00e3o.\u201d, destaca a secret\u00e1ria de Sa\u00fade, Luciane Debiasi.<\/p>\n<p><img fetchpriority=\"high\" decoding=\"async\" class=\"alignnone size-full wp-image-28562\" src=\"http:\/\/sulsc.com\/wp-content\/uploads\/2025\/10\/pessoa-de-close-up-segurando-fita-de-conscientizacao-scaled.jpg\" alt=\"\" width=\"2560\" height=\"2560\" srcset=\"https:\/\/sulsc.com\/wp-content\/uploads\/2025\/10\/pessoa-de-close-up-segurando-fita-de-conscientizacao-scaled.jpg 2560w, https:\/\/sulsc.com\/wp-content\/uploads\/2025\/10\/pessoa-de-close-up-segurando-fita-de-conscientizacao-300x300.jpg 300w, https:\/\/sulsc.com\/wp-content\/uploads\/2025\/10\/pessoa-de-close-up-segurando-fita-de-conscientizacao-1024x1024.jpg 1024w, https:\/\/sulsc.com\/wp-content\/uploads\/2025\/10\/pessoa-de-close-up-segurando-fita-de-conscientizacao-150x150.jpg 150w, https:\/\/sulsc.com\/wp-content\/uploads\/2025\/10\/pessoa-de-close-up-segurando-fita-de-conscientizacao-768x768.jpg 768w, https:\/\/sulsc.com\/wp-content\/uploads\/2025\/10\/pessoa-de-close-up-segurando-fita-de-conscientizacao-1536x1536.jpg 1536w, https:\/\/sulsc.com\/wp-content\/uploads\/2025\/10\/pessoa-de-close-up-segurando-fita-de-conscientizacao-2048x2048.jpg 2048w\" sizes=\"(max-width: 2560px) 100vw, 2560px\" \/><\/p>\n","protected":false},"excerpt":{"rendered":"<p>Neste m\u00eas importantes a\u00e7\u00f5es em alus\u00e3o ao Outubro Rosa, s\u00e3o promovidas pela Prefeitura de Bra\u00e7o do Norte, por meio da Secretaria de Sa\u00fade. A a\u00e7\u00e3o tem o intuito de refor\u00e7ar a conscientiza\u00e7\u00e3o sobre a preven\u00e7\u00e3o e o diagn\u00f3stico precoce do c\u00e2ncer de mama e do colo do \u00fatero. O Dia D de coletas de preventivo &hellip;<\/p>\n<p class=\"read-more\"> <a class=\"\" href=\"https:\/\/sulsc.com\/index.php\/2025\/10\/20\/braco-do-norte-tera-dia-d-do-outubro-rosa\/\"> <span class=\"screen-reader-text\">Bra\u00e7o do Norte ter\u00e1 Dia D do Outubro Rosa<\/span> Read More &raquo;<\/a><\/p>\n","protected":false},"author":3,"featured_media":28562,"comment_status":"open","ping_status":"open","sticky":false,"template":"","format":"standard","meta":{"site-sidebar-layout":"default","site-content-layout":"","ast-site-content-layout":"default","site-content-style":"default","site-sidebar-style":"default","ast-global-header-display":"","ast-banner-title-visibility":"","ast-main-header-display":"","ast-hfb-above-header-display":"","ast-hfb-below-header-display":"","ast-hfb-mobile-header-display":"","site-post-title":"","ast-breadcrumbs-content":"","ast-featured-img":"","footer-sml-layout":"","theme-transparent-header-meta":"default","adv-header-id-meta":"","stick-header-meta":"","header-above-stick-meta":"","header-main-stick-meta":"","header-below-stick-meta":"","astra-migrate-meta-layouts":"set","footnotes":""},"categories":[2282,1,2281,12],"tags":[1961,2435,2102],"yoast_head":"<!-- This site is optimized with the Yoast SEO plugin v21.4 - https:\/\/yoast.com\/wordpress\/plugins\/seo\/ -->\n<title>Bra\u00e7o do Norte ter\u00e1 Dia D do Outubro Rosa -<\/title>\n<meta name=\"robots\" content=\"index, follow, max-snippet:-1, max-image-preview:large, max-video-preview:-1\" \/>\n<link rel=\"canonical\" href=\"https:\/\/sulsc.com\/index.php\/2025\/10\/20\/braco-do-norte-tera-dia-d-do-outubro-rosa\/\" \/>\n<meta property=\"og:locale\" content=\"en_US\" \/>\n<meta property=\"og:type\" content=\"article\" \/>\n<meta property=\"og:title\" content=\"Bra\u00e7o do Norte ter\u00e1 Dia D do Outubro Rosa -\" \/>\n<meta property=\"og:description\" content=\"Neste m\u00eas importantes a\u00e7\u00f5es em alus\u00e3o ao Outubro Rosa, s\u00e3o promovidas pela Prefeitura de Bra\u00e7o do Norte, por meio da Secretaria de Sa\u00fade. A a\u00e7\u00e3o tem o intuito de refor\u00e7ar a conscientiza\u00e7\u00e3o sobre a preven\u00e7\u00e3o e o diagn\u00f3stico precoce do c\u00e2ncer de mama e do colo do \u00fatero. O Dia D de coletas de preventivo &hellip; Bra\u00e7o do Norte ter\u00e1 Dia D do Outubro Rosa Read More &raquo;\" \/>\n<meta property=\"og:url\" content=\"https:\/\/sulsc.com\/index.php\/2025\/10\/20\/braco-do-norte-tera-dia-d-do-outubro-rosa\/\" \/>\n<meta property=\"article:author\" content=\"https:\/\/www.facebook.com\/profile.php?id=61559278119680\" \/>\n<meta property=\"article:published_time\" content=\"2025-10-20T13:46:42+00:00\" \/>\n<meta property=\"og:image\" content=\"http:\/\/sulsc.com\/wp-content\/uploads\/2025\/10\/pessoa-de-close-up-segurando-fita-de-conscientizacao-scaled.jpg\" \/>\n\t<meta property=\"og:image:width\" content=\"2560\" \/>\n\t<meta property=\"og:image:height\" content=\"2560\" \/>\n\t<meta property=\"og:image:type\" content=\"image\/jpeg\" \/>\n<meta name=\"author\" content=\"Reda\u00e7\u00e3o Sul SC\" \/>\n<meta name=\"twitter:card\" content=\"summary_large_image\" \/>\n<meta name=\"twitter:creator\" content=\"@https:\/\/twitter.com\/PortalSulSC\" \/>\n<meta name=\"twitter:label1\" content=\"Written by\" \/>\n\t<meta name=\"twitter:data1\" content=\"Reda\u00e7\u00e3o Sul SC\" \/>\n\t<meta name=\"twitter:label2\" content=\"Est. reading time\" \/>\n\t<meta name=\"twitter:data2\" content=\"2 minutes\" \/>\n<script type=\"application\/ld+json\" class=\"yoast-schema-graph\">{\"@context\":\"https:\/\/schema.org\",\"@graph\":[{\"@type\":\"WebPage\",\"@id\":\"https:\/\/sulsc.com\/index.php\/2025\/10\/20\/braco-do-norte-tera-dia-d-do-outubro-rosa\/\",\"url\":\"https:\/\/sulsc.com\/index.php\/2025\/10\/20\/braco-do-norte-tera-dia-d-do-outubro-rosa\/\",\"name\":\"Bra\u00e7o do Norte ter\u00e1 Dia D do Outubro Rosa -\",\"isPartOf\":{\"@id\":\"https:\/\/sulsc.com\/#website\"},\"datePublished\":\"2025-10-20T13:46:42+00:00\",\"dateModified\":\"2025-10-20T13:46:42+00:00\",\"author\":{\"@id\":\"https:\/\/sulsc.com\/#\/schema\/person\/84d2fc571684f6248ba83092f07750a3\"},\"breadcrumb\":{\"@id\":\"https:\/\/sulsc.com\/index.php\/2025\/10\/20\/braco-do-norte-tera-dia-d-do-outubro-rosa\/#breadcrumb\"},\"inLanguage\":\"en-US\",\"potentialAction\":[{\"@type\":\"ReadAction\",\"target\":[\"https:\/\/sulsc.com\/index.php\/2025\/10\/20\/braco-do-norte-tera-dia-d-do-outubro-rosa\/\"]}]},{\"@type\":\"BreadcrumbList\",\"@id\":\"https:\/\/sulsc.com\/index.php\/2025\/10\/20\/braco-do-norte-tera-dia-d-do-outubro-rosa\/#breadcrumb\",\"itemListElement\":[{\"@type\":\"ListItem\",\"position\":1,\"name\":\"In\u00edcio\",\"item\":\"https:\/\/sulsc.com\/\"},{\"@type\":\"ListItem\",\"position\":2,\"name\":\"Bra\u00e7o do Norte ter\u00e1 Dia D do Outubro Rosa\"}]},{\"@type\":\"WebSite\",\"@id\":\"https:\/\/sulsc.com\/#website\",\"url\":\"https:\/\/sulsc.com\/\",\"name\":\"\",\"description\":\"\",\"potentialAction\":[{\"@type\":\"SearchAction\",\"target\":{\"@type\":\"EntryPoint\",\"urlTemplate\":\"https:\/\/sulsc.com\/?s={search_term_string}\"},\"query-input\":\"required name=search_term_string\"}],\"inLanguage\":\"en-US\"},{\"@type\":\"Person\",\"@id\":\"https:\/\/sulsc.com\/#\/schema\/person\/84d2fc571684f6248ba83092f07750a3\",\"name\":\"Reda\u00e7\u00e3o Sul SC\",\"image\":{\"@type\":\"ImageObject\",\"inLanguage\":\"en-US\",\"@id\":\"https:\/\/sulsc.com\/#\/schema\/person\/image\/e08d7fe2cc4ed596372063bbe852b8d0\",\"url\":\"https:\/\/sulsc.com\/wp-content\/uploads\/2023\/09\/redacao.png\",\"contentUrl\":\"https:\/\/sulsc.com\/wp-content\/uploads\/2023\/09\/redacao.png\",\"caption\":\"Reda\u00e7\u00e3o Sul SC\"},\"description\":\"Foco em um jornalismo imparcial, voltado \u00e0 qualidade dos seus conte\u00fados e, assim, levar informa\u00e7\u00e3o de valor que agregue \u00e0 vida dos leitores. Esta \u00e9 grande miss\u00e3o do Portal de Not\u00edcias Sul SC. N\u00e3o \u00e9 quantidade que muda o mundo, sempre foi e seguir\u00e1 sendo qualidade!\",\"sameAs\":[\"https:\/\/sulsc.com\/\",\"https:\/\/www.facebook.com\/profile.php?id=61559278119680\",\"https:\/\/www.instagram.com\/sulscportal\/?hl=pt-br\",\"https:\/\/twitter.com\/https:\/\/twitter.com\/PortalSulSC\",\"https:\/\/www.youtube.com\/channel\/UCv_BE8GeySluDov2n8qhVmw\"],\"url\":\"https:\/\/sulsc.com\/index.php\/author\/redacao\/\"}]}<\/script>\n<!-- \/ Yoast SEO plugin. -->","yoast_head_json":{"title":"Bra\u00e7o do Norte ter\u00e1 Dia D do Outubro Rosa -","robots":{"index":"index","follow":"follow","max-snippet":"max-snippet:-1","max-image-preview":"max-image-preview:large","max-video-preview":"max-video-preview:-1"},"canonical":"https:\/\/sulsc.com\/index.php\/2025\/10\/20\/braco-do-norte-tera-dia-d-do-outubro-rosa\/","og_locale":"en_US","og_type":"article","og_title":"Bra\u00e7o do Norte ter\u00e1 Dia D do Outubro Rosa -","og_description":"Neste m\u00eas importantes a\u00e7\u00f5es em alus\u00e3o ao Outubro Rosa, s\u00e3o promovidas pela Prefeitura de Bra\u00e7o do Norte, por meio da Secretaria de Sa\u00fade. A a\u00e7\u00e3o tem o intuito de refor\u00e7ar a conscientiza\u00e7\u00e3o sobre a preven\u00e7\u00e3o e o diagn\u00f3stico precoce do c\u00e2ncer de mama e do colo do \u00fatero. O Dia D de coletas de preventivo &hellip; Bra\u00e7o do Norte ter\u00e1 Dia D do Outubro Rosa Read More &raquo;","og_url":"https:\/\/sulsc.com\/index.php\/2025\/10\/20\/braco-do-norte-tera-dia-d-do-outubro-rosa\/","article_author":"https:\/\/www.facebook.com\/profile.php?id=61559278119680","article_published_time":"2025-10-20T13:46:42+00:00","og_image":[{"width":2560,"height":2560,"url":"http:\/\/sulsc.com\/wp-content\/uploads\/2025\/10\/pessoa-de-close-up-segurando-fita-de-conscientizacao-scaled.jpg","type":"image\/jpeg"}],"author":"Reda\u00e7\u00e3o Sul SC","twitter_card":"summary_large_image","twitter_creator":"@https:\/\/twitter.com\/PortalSulSC","twitter_misc":{"Written by":"Reda\u00e7\u00e3o Sul SC","Est. reading time":"2 minutes"},"schema":{"@context":"https:\/\/schema.org","@graph":[{"@type":"WebPage","@id":"https:\/\/sulsc.com\/index.php\/2025\/10\/20\/braco-do-norte-tera-dia-d-do-outubro-rosa\/","url":"https:\/\/sulsc.com\/index.php\/2025\/10\/20\/braco-do-norte-tera-dia-d-do-outubro-rosa\/","name":"Bra\u00e7o do Norte ter\u00e1 Dia D do Outubro Rosa -","isPartOf":{"@id":"https:\/\/sulsc.com\/#website"},"datePublished":"2025-10-20T13:46:42+00:00","dateModified":"2025-10-20T13:46:42+00:00","author":{"@id":"https:\/\/sulsc.com\/#\/schema\/person\/84d2fc571684f6248ba83092f07750a3"},"breadcrumb":{"@id":"https:\/\/sulsc.com\/index.php\/2025\/10\/20\/braco-do-norte-tera-dia-d-do-outubro-rosa\/#breadcrumb"},"inLanguage":"en-US","potentialAction":[{"@type":"ReadAction","target":["https:\/\/sulsc.com\/index.php\/2025\/10\/20\/braco-do-norte-tera-dia-d-do-outubro-rosa\/"]}]},{"@type":"BreadcrumbList","@id":"https:\/\/sulsc.com\/index.php\/2025\/10\/20\/braco-do-norte-tera-dia-d-do-outubro-rosa\/#breadcrumb","itemListElement":[{"@type":"ListItem","position":1,"name":"In\u00edcio","item":"https:\/\/sulsc.com\/"},{"@type":"ListItem","position":2,"name":"Bra\u00e7o do Norte ter\u00e1 Dia D do Outubro Rosa"}]},{"@type":"WebSite","@id":"https:\/\/sulsc.com\/#website","url":"https:\/\/sulsc.com\/","name":"","description":"","potentialAction":[{"@type":"SearchAction","target":{"@type":"EntryPoint","urlTemplate":"https:\/\/sulsc.com\/?s={search_term_string}"},"query-input":"required name=search_term_string"}],"inLanguage":"en-US"},{"@type":"Person","@id":"https:\/\/sulsc.com\/#\/schema\/person\/84d2fc571684f6248ba83092f07750a3","name":"Reda\u00e7\u00e3o Sul SC","image":{"@type":"ImageObject","inLanguage":"en-US","@id":"https:\/\/sulsc.com\/#\/schema\/person\/image\/e08d7fe2cc4ed596372063bbe852b8d0","url":"https:\/\/sulsc.com\/wp-content\/uploads\/2023\/09\/redacao.png","contentUrl":"https:\/\/sulsc.com\/wp-content\/uploads\/2023\/09\/redacao.png","caption":"Reda\u00e7\u00e3o Sul SC"},"description":"Foco em um jornalismo imparcial, voltado \u00e0 qualidade dos seus conte\u00fados e, assim, levar informa\u00e7\u00e3o de valor que agregue \u00e0 vida dos leitores. Esta \u00e9 grande miss\u00e3o do Portal de Not\u00edcias Sul SC. N\u00e3o \u00e9 quantidade que muda o mundo, sempre foi e seguir\u00e1 sendo qualidade!","sameAs":["https:\/\/sulsc.com\/","https:\/\/www.facebook.com\/profile.php?id=61559278119680","https:\/\/www.instagram.com\/sulscportal\/?hl=pt-br","https:\/\/twitter.com\/https:\/\/twitter.com\/PortalSulSC","https:\/\/www.youtube.com\/channel\/UCv_BE8GeySluDov2n8qhVmw"],"url":"https:\/\/sulsc.com\/index.php\/author\/redacao\/"}]}},"authors":[],"_links":{"self":[{"href":"https:\/\/sulsc.com\/index.php\/wp-json\/wp\/v2\/posts\/28560"}],"collection":[{"href":"https:\/\/sulsc.com\/index.php\/wp-json\/wp\/v2\/posts"}],"about":[{"href":"https:\/\/sulsc.com\/index.php\/wp-json\/wp\/v2\/types\/post"}],"author":[{"embeddable":true,"href":"https:\/\/sulsc.com\/index.php\/wp-json\/wp\/v2\/users\/3"}],"replies":[{"embeddable":true,"href":"https:\/\/sulsc.com\/index.php\/wp-json\/wp\/v2\/comments?post=28560"}],"version-history":[{"count":3,"href":"https:\/\/sulsc.com\/index.php\/wp-json\/wp\/v2\/posts\/28560\/revisions"}],"predecessor-version":[{"id":28564,"href":"https:\/\/sulsc.com\/index.php\/wp-json\/wp\/v2\/posts\/28560\/revisions\/28564"}],"wp:featuredmedia":[{"embeddable":true,"href":"https:\/\/sulsc.com\/index.php\/wp-json\/wp\/v2\/media\/28562"}],"wp:attachment":[{"href":"https:\/\/sulsc.com\/index.php\/wp-json\/wp\/v2\/media?parent=28560"}],"wp:term":[{"taxonomy":"category","embeddable":true,"href":"https:\/\/sulsc.com\/index.php\/wp-json\/wp\/v2\/categories?post=28560"},{"taxonomy":"post_tag","embeddable":true,"href":"https:\/\/sulsc.com\/index.php\/wp-json\/wp\/v2\/tags?post=28560"}],"curies":[{"name":"wp","href":"https:\/\/api.w.org\/{rel}","templated":true}]}}