{"id":2858,"date":"2023-10-25T16:00:17","date_gmt":"2023-10-25T19:00:17","guid":{"rendered":"https:\/\/sulsc.com\/?p=2858"},"modified":"2023-10-25T13:16:39","modified_gmt":"2023-10-25T16:16:39","slug":"homem-e-preso-suspeito-de-furtar-aluminio-de-cemiterio","status":"publish","type":"post","link":"https:\/\/sulsc.com\/index.php\/2023\/10\/25\/homem-e-preso-suspeito-de-furtar-aluminio-de-cemiterio\/","title":{"rendered":"Homem \u00e9 preso suspeito de furtar alum\u00ednio de cemit\u00e9rio"},"content":{"rendered":"<p>Um homem foi preso suspeito de ter furtado alum\u00ednio em capelas de um cemit\u00e9rio, na tarde dessa ter\u00e7a-feira (24), em Ararangu\u00e1. A Pol\u00edcia Militar (PM) abordou o indiv\u00edduo com os materiais na mochila, na Estrada Geral do bairro Itoupava, por volta das 14 horas.<\/p>\n<p>Conforme a PM, na mochila havia aproximadamente tr\u00eas quilos de alum\u00ednio cortados que pareciam ser de porta e janelas. Testemunhas relataram que viram o homem saindo do cemit\u00e9rio e n\u00e3o seria a primeira vez que ele havia sido flagrado no local.<\/p>\n<p>Com isso, a guarni\u00e7\u00e3o foi at\u00e9 o cemit\u00e9rio e fotografou algumas capelas com sinais de arrombamento. Diante dos fatos, o homem foi conduzido e entregue \u00e0 Central de Pol\u00edcia Civil para os procedimentos cab\u00edveis. Ainda de acordo com a PM, o suspeito j\u00e1 tem passagens pelo mesmo crime.<\/p>\n<p><img fetchpriority=\"high\" decoding=\"async\" class=\"alignnone size-full wp-image-2859\" src=\"http:\/\/sulsc.com\/wp-content\/uploads\/2023\/10\/WhatsApp-Image-2023-10-25-at-08.19.15-349x620-1.webp\" alt=\"\" width=\"349\" height=\"620\" srcset=\"https:\/\/sulsc.com\/wp-content\/uploads\/2023\/10\/WhatsApp-Image-2023-10-25-at-08.19.15-349x620-1.webp 349w, https:\/\/sulsc.com\/wp-content\/uploads\/2023\/10\/WhatsApp-Image-2023-10-25-at-08.19.15-349x620-1-169x300.webp 169w\" sizes=\"(max-width: 349px) 100vw, 349px\" \/> <img decoding=\"async\" class=\"alignnone size-full wp-image-2860\" src=\"http:\/\/sulsc.com\/wp-content\/uploads\/2023\/10\/WhatsApp-Image-2023-10-25-at-08.19.14-349x620-1.webp\" alt=\"\" width=\"349\" height=\"620\" srcset=\"https:\/\/sulsc.com\/wp-content\/uploads\/2023\/10\/WhatsApp-Image-2023-10-25-at-08.19.14-349x620-1.webp 349w, https:\/\/sulsc.com\/wp-content\/uploads\/2023\/10\/WhatsApp-Image-2023-10-25-at-08.19.14-349x620-1-169x300.webp 169w\" sizes=\"(max-width: 349px) 100vw, 349px\" \/><\/p>\n<p>Fonte: Litoral Sul<\/p>\n","protected":false},"excerpt":{"rendered":"<p>Um homem foi preso suspeito de ter furtado alum\u00ednio em capelas de um cemit\u00e9rio, na tarde dessa ter\u00e7a-feira (24), em Ararangu\u00e1. A Pol\u00edcia Militar (PM) abordou o indiv\u00edduo com os materiais na mochila, na Estrada Geral do bairro Itoupava, por volta das 14 horas. Conforme a PM, na mochila havia aproximadamente tr\u00eas quilos de alum\u00ednio &hellip;<\/p>\n<p class=\"read-more\"> <a class=\"\" href=\"https:\/\/sulsc.com\/index.php\/2023\/10\/25\/homem-e-preso-suspeito-de-furtar-aluminio-de-cemiterio\/\"> <span class=\"screen-reader-text\">Homem \u00e9 preso suspeito de furtar alum\u00ednio de cemit\u00e9rio<\/span> Read More &raquo;<\/a><\/p>\n","protected":false},"author":3,"featured_media":2861,"comment_status":"open","ping_status":"open","sticky":false,"template":"","format":"standard","meta":{"site-sidebar-layout":"default","site-content-layout":"","ast-site-content-layout":"default","site-content-style":"default","site-sidebar-style":"default","ast-global-header-display":"","ast-banner-title-visibility":"","ast-main-header-display":"","ast-hfb-above-header-display":"","ast-hfb-below-header-display":"","ast-hfb-mobile-header-display":"","site-post-title":"","ast-breadcrumbs-content":"","ast-featured-img":"","footer-sml-layout":"","theme-transparent-header-meta":"default","adv-header-id-meta":"","stick-header-meta":"","header-above-stick-meta":"","header-main-stick-meta":"","header-below-stick-meta":"","astra-migrate-meta-layouts":"set","footnotes":""},"categories":[24,8],"tags":[],"yoast_head":"<!-- This site is optimized with the Yoast SEO plugin v21.4 - https:\/\/yoast.com\/wordpress\/plugins\/seo\/ -->\n<title>Homem \u00e9 preso suspeito de furtar alum\u00ednio de cemit\u00e9rio -<\/title>\n<meta name=\"robots\" content=\"index, follow, max-snippet:-1, max-image-preview:large, max-video-preview:-1\" \/>\n<link rel=\"canonical\" href=\"https:\/\/sulsc.com\/index.php\/2023\/10\/25\/homem-e-preso-suspeito-de-furtar-aluminio-de-cemiterio\/\" \/>\n<meta property=\"og:locale\" content=\"en_US\" \/>\n<meta property=\"og:type\" content=\"article\" \/>\n<meta property=\"og:title\" content=\"Homem \u00e9 preso suspeito de furtar alum\u00ednio de cemit\u00e9rio -\" \/>\n<meta property=\"og:description\" content=\"Um homem foi preso suspeito de ter furtado alum\u00ednio em capelas de um cemit\u00e9rio, na tarde dessa ter\u00e7a-feira (24), em Ararangu\u00e1. A Pol\u00edcia Militar (PM) abordou o indiv\u00edduo com os materiais na mochila, na Estrada Geral do bairro Itoupava, por volta das 14 horas. Conforme a PM, na mochila havia aproximadamente tr\u00eas quilos de alum\u00ednio &hellip; Homem \u00e9 preso suspeito de furtar alum\u00ednio de cemit\u00e9rio Read More &raquo;\" \/>\n<meta property=\"og:url\" content=\"https:\/\/sulsc.com\/index.php\/2023\/10\/25\/homem-e-preso-suspeito-de-furtar-aluminio-de-cemiterio\/\" \/>\n<meta property=\"article:author\" content=\"https:\/\/www.facebook.com\/profile.php?id=61559278119680\" \/>\n<meta property=\"article:published_time\" content=\"2023-10-25T19:00:17+00:00\" \/>\n<meta property=\"article:modified_time\" content=\"2023-10-25T16:16:39+00:00\" \/>\n<meta property=\"og:image\" content=\"https:\/\/sulsc.com\/wp-content\/uploads\/2023\/10\/Homem-e-preso-suspeito-de-furtar-aluminio-de-cemiterio.webp\" \/>\n\t<meta property=\"og:image:width\" content=\"620\" \/>\n\t<meta property=\"og:image:height\" content=\"348\" \/>\n\t<meta property=\"og:image:type\" content=\"image\/webp\" \/>\n<meta name=\"author\" content=\"Reda\u00e7\u00e3o Sul SC\" \/>\n<meta name=\"twitter:card\" content=\"summary_large_image\" \/>\n<meta name=\"twitter:creator\" content=\"@https:\/\/twitter.com\/PortalSulSC\" \/>\n<meta name=\"twitter:label1\" content=\"Written by\" \/>\n\t<meta name=\"twitter:data1\" content=\"Reda\u00e7\u00e3o Sul SC\" \/>\n\t<meta name=\"twitter:label2\" content=\"Est. reading time\" \/>\n\t<meta name=\"twitter:data2\" content=\"2 minutes\" \/>\n<script type=\"application\/ld+json\" class=\"yoast-schema-graph\">{\"@context\":\"https:\/\/schema.org\",\"@graph\":[{\"@type\":\"WebPage\",\"@id\":\"https:\/\/sulsc.com\/index.php\/2023\/10\/25\/homem-e-preso-suspeito-de-furtar-aluminio-de-cemiterio\/\",\"url\":\"https:\/\/sulsc.com\/index.php\/2023\/10\/25\/homem-e-preso-suspeito-de-furtar-aluminio-de-cemiterio\/\",\"name\":\"Homem \u00e9 preso suspeito de furtar alum\u00ednio de cemit\u00e9rio -\",\"isPartOf\":{\"@id\":\"https:\/\/sulsc.com\/#website\"},\"datePublished\":\"2023-10-25T19:00:17+00:00\",\"dateModified\":\"2023-10-25T16:16:39+00:00\",\"author\":{\"@id\":\"https:\/\/sulsc.com\/#\/schema\/person\/84d2fc571684f6248ba83092f07750a3\"},\"breadcrumb\":{\"@id\":\"https:\/\/sulsc.com\/index.php\/2023\/10\/25\/homem-e-preso-suspeito-de-furtar-aluminio-de-cemiterio\/#breadcrumb\"},\"inLanguage\":\"en-US\",\"potentialAction\":[{\"@type\":\"ReadAction\",\"target\":[\"https:\/\/sulsc.com\/index.php\/2023\/10\/25\/homem-e-preso-suspeito-de-furtar-aluminio-de-cemiterio\/\"]}]},{\"@type\":\"BreadcrumbList\",\"@id\":\"https:\/\/sulsc.com\/index.php\/2023\/10\/25\/homem-e-preso-suspeito-de-furtar-aluminio-de-cemiterio\/#breadcrumb\",\"itemListElement\":[{\"@type\":\"ListItem\",\"position\":1,\"name\":\"In\u00edcio\",\"item\":\"https:\/\/sulsc.com\/\"},{\"@type\":\"ListItem\",\"position\":2,\"name\":\"Homem \u00e9 preso suspeito de furtar alum\u00ednio de cemit\u00e9rio\"}]},{\"@type\":\"WebSite\",\"@id\":\"https:\/\/sulsc.com\/#website\",\"url\":\"https:\/\/sulsc.com\/\",\"name\":\"\",\"description\":\"\",\"potentialAction\":[{\"@type\":\"SearchAction\",\"target\":{\"@type\":\"EntryPoint\",\"urlTemplate\":\"https:\/\/sulsc.com\/?s={search_term_string}\"},\"query-input\":\"required name=search_term_string\"}],\"inLanguage\":\"en-US\"},{\"@type\":\"Person\",\"@id\":\"https:\/\/sulsc.com\/#\/schema\/person\/84d2fc571684f6248ba83092f07750a3\",\"name\":\"Reda\u00e7\u00e3o Sul SC\",\"image\":{\"@type\":\"ImageObject\",\"inLanguage\":\"en-US\",\"@id\":\"https:\/\/sulsc.com\/#\/schema\/person\/image\/e08d7fe2cc4ed596372063bbe852b8d0\",\"url\":\"https:\/\/sulsc.com\/wp-content\/uploads\/2023\/09\/redacao.png\",\"contentUrl\":\"https:\/\/sulsc.com\/wp-content\/uploads\/2023\/09\/redacao.png\",\"caption\":\"Reda\u00e7\u00e3o Sul SC\"},\"description\":\"Foco em um jornalismo imparcial, voltado \u00e0 qualidade dos seus conte\u00fados e, assim, levar informa\u00e7\u00e3o de valor que agregue \u00e0 vida dos leitores. Esta \u00e9 grande miss\u00e3o do Portal de Not\u00edcias Sul SC. N\u00e3o \u00e9 quantidade que muda o mundo, sempre foi e seguir\u00e1 sendo qualidade!\",\"sameAs\":[\"https:\/\/sulsc.com\/\",\"https:\/\/www.facebook.com\/profile.php?id=61559278119680\",\"https:\/\/www.instagram.com\/sulscportal\/?hl=pt-br\",\"https:\/\/twitter.com\/https:\/\/twitter.com\/PortalSulSC\",\"https:\/\/www.youtube.com\/channel\/UCv_BE8GeySluDov2n8qhVmw\"],\"url\":\"https:\/\/sulsc.com\/index.php\/author\/redacao\/\"}]}<\/script>\n<!-- \/ Yoast SEO plugin. -->","yoast_head_json":{"title":"Homem \u00e9 preso suspeito de furtar alum\u00ednio de cemit\u00e9rio -","robots":{"index":"index","follow":"follow","max-snippet":"max-snippet:-1","max-image-preview":"max-image-preview:large","max-video-preview":"max-video-preview:-1"},"canonical":"https:\/\/sulsc.com\/index.php\/2023\/10\/25\/homem-e-preso-suspeito-de-furtar-aluminio-de-cemiterio\/","og_locale":"en_US","og_type":"article","og_title":"Homem \u00e9 preso suspeito de furtar alum\u00ednio de cemit\u00e9rio -","og_description":"Um homem foi preso suspeito de ter furtado alum\u00ednio em capelas de um cemit\u00e9rio, na tarde dessa ter\u00e7a-feira (24), em Ararangu\u00e1. A Pol\u00edcia Militar (PM) abordou o indiv\u00edduo com os materiais na mochila, na Estrada Geral do bairro Itoupava, por volta das 14 horas. Conforme a PM, na mochila havia aproximadamente tr\u00eas quilos de alum\u00ednio &hellip; Homem \u00e9 preso suspeito de furtar alum\u00ednio de cemit\u00e9rio Read More &raquo;","og_url":"https:\/\/sulsc.com\/index.php\/2023\/10\/25\/homem-e-preso-suspeito-de-furtar-aluminio-de-cemiterio\/","article_author":"https:\/\/www.facebook.com\/profile.php?id=61559278119680","article_published_time":"2023-10-25T19:00:17+00:00","article_modified_time":"2023-10-25T16:16:39+00:00","og_image":[{"width":620,"height":348,"url":"https:\/\/sulsc.com\/wp-content\/uploads\/2023\/10\/Homem-e-preso-suspeito-de-furtar-aluminio-de-cemiterio.webp","type":"image\/webp"}],"author":"Reda\u00e7\u00e3o Sul SC","twitter_card":"summary_large_image","twitter_creator":"@https:\/\/twitter.com\/PortalSulSC","twitter_misc":{"Written by":"Reda\u00e7\u00e3o Sul SC","Est. reading time":"2 minutes"},"schema":{"@context":"https:\/\/schema.org","@graph":[{"@type":"WebPage","@id":"https:\/\/sulsc.com\/index.php\/2023\/10\/25\/homem-e-preso-suspeito-de-furtar-aluminio-de-cemiterio\/","url":"https:\/\/sulsc.com\/index.php\/2023\/10\/25\/homem-e-preso-suspeito-de-furtar-aluminio-de-cemiterio\/","name":"Homem \u00e9 preso suspeito de furtar alum\u00ednio de cemit\u00e9rio -","isPartOf":{"@id":"https:\/\/sulsc.com\/#website"},"datePublished":"2023-10-25T19:00:17+00:00","dateModified":"2023-10-25T16:16:39+00:00","author":{"@id":"https:\/\/sulsc.com\/#\/schema\/person\/84d2fc571684f6248ba83092f07750a3"},"breadcrumb":{"@id":"https:\/\/sulsc.com\/index.php\/2023\/10\/25\/homem-e-preso-suspeito-de-furtar-aluminio-de-cemiterio\/#breadcrumb"},"inLanguage":"en-US","potentialAction":[{"@type":"ReadAction","target":["https:\/\/sulsc.com\/index.php\/2023\/10\/25\/homem-e-preso-suspeito-de-furtar-aluminio-de-cemiterio\/"]}]},{"@type":"BreadcrumbList","@id":"https:\/\/sulsc.com\/index.php\/2023\/10\/25\/homem-e-preso-suspeito-de-furtar-aluminio-de-cemiterio\/#breadcrumb","itemListElement":[{"@type":"ListItem","position":1,"name":"In\u00edcio","item":"https:\/\/sulsc.com\/"},{"@type":"ListItem","position":2,"name":"Homem \u00e9 preso suspeito de furtar alum\u00ednio de cemit\u00e9rio"}]},{"@type":"WebSite","@id":"https:\/\/sulsc.com\/#website","url":"https:\/\/sulsc.com\/","name":"","description":"","potentialAction":[{"@type":"SearchAction","target":{"@type":"EntryPoint","urlTemplate":"https:\/\/sulsc.com\/?s={search_term_string}"},"query-input":"required name=search_term_string"}],"inLanguage":"en-US"},{"@type":"Person","@id":"https:\/\/sulsc.com\/#\/schema\/person\/84d2fc571684f6248ba83092f07750a3","name":"Reda\u00e7\u00e3o Sul SC","image":{"@type":"ImageObject","inLanguage":"en-US","@id":"https:\/\/sulsc.com\/#\/schema\/person\/image\/e08d7fe2cc4ed596372063bbe852b8d0","url":"https:\/\/sulsc.com\/wp-content\/uploads\/2023\/09\/redacao.png","contentUrl":"https:\/\/sulsc.com\/wp-content\/uploads\/2023\/09\/redacao.png","caption":"Reda\u00e7\u00e3o Sul SC"},"description":"Foco em um jornalismo imparcial, voltado \u00e0 qualidade dos seus conte\u00fados e, assim, levar informa\u00e7\u00e3o de valor que agregue \u00e0 vida dos leitores. Esta \u00e9 grande miss\u00e3o do Portal de Not\u00edcias Sul SC. N\u00e3o \u00e9 quantidade que muda o mundo, sempre foi e seguir\u00e1 sendo qualidade!","sameAs":["https:\/\/sulsc.com\/","https:\/\/www.facebook.com\/profile.php?id=61559278119680","https:\/\/www.instagram.com\/sulscportal\/?hl=pt-br","https:\/\/twitter.com\/https:\/\/twitter.com\/PortalSulSC","https:\/\/www.youtube.com\/channel\/UCv_BE8GeySluDov2n8qhVmw"],"url":"https:\/\/sulsc.com\/index.php\/author\/redacao\/"}]}},"authors":[],"_links":{"self":[{"href":"https:\/\/sulsc.com\/index.php\/wp-json\/wp\/v2\/posts\/2858"}],"collection":[{"href":"https:\/\/sulsc.com\/index.php\/wp-json\/wp\/v2\/posts"}],"about":[{"href":"https:\/\/sulsc.com\/index.php\/wp-json\/wp\/v2\/types\/post"}],"author":[{"embeddable":true,"href":"https:\/\/sulsc.com\/index.php\/wp-json\/wp\/v2\/users\/3"}],"replies":[{"embeddable":true,"href":"https:\/\/sulsc.com\/index.php\/wp-json\/wp\/v2\/comments?post=2858"}],"version-history":[{"count":1,"href":"https:\/\/sulsc.com\/index.php\/wp-json\/wp\/v2\/posts\/2858\/revisions"}],"predecessor-version":[{"id":2862,"href":"https:\/\/sulsc.com\/index.php\/wp-json\/wp\/v2\/posts\/2858\/revisions\/2862"}],"wp:featuredmedia":[{"embeddable":true,"href":"https:\/\/sulsc.com\/index.php\/wp-json\/wp\/v2\/media\/2861"}],"wp:attachment":[{"href":"https:\/\/sulsc.com\/index.php\/wp-json\/wp\/v2\/media?parent=2858"}],"wp:term":[{"taxonomy":"category","embeddable":true,"href":"https:\/\/sulsc.com\/index.php\/wp-json\/wp\/v2\/categories?post=2858"},{"taxonomy":"post_tag","embeddable":true,"href":"https:\/\/sulsc.com\/index.php\/wp-json\/wp\/v2\/tags?post=2858"}],"curies":[{"name":"wp","href":"https:\/\/api.w.org\/{rel}","templated":true}]}}