{"id":28580,"date":"2025-10-20T16:44:07","date_gmt":"2025-10-20T19:44:07","guid":{"rendered":"https:\/\/sulsc.com\/?p=28580"},"modified":"2025-10-20T16:44:07","modified_gmt":"2025-10-20T19:44:07","slug":"massa-de-ar-polar-provoca-minimas-negativas-na-serra","status":"publish","type":"post","link":"https:\/\/sulsc.com\/index.php\/2025\/10\/20\/massa-de-ar-polar-provoca-minimas-negativas-na-serra\/","title":{"rendered":"Massa de ar polar provoca m\u00ednimas negativas na Serra"},"content":{"rendered":"<p>Uma massa de ar frio e seco de origem polar derrubou as temperaturas em Santa Catarina nesta segunda-feira (20), o que proporcionou um amanhecer gelado em diversas regi\u00f5es do Estado. Segundo a Epagri\/Ciram, Urupema, na Serra, registrou -1,58\u00b0C por volta das 6h \u2014 a menor temperatura do dia. Em Urubici, os term\u00f4metros marcaram 1,2\u00b0C, e em S\u00e3o Joaquim, 2,39\u00b0C. J\u00e1 em Florian\u00f3polis, a m\u00ednima foi de 13\u00b0C.<\/p>\n<p>Para o meteorologista Marcelo Martins, da Epagri, o frio nesta \u00e9poca do ano \u00e9 incomum, mas ainda pode ocorrer em ondas curtas.\u00a0\u201cNesta \u00e9poca do ano, ainda \u00e9 comum ter esse tipo de massa, n\u00e3o t\u00e3o intensa. Rapidamente ela perde for\u00e7a, mas vai continuar predominando nesses pr\u00f3ximos dias\u201d, afirmou.<\/p>\n<p>Apesar das baixas temperaturas, o tempo permanece firme em praticamente todo o Estado. De acordo com a Defesa Civil, um sistema de alta press\u00e3o sobre o oceano mant\u00e9m o predom\u00ednio do sol e impede a forma\u00e7\u00e3o de chuva significativa at\u00e9 sexta-feira (24).<\/p>\n<div id=\"metaslider-id-25573\" style=\"width: 100%;\" class=\"ml-slider-3-99-0 metaslider metaslider-flex metaslider-25573 ml-slider has-onhover-arrows ms-theme-default-base has-dots-nav\" role=\"region\" aria-label=\"Meio\" data-width=\"1200\">\n    <div id=\"metaslider_container_25573\">\n        <div id=\"metaslider_25573\">\n            <ul class='slides'>\n                <li style=\"display: block; width: 100%;\" class=\"slide-25684 ms-image \" aria-roledescription=\"slide\" data-date=\"2025-07-24 07:55:40\"><img src=\"https:\/\/sulsc.com\/wp-content\/uploads\/2025\/07\/Marr-2-1000x166.jpg\" height=\"200\" width=\"1200\" alt=\"\" class=\"slider-25573 slide-25684 msDefaultImage\" title=\"Marr 2\" \/><\/li>\n                <li style=\"display: none; width: 100%;\" class=\"slide-32412 ms-image \" aria-roledescription=\"slide\" data-date=\"2026-02-18 13:59:46\"><img src=\"https:\/\/sulsc.com\/wp-content\/uploads\/2026\/02\/40dc1580-cad5-4867-bc58-c4243821ad38-1000x166.jpeg\" height=\"200\" width=\"1200\" alt=\"\" class=\"slider-25573 slide-32412 msDefaultImage\" title=\"40dc1580-cad5-4867-bc58-c4243821ad38\" \/><\/li>\n                <li style=\"display: none; width: 100%;\" class=\"slide-32766 ms-image \" aria-roledescription=\"slide\" data-date=\"2026-03-03 17:22:59\"><img src=\"https:\/\/sulsc.com\/wp-content\/uploads\/2026\/03\/271ce739-f268-41c5-8051-3de1a1750359-1000x166.jpeg\" height=\"200\" width=\"1200\" alt=\"\" class=\"slider-25573 slide-32766 msDefaultImage\" title=\"271ce739-f268-41c5-8051-3de1a1750359\" \/><\/li>\n            <\/ul>\n        <\/div>\n        \n    <\/div>\n<\/div>\n<p>As \u00e1reas litor\u00e2neas, especialmente entre a Grande Florian\u00f3polis, o Litoral Norte e o Vale do Itaja\u00ed, podem ter chuvas fracas e passageiras nos per\u00edodos da manh\u00e3 e da noite devido \u00e0 circula\u00e7\u00e3o mar\u00edtima.\u00a0Os ventos de nordeste devem se intensificar entre ter\u00e7a (21) e sexta-feira (24), com rajadas de at\u00e9 65 km\/h e ondas de at\u00e9 3 metros no Litoral Sul.<\/p>\n<p>As m\u00ednimas devem continuar abaixo de 10\u00b0C em boa parte de Santa Catarina at\u00e9 sexta-feira.O tempo s\u00f3 deve mudar no fim de semana, com a chegada de uma nova frente fria entre a noite de s\u00e1bado (25) e segunda-feira (27).<\/p>\n<p>Na Serra, os term\u00f4metros podem chegar a 2,2\u00b0C nesta ter\u00e7a (21). Depois disso, as temperaturas voltam a subir gradualmente, marcando o fim do frio intenso da primavera.<\/p>\n<p><img fetchpriority=\"high\" decoding=\"async\" class=\"alignnone size-full wp-image-28581\" src=\"http:\/\/sulsc.com\/wp-content\/uploads\/2025\/10\/Frio.jpg\" alt=\"\" width=\"766\" height=\"512\" srcset=\"https:\/\/sulsc.com\/wp-content\/uploads\/2025\/10\/Frio.jpg 766w, https:\/\/sulsc.com\/wp-content\/uploads\/2025\/10\/Frio-300x201.jpg 300w\" sizes=\"(max-width: 766px) 100vw, 766px\" \/><\/p>\n<p><em>Fonte: Sulinfoco<\/em><\/p>\n","protected":false},"excerpt":{"rendered":"<p>Uma massa de ar frio e seco de origem polar derrubou as temperaturas em Santa Catarina nesta segunda-feira (20), o que proporcionou um amanhecer gelado em diversas regi\u00f5es do Estado. Segundo a Epagri\/Ciram, Urupema, na Serra, registrou -1,58\u00b0C por volta das 6h \u2014 a menor temperatura do dia. Em Urubici, os term\u00f4metros marcaram 1,2\u00b0C, e &hellip;<\/p>\n<p class=\"read-more\"> <a class=\"\" href=\"https:\/\/sulsc.com\/index.php\/2025\/10\/20\/massa-de-ar-polar-provoca-minimas-negativas-na-serra\/\"> <span class=\"screen-reader-text\">Massa de ar polar provoca m\u00ednimas negativas na Serra<\/span> Read More &raquo;<\/a><\/p>\n","protected":false},"author":3,"featured_media":28581,"comment_status":"open","ping_status":"open","sticky":false,"template":"","format":"standard","meta":{"site-sidebar-layout":"default","site-content-layout":"","ast-site-content-layout":"default","site-content-style":"default","site-sidebar-style":"default","ast-global-header-display":"","ast-banner-title-visibility":"","ast-main-header-display":"","ast-hfb-above-header-display":"","ast-hfb-below-header-display":"","ast-hfb-mobile-header-display":"","site-post-title":"","ast-breadcrumbs-content":"","ast-featured-img":"","footer-sml-layout":"","theme-transparent-header-meta":"default","adv-header-id-meta":"","stick-header-meta":"","header-above-stick-meta":"","header-main-stick-meta":"","header-below-stick-meta":"","astra-migrate-meta-layouts":"set","footnotes":""},"categories":[1,14,38,12],"tags":[1505,2563,2562],"yoast_head":"<!-- This site is optimized with the Yoast SEO plugin v21.4 - https:\/\/yoast.com\/wordpress\/plugins\/seo\/ -->\n<title>Massa de ar polar provoca m\u00ednimas negativas na Serra -<\/title>\n<meta name=\"robots\" content=\"index, follow, max-snippet:-1, max-image-preview:large, max-video-preview:-1\" \/>\n<link rel=\"canonical\" href=\"https:\/\/sulsc.com\/index.php\/2025\/10\/20\/massa-de-ar-polar-provoca-minimas-negativas-na-serra\/\" \/>\n<meta property=\"og:locale\" content=\"en_US\" \/>\n<meta property=\"og:type\" content=\"article\" \/>\n<meta property=\"og:title\" content=\"Massa de ar polar provoca m\u00ednimas negativas na Serra -\" \/>\n<meta property=\"og:description\" content=\"Uma massa de ar frio e seco de origem polar derrubou as temperaturas em Santa Catarina nesta segunda-feira (20), o que proporcionou um amanhecer gelado em diversas regi\u00f5es do Estado. Segundo a Epagri\/Ciram, Urupema, na Serra, registrou -1,58\u00b0C por volta das 6h \u2014 a menor temperatura do dia. Em Urubici, os term\u00f4metros marcaram 1,2\u00b0C, e &hellip; Massa de ar polar provoca m\u00ednimas negativas na Serra Read More &raquo;\" \/>\n<meta property=\"og:url\" content=\"https:\/\/sulsc.com\/index.php\/2025\/10\/20\/massa-de-ar-polar-provoca-minimas-negativas-na-serra\/\" \/>\n<meta property=\"article:author\" content=\"https:\/\/www.facebook.com\/profile.php?id=61559278119680\" \/>\n<meta property=\"article:published_time\" content=\"2025-10-20T19:44:07+00:00\" \/>\n<meta property=\"og:image\" content=\"http:\/\/sulsc.com\/wp-content\/uploads\/2025\/10\/Frio.jpg\" \/>\n\t<meta property=\"og:image:width\" content=\"766\" \/>\n\t<meta property=\"og:image:height\" content=\"512\" \/>\n\t<meta property=\"og:image:type\" content=\"image\/jpeg\" \/>\n<meta name=\"author\" content=\"Reda\u00e7\u00e3o Sul SC\" \/>\n<meta name=\"twitter:card\" content=\"summary_large_image\" \/>\n<meta name=\"twitter:creator\" content=\"@https:\/\/twitter.com\/PortalSulSC\" \/>\n<meta name=\"twitter:label1\" content=\"Written by\" \/>\n\t<meta name=\"twitter:data1\" content=\"Reda\u00e7\u00e3o Sul SC\" \/>\n\t<meta name=\"twitter:label2\" content=\"Est. reading time\" \/>\n\t<meta name=\"twitter:data2\" content=\"2 minutes\" \/>\n<script type=\"application\/ld+json\" class=\"yoast-schema-graph\">{\"@context\":\"https:\/\/schema.org\",\"@graph\":[{\"@type\":\"WebPage\",\"@id\":\"https:\/\/sulsc.com\/index.php\/2025\/10\/20\/massa-de-ar-polar-provoca-minimas-negativas-na-serra\/\",\"url\":\"https:\/\/sulsc.com\/index.php\/2025\/10\/20\/massa-de-ar-polar-provoca-minimas-negativas-na-serra\/\",\"name\":\"Massa de ar polar provoca m\u00ednimas negativas na Serra -\",\"isPartOf\":{\"@id\":\"https:\/\/sulsc.com\/#website\"},\"datePublished\":\"2025-10-20T19:44:07+00:00\",\"dateModified\":\"2025-10-20T19:44:07+00:00\",\"author\":{\"@id\":\"https:\/\/sulsc.com\/#\/schema\/person\/84d2fc571684f6248ba83092f07750a3\"},\"breadcrumb\":{\"@id\":\"https:\/\/sulsc.com\/index.php\/2025\/10\/20\/massa-de-ar-polar-provoca-minimas-negativas-na-serra\/#breadcrumb\"},\"inLanguage\":\"en-US\",\"potentialAction\":[{\"@type\":\"ReadAction\",\"target\":[\"https:\/\/sulsc.com\/index.php\/2025\/10\/20\/massa-de-ar-polar-provoca-minimas-negativas-na-serra\/\"]}]},{\"@type\":\"BreadcrumbList\",\"@id\":\"https:\/\/sulsc.com\/index.php\/2025\/10\/20\/massa-de-ar-polar-provoca-minimas-negativas-na-serra\/#breadcrumb\",\"itemListElement\":[{\"@type\":\"ListItem\",\"position\":1,\"name\":\"In\u00edcio\",\"item\":\"https:\/\/sulsc.com\/\"},{\"@type\":\"ListItem\",\"position\":2,\"name\":\"Massa de ar polar provoca m\u00ednimas negativas na Serra\"}]},{\"@type\":\"WebSite\",\"@id\":\"https:\/\/sulsc.com\/#website\",\"url\":\"https:\/\/sulsc.com\/\",\"name\":\"\",\"description\":\"\",\"potentialAction\":[{\"@type\":\"SearchAction\",\"target\":{\"@type\":\"EntryPoint\",\"urlTemplate\":\"https:\/\/sulsc.com\/?s={search_term_string}\"},\"query-input\":\"required name=search_term_string\"}],\"inLanguage\":\"en-US\"},{\"@type\":\"Person\",\"@id\":\"https:\/\/sulsc.com\/#\/schema\/person\/84d2fc571684f6248ba83092f07750a3\",\"name\":\"Reda\u00e7\u00e3o Sul SC\",\"image\":{\"@type\":\"ImageObject\",\"inLanguage\":\"en-US\",\"@id\":\"https:\/\/sulsc.com\/#\/schema\/person\/image\/e08d7fe2cc4ed596372063bbe852b8d0\",\"url\":\"https:\/\/sulsc.com\/wp-content\/uploads\/2023\/09\/redacao.png\",\"contentUrl\":\"https:\/\/sulsc.com\/wp-content\/uploads\/2023\/09\/redacao.png\",\"caption\":\"Reda\u00e7\u00e3o Sul SC\"},\"description\":\"Foco em um jornalismo imparcial, voltado \u00e0 qualidade dos seus conte\u00fados e, assim, levar informa\u00e7\u00e3o de valor que agregue \u00e0 vida dos leitores. Esta \u00e9 grande miss\u00e3o do Portal de Not\u00edcias Sul SC. N\u00e3o \u00e9 quantidade que muda o mundo, sempre foi e seguir\u00e1 sendo qualidade!\",\"sameAs\":[\"https:\/\/sulsc.com\/\",\"https:\/\/www.facebook.com\/profile.php?id=61559278119680\",\"https:\/\/www.instagram.com\/sulscportal\/?hl=pt-br\",\"https:\/\/twitter.com\/https:\/\/twitter.com\/PortalSulSC\",\"https:\/\/www.youtube.com\/channel\/UCv_BE8GeySluDov2n8qhVmw\"],\"url\":\"https:\/\/sulsc.com\/index.php\/author\/redacao\/\"}]}<\/script>\n<!-- \/ Yoast SEO plugin. -->","yoast_head_json":{"title":"Massa de ar polar provoca m\u00ednimas negativas na Serra -","robots":{"index":"index","follow":"follow","max-snippet":"max-snippet:-1","max-image-preview":"max-image-preview:large","max-video-preview":"max-video-preview:-1"},"canonical":"https:\/\/sulsc.com\/index.php\/2025\/10\/20\/massa-de-ar-polar-provoca-minimas-negativas-na-serra\/","og_locale":"en_US","og_type":"article","og_title":"Massa de ar polar provoca m\u00ednimas negativas na Serra -","og_description":"Uma massa de ar frio e seco de origem polar derrubou as temperaturas em Santa Catarina nesta segunda-feira (20), o que proporcionou um amanhecer gelado em diversas regi\u00f5es do Estado. Segundo a Epagri\/Ciram, Urupema, na Serra, registrou -1,58\u00b0C por volta das 6h \u2014 a menor temperatura do dia. Em Urubici, os term\u00f4metros marcaram 1,2\u00b0C, e &hellip; Massa de ar polar provoca m\u00ednimas negativas na Serra Read More &raquo;","og_url":"https:\/\/sulsc.com\/index.php\/2025\/10\/20\/massa-de-ar-polar-provoca-minimas-negativas-na-serra\/","article_author":"https:\/\/www.facebook.com\/profile.php?id=61559278119680","article_published_time":"2025-10-20T19:44:07+00:00","og_image":[{"width":766,"height":512,"url":"http:\/\/sulsc.com\/wp-content\/uploads\/2025\/10\/Frio.jpg","type":"image\/jpeg"}],"author":"Reda\u00e7\u00e3o Sul SC","twitter_card":"summary_large_image","twitter_creator":"@https:\/\/twitter.com\/PortalSulSC","twitter_misc":{"Written by":"Reda\u00e7\u00e3o Sul SC","Est. reading time":"2 minutes"},"schema":{"@context":"https:\/\/schema.org","@graph":[{"@type":"WebPage","@id":"https:\/\/sulsc.com\/index.php\/2025\/10\/20\/massa-de-ar-polar-provoca-minimas-negativas-na-serra\/","url":"https:\/\/sulsc.com\/index.php\/2025\/10\/20\/massa-de-ar-polar-provoca-minimas-negativas-na-serra\/","name":"Massa de ar polar provoca m\u00ednimas negativas na Serra -","isPartOf":{"@id":"https:\/\/sulsc.com\/#website"},"datePublished":"2025-10-20T19:44:07+00:00","dateModified":"2025-10-20T19:44:07+00:00","author":{"@id":"https:\/\/sulsc.com\/#\/schema\/person\/84d2fc571684f6248ba83092f07750a3"},"breadcrumb":{"@id":"https:\/\/sulsc.com\/index.php\/2025\/10\/20\/massa-de-ar-polar-provoca-minimas-negativas-na-serra\/#breadcrumb"},"inLanguage":"en-US","potentialAction":[{"@type":"ReadAction","target":["https:\/\/sulsc.com\/index.php\/2025\/10\/20\/massa-de-ar-polar-provoca-minimas-negativas-na-serra\/"]}]},{"@type":"BreadcrumbList","@id":"https:\/\/sulsc.com\/index.php\/2025\/10\/20\/massa-de-ar-polar-provoca-minimas-negativas-na-serra\/#breadcrumb","itemListElement":[{"@type":"ListItem","position":1,"name":"In\u00edcio","item":"https:\/\/sulsc.com\/"},{"@type":"ListItem","position":2,"name":"Massa de ar polar provoca m\u00ednimas negativas na Serra"}]},{"@type":"WebSite","@id":"https:\/\/sulsc.com\/#website","url":"https:\/\/sulsc.com\/","name":"","description":"","potentialAction":[{"@type":"SearchAction","target":{"@type":"EntryPoint","urlTemplate":"https:\/\/sulsc.com\/?s={search_term_string}"},"query-input":"required name=search_term_string"}],"inLanguage":"en-US"},{"@type":"Person","@id":"https:\/\/sulsc.com\/#\/schema\/person\/84d2fc571684f6248ba83092f07750a3","name":"Reda\u00e7\u00e3o Sul SC","image":{"@type":"ImageObject","inLanguage":"en-US","@id":"https:\/\/sulsc.com\/#\/schema\/person\/image\/e08d7fe2cc4ed596372063bbe852b8d0","url":"https:\/\/sulsc.com\/wp-content\/uploads\/2023\/09\/redacao.png","contentUrl":"https:\/\/sulsc.com\/wp-content\/uploads\/2023\/09\/redacao.png","caption":"Reda\u00e7\u00e3o Sul SC"},"description":"Foco em um jornalismo imparcial, voltado \u00e0 qualidade dos seus conte\u00fados e, assim, levar informa\u00e7\u00e3o de valor que agregue \u00e0 vida dos leitores. Esta \u00e9 grande miss\u00e3o do Portal de Not\u00edcias Sul SC. N\u00e3o \u00e9 quantidade que muda o mundo, sempre foi e seguir\u00e1 sendo qualidade!","sameAs":["https:\/\/sulsc.com\/","https:\/\/www.facebook.com\/profile.php?id=61559278119680","https:\/\/www.instagram.com\/sulscportal\/?hl=pt-br","https:\/\/twitter.com\/https:\/\/twitter.com\/PortalSulSC","https:\/\/www.youtube.com\/channel\/UCv_BE8GeySluDov2n8qhVmw"],"url":"https:\/\/sulsc.com\/index.php\/author\/redacao\/"}]}},"authors":[],"_links":{"self":[{"href":"https:\/\/sulsc.com\/index.php\/wp-json\/wp\/v2\/posts\/28580"}],"collection":[{"href":"https:\/\/sulsc.com\/index.php\/wp-json\/wp\/v2\/posts"}],"about":[{"href":"https:\/\/sulsc.com\/index.php\/wp-json\/wp\/v2\/types\/post"}],"author":[{"embeddable":true,"href":"https:\/\/sulsc.com\/index.php\/wp-json\/wp\/v2\/users\/3"}],"replies":[{"embeddable":true,"href":"https:\/\/sulsc.com\/index.php\/wp-json\/wp\/v2\/comments?post=28580"}],"version-history":[{"count":1,"href":"https:\/\/sulsc.com\/index.php\/wp-json\/wp\/v2\/posts\/28580\/revisions"}],"predecessor-version":[{"id":28582,"href":"https:\/\/sulsc.com\/index.php\/wp-json\/wp\/v2\/posts\/28580\/revisions\/28582"}],"wp:featuredmedia":[{"embeddable":true,"href":"https:\/\/sulsc.com\/index.php\/wp-json\/wp\/v2\/media\/28581"}],"wp:attachment":[{"href":"https:\/\/sulsc.com\/index.php\/wp-json\/wp\/v2\/media?parent=28580"}],"wp:term":[{"taxonomy":"category","embeddable":true,"href":"https:\/\/sulsc.com\/index.php\/wp-json\/wp\/v2\/categories?post=28580"},{"taxonomy":"post_tag","embeddable":true,"href":"https:\/\/sulsc.com\/index.php\/wp-json\/wp\/v2\/tags?post=28580"}],"curies":[{"name":"wp","href":"https:\/\/api.w.org\/{rel}","templated":true}]}}