{"id":28719,"date":"2025-10-23T06:44:08","date_gmt":"2025-10-23T09:44:08","guid":{"rendered":"https:\/\/sulsc.com\/?p=28719"},"modified":"2025-10-23T06:47:10","modified_gmt":"2025-10-23T09:47:10","slug":"nesta-quinta-feira-as-condicoes-do-tempo-segue-parecida-com-as-dos-dias-anteriores-de-tempo-firme-em-sc","status":"publish","type":"post","link":"https:\/\/sulsc.com\/index.php\/2025\/10\/23\/nesta-quinta-feira-as-condicoes-do-tempo-segue-parecida-com-as-dos-dias-anteriores-de-tempo-firme-em-sc\/","title":{"rendered":"Nesta quinta-feira as condi\u00e7\u00f5es do tempo segue parecida com as dos dias anteriores em toda SC"},"content":{"rendered":"<p>Quinta-feira (23), as condi\u00e7\u00f5es seguem semelhantes aos \u00faltimos dias, no leste catarinense, com varia\u00e7\u00e3o de nebulosidade e condi\u00e7\u00f5es para chuva r\u00e1pida e passageira, devido \u00e0 circula\u00e7\u00e3o mar\u00edtima. Nas demais regi\u00f5es do estado, o tempo firme e o sol predominam. N\u00e3o h\u00e1 risco para ocorr\u00eancias meteorol\u00f3gicas.<\/p>\n<p><strong>Temperaturas<\/strong><\/p>\n<p>Com m\u00ednimas que ficam entre 6 e 12\u00b0C dos Planaltos ao Meio-Oeste e entre 10 e 18\u00b0C nas demais regi\u00f5es. \u00c0 tarde, faz at\u00e9 28\u00b0C no Grande Oeste e no Litoral Sul e entre 20 e 25\u00b0C nas demais regi\u00f5es.<\/p>\n<p><img fetchpriority=\"high\" decoding=\"async\" class=\"aligncenter size-full wp-image-28721\" src=\"http:\/\/sulsc.com\/wp-content\/uploads\/2025\/10\/image-168-1024x696-1.png\" alt=\"\" width=\"1024\" height=\"696\" srcset=\"https:\/\/sulsc.com\/wp-content\/uploads\/2025\/10\/image-168-1024x696-1.png 1024w, https:\/\/sulsc.com\/wp-content\/uploads\/2025\/10\/image-168-1024x696-1-300x204.png 300w, https:\/\/sulsc.com\/wp-content\/uploads\/2025\/10\/image-168-1024x696-1-768x522.png 768w\" sizes=\"(max-width: 1024px) 100vw, 1024px\" \/><\/p>\n<p><img decoding=\"async\" class=\"aligncenter size-full wp-image-22836\" src=\"http:\/\/sulsc.com\/wp-content\/uploads\/2025\/04\/Tempo-2.png\" alt=\"\" width=\"1024\" height=\"189\" srcset=\"https:\/\/sulsc.com\/wp-content\/uploads\/2025\/04\/Tempo-2.png 1024w, https:\/\/sulsc.com\/wp-content\/uploads\/2025\/04\/Tempo-2-300x55.png 300w, https:\/\/sulsc.com\/wp-content\/uploads\/2025\/04\/Tempo-2-768x142.png 768w\" sizes=\"(max-width: 1024px) 100vw, 1024px\" \/><\/p>\n<p><strong>Vento:<\/strong> Nordeste ganha for\u00e7a no estado e, especialmente no Litoral Sul, onde o mar volta a ficar agitado, com ondas de leste\/nordeste entre 2,0 e 3,0m, com risco moderado para ocorr\u00eancias associadas \u00e0 agita\u00e7\u00e3o mar\u00edtima. A amplitude t\u00e9rmica se mant\u00e9m, com sensa\u00e7\u00e3o de frio no amanhecer e r\u00e1pido aquecimento durante a tarde.<\/p>\n<p><strong>Sistema predominante:<\/strong> massa de ar frio e seco no Sul do Brasil.<\/p>\n<div id=\"metaslider-id-25573\" style=\"width: 100%;\" class=\"ml-slider-3-99-0 metaslider metaslider-flex metaslider-25573 ml-slider has-onhover-arrows ms-theme-default-base has-dots-nav\" role=\"region\" aria-label=\"Meio\" data-width=\"1200\">\n    <div id=\"metaslider_container_25573\">\n        <div id=\"metaslider_25573\">\n            <ul class='slides'>\n                <li style=\"display: block; width: 100%;\" class=\"slide-25684 ms-image \" aria-roledescription=\"slide\" data-date=\"2025-07-24 07:55:40\"><img src=\"https:\/\/sulsc.com\/wp-content\/uploads\/2025\/07\/Marr-2-1000x166.jpg\" height=\"200\" width=\"1200\" alt=\"\" class=\"slider-25573 slide-25684 msDefaultImage\" title=\"Marr 2\" \/><\/li>\n                <li style=\"display: none; width: 100%;\" class=\"slide-32412 ms-image \" aria-roledescription=\"slide\" data-date=\"2026-02-18 13:59:46\"><img src=\"https:\/\/sulsc.com\/wp-content\/uploads\/2026\/02\/40dc1580-cad5-4867-bc58-c4243821ad38-1000x166.jpeg\" height=\"200\" width=\"1200\" alt=\"\" class=\"slider-25573 slide-32412 msDefaultImage\" title=\"40dc1580-cad5-4867-bc58-c4243821ad38\" \/><\/li>\n                <li style=\"display: none; width: 100%;\" class=\"slide-32766 ms-image \" aria-roledescription=\"slide\" data-date=\"2026-03-03 17:22:59\"><img src=\"https:\/\/sulsc.com\/wp-content\/uploads\/2026\/03\/271ce739-f268-41c5-8051-3de1a1750359-1000x166.jpeg\" height=\"200\" width=\"1200\" alt=\"\" class=\"slider-25573 slide-32766 msDefaultImage\" title=\"271ce739-f268-41c5-8051-3de1a1750359\" \/><\/li>\n            <\/ul>\n        <\/div>\n        \n    <\/div>\n<\/div>\n<p><strong>J\u00e1 amanh\u00e3\u00a0Sexta-feira (24), <\/strong>o dia ser\u00e1 de sol e algumas nuvens em SC, com chuva isolada entre a Grande Florian\u00f3polis e o norte do Estado, especialmente nos extremos do dia, devido a circula\u00e7\u00e3o mar\u00edtima. As temperaturas mais elevadas, com m\u00e1ximas entre 25 a 30\u00b0C em boa parte do estado.<\/p>\n<p>Fonte: Defesa Civil-SC\/Epagri-Ciram<\/p>\n","protected":false},"excerpt":{"rendered":"<p>Quinta-feira (23), as condi\u00e7\u00f5es seguem semelhantes aos \u00faltimos dias, no leste catarinense, com varia\u00e7\u00e3o de nebulosidade e condi\u00e7\u00f5es para chuva r\u00e1pida e passageira, devido \u00e0 circula\u00e7\u00e3o mar\u00edtima. Nas demais regi\u00f5es do estado, o tempo firme e o sol predominam. N\u00e3o h\u00e1 risco para ocorr\u00eancias meteorol\u00f3gicas. Temperaturas Com m\u00ednimas que ficam entre 6 e 12\u00b0C dos &hellip;<\/p>\n<p class=\"read-more\"> <a class=\"\" href=\"https:\/\/sulsc.com\/index.php\/2025\/10\/23\/nesta-quinta-feira-as-condicoes-do-tempo-segue-parecida-com-as-dos-dias-anteriores-de-tempo-firme-em-sc\/\"> <span class=\"screen-reader-text\">Nesta quinta-feira as condi\u00e7\u00f5es do tempo segue parecida com as dos dias anteriores em toda SC<\/span> Read More &raquo;<\/a><\/p>\n","protected":false},"author":3,"featured_media":28722,"comment_status":"open","ping_status":"open","sticky":false,"template":"","format":"standard","meta":{"site-sidebar-layout":"default","site-content-layout":"","ast-site-content-layout":"default","site-content-style":"default","site-sidebar-style":"default","ast-global-header-display":"","ast-banner-title-visibility":"","ast-main-header-display":"","ast-hfb-above-header-display":"","ast-hfb-below-header-display":"","ast-hfb-mobile-header-display":"","site-post-title":"","ast-breadcrumbs-content":"","ast-featured-img":"","footer-sml-layout":"","theme-transparent-header-meta":"default","adv-header-id-meta":"","stick-header-meta":"","header-above-stick-meta":"","header-main-stick-meta":"","header-below-stick-meta":"","astra-migrate-meta-layouts":"set","footnotes":""},"categories":[2354,2231,1,14,38,12],"tags":[90],"yoast_head":"<!-- This site is optimized with the Yoast SEO plugin v21.4 - https:\/\/yoast.com\/wordpress\/plugins\/seo\/ -->\n<title>Nesta quinta-feira as condi\u00e7\u00f5es do tempo segue parecida com as dos dias anteriores em toda SC -<\/title>\n<meta name=\"robots\" content=\"index, follow, max-snippet:-1, max-image-preview:large, max-video-preview:-1\" \/>\n<link rel=\"canonical\" href=\"https:\/\/sulsc.com\/index.php\/2025\/10\/23\/nesta-quinta-feira-as-condicoes-do-tempo-segue-parecida-com-as-dos-dias-anteriores-de-tempo-firme-em-sc\/\" \/>\n<meta property=\"og:locale\" content=\"en_US\" \/>\n<meta property=\"og:type\" content=\"article\" \/>\n<meta property=\"og:title\" content=\"Nesta quinta-feira as condi\u00e7\u00f5es do tempo segue parecida com as dos dias anteriores em toda SC -\" \/>\n<meta property=\"og:description\" content=\"Quinta-feira (23), as condi\u00e7\u00f5es seguem semelhantes aos \u00faltimos dias, no leste catarinense, com varia\u00e7\u00e3o de nebulosidade e condi\u00e7\u00f5es para chuva r\u00e1pida e passageira, devido \u00e0 circula\u00e7\u00e3o mar\u00edtima. Nas demais regi\u00f5es do estado, o tempo firme e o sol predominam. N\u00e3o h\u00e1 risco para ocorr\u00eancias meteorol\u00f3gicas. Temperaturas Com m\u00ednimas que ficam entre 6 e 12\u00b0C dos &hellip; Nesta quinta-feira as condi\u00e7\u00f5es do tempo segue parecida com as dos dias anteriores em toda SC Read More &raquo;\" \/>\n<meta property=\"og:url\" content=\"https:\/\/sulsc.com\/index.php\/2025\/10\/23\/nesta-quinta-feira-as-condicoes-do-tempo-segue-parecida-com-as-dos-dias-anteriores-de-tempo-firme-em-sc\/\" \/>\n<meta property=\"article:author\" content=\"https:\/\/www.facebook.com\/profile.php?id=61559278119680\" \/>\n<meta property=\"article:published_time\" content=\"2025-10-23T09:44:08+00:00\" \/>\n<meta property=\"article:modified_time\" content=\"2025-10-23T09:47:10+00:00\" \/>\n<meta property=\"og:image\" content=\"http:\/\/sulsc.com\/wp-content\/uploads\/2025\/10\/b17947ba-2f2e-4b5b-8a72-486de755025c.jpeg\" \/>\n\t<meta property=\"og:image:width\" content=\"720\" \/>\n\t<meta property=\"og:image:height\" content=\"1600\" \/>\n\t<meta property=\"og:image:type\" content=\"image\/jpeg\" \/>\n<meta name=\"author\" content=\"Reda\u00e7\u00e3o Sul SC\" \/>\n<meta name=\"twitter:card\" content=\"summary_large_image\" \/>\n<meta name=\"twitter:creator\" content=\"@https:\/\/twitter.com\/PortalSulSC\" \/>\n<meta name=\"twitter:label1\" content=\"Written by\" \/>\n\t<meta name=\"twitter:data1\" content=\"Reda\u00e7\u00e3o Sul SC\" \/>\n\t<meta name=\"twitter:label2\" content=\"Est. reading time\" \/>\n\t<meta name=\"twitter:data2\" content=\"2 minutes\" \/>\n<script type=\"application\/ld+json\" class=\"yoast-schema-graph\">{\"@context\":\"https:\/\/schema.org\",\"@graph\":[{\"@type\":\"WebPage\",\"@id\":\"https:\/\/sulsc.com\/index.php\/2025\/10\/23\/nesta-quinta-feira-as-condicoes-do-tempo-segue-parecida-com-as-dos-dias-anteriores-de-tempo-firme-em-sc\/\",\"url\":\"https:\/\/sulsc.com\/index.php\/2025\/10\/23\/nesta-quinta-feira-as-condicoes-do-tempo-segue-parecida-com-as-dos-dias-anteriores-de-tempo-firme-em-sc\/\",\"name\":\"Nesta quinta-feira as condi\u00e7\u00f5es do tempo segue parecida com as dos dias anteriores em toda SC -\",\"isPartOf\":{\"@id\":\"https:\/\/sulsc.com\/#website\"},\"datePublished\":\"2025-10-23T09:44:08+00:00\",\"dateModified\":\"2025-10-23T09:47:10+00:00\",\"author\":{\"@id\":\"https:\/\/sulsc.com\/#\/schema\/person\/84d2fc571684f6248ba83092f07750a3\"},\"breadcrumb\":{\"@id\":\"https:\/\/sulsc.com\/index.php\/2025\/10\/23\/nesta-quinta-feira-as-condicoes-do-tempo-segue-parecida-com-as-dos-dias-anteriores-de-tempo-firme-em-sc\/#breadcrumb\"},\"inLanguage\":\"en-US\",\"potentialAction\":[{\"@type\":\"ReadAction\",\"target\":[\"https:\/\/sulsc.com\/index.php\/2025\/10\/23\/nesta-quinta-feira-as-condicoes-do-tempo-segue-parecida-com-as-dos-dias-anteriores-de-tempo-firme-em-sc\/\"]}]},{\"@type\":\"BreadcrumbList\",\"@id\":\"https:\/\/sulsc.com\/index.php\/2025\/10\/23\/nesta-quinta-feira-as-condicoes-do-tempo-segue-parecida-com-as-dos-dias-anteriores-de-tempo-firme-em-sc\/#breadcrumb\",\"itemListElement\":[{\"@type\":\"ListItem\",\"position\":1,\"name\":\"In\u00edcio\",\"item\":\"https:\/\/sulsc.com\/\"},{\"@type\":\"ListItem\",\"position\":2,\"name\":\"Nesta quinta-feira as condi\u00e7\u00f5es do tempo segue parecida com as dos dias anteriores em toda SC\"}]},{\"@type\":\"WebSite\",\"@id\":\"https:\/\/sulsc.com\/#website\",\"url\":\"https:\/\/sulsc.com\/\",\"name\":\"\",\"description\":\"\",\"potentialAction\":[{\"@type\":\"SearchAction\",\"target\":{\"@type\":\"EntryPoint\",\"urlTemplate\":\"https:\/\/sulsc.com\/?s={search_term_string}\"},\"query-input\":\"required name=search_term_string\"}],\"inLanguage\":\"en-US\"},{\"@type\":\"Person\",\"@id\":\"https:\/\/sulsc.com\/#\/schema\/person\/84d2fc571684f6248ba83092f07750a3\",\"name\":\"Reda\u00e7\u00e3o Sul SC\",\"image\":{\"@type\":\"ImageObject\",\"inLanguage\":\"en-US\",\"@id\":\"https:\/\/sulsc.com\/#\/schema\/person\/image\/e08d7fe2cc4ed596372063bbe852b8d0\",\"url\":\"https:\/\/sulsc.com\/wp-content\/uploads\/2023\/09\/redacao.png\",\"contentUrl\":\"https:\/\/sulsc.com\/wp-content\/uploads\/2023\/09\/redacao.png\",\"caption\":\"Reda\u00e7\u00e3o Sul SC\"},\"description\":\"Foco em um jornalismo imparcial, voltado \u00e0 qualidade dos seus conte\u00fados e, assim, levar informa\u00e7\u00e3o de valor que agregue \u00e0 vida dos leitores. Esta \u00e9 grande miss\u00e3o do Portal de Not\u00edcias Sul SC. N\u00e3o \u00e9 quantidade que muda o mundo, sempre foi e seguir\u00e1 sendo qualidade!\",\"sameAs\":[\"https:\/\/sulsc.com\/\",\"https:\/\/www.facebook.com\/profile.php?id=61559278119680\",\"https:\/\/www.instagram.com\/sulscportal\/?hl=pt-br\",\"https:\/\/twitter.com\/https:\/\/twitter.com\/PortalSulSC\",\"https:\/\/www.youtube.com\/channel\/UCv_BE8GeySluDov2n8qhVmw\"],\"url\":\"https:\/\/sulsc.com\/index.php\/author\/redacao\/\"}]}<\/script>\n<!-- \/ Yoast SEO plugin. -->","yoast_head_json":{"title":"Nesta quinta-feira as condi\u00e7\u00f5es do tempo segue parecida com as dos dias anteriores em toda SC -","robots":{"index":"index","follow":"follow","max-snippet":"max-snippet:-1","max-image-preview":"max-image-preview:large","max-video-preview":"max-video-preview:-1"},"canonical":"https:\/\/sulsc.com\/index.php\/2025\/10\/23\/nesta-quinta-feira-as-condicoes-do-tempo-segue-parecida-com-as-dos-dias-anteriores-de-tempo-firme-em-sc\/","og_locale":"en_US","og_type":"article","og_title":"Nesta quinta-feira as condi\u00e7\u00f5es do tempo segue parecida com as dos dias anteriores em toda SC -","og_description":"Quinta-feira (23), as condi\u00e7\u00f5es seguem semelhantes aos \u00faltimos dias, no leste catarinense, com varia\u00e7\u00e3o de nebulosidade e condi\u00e7\u00f5es para chuva r\u00e1pida e passageira, devido \u00e0 circula\u00e7\u00e3o mar\u00edtima. Nas demais regi\u00f5es do estado, o tempo firme e o sol predominam. N\u00e3o h\u00e1 risco para ocorr\u00eancias meteorol\u00f3gicas. Temperaturas Com m\u00ednimas que ficam entre 6 e 12\u00b0C dos &hellip; Nesta quinta-feira as condi\u00e7\u00f5es do tempo segue parecida com as dos dias anteriores em toda SC Read More &raquo;","og_url":"https:\/\/sulsc.com\/index.php\/2025\/10\/23\/nesta-quinta-feira-as-condicoes-do-tempo-segue-parecida-com-as-dos-dias-anteriores-de-tempo-firme-em-sc\/","article_author":"https:\/\/www.facebook.com\/profile.php?id=61559278119680","article_published_time":"2025-10-23T09:44:08+00:00","article_modified_time":"2025-10-23T09:47:10+00:00","og_image":[{"width":720,"height":1600,"url":"http:\/\/sulsc.com\/wp-content\/uploads\/2025\/10\/b17947ba-2f2e-4b5b-8a72-486de755025c.jpeg","type":"image\/jpeg"}],"author":"Reda\u00e7\u00e3o Sul SC","twitter_card":"summary_large_image","twitter_creator":"@https:\/\/twitter.com\/PortalSulSC","twitter_misc":{"Written by":"Reda\u00e7\u00e3o Sul SC","Est. reading time":"2 minutes"},"schema":{"@context":"https:\/\/schema.org","@graph":[{"@type":"WebPage","@id":"https:\/\/sulsc.com\/index.php\/2025\/10\/23\/nesta-quinta-feira-as-condicoes-do-tempo-segue-parecida-com-as-dos-dias-anteriores-de-tempo-firme-em-sc\/","url":"https:\/\/sulsc.com\/index.php\/2025\/10\/23\/nesta-quinta-feira-as-condicoes-do-tempo-segue-parecida-com-as-dos-dias-anteriores-de-tempo-firme-em-sc\/","name":"Nesta quinta-feira as condi\u00e7\u00f5es do tempo segue parecida com as dos dias anteriores em toda SC -","isPartOf":{"@id":"https:\/\/sulsc.com\/#website"},"datePublished":"2025-10-23T09:44:08+00:00","dateModified":"2025-10-23T09:47:10+00:00","author":{"@id":"https:\/\/sulsc.com\/#\/schema\/person\/84d2fc571684f6248ba83092f07750a3"},"breadcrumb":{"@id":"https:\/\/sulsc.com\/index.php\/2025\/10\/23\/nesta-quinta-feira-as-condicoes-do-tempo-segue-parecida-com-as-dos-dias-anteriores-de-tempo-firme-em-sc\/#breadcrumb"},"inLanguage":"en-US","potentialAction":[{"@type":"ReadAction","target":["https:\/\/sulsc.com\/index.php\/2025\/10\/23\/nesta-quinta-feira-as-condicoes-do-tempo-segue-parecida-com-as-dos-dias-anteriores-de-tempo-firme-em-sc\/"]}]},{"@type":"BreadcrumbList","@id":"https:\/\/sulsc.com\/index.php\/2025\/10\/23\/nesta-quinta-feira-as-condicoes-do-tempo-segue-parecida-com-as-dos-dias-anteriores-de-tempo-firme-em-sc\/#breadcrumb","itemListElement":[{"@type":"ListItem","position":1,"name":"In\u00edcio","item":"https:\/\/sulsc.com\/"},{"@type":"ListItem","position":2,"name":"Nesta quinta-feira as condi\u00e7\u00f5es do tempo segue parecida com as dos dias anteriores em toda SC"}]},{"@type":"WebSite","@id":"https:\/\/sulsc.com\/#website","url":"https:\/\/sulsc.com\/","name":"","description":"","potentialAction":[{"@type":"SearchAction","target":{"@type":"EntryPoint","urlTemplate":"https:\/\/sulsc.com\/?s={search_term_string}"},"query-input":"required name=search_term_string"}],"inLanguage":"en-US"},{"@type":"Person","@id":"https:\/\/sulsc.com\/#\/schema\/person\/84d2fc571684f6248ba83092f07750a3","name":"Reda\u00e7\u00e3o Sul SC","image":{"@type":"ImageObject","inLanguage":"en-US","@id":"https:\/\/sulsc.com\/#\/schema\/person\/image\/e08d7fe2cc4ed596372063bbe852b8d0","url":"https:\/\/sulsc.com\/wp-content\/uploads\/2023\/09\/redacao.png","contentUrl":"https:\/\/sulsc.com\/wp-content\/uploads\/2023\/09\/redacao.png","caption":"Reda\u00e7\u00e3o Sul SC"},"description":"Foco em um jornalismo imparcial, voltado \u00e0 qualidade dos seus conte\u00fados e, assim, levar informa\u00e7\u00e3o de valor que agregue \u00e0 vida dos leitores. Esta \u00e9 grande miss\u00e3o do Portal de Not\u00edcias Sul SC. N\u00e3o \u00e9 quantidade que muda o mundo, sempre foi e seguir\u00e1 sendo qualidade!","sameAs":["https:\/\/sulsc.com\/","https:\/\/www.facebook.com\/profile.php?id=61559278119680","https:\/\/www.instagram.com\/sulscportal\/?hl=pt-br","https:\/\/twitter.com\/https:\/\/twitter.com\/PortalSulSC","https:\/\/www.youtube.com\/channel\/UCv_BE8GeySluDov2n8qhVmw"],"url":"https:\/\/sulsc.com\/index.php\/author\/redacao\/"}]}},"authors":[],"_links":{"self":[{"href":"https:\/\/sulsc.com\/index.php\/wp-json\/wp\/v2\/posts\/28719"}],"collection":[{"href":"https:\/\/sulsc.com\/index.php\/wp-json\/wp\/v2\/posts"}],"about":[{"href":"https:\/\/sulsc.com\/index.php\/wp-json\/wp\/v2\/types\/post"}],"author":[{"embeddable":true,"href":"https:\/\/sulsc.com\/index.php\/wp-json\/wp\/v2\/users\/3"}],"replies":[{"embeddable":true,"href":"https:\/\/sulsc.com\/index.php\/wp-json\/wp\/v2\/comments?post=28719"}],"version-history":[{"count":3,"href":"https:\/\/sulsc.com\/index.php\/wp-json\/wp\/v2\/posts\/28719\/revisions"}],"predecessor-version":[{"id":28726,"href":"https:\/\/sulsc.com\/index.php\/wp-json\/wp\/v2\/posts\/28719\/revisions\/28726"}],"wp:featuredmedia":[{"embeddable":true,"href":"https:\/\/sulsc.com\/index.php\/wp-json\/wp\/v2\/media\/28722"}],"wp:attachment":[{"href":"https:\/\/sulsc.com\/index.php\/wp-json\/wp\/v2\/media?parent=28719"}],"wp:term":[{"taxonomy":"category","embeddable":true,"href":"https:\/\/sulsc.com\/index.php\/wp-json\/wp\/v2\/categories?post=28719"},{"taxonomy":"post_tag","embeddable":true,"href":"https:\/\/sulsc.com\/index.php\/wp-json\/wp\/v2\/tags?post=28719"}],"curies":[{"name":"wp","href":"https:\/\/api.w.org\/{rel}","templated":true}]}}