{"id":2883,"date":"2023-10-26T07:30:32","date_gmt":"2023-10-26T10:30:32","guid":{"rendered":"https:\/\/sulsc.com\/?p=2883"},"modified":"2023-10-26T06:36:52","modified_gmt":"2023-10-26T09:36:52","slug":"quinta-feira-26-com-sol-em-todas-as-regioes-de-sc","status":"publish","type":"post","link":"https:\/\/sulsc.com\/index.php\/2023\/10\/26\/quinta-feira-26-com-sol-em-todas-as-regioes-de-sc\/","title":{"rendered":"Quinta-feira (26) com sol em todas as regi\u00f5es de SC"},"content":{"rendered":"<p>Na quinta-feira (26), o sol aparece em todas as regi\u00f5es, por\u00e9m no Litoral e \u00e1reas pr\u00f3ximas novamente acompanhado por muitas nuvens. Entre a tarde e a noite, h\u00e1 condi\u00e7\u00f5es para pancadas de chuva e temporais isolados do Meio-Oeste aos Planaltos e tamb\u00e9m no Litoral Norte.<\/p>\n<p>O risco \u00e9 baixo para ocorr\u00eancias associadas aos temporais. Na Grande Florian\u00f3polis n\u00e3o se descarta a ocorr\u00eancia de chuva fraca e isolada nos extremos do dia.<\/p>\n<p>O vento sopra de sul a sudeste, passando para leste nordeste no final do dia, ambos fraco a moderado. As temperaturas m\u00e1ximas se aproximam dos 30\u00b0C no Extremo Oeste e variam entre 17 e 22\u00b0C nas demais regi\u00f5es do estado.<\/p>\n<p><img fetchpriority=\"high\" decoding=\"async\" class=\"alignnone size-full wp-image-2884\" src=\"http:\/\/sulsc.com\/wp-content\/uploads\/2023\/10\/1-2.png\" alt=\"\" width=\"883\" height=\"601\" srcset=\"https:\/\/sulsc.com\/wp-content\/uploads\/2023\/10\/1-2.png 883w, https:\/\/sulsc.com\/wp-content\/uploads\/2023\/10\/1-2-300x204.png 300w, https:\/\/sulsc.com\/wp-content\/uploads\/2023\/10\/1-2-768x523.png 768w\" sizes=\"(max-width: 883px) 100vw, 883px\" \/><\/p>\n<p>&nbsp;<\/p>\n<p>Fonte: Defesa Civil<\/p>\n","protected":false},"excerpt":{"rendered":"<p>Na quinta-feira (26), o sol aparece em todas as regi\u00f5es, por\u00e9m no Litoral e \u00e1reas pr\u00f3ximas novamente acompanhado por muitas nuvens. Entre a tarde e a noite, h\u00e1 condi\u00e7\u00f5es para pancadas de chuva e temporais isolados do Meio-Oeste aos Planaltos e tamb\u00e9m no Litoral Norte. O risco \u00e9 baixo para ocorr\u00eancias associadas aos temporais. Na &hellip;<\/p>\n<p class=\"read-more\"> <a class=\"\" href=\"https:\/\/sulsc.com\/index.php\/2023\/10\/26\/quinta-feira-26-com-sol-em-todas-as-regioes-de-sc\/\"> <span class=\"screen-reader-text\">Quinta-feira (26) com sol em todas as regi\u00f5es de SC<\/span> Read More &raquo;<\/a><\/p>\n","protected":false},"author":3,"featured_media":936,"comment_status":"open","ping_status":"open","sticky":false,"template":"","format":"standard","meta":{"site-sidebar-layout":"default","site-content-layout":"","ast-site-content-layout":"default","site-content-style":"default","site-sidebar-style":"default","ast-global-header-display":"","ast-banner-title-visibility":"","ast-main-header-display":"","ast-hfb-above-header-display":"","ast-hfb-below-header-display":"","ast-hfb-mobile-header-display":"","site-post-title":"","ast-breadcrumbs-content":"","ast-featured-img":"","footer-sml-layout":"","theme-transparent-header-meta":"default","adv-header-id-meta":"","stick-header-meta":"","header-above-stick-meta":"","header-main-stick-meta":"","header-below-stick-meta":"","astra-migrate-meta-layouts":"set","footnotes":""},"categories":[1,38],"tags":[],"yoast_head":"<!-- This site is optimized with the Yoast SEO plugin v21.4 - https:\/\/yoast.com\/wordpress\/plugins\/seo\/ -->\n<title>Quinta-feira (26) com sol em todas as regi\u00f5es de SC -<\/title>\n<meta name=\"robots\" content=\"index, follow, max-snippet:-1, max-image-preview:large, max-video-preview:-1\" \/>\n<link rel=\"canonical\" href=\"https:\/\/sulsc.com\/index.php\/2023\/10\/26\/quinta-feira-26-com-sol-em-todas-as-regioes-de-sc\/\" \/>\n<meta property=\"og:locale\" content=\"en_US\" \/>\n<meta property=\"og:type\" content=\"article\" \/>\n<meta property=\"og:title\" content=\"Quinta-feira (26) com sol em todas as regi\u00f5es de SC -\" \/>\n<meta property=\"og:description\" content=\"Na quinta-feira (26), o sol aparece em todas as regi\u00f5es, por\u00e9m no Litoral e \u00e1reas pr\u00f3ximas novamente acompanhado por muitas nuvens. Entre a tarde e a noite, h\u00e1 condi\u00e7\u00f5es para pancadas de chuva e temporais isolados do Meio-Oeste aos Planaltos e tamb\u00e9m no Litoral Norte. O risco \u00e9 baixo para ocorr\u00eancias associadas aos temporais. Na &hellip; Quinta-feira (26) com sol em todas as regi\u00f5es de SC Read More &raquo;\" \/>\n<meta property=\"og:url\" content=\"https:\/\/sulsc.com\/index.php\/2023\/10\/26\/quinta-feira-26-com-sol-em-todas-as-regioes-de-sc\/\" \/>\n<meta property=\"article:author\" content=\"https:\/\/www.facebook.com\/profile.php?id=61559278119680\" \/>\n<meta property=\"article:published_time\" content=\"2023-10-26T10:30:32+00:00\" \/>\n<meta property=\"article:modified_time\" content=\"2023-10-26T09:36:52+00:00\" \/>\n<meta property=\"og:image\" content=\"https:\/\/sulsc.com\/wp-content\/uploads\/2023\/09\/Sol-scaled.jpg\" \/>\n\t<meta property=\"og:image:width\" content=\"2048\" \/>\n\t<meta property=\"og:image:height\" content=\"2560\" \/>\n\t<meta property=\"og:image:type\" content=\"image\/jpeg\" \/>\n<meta name=\"author\" content=\"Reda\u00e7\u00e3o Sul SC\" \/>\n<meta name=\"twitter:card\" content=\"summary_large_image\" \/>\n<meta name=\"twitter:creator\" content=\"@https:\/\/twitter.com\/PortalSulSC\" \/>\n<meta name=\"twitter:label1\" content=\"Written by\" \/>\n\t<meta name=\"twitter:data1\" content=\"Reda\u00e7\u00e3o Sul SC\" \/>\n\t<meta name=\"twitter:label2\" content=\"Est. reading time\" \/>\n\t<meta name=\"twitter:data2\" content=\"1 minute\" \/>\n<script type=\"application\/ld+json\" class=\"yoast-schema-graph\">{\"@context\":\"https:\/\/schema.org\",\"@graph\":[{\"@type\":\"WebPage\",\"@id\":\"https:\/\/sulsc.com\/index.php\/2023\/10\/26\/quinta-feira-26-com-sol-em-todas-as-regioes-de-sc\/\",\"url\":\"https:\/\/sulsc.com\/index.php\/2023\/10\/26\/quinta-feira-26-com-sol-em-todas-as-regioes-de-sc\/\",\"name\":\"Quinta-feira (26) com sol em todas as regi\u00f5es de SC -\",\"isPartOf\":{\"@id\":\"https:\/\/sulsc.com\/#website\"},\"datePublished\":\"2023-10-26T10:30:32+00:00\",\"dateModified\":\"2023-10-26T09:36:52+00:00\",\"author\":{\"@id\":\"https:\/\/sulsc.com\/#\/schema\/person\/84d2fc571684f6248ba83092f07750a3\"},\"breadcrumb\":{\"@id\":\"https:\/\/sulsc.com\/index.php\/2023\/10\/26\/quinta-feira-26-com-sol-em-todas-as-regioes-de-sc\/#breadcrumb\"},\"inLanguage\":\"en-US\",\"potentialAction\":[{\"@type\":\"ReadAction\",\"target\":[\"https:\/\/sulsc.com\/index.php\/2023\/10\/26\/quinta-feira-26-com-sol-em-todas-as-regioes-de-sc\/\"]}]},{\"@type\":\"BreadcrumbList\",\"@id\":\"https:\/\/sulsc.com\/index.php\/2023\/10\/26\/quinta-feira-26-com-sol-em-todas-as-regioes-de-sc\/#breadcrumb\",\"itemListElement\":[{\"@type\":\"ListItem\",\"position\":1,\"name\":\"In\u00edcio\",\"item\":\"https:\/\/sulsc.com\/\"},{\"@type\":\"ListItem\",\"position\":2,\"name\":\"Quinta-feira (26) com sol em todas as regi\u00f5es de SC\"}]},{\"@type\":\"WebSite\",\"@id\":\"https:\/\/sulsc.com\/#website\",\"url\":\"https:\/\/sulsc.com\/\",\"name\":\"\",\"description\":\"\",\"potentialAction\":[{\"@type\":\"SearchAction\",\"target\":{\"@type\":\"EntryPoint\",\"urlTemplate\":\"https:\/\/sulsc.com\/?s={search_term_string}\"},\"query-input\":\"required name=search_term_string\"}],\"inLanguage\":\"en-US\"},{\"@type\":\"Person\",\"@id\":\"https:\/\/sulsc.com\/#\/schema\/person\/84d2fc571684f6248ba83092f07750a3\",\"name\":\"Reda\u00e7\u00e3o Sul SC\",\"image\":{\"@type\":\"ImageObject\",\"inLanguage\":\"en-US\",\"@id\":\"https:\/\/sulsc.com\/#\/schema\/person\/image\/e08d7fe2cc4ed596372063bbe852b8d0\",\"url\":\"https:\/\/sulsc.com\/wp-content\/uploads\/2023\/09\/redacao.png\",\"contentUrl\":\"https:\/\/sulsc.com\/wp-content\/uploads\/2023\/09\/redacao.png\",\"caption\":\"Reda\u00e7\u00e3o Sul SC\"},\"description\":\"Foco em um jornalismo imparcial, voltado \u00e0 qualidade dos seus conte\u00fados e, assim, levar informa\u00e7\u00e3o de valor que agregue \u00e0 vida dos leitores. Esta \u00e9 grande miss\u00e3o do Portal de Not\u00edcias Sul SC. N\u00e3o \u00e9 quantidade que muda o mundo, sempre foi e seguir\u00e1 sendo qualidade!\",\"sameAs\":[\"https:\/\/sulsc.com\/\",\"https:\/\/www.facebook.com\/profile.php?id=61559278119680\",\"https:\/\/www.instagram.com\/sulscportal\/?hl=pt-br\",\"https:\/\/twitter.com\/https:\/\/twitter.com\/PortalSulSC\",\"https:\/\/www.youtube.com\/channel\/UCv_BE8GeySluDov2n8qhVmw\"],\"url\":\"https:\/\/sulsc.com\/index.php\/author\/redacao\/\"}]}<\/script>\n<!-- \/ Yoast SEO plugin. -->","yoast_head_json":{"title":"Quinta-feira (26) com sol em todas as regi\u00f5es de SC -","robots":{"index":"index","follow":"follow","max-snippet":"max-snippet:-1","max-image-preview":"max-image-preview:large","max-video-preview":"max-video-preview:-1"},"canonical":"https:\/\/sulsc.com\/index.php\/2023\/10\/26\/quinta-feira-26-com-sol-em-todas-as-regioes-de-sc\/","og_locale":"en_US","og_type":"article","og_title":"Quinta-feira (26) com sol em todas as regi\u00f5es de SC -","og_description":"Na quinta-feira (26), o sol aparece em todas as regi\u00f5es, por\u00e9m no Litoral e \u00e1reas pr\u00f3ximas novamente acompanhado por muitas nuvens. Entre a tarde e a noite, h\u00e1 condi\u00e7\u00f5es para pancadas de chuva e temporais isolados do Meio-Oeste aos Planaltos e tamb\u00e9m no Litoral Norte. O risco \u00e9 baixo para ocorr\u00eancias associadas aos temporais. Na &hellip; Quinta-feira (26) com sol em todas as regi\u00f5es de SC Read More &raquo;","og_url":"https:\/\/sulsc.com\/index.php\/2023\/10\/26\/quinta-feira-26-com-sol-em-todas-as-regioes-de-sc\/","article_author":"https:\/\/www.facebook.com\/profile.php?id=61559278119680","article_published_time":"2023-10-26T10:30:32+00:00","article_modified_time":"2023-10-26T09:36:52+00:00","og_image":[{"width":2048,"height":2560,"url":"https:\/\/sulsc.com\/wp-content\/uploads\/2023\/09\/Sol-scaled.jpg","type":"image\/jpeg"}],"author":"Reda\u00e7\u00e3o Sul SC","twitter_card":"summary_large_image","twitter_creator":"@https:\/\/twitter.com\/PortalSulSC","twitter_misc":{"Written by":"Reda\u00e7\u00e3o Sul SC","Est. reading time":"1 minute"},"schema":{"@context":"https:\/\/schema.org","@graph":[{"@type":"WebPage","@id":"https:\/\/sulsc.com\/index.php\/2023\/10\/26\/quinta-feira-26-com-sol-em-todas-as-regioes-de-sc\/","url":"https:\/\/sulsc.com\/index.php\/2023\/10\/26\/quinta-feira-26-com-sol-em-todas-as-regioes-de-sc\/","name":"Quinta-feira (26) com sol em todas as regi\u00f5es de SC -","isPartOf":{"@id":"https:\/\/sulsc.com\/#website"},"datePublished":"2023-10-26T10:30:32+00:00","dateModified":"2023-10-26T09:36:52+00:00","author":{"@id":"https:\/\/sulsc.com\/#\/schema\/person\/84d2fc571684f6248ba83092f07750a3"},"breadcrumb":{"@id":"https:\/\/sulsc.com\/index.php\/2023\/10\/26\/quinta-feira-26-com-sol-em-todas-as-regioes-de-sc\/#breadcrumb"},"inLanguage":"en-US","potentialAction":[{"@type":"ReadAction","target":["https:\/\/sulsc.com\/index.php\/2023\/10\/26\/quinta-feira-26-com-sol-em-todas-as-regioes-de-sc\/"]}]},{"@type":"BreadcrumbList","@id":"https:\/\/sulsc.com\/index.php\/2023\/10\/26\/quinta-feira-26-com-sol-em-todas-as-regioes-de-sc\/#breadcrumb","itemListElement":[{"@type":"ListItem","position":1,"name":"In\u00edcio","item":"https:\/\/sulsc.com\/"},{"@type":"ListItem","position":2,"name":"Quinta-feira (26) com sol em todas as regi\u00f5es de SC"}]},{"@type":"WebSite","@id":"https:\/\/sulsc.com\/#website","url":"https:\/\/sulsc.com\/","name":"","description":"","potentialAction":[{"@type":"SearchAction","target":{"@type":"EntryPoint","urlTemplate":"https:\/\/sulsc.com\/?s={search_term_string}"},"query-input":"required name=search_term_string"}],"inLanguage":"en-US"},{"@type":"Person","@id":"https:\/\/sulsc.com\/#\/schema\/person\/84d2fc571684f6248ba83092f07750a3","name":"Reda\u00e7\u00e3o Sul SC","image":{"@type":"ImageObject","inLanguage":"en-US","@id":"https:\/\/sulsc.com\/#\/schema\/person\/image\/e08d7fe2cc4ed596372063bbe852b8d0","url":"https:\/\/sulsc.com\/wp-content\/uploads\/2023\/09\/redacao.png","contentUrl":"https:\/\/sulsc.com\/wp-content\/uploads\/2023\/09\/redacao.png","caption":"Reda\u00e7\u00e3o Sul SC"},"description":"Foco em um jornalismo imparcial, voltado \u00e0 qualidade dos seus conte\u00fados e, assim, levar informa\u00e7\u00e3o de valor que agregue \u00e0 vida dos leitores. Esta \u00e9 grande miss\u00e3o do Portal de Not\u00edcias Sul SC. N\u00e3o \u00e9 quantidade que muda o mundo, sempre foi e seguir\u00e1 sendo qualidade!","sameAs":["https:\/\/sulsc.com\/","https:\/\/www.facebook.com\/profile.php?id=61559278119680","https:\/\/www.instagram.com\/sulscportal\/?hl=pt-br","https:\/\/twitter.com\/https:\/\/twitter.com\/PortalSulSC","https:\/\/www.youtube.com\/channel\/UCv_BE8GeySluDov2n8qhVmw"],"url":"https:\/\/sulsc.com\/index.php\/author\/redacao\/"}]}},"authors":[],"_links":{"self":[{"href":"https:\/\/sulsc.com\/index.php\/wp-json\/wp\/v2\/posts\/2883"}],"collection":[{"href":"https:\/\/sulsc.com\/index.php\/wp-json\/wp\/v2\/posts"}],"about":[{"href":"https:\/\/sulsc.com\/index.php\/wp-json\/wp\/v2\/types\/post"}],"author":[{"embeddable":true,"href":"https:\/\/sulsc.com\/index.php\/wp-json\/wp\/v2\/users\/3"}],"replies":[{"embeddable":true,"href":"https:\/\/sulsc.com\/index.php\/wp-json\/wp\/v2\/comments?post=2883"}],"version-history":[{"count":1,"href":"https:\/\/sulsc.com\/index.php\/wp-json\/wp\/v2\/posts\/2883\/revisions"}],"predecessor-version":[{"id":2885,"href":"https:\/\/sulsc.com\/index.php\/wp-json\/wp\/v2\/posts\/2883\/revisions\/2885"}],"wp:featuredmedia":[{"embeddable":true,"href":"https:\/\/sulsc.com\/index.php\/wp-json\/wp\/v2\/media\/936"}],"wp:attachment":[{"href":"https:\/\/sulsc.com\/index.php\/wp-json\/wp\/v2\/media?parent=2883"}],"wp:term":[{"taxonomy":"category","embeddable":true,"href":"https:\/\/sulsc.com\/index.php\/wp-json\/wp\/v2\/categories?post=2883"},{"taxonomy":"post_tag","embeddable":true,"href":"https:\/\/sulsc.com\/index.php\/wp-json\/wp\/v2\/tags?post=2883"}],"curies":[{"name":"wp","href":"https:\/\/api.w.org\/{rel}","templated":true}]}}