{"id":28848,"date":"2025-10-25T18:18:34","date_gmt":"2025-10-25T21:18:34","guid":{"rendered":"https:\/\/sulsc.com\/?p=28848"},"modified":"2025-10-25T18:18:34","modified_gmt":"2025-10-25T21:18:34","slug":"alerta-temporais-e-chuva-intensa-nas-proximas-honras-entre-a-noite-de-sabado-25-e-a-segunda-feira-27","status":"publish","type":"post","link":"https:\/\/sulsc.com\/index.php\/2025\/10\/25\/alerta-temporais-e-chuva-intensa-nas-proximas-honras-entre-a-noite-de-sabado-25-e-a-segunda-feira-27\/","title":{"rendered":"Alerta &#8211; Temporais e chuva intensa nas pr\u00f3ximas honras entre a noite de s\u00e1bado (25) e a segunda-feira (27)"},"content":{"rendered":"<p>Defesa Civil-SC e Epagri &#8211; Ciram alertam para a aproxima\u00e7\u00e3o de uma frente fria nas pr\u00f3ximas horas que come\u00e7a a mudar as condi\u00e7\u00f5es de tempo no estado. Entre a noite de s\u00e1bado (25) e o amanhecer de domingo (26) h\u00e1 condi\u00e7\u00f5es para temporais no Grande Oeste catarinense, principalmente nas \u00e1reas de divisa com o Rio Grande do Sul, com risco moderado para destelhamentos, queda de galhos e \u00e1rvores e danos na rede el\u00e9trica, devido a previs\u00e3o de ventos fortes e eventual queda de granizo. Al\u00e9m disso, h\u00e1 risco para alagamentos.<\/p>\n<div id=\"metaslider-id-25573\" style=\"width: 100%;\" class=\"ml-slider-3-99-0 metaslider metaslider-flex metaslider-25573 ml-slider has-onhover-arrows ms-theme-default-base has-dots-nav\" role=\"region\" aria-label=\"Meio\" data-width=\"1200\">\n    <div id=\"metaslider_container_25573\">\n        <div id=\"metaslider_25573\">\n            <ul class='slides'>\n                <li style=\"display: block; width: 100%;\" class=\"slide-25684 ms-image \" aria-roledescription=\"slide\" data-date=\"2025-07-24 07:55:40\"><img src=\"https:\/\/sulsc.com\/wp-content\/uploads\/2025\/07\/Marr-2-1000x166.jpg\" height=\"200\" width=\"1200\" alt=\"\" class=\"slider-25573 slide-25684 msDefaultImage\" title=\"Marr 2\" \/><\/li>\n                <li style=\"display: none; width: 100%;\" class=\"slide-32412 ms-image \" aria-roledescription=\"slide\" data-date=\"2026-02-18 13:59:46\"><img src=\"https:\/\/sulsc.com\/wp-content\/uploads\/2026\/02\/40dc1580-cad5-4867-bc58-c4243821ad38-1000x166.jpeg\" height=\"200\" width=\"1200\" alt=\"\" class=\"slider-25573 slide-32412 msDefaultImage\" title=\"40dc1580-cad5-4867-bc58-c4243821ad38\" \/><\/li>\n                <li style=\"display: none; width: 100%;\" class=\"slide-32766 ms-image \" aria-roledescription=\"slide\" data-date=\"2026-03-03 17:22:59\"><img src=\"https:\/\/sulsc.com\/wp-content\/uploads\/2026\/03\/271ce739-f268-41c5-8051-3de1a1750359-1000x166.jpeg\" height=\"200\" width=\"1200\" alt=\"\" class=\"slider-25573 slide-32766 msDefaultImage\" title=\"271ce739-f268-41c5-8051-3de1a1750359\" \/><\/li>\n            <\/ul>\n        <\/div>\n        \n    <\/div>\n<\/div>\n<p>A partir da tarde de domingo (26), as chuvas avan\u00e7am para as demais reig\u00f5es do estado, ganhando for\u00e7a sobretudo entre os planaltos, em todo o Vale do Itaja\u00ed e regi\u00f5es litor\u00e2neas, onde o risco \u00e9 moderado para alagamentos e enxurradas pontuais, condi\u00e7\u00f5es que se estendem no decorrer de segunda-feira (27). Na por\u00e7\u00e3o oeste, ainda podem ocorrer temporais, com ventos fortes e granizo, mas de forma isolada.<\/p>\n<p><img fetchpriority=\"high\" decoding=\"async\" class=\"aligncenter size-full wp-image-28849\" src=\"http:\/\/sulsc.com\/wp-content\/uploads\/2025\/10\/image-180-1024x448-1.png\" alt=\"\" width=\"1024\" height=\"448\" srcset=\"https:\/\/sulsc.com\/wp-content\/uploads\/2025\/10\/image-180-1024x448-1.png 1024w, https:\/\/sulsc.com\/wp-content\/uploads\/2025\/10\/image-180-1024x448-1-300x131.png 300w, https:\/\/sulsc.com\/wp-content\/uploads\/2025\/10\/image-180-1024x448-1-768x336.png 768w\" sizes=\"(max-width: 1024px) 100vw, 1024px\" \/><\/p>\n<p><strong>Defesa Civil-SC\/Divulga\u00e7\u00e3o\/SulSC<\/strong><\/p>\n<p>Em rela\u00e7\u00e3o \u00e0s temperaturas, no domingo (26), o aquecimento ainda deve ser mais expressivo entre o Vale do Itaja\u00ed, Grande Florian\u00f3polis e o norte do estado, onde as m\u00e1ximas variam entre 25\u00b0C e 30\u00b0C, enquanto as \u00e1reas pr\u00f3ximas ao RS j\u00e1 registram queda nas temperaturas. Na segunda-feira (27), com a persistencia da frente fria sobre o estado, as temperaturas diminuem no Meio-Oeste e Litoral, n\u00e3o ultrapassando os 20\u00b0C.<\/p>\n<p>As condi\u00e7\u00f5es de chuva persistente e os temporais devem se estender at\u00e9 ter\u00e7a-feira (28), com maior intensidade entre o Vale do Itaja\u00ed, Grande Florian\u00f3polis, Planalto Norte e Litoral Norte. As instabilidades podem vir acompanhadas de raios, rajadas de vento e queda de granizo de forma isolada em diversas regi\u00f5es do estado.<\/p>\n<p>\u00c9 recomenda aten\u00e7\u00e3o redobrada durante o per\u00edodo, evitando atividades de navega\u00e7\u00e3o, pesca, esportes mar\u00edtimos e banho de mar em locais com mar agitado.<\/p>\n<p>Fonte\/Defesa Civil-SC<\/p>\n","protected":false},"excerpt":{"rendered":"<p>Defesa Civil-SC e Epagri &#8211; Ciram alertam para a aproxima\u00e7\u00e3o de uma frente fria nas pr\u00f3ximas horas que come\u00e7a a mudar as condi\u00e7\u00f5es de tempo no estado. Entre a noite de s\u00e1bado (25) e o amanhecer de domingo (26) h\u00e1 condi\u00e7\u00f5es para temporais no Grande Oeste catarinense, principalmente nas \u00e1reas de divisa com o Rio &hellip;<\/p>\n<p class=\"read-more\"> <a class=\"\" href=\"https:\/\/sulsc.com\/index.php\/2025\/10\/25\/alerta-temporais-e-chuva-intensa-nas-proximas-honras-entre-a-noite-de-sabado-25-e-a-segunda-feira-27\/\"> <span class=\"screen-reader-text\">Alerta &#8211; Temporais e chuva intensa nas pr\u00f3ximas honras entre a noite de s\u00e1bado (25) e a segunda-feira (27)<\/span> Read More &raquo;<\/a><\/p>\n","protected":false},"author":3,"featured_media":12162,"comment_status":"open","ping_status":"open","sticky":false,"template":"","format":"standard","meta":{"site-sidebar-layout":"default","site-content-layout":"","ast-site-content-layout":"default","site-content-style":"default","site-sidebar-style":"default","ast-global-header-display":"","ast-banner-title-visibility":"","ast-main-header-display":"","ast-hfb-above-header-display":"","ast-hfb-below-header-display":"","ast-hfb-mobile-header-display":"","site-post-title":"","ast-breadcrumbs-content":"","ast-featured-img":"","footer-sml-layout":"","theme-transparent-header-meta":"default","adv-header-id-meta":"","stick-header-meta":"","header-above-stick-meta":"","header-main-stick-meta":"","header-below-stick-meta":"","astra-migrate-meta-layouts":"set","footnotes":""},"categories":[2354,2231,1,14,38,12],"tags":[1611,90,1013],"yoast_head":"<!-- This site is optimized with the Yoast SEO plugin v21.4 - https:\/\/yoast.com\/wordpress\/plugins\/seo\/ -->\n<title>Alerta - Temporais e chuva intensa nas pr\u00f3ximas honras entre a noite de s\u00e1bado (25) e a segunda-feira (27) -<\/title>\n<meta name=\"robots\" content=\"index, follow, max-snippet:-1, max-image-preview:large, max-video-preview:-1\" \/>\n<link rel=\"canonical\" href=\"https:\/\/sulsc.com\/index.php\/2025\/10\/25\/alerta-temporais-e-chuva-intensa-nas-proximas-honras-entre-a-noite-de-sabado-25-e-a-segunda-feira-27\/\" \/>\n<meta property=\"og:locale\" content=\"en_US\" \/>\n<meta property=\"og:type\" content=\"article\" \/>\n<meta property=\"og:title\" content=\"Alerta - Temporais e chuva intensa nas pr\u00f3ximas honras entre a noite de s\u00e1bado (25) e a segunda-feira (27) -\" \/>\n<meta property=\"og:description\" content=\"Defesa Civil-SC e Epagri &#8211; Ciram alertam para a aproxima\u00e7\u00e3o de uma frente fria nas pr\u00f3ximas horas que come\u00e7a a mudar as condi\u00e7\u00f5es de tempo no estado. Entre a noite de s\u00e1bado (25) e o amanhecer de domingo (26) h\u00e1 condi\u00e7\u00f5es para temporais no Grande Oeste catarinense, principalmente nas \u00e1reas de divisa com o Rio &hellip; Alerta &#8211; Temporais e chuva intensa nas pr\u00f3ximas honras entre a noite de s\u00e1bado (25) e a segunda-feira (27) Read More &raquo;\" \/>\n<meta property=\"og:url\" content=\"https:\/\/sulsc.com\/index.php\/2025\/10\/25\/alerta-temporais-e-chuva-intensa-nas-proximas-honras-entre-a-noite-de-sabado-25-e-a-segunda-feira-27\/\" \/>\n<meta property=\"article:author\" content=\"https:\/\/www.facebook.com\/profile.php?id=61559278119680\" \/>\n<meta property=\"article:published_time\" content=\"2025-10-25T21:18:34+00:00\" \/>\n<meta property=\"og:image\" content=\"http:\/\/sulsc.com\/wp-content\/uploads\/2024\/05\/mau-tempo.jpeg\" \/>\n\t<meta property=\"og:image:width\" content=\"243\" \/>\n\t<meta property=\"og:image:height\" content=\"208\" \/>\n\t<meta property=\"og:image:type\" content=\"image\/jpeg\" \/>\n<meta name=\"author\" content=\"Reda\u00e7\u00e3o Sul SC\" \/>\n<meta name=\"twitter:card\" content=\"summary_large_image\" \/>\n<meta name=\"twitter:creator\" content=\"@https:\/\/twitter.com\/PortalSulSC\" \/>\n<meta name=\"twitter:label1\" content=\"Written by\" \/>\n\t<meta name=\"twitter:data1\" content=\"Reda\u00e7\u00e3o Sul SC\" \/>\n\t<meta name=\"twitter:label2\" content=\"Est. reading time\" \/>\n\t<meta name=\"twitter:data2\" content=\"2 minutes\" \/>\n<script type=\"application\/ld+json\" class=\"yoast-schema-graph\">{\"@context\":\"https:\/\/schema.org\",\"@graph\":[{\"@type\":\"WebPage\",\"@id\":\"https:\/\/sulsc.com\/index.php\/2025\/10\/25\/alerta-temporais-e-chuva-intensa-nas-proximas-honras-entre-a-noite-de-sabado-25-e-a-segunda-feira-27\/\",\"url\":\"https:\/\/sulsc.com\/index.php\/2025\/10\/25\/alerta-temporais-e-chuva-intensa-nas-proximas-honras-entre-a-noite-de-sabado-25-e-a-segunda-feira-27\/\",\"name\":\"Alerta - Temporais e chuva intensa nas pr\u00f3ximas honras entre a noite de s\u00e1bado (25) e a segunda-feira (27) -\",\"isPartOf\":{\"@id\":\"https:\/\/sulsc.com\/#website\"},\"datePublished\":\"2025-10-25T21:18:34+00:00\",\"dateModified\":\"2025-10-25T21:18:34+00:00\",\"author\":{\"@id\":\"https:\/\/sulsc.com\/#\/schema\/person\/84d2fc571684f6248ba83092f07750a3\"},\"breadcrumb\":{\"@id\":\"https:\/\/sulsc.com\/index.php\/2025\/10\/25\/alerta-temporais-e-chuva-intensa-nas-proximas-honras-entre-a-noite-de-sabado-25-e-a-segunda-feira-27\/#breadcrumb\"},\"inLanguage\":\"en-US\",\"potentialAction\":[{\"@type\":\"ReadAction\",\"target\":[\"https:\/\/sulsc.com\/index.php\/2025\/10\/25\/alerta-temporais-e-chuva-intensa-nas-proximas-honras-entre-a-noite-de-sabado-25-e-a-segunda-feira-27\/\"]}]},{\"@type\":\"BreadcrumbList\",\"@id\":\"https:\/\/sulsc.com\/index.php\/2025\/10\/25\/alerta-temporais-e-chuva-intensa-nas-proximas-honras-entre-a-noite-de-sabado-25-e-a-segunda-feira-27\/#breadcrumb\",\"itemListElement\":[{\"@type\":\"ListItem\",\"position\":1,\"name\":\"In\u00edcio\",\"item\":\"https:\/\/sulsc.com\/\"},{\"@type\":\"ListItem\",\"position\":2,\"name\":\"Alerta &#8211; Temporais e chuva intensa nas pr\u00f3ximas honras entre a noite de s\u00e1bado (25) e a segunda-feira (27)\"}]},{\"@type\":\"WebSite\",\"@id\":\"https:\/\/sulsc.com\/#website\",\"url\":\"https:\/\/sulsc.com\/\",\"name\":\"\",\"description\":\"\",\"potentialAction\":[{\"@type\":\"SearchAction\",\"target\":{\"@type\":\"EntryPoint\",\"urlTemplate\":\"https:\/\/sulsc.com\/?s={search_term_string}\"},\"query-input\":\"required name=search_term_string\"}],\"inLanguage\":\"en-US\"},{\"@type\":\"Person\",\"@id\":\"https:\/\/sulsc.com\/#\/schema\/person\/84d2fc571684f6248ba83092f07750a3\",\"name\":\"Reda\u00e7\u00e3o Sul SC\",\"image\":{\"@type\":\"ImageObject\",\"inLanguage\":\"en-US\",\"@id\":\"https:\/\/sulsc.com\/#\/schema\/person\/image\/e08d7fe2cc4ed596372063bbe852b8d0\",\"url\":\"https:\/\/sulsc.com\/wp-content\/uploads\/2023\/09\/redacao.png\",\"contentUrl\":\"https:\/\/sulsc.com\/wp-content\/uploads\/2023\/09\/redacao.png\",\"caption\":\"Reda\u00e7\u00e3o Sul SC\"},\"description\":\"Foco em um jornalismo imparcial, voltado \u00e0 qualidade dos seus conte\u00fados e, assim, levar informa\u00e7\u00e3o de valor que agregue \u00e0 vida dos leitores. Esta \u00e9 grande miss\u00e3o do Portal de Not\u00edcias Sul SC. N\u00e3o \u00e9 quantidade que muda o mundo, sempre foi e seguir\u00e1 sendo qualidade!\",\"sameAs\":[\"https:\/\/sulsc.com\/\",\"https:\/\/www.facebook.com\/profile.php?id=61559278119680\",\"https:\/\/www.instagram.com\/sulscportal\/?hl=pt-br\",\"https:\/\/twitter.com\/https:\/\/twitter.com\/PortalSulSC\",\"https:\/\/www.youtube.com\/channel\/UCv_BE8GeySluDov2n8qhVmw\"],\"url\":\"https:\/\/sulsc.com\/index.php\/author\/redacao\/\"}]}<\/script>\n<!-- \/ Yoast SEO plugin. -->","yoast_head_json":{"title":"Alerta - Temporais e chuva intensa nas pr\u00f3ximas honras entre a noite de s\u00e1bado (25) e a segunda-feira (27) -","robots":{"index":"index","follow":"follow","max-snippet":"max-snippet:-1","max-image-preview":"max-image-preview:large","max-video-preview":"max-video-preview:-1"},"canonical":"https:\/\/sulsc.com\/index.php\/2025\/10\/25\/alerta-temporais-e-chuva-intensa-nas-proximas-honras-entre-a-noite-de-sabado-25-e-a-segunda-feira-27\/","og_locale":"en_US","og_type":"article","og_title":"Alerta - Temporais e chuva intensa nas pr\u00f3ximas honras entre a noite de s\u00e1bado (25) e a segunda-feira (27) -","og_description":"Defesa Civil-SC e Epagri &#8211; Ciram alertam para a aproxima\u00e7\u00e3o de uma frente fria nas pr\u00f3ximas horas que come\u00e7a a mudar as condi\u00e7\u00f5es de tempo no estado. Entre a noite de s\u00e1bado (25) e o amanhecer de domingo (26) h\u00e1 condi\u00e7\u00f5es para temporais no Grande Oeste catarinense, principalmente nas \u00e1reas de divisa com o Rio &hellip; Alerta &#8211; Temporais e chuva intensa nas pr\u00f3ximas honras entre a noite de s\u00e1bado (25) e a segunda-feira (27) Read More &raquo;","og_url":"https:\/\/sulsc.com\/index.php\/2025\/10\/25\/alerta-temporais-e-chuva-intensa-nas-proximas-honras-entre-a-noite-de-sabado-25-e-a-segunda-feira-27\/","article_author":"https:\/\/www.facebook.com\/profile.php?id=61559278119680","article_published_time":"2025-10-25T21:18:34+00:00","og_image":[{"width":243,"height":208,"url":"http:\/\/sulsc.com\/wp-content\/uploads\/2024\/05\/mau-tempo.jpeg","type":"image\/jpeg"}],"author":"Reda\u00e7\u00e3o Sul SC","twitter_card":"summary_large_image","twitter_creator":"@https:\/\/twitter.com\/PortalSulSC","twitter_misc":{"Written by":"Reda\u00e7\u00e3o Sul SC","Est. reading time":"2 minutes"},"schema":{"@context":"https:\/\/schema.org","@graph":[{"@type":"WebPage","@id":"https:\/\/sulsc.com\/index.php\/2025\/10\/25\/alerta-temporais-e-chuva-intensa-nas-proximas-honras-entre-a-noite-de-sabado-25-e-a-segunda-feira-27\/","url":"https:\/\/sulsc.com\/index.php\/2025\/10\/25\/alerta-temporais-e-chuva-intensa-nas-proximas-honras-entre-a-noite-de-sabado-25-e-a-segunda-feira-27\/","name":"Alerta - Temporais e chuva intensa nas pr\u00f3ximas honras entre a noite de s\u00e1bado (25) e a segunda-feira (27) -","isPartOf":{"@id":"https:\/\/sulsc.com\/#website"},"datePublished":"2025-10-25T21:18:34+00:00","dateModified":"2025-10-25T21:18:34+00:00","author":{"@id":"https:\/\/sulsc.com\/#\/schema\/person\/84d2fc571684f6248ba83092f07750a3"},"breadcrumb":{"@id":"https:\/\/sulsc.com\/index.php\/2025\/10\/25\/alerta-temporais-e-chuva-intensa-nas-proximas-honras-entre-a-noite-de-sabado-25-e-a-segunda-feira-27\/#breadcrumb"},"inLanguage":"en-US","potentialAction":[{"@type":"ReadAction","target":["https:\/\/sulsc.com\/index.php\/2025\/10\/25\/alerta-temporais-e-chuva-intensa-nas-proximas-honras-entre-a-noite-de-sabado-25-e-a-segunda-feira-27\/"]}]},{"@type":"BreadcrumbList","@id":"https:\/\/sulsc.com\/index.php\/2025\/10\/25\/alerta-temporais-e-chuva-intensa-nas-proximas-honras-entre-a-noite-de-sabado-25-e-a-segunda-feira-27\/#breadcrumb","itemListElement":[{"@type":"ListItem","position":1,"name":"In\u00edcio","item":"https:\/\/sulsc.com\/"},{"@type":"ListItem","position":2,"name":"Alerta &#8211; Temporais e chuva intensa nas pr\u00f3ximas honras entre a noite de s\u00e1bado (25) e a segunda-feira (27)"}]},{"@type":"WebSite","@id":"https:\/\/sulsc.com\/#website","url":"https:\/\/sulsc.com\/","name":"","description":"","potentialAction":[{"@type":"SearchAction","target":{"@type":"EntryPoint","urlTemplate":"https:\/\/sulsc.com\/?s={search_term_string}"},"query-input":"required name=search_term_string"}],"inLanguage":"en-US"},{"@type":"Person","@id":"https:\/\/sulsc.com\/#\/schema\/person\/84d2fc571684f6248ba83092f07750a3","name":"Reda\u00e7\u00e3o Sul SC","image":{"@type":"ImageObject","inLanguage":"en-US","@id":"https:\/\/sulsc.com\/#\/schema\/person\/image\/e08d7fe2cc4ed596372063bbe852b8d0","url":"https:\/\/sulsc.com\/wp-content\/uploads\/2023\/09\/redacao.png","contentUrl":"https:\/\/sulsc.com\/wp-content\/uploads\/2023\/09\/redacao.png","caption":"Reda\u00e7\u00e3o Sul SC"},"description":"Foco em um jornalismo imparcial, voltado \u00e0 qualidade dos seus conte\u00fados e, assim, levar informa\u00e7\u00e3o de valor que agregue \u00e0 vida dos leitores. Esta \u00e9 grande miss\u00e3o do Portal de Not\u00edcias Sul SC. N\u00e3o \u00e9 quantidade que muda o mundo, sempre foi e seguir\u00e1 sendo qualidade!","sameAs":["https:\/\/sulsc.com\/","https:\/\/www.facebook.com\/profile.php?id=61559278119680","https:\/\/www.instagram.com\/sulscportal\/?hl=pt-br","https:\/\/twitter.com\/https:\/\/twitter.com\/PortalSulSC","https:\/\/www.youtube.com\/channel\/UCv_BE8GeySluDov2n8qhVmw"],"url":"https:\/\/sulsc.com\/index.php\/author\/redacao\/"}]}},"authors":[],"_links":{"self":[{"href":"https:\/\/sulsc.com\/index.php\/wp-json\/wp\/v2\/posts\/28848"}],"collection":[{"href":"https:\/\/sulsc.com\/index.php\/wp-json\/wp\/v2\/posts"}],"about":[{"href":"https:\/\/sulsc.com\/index.php\/wp-json\/wp\/v2\/types\/post"}],"author":[{"embeddable":true,"href":"https:\/\/sulsc.com\/index.php\/wp-json\/wp\/v2\/users\/3"}],"replies":[{"embeddable":true,"href":"https:\/\/sulsc.com\/index.php\/wp-json\/wp\/v2\/comments?post=28848"}],"version-history":[{"count":1,"href":"https:\/\/sulsc.com\/index.php\/wp-json\/wp\/v2\/posts\/28848\/revisions"}],"predecessor-version":[{"id":28850,"href":"https:\/\/sulsc.com\/index.php\/wp-json\/wp\/v2\/posts\/28848\/revisions\/28850"}],"wp:featuredmedia":[{"embeddable":true,"href":"https:\/\/sulsc.com\/index.php\/wp-json\/wp\/v2\/media\/12162"}],"wp:attachment":[{"href":"https:\/\/sulsc.com\/index.php\/wp-json\/wp\/v2\/media?parent=28848"}],"wp:term":[{"taxonomy":"category","embeddable":true,"href":"https:\/\/sulsc.com\/index.php\/wp-json\/wp\/v2\/categories?post=28848"},{"taxonomy":"post_tag","embeddable":true,"href":"https:\/\/sulsc.com\/index.php\/wp-json\/wp\/v2\/tags?post=28848"}],"curies":[{"name":"wp","href":"https:\/\/api.w.org\/{rel}","templated":true}]}}