{"id":28927,"date":"2025-10-28T09:00:29","date_gmt":"2025-10-28T12:00:29","guid":{"rendered":"https:\/\/sulsc.com\/?p=28927"},"modified":"2025-10-28T08:27:35","modified_gmt":"2025-10-28T11:27:35","slug":"discussao-familiar-por-afazeres-domesticos-termina-em-agressoes","status":"publish","type":"post","link":"https:\/\/sulsc.com\/index.php\/2025\/10\/28\/discussao-familiar-por-afazeres-domesticos-termina-em-agressoes\/","title":{"rendered":"Discuss\u00e3o familiar por afazeres dom\u00e9sticos termina em agress\u00f5es"},"content":{"rendered":"<p>Uma discuss\u00e3o por afazeres dom\u00e9sticos, termina com um homem, de 55 anos, e sua enteada, de 24 anos, na Unidade de Pronto Atendimento (UPA). O caso ocorreu na noite dessa segunda-feira (27), por volta das 18h45, no bairro Mato Alto, em Ararangu\u00e1.<\/p>\n<p>Segundo a Pol\u00edcia Militar (PM), o homem relatou que o desentendimento iniciou ap\u00f3s ele cobrar que a mulher realizasse as tarefas de casa. Ele afirmou que a enteada acertou seu bra\u00e7o esquerdo com um golpe de faca. Al\u00e9m disso, ele tamb\u00e9m teria sido agredido pelo irm\u00e3o dela, de 21 anos, com um soco na cabe\u00e7a.<\/p>\n<div id=\"metaslider-id-25573\" style=\"width: 100%;\" class=\"ml-slider-3-99-0 metaslider metaslider-flex metaslider-25573 ml-slider has-onhover-arrows ms-theme-default-base has-dots-nav\" role=\"region\" aria-label=\"Meio\" data-width=\"1200\">\n    <div id=\"metaslider_container_25573\">\n        <div id=\"metaslider_25573\">\n            <ul class='slides'>\n                <li style=\"display: block; width: 100%;\" class=\"slide-25684 ms-image \" aria-roledescription=\"slide\" data-date=\"2025-07-24 07:55:40\"><img src=\"https:\/\/sulsc.com\/wp-content\/uploads\/2025\/07\/Marr-2-1000x166.jpg\" height=\"200\" width=\"1200\" alt=\"\" class=\"slider-25573 slide-25684 msDefaultImage\" title=\"Marr 2\" \/><\/li>\n                <li style=\"display: none; width: 100%;\" class=\"slide-32412 ms-image \" aria-roledescription=\"slide\" data-date=\"2026-02-18 13:59:46\"><img src=\"https:\/\/sulsc.com\/wp-content\/uploads\/2026\/02\/40dc1580-cad5-4867-bc58-c4243821ad38-1000x166.jpeg\" height=\"200\" width=\"1200\" alt=\"\" class=\"slider-25573 slide-32412 msDefaultImage\" title=\"40dc1580-cad5-4867-bc58-c4243821ad38\" \/><\/li>\n                <li style=\"display: none; width: 100%;\" class=\"slide-32766 ms-image \" aria-roledescription=\"slide\" data-date=\"2026-03-03 17:22:59\"><img src=\"https:\/\/sulsc.com\/wp-content\/uploads\/2026\/03\/271ce739-f268-41c5-8051-3de1a1750359-1000x166.jpeg\" height=\"200\" width=\"1200\" alt=\"\" class=\"slider-25573 slide-32766 msDefaultImage\" title=\"271ce739-f268-41c5-8051-3de1a1750359\" \/><\/li>\n            <\/ul>\n        <\/div>\n        \n    <\/div>\n<\/div>\n<p>Conforme a PM, os irm\u00e3os relataram que tamb\u00e9m foram agredidos durante a discuss\u00e3o. Diante dos ferimentos do homem e da enteada, ambos foram conduzidos \u00e0 UPA. Posteriormente, todos envolvidos foram encaminhados \u00e0 Central de Pol\u00edcia Civil.<\/p>\n<p><img fetchpriority=\"high\" decoding=\"async\" class=\"alignnone size-full wp-image-12179\" src=\"http:\/\/sulsc.com\/wp-content\/uploads\/2024\/05\/giroflex.jpeg\" alt=\"\" width=\"295\" height=\"171\" \/><\/p>\n<p><em>Fonte: Engeplus<\/em><\/p>\n","protected":false},"excerpt":{"rendered":"<p>Uma discuss\u00e3o por afazeres dom\u00e9sticos, termina com um homem, de 55 anos, e sua enteada, de 24 anos, na Unidade de Pronto Atendimento (UPA). O caso ocorreu na noite dessa segunda-feira (27), por volta das 18h45, no bairro Mato Alto, em Ararangu\u00e1. Segundo a Pol\u00edcia Militar (PM), o homem relatou que o desentendimento iniciou ap\u00f3s &hellip;<\/p>\n<p class=\"read-more\"> <a class=\"\" href=\"https:\/\/sulsc.com\/index.php\/2025\/10\/28\/discussao-familiar-por-afazeres-domesticos-termina-em-agressoes\/\"> <span class=\"screen-reader-text\">Discuss\u00e3o familiar por afazeres dom\u00e9sticos termina em agress\u00f5es<\/span> Read More &raquo;<\/a><\/p>\n","protected":false},"author":3,"featured_media":2017,"comment_status":"open","ping_status":"open","sticky":false,"template":"","format":"standard","meta":{"site-sidebar-layout":"default","site-content-layout":"","ast-site-content-layout":"default","site-content-style":"default","site-sidebar-style":"default","ast-global-header-display":"","ast-banner-title-visibility":"","ast-main-header-display":"","ast-hfb-above-header-display":"","ast-hfb-below-header-display":"","ast-hfb-mobile-header-display":"","site-post-title":"","ast-breadcrumbs-content":"","ast-featured-img":"","footer-sml-layout":"","theme-transparent-header-meta":"default","adv-header-id-meta":"","stick-header-meta":"","header-above-stick-meta":"","header-main-stick-meta":"","header-below-stick-meta":"","astra-migrate-meta-layouts":"set","footnotes":""},"categories":[24,8,12],"tags":[329,2606,2415],"yoast_head":"<!-- This site is optimized with the Yoast SEO plugin v21.4 - https:\/\/yoast.com\/wordpress\/plugins\/seo\/ -->\n<title>Discuss\u00e3o familiar por afazeres dom\u00e9sticos termina em agress\u00f5es -<\/title>\n<meta name=\"robots\" content=\"index, follow, max-snippet:-1, max-image-preview:large, max-video-preview:-1\" \/>\n<link rel=\"canonical\" href=\"https:\/\/sulsc.com\/index.php\/2025\/10\/28\/discussao-familiar-por-afazeres-domesticos-termina-em-agressoes\/\" \/>\n<meta property=\"og:locale\" content=\"en_US\" \/>\n<meta property=\"og:type\" content=\"article\" \/>\n<meta property=\"og:title\" content=\"Discuss\u00e3o familiar por afazeres dom\u00e9sticos termina em agress\u00f5es -\" \/>\n<meta property=\"og:description\" content=\"Uma discuss\u00e3o por afazeres dom\u00e9sticos, termina com um homem, de 55 anos, e sua enteada, de 24 anos, na Unidade de Pronto Atendimento (UPA). O caso ocorreu na noite dessa segunda-feira (27), por volta das 18h45, no bairro Mato Alto, em Ararangu\u00e1. Segundo a Pol\u00edcia Militar (PM), o homem relatou que o desentendimento iniciou ap\u00f3s &hellip; Discuss\u00e3o familiar por afazeres dom\u00e9sticos termina em agress\u00f5es Read More &raquo;\" \/>\n<meta property=\"og:url\" content=\"https:\/\/sulsc.com\/index.php\/2025\/10\/28\/discussao-familiar-por-afazeres-domesticos-termina-em-agressoes\/\" \/>\n<meta property=\"article:author\" content=\"https:\/\/www.facebook.com\/profile.php?id=61559278119680\" \/>\n<meta property=\"article:published_time\" content=\"2025-10-28T12:00:29+00:00\" \/>\n<meta property=\"article:modified_time\" content=\"2025-10-28T11:27:35+00:00\" \/>\n<meta property=\"og:image\" content=\"https:\/\/sulsc.com\/wp-content\/uploads\/2023\/10\/giroflex-3.jpg\" \/>\n\t<meta property=\"og:image:width\" content=\"714\" \/>\n\t<meta property=\"og:image:height\" content=\"480\" \/>\n\t<meta property=\"og:image:type\" content=\"image\/jpeg\" \/>\n<meta name=\"author\" content=\"Reda\u00e7\u00e3o Sul SC\" \/>\n<meta name=\"twitter:card\" content=\"summary_large_image\" \/>\n<meta name=\"twitter:creator\" content=\"@https:\/\/twitter.com\/PortalSulSC\" \/>\n<meta name=\"twitter:label1\" content=\"Written by\" \/>\n\t<meta name=\"twitter:data1\" content=\"Reda\u00e7\u00e3o Sul SC\" \/>\n\t<meta name=\"twitter:label2\" content=\"Est. reading time\" \/>\n\t<meta name=\"twitter:data2\" content=\"1 minute\" \/>\n<script type=\"application\/ld+json\" class=\"yoast-schema-graph\">{\"@context\":\"https:\/\/schema.org\",\"@graph\":[{\"@type\":\"WebPage\",\"@id\":\"https:\/\/sulsc.com\/index.php\/2025\/10\/28\/discussao-familiar-por-afazeres-domesticos-termina-em-agressoes\/\",\"url\":\"https:\/\/sulsc.com\/index.php\/2025\/10\/28\/discussao-familiar-por-afazeres-domesticos-termina-em-agressoes\/\",\"name\":\"Discuss\u00e3o familiar por afazeres dom\u00e9sticos termina em agress\u00f5es -\",\"isPartOf\":{\"@id\":\"https:\/\/sulsc.com\/#website\"},\"datePublished\":\"2025-10-28T12:00:29+00:00\",\"dateModified\":\"2025-10-28T11:27:35+00:00\",\"author\":{\"@id\":\"https:\/\/sulsc.com\/#\/schema\/person\/84d2fc571684f6248ba83092f07750a3\"},\"breadcrumb\":{\"@id\":\"https:\/\/sulsc.com\/index.php\/2025\/10\/28\/discussao-familiar-por-afazeres-domesticos-termina-em-agressoes\/#breadcrumb\"},\"inLanguage\":\"en-US\",\"potentialAction\":[{\"@type\":\"ReadAction\",\"target\":[\"https:\/\/sulsc.com\/index.php\/2025\/10\/28\/discussao-familiar-por-afazeres-domesticos-termina-em-agressoes\/\"]}]},{\"@type\":\"BreadcrumbList\",\"@id\":\"https:\/\/sulsc.com\/index.php\/2025\/10\/28\/discussao-familiar-por-afazeres-domesticos-termina-em-agressoes\/#breadcrumb\",\"itemListElement\":[{\"@type\":\"ListItem\",\"position\":1,\"name\":\"In\u00edcio\",\"item\":\"https:\/\/sulsc.com\/\"},{\"@type\":\"ListItem\",\"position\":2,\"name\":\"Discuss\u00e3o familiar por afazeres dom\u00e9sticos termina em agress\u00f5es\"}]},{\"@type\":\"WebSite\",\"@id\":\"https:\/\/sulsc.com\/#website\",\"url\":\"https:\/\/sulsc.com\/\",\"name\":\"\",\"description\":\"\",\"potentialAction\":[{\"@type\":\"SearchAction\",\"target\":{\"@type\":\"EntryPoint\",\"urlTemplate\":\"https:\/\/sulsc.com\/?s={search_term_string}\"},\"query-input\":\"required name=search_term_string\"}],\"inLanguage\":\"en-US\"},{\"@type\":\"Person\",\"@id\":\"https:\/\/sulsc.com\/#\/schema\/person\/84d2fc571684f6248ba83092f07750a3\",\"name\":\"Reda\u00e7\u00e3o Sul SC\",\"image\":{\"@type\":\"ImageObject\",\"inLanguage\":\"en-US\",\"@id\":\"https:\/\/sulsc.com\/#\/schema\/person\/image\/e08d7fe2cc4ed596372063bbe852b8d0\",\"url\":\"https:\/\/sulsc.com\/wp-content\/uploads\/2023\/09\/redacao.png\",\"contentUrl\":\"https:\/\/sulsc.com\/wp-content\/uploads\/2023\/09\/redacao.png\",\"caption\":\"Reda\u00e7\u00e3o Sul SC\"},\"description\":\"Foco em um jornalismo imparcial, voltado \u00e0 qualidade dos seus conte\u00fados e, assim, levar informa\u00e7\u00e3o de valor que agregue \u00e0 vida dos leitores. Esta \u00e9 grande miss\u00e3o do Portal de Not\u00edcias Sul SC. N\u00e3o \u00e9 quantidade que muda o mundo, sempre foi e seguir\u00e1 sendo qualidade!\",\"sameAs\":[\"https:\/\/sulsc.com\/\",\"https:\/\/www.facebook.com\/profile.php?id=61559278119680\",\"https:\/\/www.instagram.com\/sulscportal\/?hl=pt-br\",\"https:\/\/twitter.com\/https:\/\/twitter.com\/PortalSulSC\",\"https:\/\/www.youtube.com\/channel\/UCv_BE8GeySluDov2n8qhVmw\"],\"url\":\"https:\/\/sulsc.com\/index.php\/author\/redacao\/\"}]}<\/script>\n<!-- \/ Yoast SEO plugin. -->","yoast_head_json":{"title":"Discuss\u00e3o familiar por afazeres dom\u00e9sticos termina em agress\u00f5es -","robots":{"index":"index","follow":"follow","max-snippet":"max-snippet:-1","max-image-preview":"max-image-preview:large","max-video-preview":"max-video-preview:-1"},"canonical":"https:\/\/sulsc.com\/index.php\/2025\/10\/28\/discussao-familiar-por-afazeres-domesticos-termina-em-agressoes\/","og_locale":"en_US","og_type":"article","og_title":"Discuss\u00e3o familiar por afazeres dom\u00e9sticos termina em agress\u00f5es -","og_description":"Uma discuss\u00e3o por afazeres dom\u00e9sticos, termina com um homem, de 55 anos, e sua enteada, de 24 anos, na Unidade de Pronto Atendimento (UPA). O caso ocorreu na noite dessa segunda-feira (27), por volta das 18h45, no bairro Mato Alto, em Ararangu\u00e1. Segundo a Pol\u00edcia Militar (PM), o homem relatou que o desentendimento iniciou ap\u00f3s &hellip; Discuss\u00e3o familiar por afazeres dom\u00e9sticos termina em agress\u00f5es Read More &raquo;","og_url":"https:\/\/sulsc.com\/index.php\/2025\/10\/28\/discussao-familiar-por-afazeres-domesticos-termina-em-agressoes\/","article_author":"https:\/\/www.facebook.com\/profile.php?id=61559278119680","article_published_time":"2025-10-28T12:00:29+00:00","article_modified_time":"2025-10-28T11:27:35+00:00","og_image":[{"width":714,"height":480,"url":"https:\/\/sulsc.com\/wp-content\/uploads\/2023\/10\/giroflex-3.jpg","type":"image\/jpeg"}],"author":"Reda\u00e7\u00e3o Sul SC","twitter_card":"summary_large_image","twitter_creator":"@https:\/\/twitter.com\/PortalSulSC","twitter_misc":{"Written by":"Reda\u00e7\u00e3o Sul SC","Est. reading time":"1 minute"},"schema":{"@context":"https:\/\/schema.org","@graph":[{"@type":"WebPage","@id":"https:\/\/sulsc.com\/index.php\/2025\/10\/28\/discussao-familiar-por-afazeres-domesticos-termina-em-agressoes\/","url":"https:\/\/sulsc.com\/index.php\/2025\/10\/28\/discussao-familiar-por-afazeres-domesticos-termina-em-agressoes\/","name":"Discuss\u00e3o familiar por afazeres dom\u00e9sticos termina em agress\u00f5es -","isPartOf":{"@id":"https:\/\/sulsc.com\/#website"},"datePublished":"2025-10-28T12:00:29+00:00","dateModified":"2025-10-28T11:27:35+00:00","author":{"@id":"https:\/\/sulsc.com\/#\/schema\/person\/84d2fc571684f6248ba83092f07750a3"},"breadcrumb":{"@id":"https:\/\/sulsc.com\/index.php\/2025\/10\/28\/discussao-familiar-por-afazeres-domesticos-termina-em-agressoes\/#breadcrumb"},"inLanguage":"en-US","potentialAction":[{"@type":"ReadAction","target":["https:\/\/sulsc.com\/index.php\/2025\/10\/28\/discussao-familiar-por-afazeres-domesticos-termina-em-agressoes\/"]}]},{"@type":"BreadcrumbList","@id":"https:\/\/sulsc.com\/index.php\/2025\/10\/28\/discussao-familiar-por-afazeres-domesticos-termina-em-agressoes\/#breadcrumb","itemListElement":[{"@type":"ListItem","position":1,"name":"In\u00edcio","item":"https:\/\/sulsc.com\/"},{"@type":"ListItem","position":2,"name":"Discuss\u00e3o familiar por afazeres dom\u00e9sticos termina em agress\u00f5es"}]},{"@type":"WebSite","@id":"https:\/\/sulsc.com\/#website","url":"https:\/\/sulsc.com\/","name":"","description":"","potentialAction":[{"@type":"SearchAction","target":{"@type":"EntryPoint","urlTemplate":"https:\/\/sulsc.com\/?s={search_term_string}"},"query-input":"required name=search_term_string"}],"inLanguage":"en-US"},{"@type":"Person","@id":"https:\/\/sulsc.com\/#\/schema\/person\/84d2fc571684f6248ba83092f07750a3","name":"Reda\u00e7\u00e3o Sul SC","image":{"@type":"ImageObject","inLanguage":"en-US","@id":"https:\/\/sulsc.com\/#\/schema\/person\/image\/e08d7fe2cc4ed596372063bbe852b8d0","url":"https:\/\/sulsc.com\/wp-content\/uploads\/2023\/09\/redacao.png","contentUrl":"https:\/\/sulsc.com\/wp-content\/uploads\/2023\/09\/redacao.png","caption":"Reda\u00e7\u00e3o Sul SC"},"description":"Foco em um jornalismo imparcial, voltado \u00e0 qualidade dos seus conte\u00fados e, assim, levar informa\u00e7\u00e3o de valor que agregue \u00e0 vida dos leitores. Esta \u00e9 grande miss\u00e3o do Portal de Not\u00edcias Sul SC. N\u00e3o \u00e9 quantidade que muda o mundo, sempre foi e seguir\u00e1 sendo qualidade!","sameAs":["https:\/\/sulsc.com\/","https:\/\/www.facebook.com\/profile.php?id=61559278119680","https:\/\/www.instagram.com\/sulscportal\/?hl=pt-br","https:\/\/twitter.com\/https:\/\/twitter.com\/PortalSulSC","https:\/\/www.youtube.com\/channel\/UCv_BE8GeySluDov2n8qhVmw"],"url":"https:\/\/sulsc.com\/index.php\/author\/redacao\/"}]}},"authors":[],"_links":{"self":[{"href":"https:\/\/sulsc.com\/index.php\/wp-json\/wp\/v2\/posts\/28927"}],"collection":[{"href":"https:\/\/sulsc.com\/index.php\/wp-json\/wp\/v2\/posts"}],"about":[{"href":"https:\/\/sulsc.com\/index.php\/wp-json\/wp\/v2\/types\/post"}],"author":[{"embeddable":true,"href":"https:\/\/sulsc.com\/index.php\/wp-json\/wp\/v2\/users\/3"}],"replies":[{"embeddable":true,"href":"https:\/\/sulsc.com\/index.php\/wp-json\/wp\/v2\/comments?post=28927"}],"version-history":[{"count":1,"href":"https:\/\/sulsc.com\/index.php\/wp-json\/wp\/v2\/posts\/28927\/revisions"}],"predecessor-version":[{"id":28929,"href":"https:\/\/sulsc.com\/index.php\/wp-json\/wp\/v2\/posts\/28927\/revisions\/28929"}],"wp:featuredmedia":[{"embeddable":true,"href":"https:\/\/sulsc.com\/index.php\/wp-json\/wp\/v2\/media\/2017"}],"wp:attachment":[{"href":"https:\/\/sulsc.com\/index.php\/wp-json\/wp\/v2\/media?parent=28927"}],"wp:term":[{"taxonomy":"category","embeddable":true,"href":"https:\/\/sulsc.com\/index.php\/wp-json\/wp\/v2\/categories?post=28927"},{"taxonomy":"post_tag","embeddable":true,"href":"https:\/\/sulsc.com\/index.php\/wp-json\/wp\/v2\/tags?post=28927"}],"curies":[{"name":"wp","href":"https:\/\/api.w.org\/{rel}","templated":true}]}}