{"id":28980,"date":"2025-10-29T09:06:48","date_gmt":"2025-10-29T12:06:48","guid":{"rendered":"https:\/\/sulsc.com\/?p=28980"},"modified":"2025-10-29T09:06:48","modified_gmt":"2025-10-29T12:06:48","slug":"chuvas-que-cairam-nas-ultimas-horas-deixam-varias-ruas-de-tubarao-e-regiao-alagadas","status":"publish","type":"post","link":"https:\/\/sulsc.com\/index.php\/2025\/10\/29\/chuvas-que-cairam-nas-ultimas-horas-deixam-varias-ruas-de-tubarao-e-regiao-alagadas\/","title":{"rendered":"Chuvas que ca\u00edram nas \u00faltimas horas deixam v\u00e1rias ruas de Tubar\u00e3o e regi\u00e3o alagadas"},"content":{"rendered":"<p>As chuvas que ca\u00edram durante a noite desta ter\u00e7a-feira (28) e a madrugada de quarta-feira (29) deixaram v\u00e1rias ruas alagadas em Tubar\u00e3o e regi\u00e3o. A Escola Jovem Dite Freitas suspendeu as aulas no per\u00edodo da manh\u00e3 desta quarta-feira (29) devido ao alagamento da Rua Anibal Torres Costa no bairro: Santo Antonio de Padua em Tubar\u00e3o. As fortes chuvas impossibilita o acesso dos alunos \u00e0 escola.<\/p>\n<p><img fetchpriority=\"high\" decoding=\"async\" class=\"aligncenter size-full wp-image-28983\" src=\"http:\/\/sulsc.com\/wp-content\/uploads\/2025\/10\/deb40394-da86-4a2c-8a9b-aed38d9155f6.jpeg\" alt=\"\" width=\"1600\" height=\"720\" srcset=\"https:\/\/sulsc.com\/wp-content\/uploads\/2025\/10\/deb40394-da86-4a2c-8a9b-aed38d9155f6.jpeg 1600w, https:\/\/sulsc.com\/wp-content\/uploads\/2025\/10\/deb40394-da86-4a2c-8a9b-aed38d9155f6-300x135.jpeg 300w, https:\/\/sulsc.com\/wp-content\/uploads\/2025\/10\/deb40394-da86-4a2c-8a9b-aed38d9155f6-1024x461.jpeg 1024w, https:\/\/sulsc.com\/wp-content\/uploads\/2025\/10\/deb40394-da86-4a2c-8a9b-aed38d9155f6-768x346.jpeg 768w, https:\/\/sulsc.com\/wp-content\/uploads\/2025\/10\/deb40394-da86-4a2c-8a9b-aed38d9155f6-1536x691.jpeg 1536w\" sizes=\"(max-width: 1600px) 100vw, 1600px\" \/><\/p>\n<p><strong>Fotos: SulSC<\/strong><\/p>\n<p>A Defesa Civil &#8211; SC e Epagri-Ciram alertam que, entre a manh\u00e3 e tarde desta quarta-feira (29), a influ\u00eancia de uma \u00e1rea de baixa press\u00e3o posicionada sobre o Oceano Atl\u00e2ntico, que gera uma pista de ventos de dire\u00e7\u00e3o sudeste e contribui para o transporte de umidade do mar em dire\u00e7\u00e3o ao continente, segue favorecendo a ocorr\u00eancia de chuva persistente entre a Grande Florian\u00f3polis e o Litoral Sul. O risco permanece entre baixo a moderado para alagamentos e enxurradas pontuais nessas \u00e1reas.<\/p>\n<p><strong>Temperaturas<\/strong><\/p>\n<p>As temperaturas m\u00e1ximas, \u00e0 tarde, n\u00e3o passam dos 20\u00b0C na maioria das regi\u00f5es, chegando aos 22\u00b0C no Extremo oeste.<\/p>\n<p><strong>Ventos:<\/strong> De de sul\/sudeste, sopra mais intenso no Litoral, com rajadas entre 50 e 70km\/h, deixando o mar agitado em toda a costa.<\/p>\n<p><strong>Sistema predominante:<\/strong> baixa press\u00e3o pr\u00f3xima do Litoral de SC.<\/p>\n<p><img decoding=\"async\" class=\"aligncenter size-full wp-image-28982\" src=\"http:\/\/sulsc.com\/wp-content\/uploads\/2025\/10\/image-262.png\" alt=\"\" width=\"1019\" height=\"535\" srcset=\"https:\/\/sulsc.com\/wp-content\/uploads\/2025\/10\/image-262.png 1019w, https:\/\/sulsc.com\/wp-content\/uploads\/2025\/10\/image-262-300x158.png 300w, https:\/\/sulsc.com\/wp-content\/uploads\/2025\/10\/image-262-768x403.png 768w\" sizes=\"(max-width: 1019px) 100vw, 1019px\" \/><\/p>\n<p><strong>Condi\u00e7\u00f5es Mar\u00edtimas:<\/strong> S\u00e3o esperadas ondas de sudeste entre 2,5 a 3,0m e picos de at\u00e9 3,5m, resultando em risco moderado para ocorr\u00eancias associadas \u00e0 agita\u00e7\u00e3o do mar e \u00e0 ressaca.<\/p>\n<div id=\"metaslider-id-25573\" style=\"width: 100%;\" class=\"ml-slider-3-99-0 metaslider metaslider-flex metaslider-25573 ml-slider has-onhover-arrows ms-theme-default-base has-dots-nav\" role=\"region\" aria-label=\"Meio\" data-width=\"1200\">\n    <div id=\"metaslider_container_25573\">\n        <div id=\"metaslider_25573\">\n            <ul class='slides'>\n                <li style=\"display: block; width: 100%;\" class=\"slide-25684 ms-image \" aria-roledescription=\"slide\" data-date=\"2025-07-24 07:55:40\"><img src=\"https:\/\/sulsc.com\/wp-content\/uploads\/2025\/07\/Marr-2-1000x166.jpg\" height=\"200\" width=\"1200\" alt=\"\" class=\"slider-25573 slide-25684 msDefaultImage\" title=\"Marr 2\" \/><\/li>\n                <li style=\"display: none; width: 100%;\" class=\"slide-32412 ms-image \" aria-roledescription=\"slide\" data-date=\"2026-02-18 13:59:46\"><img src=\"https:\/\/sulsc.com\/wp-content\/uploads\/2026\/02\/40dc1580-cad5-4867-bc58-c4243821ad38-1000x166.jpeg\" height=\"200\" width=\"1200\" alt=\"\" class=\"slider-25573 slide-32412 msDefaultImage\" title=\"40dc1580-cad5-4867-bc58-c4243821ad38\" \/><\/li>\n                <li style=\"display: none; width: 100%;\" class=\"slide-32766 ms-image \" aria-roledescription=\"slide\" data-date=\"2026-03-03 17:22:59\"><img src=\"https:\/\/sulsc.com\/wp-content\/uploads\/2026\/03\/271ce739-f268-41c5-8051-3de1a1750359-1000x166.jpeg\" height=\"200\" width=\"1200\" alt=\"\" class=\"slider-25573 slide-32766 msDefaultImage\" title=\"271ce739-f268-41c5-8051-3de1a1750359\" \/><\/li>\n            <\/ul>\n        <\/div>\n        \n    <\/div>\n<\/div>\n<p>A instabilidade \u00e9 associada a circula\u00e7\u00e3o mar\u00edtima, que mant\u00e9m a ocorr\u00eancia de chuva persistente, variando de fraca a moderada intensidade, especialmente entre as \u00e1reas pr\u00f3ximas a Serra do Tabuleiro e o Litoral Sul, incluindo as \u00e1reas de encosta de Serra entre essa regi\u00e3o e o Planalto Sul.<\/p>\n<p><img decoding=\"async\" class=\"aligncenter size-full wp-image-28981\" src=\"http:\/\/sulsc.com\/wp-content\/uploads\/2025\/10\/b19bf8f0-03da-49f6-a040-f712cf7c2458.jpeg\" alt=\"\" width=\"1586\" height=\"1600\" srcset=\"https:\/\/sulsc.com\/wp-content\/uploads\/2025\/10\/b19bf8f0-03da-49f6-a040-f712cf7c2458.jpeg 1586w, https:\/\/sulsc.com\/wp-content\/uploads\/2025\/10\/b19bf8f0-03da-49f6-a040-f712cf7c2458-297x300.jpeg 297w, https:\/\/sulsc.com\/wp-content\/uploads\/2025\/10\/b19bf8f0-03da-49f6-a040-f712cf7c2458-1015x1024.jpeg 1015w, https:\/\/sulsc.com\/wp-content\/uploads\/2025\/10\/b19bf8f0-03da-49f6-a040-f712cf7c2458-150x150.jpeg 150w, https:\/\/sulsc.com\/wp-content\/uploads\/2025\/10\/b19bf8f0-03da-49f6-a040-f712cf7c2458-768x775.jpeg 768w, https:\/\/sulsc.com\/wp-content\/uploads\/2025\/10\/b19bf8f0-03da-49f6-a040-f712cf7c2458-1523x1536.jpeg 1523w\" sizes=\"(max-width: 1586px) 100vw, 1586px\" \/><\/p>\n<p><strong>Amanh\u00e3 o pen\u00faltimo dia do m\u00eas de outubro,<\/strong> o dia segue com muitas nuvens em SC e maiores aberturas de sol no oeste. Condi\u00e7\u00f5es de chuva no leste do estado, especialmente no Litoral, devido \u00e0 circula\u00e7\u00e3o mar\u00edtima. As temperatura m\u00e1ximas ficam inferiores a 20\u00b0C na maior parte de SC, e mais alta no oeste, em torno de 23\u00b0C.<\/p>\n<p>Fonte: Defesa Civil-SC\/Epagri-Ciram<\/p>\n","protected":false},"excerpt":{"rendered":"<p>As chuvas que ca\u00edram durante a noite desta ter\u00e7a-feira (28) e a madrugada de quarta-feira (29) deixaram v\u00e1rias ruas alagadas em Tubar\u00e3o e regi\u00e3o. A Escola Jovem Dite Freitas suspendeu as aulas no per\u00edodo da manh\u00e3 desta quarta-feira (29) devido ao alagamento da Rua Anibal Torres Costa no bairro: Santo Antonio de Padua em Tubar\u00e3o. &hellip;<\/p>\n<p class=\"read-more\"> <a class=\"\" href=\"https:\/\/sulsc.com\/index.php\/2025\/10\/29\/chuvas-que-cairam-nas-ultimas-horas-deixam-varias-ruas-de-tubarao-e-regiao-alagadas\/\"> <span class=\"screen-reader-text\">Chuvas que ca\u00edram nas \u00faltimas horas deixam v\u00e1rias ruas de Tubar\u00e3o e regi\u00e3o alagadas<\/span> Read More &raquo;<\/a><\/p>\n","protected":false},"author":3,"featured_media":28984,"comment_status":"open","ping_status":"open","sticky":false,"template":"","format":"standard","meta":{"site-sidebar-layout":"default","site-content-layout":"","ast-site-content-layout":"default","site-content-style":"default","site-sidebar-style":"default","ast-global-header-display":"","ast-banner-title-visibility":"","ast-main-header-display":"","ast-hfb-above-header-display":"","ast-hfb-below-header-display":"","ast-hfb-mobile-header-display":"","site-post-title":"","ast-breadcrumbs-content":"","ast-featured-img":"","footer-sml-layout":"","theme-transparent-header-meta":"default","adv-header-id-meta":"","stick-header-meta":"","header-above-stick-meta":"","header-main-stick-meta":"","header-below-stick-meta":"","astra-migrate-meta-layouts":"set","footnotes":""},"categories":[2354,14,38,12],"tags":[1925,90],"yoast_head":"<!-- This site is optimized with the Yoast SEO plugin v21.4 - https:\/\/yoast.com\/wordpress\/plugins\/seo\/ -->\n<title>Chuvas que ca\u00edram nas \u00faltimas horas deixam v\u00e1rias ruas de Tubar\u00e3o e regi\u00e3o alagadas -<\/title>\n<meta name=\"robots\" content=\"index, follow, max-snippet:-1, max-image-preview:large, max-video-preview:-1\" \/>\n<link rel=\"canonical\" href=\"https:\/\/sulsc.com\/index.php\/2025\/10\/29\/chuvas-que-cairam-nas-ultimas-horas-deixam-varias-ruas-de-tubarao-e-regiao-alagadas\/\" \/>\n<meta property=\"og:locale\" content=\"en_US\" \/>\n<meta property=\"og:type\" content=\"article\" \/>\n<meta property=\"og:title\" content=\"Chuvas que ca\u00edram nas \u00faltimas horas deixam v\u00e1rias ruas de Tubar\u00e3o e regi\u00e3o alagadas -\" \/>\n<meta property=\"og:description\" content=\"As chuvas que ca\u00edram durante a noite desta ter\u00e7a-feira (28) e a madrugada de quarta-feira (29) deixaram v\u00e1rias ruas alagadas em Tubar\u00e3o e regi\u00e3o. A Escola Jovem Dite Freitas suspendeu as aulas no per\u00edodo da manh\u00e3 desta quarta-feira (29) devido ao alagamento da Rua Anibal Torres Costa no bairro: Santo Antonio de Padua em Tubar\u00e3o. &hellip; Chuvas que ca\u00edram nas \u00faltimas horas deixam v\u00e1rias ruas de Tubar\u00e3o e regi\u00e3o alagadas Read More &raquo;\" \/>\n<meta property=\"og:url\" content=\"https:\/\/sulsc.com\/index.php\/2025\/10\/29\/chuvas-que-cairam-nas-ultimas-horas-deixam-varias-ruas-de-tubarao-e-regiao-alagadas\/\" \/>\n<meta property=\"article:author\" content=\"https:\/\/www.facebook.com\/profile.php?id=61559278119680\" \/>\n<meta property=\"article:published_time\" content=\"2025-10-29T12:06:48+00:00\" \/>\n<meta property=\"og:image\" content=\"http:\/\/sulsc.com\/wp-content\/uploads\/2025\/10\/ed354a3b-28f5-4d78-8ca8-15d698cb0848.jpeg\" \/>\n\t<meta property=\"og:image:width\" content=\"720\" \/>\n\t<meta property=\"og:image:height\" content=\"1600\" \/>\n\t<meta property=\"og:image:type\" content=\"image\/jpeg\" \/>\n<meta name=\"author\" content=\"Reda\u00e7\u00e3o Sul SC\" \/>\n<meta name=\"twitter:card\" content=\"summary_large_image\" \/>\n<meta name=\"twitter:creator\" content=\"@https:\/\/twitter.com\/PortalSulSC\" \/>\n<meta name=\"twitter:label1\" content=\"Written by\" \/>\n\t<meta name=\"twitter:data1\" content=\"Reda\u00e7\u00e3o Sul SC\" \/>\n\t<meta name=\"twitter:label2\" content=\"Est. reading time\" \/>\n\t<meta name=\"twitter:data2\" content=\"3 minutes\" \/>\n<script type=\"application\/ld+json\" class=\"yoast-schema-graph\">{\"@context\":\"https:\/\/schema.org\",\"@graph\":[{\"@type\":\"WebPage\",\"@id\":\"https:\/\/sulsc.com\/index.php\/2025\/10\/29\/chuvas-que-cairam-nas-ultimas-horas-deixam-varias-ruas-de-tubarao-e-regiao-alagadas\/\",\"url\":\"https:\/\/sulsc.com\/index.php\/2025\/10\/29\/chuvas-que-cairam-nas-ultimas-horas-deixam-varias-ruas-de-tubarao-e-regiao-alagadas\/\",\"name\":\"Chuvas que ca\u00edram nas \u00faltimas horas deixam v\u00e1rias ruas de Tubar\u00e3o e regi\u00e3o alagadas -\",\"isPartOf\":{\"@id\":\"https:\/\/sulsc.com\/#website\"},\"datePublished\":\"2025-10-29T12:06:48+00:00\",\"dateModified\":\"2025-10-29T12:06:48+00:00\",\"author\":{\"@id\":\"https:\/\/sulsc.com\/#\/schema\/person\/84d2fc571684f6248ba83092f07750a3\"},\"breadcrumb\":{\"@id\":\"https:\/\/sulsc.com\/index.php\/2025\/10\/29\/chuvas-que-cairam-nas-ultimas-horas-deixam-varias-ruas-de-tubarao-e-regiao-alagadas\/#breadcrumb\"},\"inLanguage\":\"en-US\",\"potentialAction\":[{\"@type\":\"ReadAction\",\"target\":[\"https:\/\/sulsc.com\/index.php\/2025\/10\/29\/chuvas-que-cairam-nas-ultimas-horas-deixam-varias-ruas-de-tubarao-e-regiao-alagadas\/\"]}]},{\"@type\":\"BreadcrumbList\",\"@id\":\"https:\/\/sulsc.com\/index.php\/2025\/10\/29\/chuvas-que-cairam-nas-ultimas-horas-deixam-varias-ruas-de-tubarao-e-regiao-alagadas\/#breadcrumb\",\"itemListElement\":[{\"@type\":\"ListItem\",\"position\":1,\"name\":\"In\u00edcio\",\"item\":\"https:\/\/sulsc.com\/\"},{\"@type\":\"ListItem\",\"position\":2,\"name\":\"Chuvas que ca\u00edram nas \u00faltimas horas deixam v\u00e1rias ruas de Tubar\u00e3o e regi\u00e3o alagadas\"}]},{\"@type\":\"WebSite\",\"@id\":\"https:\/\/sulsc.com\/#website\",\"url\":\"https:\/\/sulsc.com\/\",\"name\":\"\",\"description\":\"\",\"potentialAction\":[{\"@type\":\"SearchAction\",\"target\":{\"@type\":\"EntryPoint\",\"urlTemplate\":\"https:\/\/sulsc.com\/?s={search_term_string}\"},\"query-input\":\"required name=search_term_string\"}],\"inLanguage\":\"en-US\"},{\"@type\":\"Person\",\"@id\":\"https:\/\/sulsc.com\/#\/schema\/person\/84d2fc571684f6248ba83092f07750a3\",\"name\":\"Reda\u00e7\u00e3o Sul SC\",\"image\":{\"@type\":\"ImageObject\",\"inLanguage\":\"en-US\",\"@id\":\"https:\/\/sulsc.com\/#\/schema\/person\/image\/e08d7fe2cc4ed596372063bbe852b8d0\",\"url\":\"https:\/\/sulsc.com\/wp-content\/uploads\/2023\/09\/redacao.png\",\"contentUrl\":\"https:\/\/sulsc.com\/wp-content\/uploads\/2023\/09\/redacao.png\",\"caption\":\"Reda\u00e7\u00e3o Sul SC\"},\"description\":\"Foco em um jornalismo imparcial, voltado \u00e0 qualidade dos seus conte\u00fados e, assim, levar informa\u00e7\u00e3o de valor que agregue \u00e0 vida dos leitores. Esta \u00e9 grande miss\u00e3o do Portal de Not\u00edcias Sul SC. N\u00e3o \u00e9 quantidade que muda o mundo, sempre foi e seguir\u00e1 sendo qualidade!\",\"sameAs\":[\"https:\/\/sulsc.com\/\",\"https:\/\/www.facebook.com\/profile.php?id=61559278119680\",\"https:\/\/www.instagram.com\/sulscportal\/?hl=pt-br\",\"https:\/\/twitter.com\/https:\/\/twitter.com\/PortalSulSC\",\"https:\/\/www.youtube.com\/channel\/UCv_BE8GeySluDov2n8qhVmw\"],\"url\":\"https:\/\/sulsc.com\/index.php\/author\/redacao\/\"}]}<\/script>\n<!-- \/ Yoast SEO plugin. -->","yoast_head_json":{"title":"Chuvas que ca\u00edram nas \u00faltimas horas deixam v\u00e1rias ruas de Tubar\u00e3o e regi\u00e3o alagadas -","robots":{"index":"index","follow":"follow","max-snippet":"max-snippet:-1","max-image-preview":"max-image-preview:large","max-video-preview":"max-video-preview:-1"},"canonical":"https:\/\/sulsc.com\/index.php\/2025\/10\/29\/chuvas-que-cairam-nas-ultimas-horas-deixam-varias-ruas-de-tubarao-e-regiao-alagadas\/","og_locale":"en_US","og_type":"article","og_title":"Chuvas que ca\u00edram nas \u00faltimas horas deixam v\u00e1rias ruas de Tubar\u00e3o e regi\u00e3o alagadas -","og_description":"As chuvas que ca\u00edram durante a noite desta ter\u00e7a-feira (28) e a madrugada de quarta-feira (29) deixaram v\u00e1rias ruas alagadas em Tubar\u00e3o e regi\u00e3o. A Escola Jovem Dite Freitas suspendeu as aulas no per\u00edodo da manh\u00e3 desta quarta-feira (29) devido ao alagamento da Rua Anibal Torres Costa no bairro: Santo Antonio de Padua em Tubar\u00e3o. &hellip; Chuvas que ca\u00edram nas \u00faltimas horas deixam v\u00e1rias ruas de Tubar\u00e3o e regi\u00e3o alagadas Read More &raquo;","og_url":"https:\/\/sulsc.com\/index.php\/2025\/10\/29\/chuvas-que-cairam-nas-ultimas-horas-deixam-varias-ruas-de-tubarao-e-regiao-alagadas\/","article_author":"https:\/\/www.facebook.com\/profile.php?id=61559278119680","article_published_time":"2025-10-29T12:06:48+00:00","og_image":[{"width":720,"height":1600,"url":"http:\/\/sulsc.com\/wp-content\/uploads\/2025\/10\/ed354a3b-28f5-4d78-8ca8-15d698cb0848.jpeg","type":"image\/jpeg"}],"author":"Reda\u00e7\u00e3o Sul SC","twitter_card":"summary_large_image","twitter_creator":"@https:\/\/twitter.com\/PortalSulSC","twitter_misc":{"Written by":"Reda\u00e7\u00e3o Sul SC","Est. reading time":"3 minutes"},"schema":{"@context":"https:\/\/schema.org","@graph":[{"@type":"WebPage","@id":"https:\/\/sulsc.com\/index.php\/2025\/10\/29\/chuvas-que-cairam-nas-ultimas-horas-deixam-varias-ruas-de-tubarao-e-regiao-alagadas\/","url":"https:\/\/sulsc.com\/index.php\/2025\/10\/29\/chuvas-que-cairam-nas-ultimas-horas-deixam-varias-ruas-de-tubarao-e-regiao-alagadas\/","name":"Chuvas que ca\u00edram nas \u00faltimas horas deixam v\u00e1rias ruas de Tubar\u00e3o e regi\u00e3o alagadas -","isPartOf":{"@id":"https:\/\/sulsc.com\/#website"},"datePublished":"2025-10-29T12:06:48+00:00","dateModified":"2025-10-29T12:06:48+00:00","author":{"@id":"https:\/\/sulsc.com\/#\/schema\/person\/84d2fc571684f6248ba83092f07750a3"},"breadcrumb":{"@id":"https:\/\/sulsc.com\/index.php\/2025\/10\/29\/chuvas-que-cairam-nas-ultimas-horas-deixam-varias-ruas-de-tubarao-e-regiao-alagadas\/#breadcrumb"},"inLanguage":"en-US","potentialAction":[{"@type":"ReadAction","target":["https:\/\/sulsc.com\/index.php\/2025\/10\/29\/chuvas-que-cairam-nas-ultimas-horas-deixam-varias-ruas-de-tubarao-e-regiao-alagadas\/"]}]},{"@type":"BreadcrumbList","@id":"https:\/\/sulsc.com\/index.php\/2025\/10\/29\/chuvas-que-cairam-nas-ultimas-horas-deixam-varias-ruas-de-tubarao-e-regiao-alagadas\/#breadcrumb","itemListElement":[{"@type":"ListItem","position":1,"name":"In\u00edcio","item":"https:\/\/sulsc.com\/"},{"@type":"ListItem","position":2,"name":"Chuvas que ca\u00edram nas \u00faltimas horas deixam v\u00e1rias ruas de Tubar\u00e3o e regi\u00e3o alagadas"}]},{"@type":"WebSite","@id":"https:\/\/sulsc.com\/#website","url":"https:\/\/sulsc.com\/","name":"","description":"","potentialAction":[{"@type":"SearchAction","target":{"@type":"EntryPoint","urlTemplate":"https:\/\/sulsc.com\/?s={search_term_string}"},"query-input":"required name=search_term_string"}],"inLanguage":"en-US"},{"@type":"Person","@id":"https:\/\/sulsc.com\/#\/schema\/person\/84d2fc571684f6248ba83092f07750a3","name":"Reda\u00e7\u00e3o Sul SC","image":{"@type":"ImageObject","inLanguage":"en-US","@id":"https:\/\/sulsc.com\/#\/schema\/person\/image\/e08d7fe2cc4ed596372063bbe852b8d0","url":"https:\/\/sulsc.com\/wp-content\/uploads\/2023\/09\/redacao.png","contentUrl":"https:\/\/sulsc.com\/wp-content\/uploads\/2023\/09\/redacao.png","caption":"Reda\u00e7\u00e3o Sul SC"},"description":"Foco em um jornalismo imparcial, voltado \u00e0 qualidade dos seus conte\u00fados e, assim, levar informa\u00e7\u00e3o de valor que agregue \u00e0 vida dos leitores. Esta \u00e9 grande miss\u00e3o do Portal de Not\u00edcias Sul SC. N\u00e3o \u00e9 quantidade que muda o mundo, sempre foi e seguir\u00e1 sendo qualidade!","sameAs":["https:\/\/sulsc.com\/","https:\/\/www.facebook.com\/profile.php?id=61559278119680","https:\/\/www.instagram.com\/sulscportal\/?hl=pt-br","https:\/\/twitter.com\/https:\/\/twitter.com\/PortalSulSC","https:\/\/www.youtube.com\/channel\/UCv_BE8GeySluDov2n8qhVmw"],"url":"https:\/\/sulsc.com\/index.php\/author\/redacao\/"}]}},"authors":[],"_links":{"self":[{"href":"https:\/\/sulsc.com\/index.php\/wp-json\/wp\/v2\/posts\/28980"}],"collection":[{"href":"https:\/\/sulsc.com\/index.php\/wp-json\/wp\/v2\/posts"}],"about":[{"href":"https:\/\/sulsc.com\/index.php\/wp-json\/wp\/v2\/types\/post"}],"author":[{"embeddable":true,"href":"https:\/\/sulsc.com\/index.php\/wp-json\/wp\/v2\/users\/3"}],"replies":[{"embeddable":true,"href":"https:\/\/sulsc.com\/index.php\/wp-json\/wp\/v2\/comments?post=28980"}],"version-history":[{"count":1,"href":"https:\/\/sulsc.com\/index.php\/wp-json\/wp\/v2\/posts\/28980\/revisions"}],"predecessor-version":[{"id":28985,"href":"https:\/\/sulsc.com\/index.php\/wp-json\/wp\/v2\/posts\/28980\/revisions\/28985"}],"wp:featuredmedia":[{"embeddable":true,"href":"https:\/\/sulsc.com\/index.php\/wp-json\/wp\/v2\/media\/28984"}],"wp:attachment":[{"href":"https:\/\/sulsc.com\/index.php\/wp-json\/wp\/v2\/media?parent=28980"}],"wp:term":[{"taxonomy":"category","embeddable":true,"href":"https:\/\/sulsc.com\/index.php\/wp-json\/wp\/v2\/categories?post=28980"},{"taxonomy":"post_tag","embeddable":true,"href":"https:\/\/sulsc.com\/index.php\/wp-json\/wp\/v2\/tags?post=28980"}],"curies":[{"name":"wp","href":"https:\/\/api.w.org\/{rel}","templated":true}]}}