{"id":29056,"date":"2025-10-30T17:20:56","date_gmt":"2025-10-30T20:20:56","guid":{"rendered":"https:\/\/sulsc.com\/?p=29056"},"modified":"2025-10-30T17:22:21","modified_gmt":"2025-10-30T20:22:21","slug":"alunos-do-curso-de-bombeiro-comunitario-iniciam-estagio-operacional-em-garopaba","status":"publish","type":"post","link":"https:\/\/sulsc.com\/index.php\/2025\/10\/30\/alunos-do-curso-de-bombeiro-comunitario-iniciam-estagio-operacional-em-garopaba\/","title":{"rendered":"Alunos do Curso de Bombeiro Comunit\u00e1rio iniciam est\u00e1gio operacional em Garopaba"},"content":{"rendered":"<p>Os alunos da Turma 2025, do Curso de Bombeiro Comunit\u00e1rio (CBC) de Garopaba, iniciaram o est\u00e1gio operacional. Ap\u00f3s conclu\u00edrem todas as disciplinas te\u00f3ricas e pr\u00e1ticas previstas no projeto pedag\u00f3gico, os futuros bombeiros passam agora a vivenciar, na pr\u00e1tica, as rotinas da atividade.<\/p>\n<p>Durante essa fase, os alunos acompanham e participam de ocorr\u00eancias reais que envolvem combate a inc\u00eandios, atendimento pr\u00e9-hospitalar, resgate veicular e outras situa\u00e7\u00f5es de emerg\u00eancia. A experi\u00eancia tem como objetivo consolidar o aprendizado adquirido em sala de aula e desenvolver habilidades essenciais para o trabalho em campo.<\/p>\n<div id=\"metaslider-id-25573\" style=\"width: 100%;\" class=\"ml-slider-3-99-0 metaslider metaslider-flex metaslider-25573 ml-slider has-onhover-arrows ms-theme-default-base has-dots-nav\" role=\"region\" aria-label=\"Meio\" data-width=\"1200\">\n    <div id=\"metaslider_container_25573\">\n        <div id=\"metaslider_25573\">\n            <ul class='slides'>\n                <li style=\"display: block; width: 100%;\" class=\"slide-25684 ms-image \" aria-roledescription=\"slide\" data-date=\"2025-07-24 07:55:40\"><img src=\"https:\/\/sulsc.com\/wp-content\/uploads\/2025\/07\/Marr-2-1000x166.jpg\" height=\"200\" width=\"1200\" alt=\"\" class=\"slider-25573 slide-25684 msDefaultImage\" title=\"Marr 2\" \/><\/li>\n                <li style=\"display: none; width: 100%;\" class=\"slide-32412 ms-image \" aria-roledescription=\"slide\" data-date=\"2026-02-18 13:59:46\"><img src=\"https:\/\/sulsc.com\/wp-content\/uploads\/2026\/02\/40dc1580-cad5-4867-bc58-c4243821ad38-1000x166.jpeg\" height=\"200\" width=\"1200\" alt=\"\" class=\"slider-25573 slide-32412 msDefaultImage\" title=\"40dc1580-cad5-4867-bc58-c4243821ad38\" \/><\/li>\n                <li style=\"display: none; width: 100%;\" class=\"slide-32766 ms-image \" aria-roledescription=\"slide\" data-date=\"2026-03-03 17:22:59\"><img src=\"https:\/\/sulsc.com\/wp-content\/uploads\/2026\/03\/271ce739-f268-41c5-8051-3de1a1750359-1000x166.jpeg\" height=\"200\" width=\"1200\" alt=\"\" class=\"slider-25573 slide-32766 msDefaultImage\" title=\"271ce739-f268-41c5-8051-3de1a1750359\" \/><\/li>\n            <\/ul>\n        <\/div>\n        \n    <\/div>\n<\/div>\n<p>Para garantir a seguran\u00e7a e a qualidade da forma\u00e7\u00e3o, os alunos contam com novos equipamentos de prote\u00e7\u00e3o individual (EPIs) adquiridos por meio da parceria entre a Associa\u00e7\u00e3o Comunit\u00e1ria de Bombeiros de Garopaba (ACBG) e a Prefeitura de Garopaba, viabilizada pela execu\u00e7\u00e3o do Termo de Fomento n\u00ba 007\/2025.<\/p>\n<p>Com o investimento repassado pelo munic\u00edpio, foi poss\u00edvel fornecer equipamentos completos de prote\u00e7\u00e3o para combate a inc\u00eandios, compostos por cal\u00e7a, jaqueta e capacete, al\u00e9m de conjuntos de capa e cal\u00e7a de chuva, destinados ao uso em condi\u00e7\u00f5es clim\u00e1ticas adversas.<\/p>\n<p><img fetchpriority=\"high\" decoding=\"async\" class=\"alignnone size-full wp-image-29057\" src=\"http:\/\/sulsc.com\/wp-content\/uploads\/2025\/10\/img_04074B09802257CC31F3C501C1F4057EF330247D.jpeg\" alt=\"\" width=\"1080\" height=\"720\" srcset=\"https:\/\/sulsc.com\/wp-content\/uploads\/2025\/10\/img_04074B09802257CC31F3C501C1F4057EF330247D.jpeg 1080w, https:\/\/sulsc.com\/wp-content\/uploads\/2025\/10\/img_04074B09802257CC31F3C501C1F4057EF330247D-300x200.jpeg 300w, https:\/\/sulsc.com\/wp-content\/uploads\/2025\/10\/img_04074B09802257CC31F3C501C1F4057EF330247D-1024x683.jpeg 1024w, https:\/\/sulsc.com\/wp-content\/uploads\/2025\/10\/img_04074B09802257CC31F3C501C1F4057EF330247D-768x512.jpeg 768w\" sizes=\"(max-width: 1080px) 100vw, 1080px\" \/><\/p>\n","protected":false},"excerpt":{"rendered":"<p>Os alunos da Turma 2025, do Curso de Bombeiro Comunit\u00e1rio (CBC) de Garopaba, iniciaram o est\u00e1gio operacional. Ap\u00f3s conclu\u00edrem todas as disciplinas te\u00f3ricas e pr\u00e1ticas previstas no projeto pedag\u00f3gico, os futuros bombeiros passam agora a vivenciar, na pr\u00e1tica, as rotinas da atividade. Durante essa fase, os alunos acompanham e participam de ocorr\u00eancias reais que envolvem &hellip;<\/p>\n<p class=\"read-more\"> <a class=\"\" href=\"https:\/\/sulsc.com\/index.php\/2025\/10\/30\/alunos-do-curso-de-bombeiro-comunitario-iniciam-estagio-operacional-em-garopaba\/\"> <span class=\"screen-reader-text\">Alunos do Curso de Bombeiro Comunit\u00e1rio iniciam est\u00e1gio operacional em Garopaba<\/span> Read More &raquo;<\/a><\/p>\n","protected":false},"author":3,"featured_media":29057,"comment_status":"open","ping_status":"open","sticky":false,"template":"","format":"standard","meta":{"site-sidebar-layout":"default","site-content-layout":"","ast-site-content-layout":"default","site-content-style":"default","site-sidebar-style":"default","ast-global-header-display":"","ast-banner-title-visibility":"","ast-main-header-display":"","ast-hfb-above-header-display":"","ast-hfb-below-header-display":"","ast-hfb-mobile-header-display":"","site-post-title":"","ast-breadcrumbs-content":"","ast-featured-img":"","footer-sml-layout":"","theme-transparent-header-meta":"default","adv-header-id-meta":"","stick-header-meta":"","header-above-stick-meta":"","header-main-stick-meta":"","header-below-stick-meta":"","astra-migrate-meta-layouts":"set","footnotes":""},"categories":[1982,8,12],"tags":[2634,564,2633],"yoast_head":"<!-- This site is optimized with the Yoast SEO plugin v21.4 - https:\/\/yoast.com\/wordpress\/plugins\/seo\/ -->\n<title>Alunos do Curso de Bombeiro Comunit\u00e1rio iniciam est\u00e1gio operacional em Garopaba -<\/title>\n<meta name=\"robots\" content=\"index, follow, max-snippet:-1, max-image-preview:large, max-video-preview:-1\" \/>\n<link rel=\"canonical\" href=\"https:\/\/sulsc.com\/index.php\/2025\/10\/30\/alunos-do-curso-de-bombeiro-comunitario-iniciam-estagio-operacional-em-garopaba\/\" \/>\n<meta property=\"og:locale\" content=\"en_US\" \/>\n<meta property=\"og:type\" content=\"article\" \/>\n<meta property=\"og:title\" content=\"Alunos do Curso de Bombeiro Comunit\u00e1rio iniciam est\u00e1gio operacional em Garopaba -\" \/>\n<meta property=\"og:description\" content=\"Os alunos da Turma 2025, do Curso de Bombeiro Comunit\u00e1rio (CBC) de Garopaba, iniciaram o est\u00e1gio operacional. Ap\u00f3s conclu\u00edrem todas as disciplinas te\u00f3ricas e pr\u00e1ticas previstas no projeto pedag\u00f3gico, os futuros bombeiros passam agora a vivenciar, na pr\u00e1tica, as rotinas da atividade. Durante essa fase, os alunos acompanham e participam de ocorr\u00eancias reais que envolvem &hellip; Alunos do Curso de Bombeiro Comunit\u00e1rio iniciam est\u00e1gio operacional em Garopaba Read More &raquo;\" \/>\n<meta property=\"og:url\" content=\"https:\/\/sulsc.com\/index.php\/2025\/10\/30\/alunos-do-curso-de-bombeiro-comunitario-iniciam-estagio-operacional-em-garopaba\/\" \/>\n<meta property=\"article:author\" content=\"https:\/\/www.facebook.com\/profile.php?id=61559278119680\" \/>\n<meta property=\"article:published_time\" content=\"2025-10-30T20:20:56+00:00\" \/>\n<meta property=\"article:modified_time\" content=\"2025-10-30T20:22:21+00:00\" \/>\n<meta property=\"og:image\" content=\"http:\/\/sulsc.com\/wp-content\/uploads\/2025\/10\/img_04074B09802257CC31F3C501C1F4057EF330247D.jpeg\" \/>\n\t<meta property=\"og:image:width\" content=\"1080\" \/>\n\t<meta property=\"og:image:height\" content=\"720\" \/>\n\t<meta property=\"og:image:type\" content=\"image\/jpeg\" \/>\n<meta name=\"author\" content=\"Reda\u00e7\u00e3o Sul SC\" \/>\n<meta name=\"twitter:card\" content=\"summary_large_image\" \/>\n<meta name=\"twitter:creator\" content=\"@https:\/\/twitter.com\/PortalSulSC\" \/>\n<meta name=\"twitter:label1\" content=\"Written by\" \/>\n\t<meta name=\"twitter:data1\" content=\"Reda\u00e7\u00e3o Sul SC\" \/>\n\t<meta name=\"twitter:label2\" content=\"Est. reading time\" \/>\n\t<meta name=\"twitter:data2\" content=\"1 minute\" \/>\n<script type=\"application\/ld+json\" class=\"yoast-schema-graph\">{\"@context\":\"https:\/\/schema.org\",\"@graph\":[{\"@type\":\"WebPage\",\"@id\":\"https:\/\/sulsc.com\/index.php\/2025\/10\/30\/alunos-do-curso-de-bombeiro-comunitario-iniciam-estagio-operacional-em-garopaba\/\",\"url\":\"https:\/\/sulsc.com\/index.php\/2025\/10\/30\/alunos-do-curso-de-bombeiro-comunitario-iniciam-estagio-operacional-em-garopaba\/\",\"name\":\"Alunos do Curso de Bombeiro Comunit\u00e1rio iniciam est\u00e1gio operacional em Garopaba -\",\"isPartOf\":{\"@id\":\"https:\/\/sulsc.com\/#website\"},\"datePublished\":\"2025-10-30T20:20:56+00:00\",\"dateModified\":\"2025-10-30T20:22:21+00:00\",\"author\":{\"@id\":\"https:\/\/sulsc.com\/#\/schema\/person\/84d2fc571684f6248ba83092f07750a3\"},\"breadcrumb\":{\"@id\":\"https:\/\/sulsc.com\/index.php\/2025\/10\/30\/alunos-do-curso-de-bombeiro-comunitario-iniciam-estagio-operacional-em-garopaba\/#breadcrumb\"},\"inLanguage\":\"en-US\",\"potentialAction\":[{\"@type\":\"ReadAction\",\"target\":[\"https:\/\/sulsc.com\/index.php\/2025\/10\/30\/alunos-do-curso-de-bombeiro-comunitario-iniciam-estagio-operacional-em-garopaba\/\"]}]},{\"@type\":\"BreadcrumbList\",\"@id\":\"https:\/\/sulsc.com\/index.php\/2025\/10\/30\/alunos-do-curso-de-bombeiro-comunitario-iniciam-estagio-operacional-em-garopaba\/#breadcrumb\",\"itemListElement\":[{\"@type\":\"ListItem\",\"position\":1,\"name\":\"In\u00edcio\",\"item\":\"https:\/\/sulsc.com\/\"},{\"@type\":\"ListItem\",\"position\":2,\"name\":\"Alunos do Curso de Bombeiro Comunit\u00e1rio iniciam est\u00e1gio operacional em Garopaba\"}]},{\"@type\":\"WebSite\",\"@id\":\"https:\/\/sulsc.com\/#website\",\"url\":\"https:\/\/sulsc.com\/\",\"name\":\"\",\"description\":\"\",\"potentialAction\":[{\"@type\":\"SearchAction\",\"target\":{\"@type\":\"EntryPoint\",\"urlTemplate\":\"https:\/\/sulsc.com\/?s={search_term_string}\"},\"query-input\":\"required name=search_term_string\"}],\"inLanguage\":\"en-US\"},{\"@type\":\"Person\",\"@id\":\"https:\/\/sulsc.com\/#\/schema\/person\/84d2fc571684f6248ba83092f07750a3\",\"name\":\"Reda\u00e7\u00e3o Sul SC\",\"image\":{\"@type\":\"ImageObject\",\"inLanguage\":\"en-US\",\"@id\":\"https:\/\/sulsc.com\/#\/schema\/person\/image\/e08d7fe2cc4ed596372063bbe852b8d0\",\"url\":\"https:\/\/sulsc.com\/wp-content\/uploads\/2023\/09\/redacao.png\",\"contentUrl\":\"https:\/\/sulsc.com\/wp-content\/uploads\/2023\/09\/redacao.png\",\"caption\":\"Reda\u00e7\u00e3o Sul SC\"},\"description\":\"Foco em um jornalismo imparcial, voltado \u00e0 qualidade dos seus conte\u00fados e, assim, levar informa\u00e7\u00e3o de valor que agregue \u00e0 vida dos leitores. Esta \u00e9 grande miss\u00e3o do Portal de Not\u00edcias Sul SC. N\u00e3o \u00e9 quantidade que muda o mundo, sempre foi e seguir\u00e1 sendo qualidade!\",\"sameAs\":[\"https:\/\/sulsc.com\/\",\"https:\/\/www.facebook.com\/profile.php?id=61559278119680\",\"https:\/\/www.instagram.com\/sulscportal\/?hl=pt-br\",\"https:\/\/twitter.com\/https:\/\/twitter.com\/PortalSulSC\",\"https:\/\/www.youtube.com\/channel\/UCv_BE8GeySluDov2n8qhVmw\"],\"url\":\"https:\/\/sulsc.com\/index.php\/author\/redacao\/\"}]}<\/script>\n<!-- \/ Yoast SEO plugin. -->","yoast_head_json":{"title":"Alunos do Curso de Bombeiro Comunit\u00e1rio iniciam est\u00e1gio operacional em Garopaba -","robots":{"index":"index","follow":"follow","max-snippet":"max-snippet:-1","max-image-preview":"max-image-preview:large","max-video-preview":"max-video-preview:-1"},"canonical":"https:\/\/sulsc.com\/index.php\/2025\/10\/30\/alunos-do-curso-de-bombeiro-comunitario-iniciam-estagio-operacional-em-garopaba\/","og_locale":"en_US","og_type":"article","og_title":"Alunos do Curso de Bombeiro Comunit\u00e1rio iniciam est\u00e1gio operacional em Garopaba -","og_description":"Os alunos da Turma 2025, do Curso de Bombeiro Comunit\u00e1rio (CBC) de Garopaba, iniciaram o est\u00e1gio operacional. Ap\u00f3s conclu\u00edrem todas as disciplinas te\u00f3ricas e pr\u00e1ticas previstas no projeto pedag\u00f3gico, os futuros bombeiros passam agora a vivenciar, na pr\u00e1tica, as rotinas da atividade. Durante essa fase, os alunos acompanham e participam de ocorr\u00eancias reais que envolvem &hellip; Alunos do Curso de Bombeiro Comunit\u00e1rio iniciam est\u00e1gio operacional em Garopaba Read More &raquo;","og_url":"https:\/\/sulsc.com\/index.php\/2025\/10\/30\/alunos-do-curso-de-bombeiro-comunitario-iniciam-estagio-operacional-em-garopaba\/","article_author":"https:\/\/www.facebook.com\/profile.php?id=61559278119680","article_published_time":"2025-10-30T20:20:56+00:00","article_modified_time":"2025-10-30T20:22:21+00:00","og_image":[{"width":1080,"height":720,"url":"http:\/\/sulsc.com\/wp-content\/uploads\/2025\/10\/img_04074B09802257CC31F3C501C1F4057EF330247D.jpeg","type":"image\/jpeg"}],"author":"Reda\u00e7\u00e3o Sul SC","twitter_card":"summary_large_image","twitter_creator":"@https:\/\/twitter.com\/PortalSulSC","twitter_misc":{"Written by":"Reda\u00e7\u00e3o Sul SC","Est. reading time":"1 minute"},"schema":{"@context":"https:\/\/schema.org","@graph":[{"@type":"WebPage","@id":"https:\/\/sulsc.com\/index.php\/2025\/10\/30\/alunos-do-curso-de-bombeiro-comunitario-iniciam-estagio-operacional-em-garopaba\/","url":"https:\/\/sulsc.com\/index.php\/2025\/10\/30\/alunos-do-curso-de-bombeiro-comunitario-iniciam-estagio-operacional-em-garopaba\/","name":"Alunos do Curso de Bombeiro Comunit\u00e1rio iniciam est\u00e1gio operacional em Garopaba -","isPartOf":{"@id":"https:\/\/sulsc.com\/#website"},"datePublished":"2025-10-30T20:20:56+00:00","dateModified":"2025-10-30T20:22:21+00:00","author":{"@id":"https:\/\/sulsc.com\/#\/schema\/person\/84d2fc571684f6248ba83092f07750a3"},"breadcrumb":{"@id":"https:\/\/sulsc.com\/index.php\/2025\/10\/30\/alunos-do-curso-de-bombeiro-comunitario-iniciam-estagio-operacional-em-garopaba\/#breadcrumb"},"inLanguage":"en-US","potentialAction":[{"@type":"ReadAction","target":["https:\/\/sulsc.com\/index.php\/2025\/10\/30\/alunos-do-curso-de-bombeiro-comunitario-iniciam-estagio-operacional-em-garopaba\/"]}]},{"@type":"BreadcrumbList","@id":"https:\/\/sulsc.com\/index.php\/2025\/10\/30\/alunos-do-curso-de-bombeiro-comunitario-iniciam-estagio-operacional-em-garopaba\/#breadcrumb","itemListElement":[{"@type":"ListItem","position":1,"name":"In\u00edcio","item":"https:\/\/sulsc.com\/"},{"@type":"ListItem","position":2,"name":"Alunos do Curso de Bombeiro Comunit\u00e1rio iniciam est\u00e1gio operacional em Garopaba"}]},{"@type":"WebSite","@id":"https:\/\/sulsc.com\/#website","url":"https:\/\/sulsc.com\/","name":"","description":"","potentialAction":[{"@type":"SearchAction","target":{"@type":"EntryPoint","urlTemplate":"https:\/\/sulsc.com\/?s={search_term_string}"},"query-input":"required name=search_term_string"}],"inLanguage":"en-US"},{"@type":"Person","@id":"https:\/\/sulsc.com\/#\/schema\/person\/84d2fc571684f6248ba83092f07750a3","name":"Reda\u00e7\u00e3o Sul SC","image":{"@type":"ImageObject","inLanguage":"en-US","@id":"https:\/\/sulsc.com\/#\/schema\/person\/image\/e08d7fe2cc4ed596372063bbe852b8d0","url":"https:\/\/sulsc.com\/wp-content\/uploads\/2023\/09\/redacao.png","contentUrl":"https:\/\/sulsc.com\/wp-content\/uploads\/2023\/09\/redacao.png","caption":"Reda\u00e7\u00e3o Sul SC"},"description":"Foco em um jornalismo imparcial, voltado \u00e0 qualidade dos seus conte\u00fados e, assim, levar informa\u00e7\u00e3o de valor que agregue \u00e0 vida dos leitores. Esta \u00e9 grande miss\u00e3o do Portal de Not\u00edcias Sul SC. N\u00e3o \u00e9 quantidade que muda o mundo, sempre foi e seguir\u00e1 sendo qualidade!","sameAs":["https:\/\/sulsc.com\/","https:\/\/www.facebook.com\/profile.php?id=61559278119680","https:\/\/www.instagram.com\/sulscportal\/?hl=pt-br","https:\/\/twitter.com\/https:\/\/twitter.com\/PortalSulSC","https:\/\/www.youtube.com\/channel\/UCv_BE8GeySluDov2n8qhVmw"],"url":"https:\/\/sulsc.com\/index.php\/author\/redacao\/"}]}},"authors":[],"_links":{"self":[{"href":"https:\/\/sulsc.com\/index.php\/wp-json\/wp\/v2\/posts\/29056"}],"collection":[{"href":"https:\/\/sulsc.com\/index.php\/wp-json\/wp\/v2\/posts"}],"about":[{"href":"https:\/\/sulsc.com\/index.php\/wp-json\/wp\/v2\/types\/post"}],"author":[{"embeddable":true,"href":"https:\/\/sulsc.com\/index.php\/wp-json\/wp\/v2\/users\/3"}],"replies":[{"embeddable":true,"href":"https:\/\/sulsc.com\/index.php\/wp-json\/wp\/v2\/comments?post=29056"}],"version-history":[{"count":1,"href":"https:\/\/sulsc.com\/index.php\/wp-json\/wp\/v2\/posts\/29056\/revisions"}],"predecessor-version":[{"id":29058,"href":"https:\/\/sulsc.com\/index.php\/wp-json\/wp\/v2\/posts\/29056\/revisions\/29058"}],"wp:featuredmedia":[{"embeddable":true,"href":"https:\/\/sulsc.com\/index.php\/wp-json\/wp\/v2\/media\/29057"}],"wp:attachment":[{"href":"https:\/\/sulsc.com\/index.php\/wp-json\/wp\/v2\/media?parent=29056"}],"wp:term":[{"taxonomy":"category","embeddable":true,"href":"https:\/\/sulsc.com\/index.php\/wp-json\/wp\/v2\/categories?post=29056"},{"taxonomy":"post_tag","embeddable":true,"href":"https:\/\/sulsc.com\/index.php\/wp-json\/wp\/v2\/tags?post=29056"}],"curies":[{"name":"wp","href":"https:\/\/api.w.org\/{rel}","templated":true}]}}