{"id":29070,"date":"2025-10-30T20:30:27","date_gmt":"2025-10-30T23:30:27","guid":{"rendered":"https:\/\/sulsc.com\/?p=29070"},"modified":"2025-10-30T20:10:01","modified_gmt":"2025-10-30T23:10:01","slug":"secretaria-da-aquicultura-e-pesca-de-sc-e-contraria-a-proposta-que-pode-afetar-a-cadeia-da-tilapia-ostras-e-outras-especies","status":"publish","type":"post","link":"https:\/\/sulsc.com\/index.php\/2025\/10\/30\/secretaria-da-aquicultura-e-pesca-de-sc-e-contraria-a-proposta-que-pode-afetar-a-cadeia-da-tilapia-ostras-e-outras-especies\/","title":{"rendered":"Secretaria da Aquicultura e Pesca de SC \u00e9 contr\u00e1ria \u00e0 proposta que pode afetar a cadeia da til\u00e1pia, ostras e outras esp\u00e9cies"},"content":{"rendered":"<p>A Secretaria Executiva da Aquicultura e Pesca de Santa Catarina (SAQ) manifestou, contrariedade t\u00e9cnica e socioecon\u00f4mica \u00e0 proposta de inclus\u00e3o de esp\u00e9cies de import\u00e2ncia econ\u00f4mica nas Listas Nacionais Oficiais de Esp\u00e9cies Ex\u00f3ticas Invasoras, por meio do Of\u00edcio n\u00ba 126\/2025. A proposta est\u00e1 em discuss\u00e3o na Comiss\u00e3o Nacional de Biodiversidade (Conabio).<\/p>\n<p>Entre as esp\u00e9cies que constam na proposta est\u00e3o Til\u00e1pia, Ostra do Pac\u00edfico, Carpas, Camar\u00e3o Marinho e Macroalgas \u2014 todas amplamente utilizadas na produ\u00e7\u00e3o aqu\u00edcola catarinense. Segundo o secret\u00e1rio executivo da Aquicultura e Pesca, Tiago Bolan Frigo, a inclus\u00e3o dessas esp\u00e9cies nas listas pode gerar impactos diretos no licenciamento ambiental e comprometer a continuidade das atividades produtivas do setor.<\/p>\n<p>Santa Catarina \u00e9 refer\u00eancia nacional em aquicultura, sendo respons\u00e1vel por 95% da produ\u00e7\u00e3o brasileira de ostras e mexilh\u00f5es, al\u00e9m de ocupar a quarta posi\u00e7\u00e3o no ranking nacional da piscicultura, com 59,1 mil toneladas produzidas em 2024. O estado tamb\u00e9m lidera a produ\u00e7\u00e3o de macroalgas (70% da produ\u00e7\u00e3o nacional) e avan\u00e7a na retomada da carcinicultura, com foco em biosseguran\u00e7a e novas tecnologias.<\/p>\n<div id=\"metaslider-id-25573\" style=\"width: 100%;\" class=\"ml-slider-3-99-0 metaslider metaslider-flex metaslider-25573 ml-slider has-onhover-arrows ms-theme-default-base has-dots-nav\" role=\"region\" aria-label=\"Meio\" data-width=\"1200\">\n    <div id=\"metaslider_container_25573\">\n        <div id=\"metaslider_25573\">\n            <ul class='slides'>\n                <li style=\"display: block; width: 100%;\" class=\"slide-25684 ms-image \" aria-roledescription=\"slide\" data-date=\"2025-07-24 07:55:40\"><img src=\"https:\/\/sulsc.com\/wp-content\/uploads\/2025\/07\/Marr-2-1000x166.jpg\" height=\"200\" width=\"1200\" alt=\"\" class=\"slider-25573 slide-25684 msDefaultImage\" title=\"Marr 2\" \/><\/li>\n                <li style=\"display: none; width: 100%;\" class=\"slide-32412 ms-image \" aria-roledescription=\"slide\" data-date=\"2026-02-18 13:59:46\"><img src=\"https:\/\/sulsc.com\/wp-content\/uploads\/2026\/02\/40dc1580-cad5-4867-bc58-c4243821ad38-1000x166.jpeg\" height=\"200\" width=\"1200\" alt=\"\" class=\"slider-25573 slide-32412 msDefaultImage\" title=\"40dc1580-cad5-4867-bc58-c4243821ad38\" \/><\/li>\n                <li style=\"display: none; width: 100%;\" class=\"slide-32766 ms-image \" aria-roledescription=\"slide\" data-date=\"2026-03-03 17:22:59\"><img src=\"https:\/\/sulsc.com\/wp-content\/uploads\/2026\/03\/271ce739-f268-41c5-8051-3de1a1750359-1000x166.jpeg\" height=\"200\" width=\"1200\" alt=\"\" class=\"slider-25573 slide-32766 msDefaultImage\" title=\"271ce739-f268-41c5-8051-3de1a1750359\" \/><\/li>\n            <\/ul>\n        <\/div>\n        \n    <\/div>\n<\/div>\n<p>A SAQ solicitou, em car\u00e1ter de urg\u00eancia, esclarecimentos t\u00e9cnicos detalhados sobre os crit\u00e9rios que motivaram a proposta e condicionou qualquer avan\u00e7o \u00e0 participa\u00e7\u00e3o efetiva do Estado no processo de revis\u00e3o das listas, reiterando que a legitimidade de tais decis\u00f5es s\u00f3 pode ser alcan\u00e7ada por meio de um di\u00e1logo t\u00e9cnico e cient\u00edfico inadi\u00e1vel.<\/p>\n<p>\u201cAs esp\u00e9cies mencionadas s\u00e3o pilares econ\u00f4micos e sociais para Santa Catarina. Nossa posi\u00e7\u00e3o tamb\u00e9m \u00e9 de apoio a diversas entidades cient\u00edficas. Qualquer medida que possa restringir sua produ\u00e7\u00e3o precisa ser amplamente discutida com base em evid\u00eancias t\u00e9cnicas e considerando o impacto sobre milhares de fam\u00edlias que vivem da aquicultura e da pesca\u201d, destacou o secret\u00e1rio Tiago Bolan Frigo.<\/p>\n<p><img fetchpriority=\"high\" decoding=\"async\" class=\"alignnone size-full wp-image-29071\" src=\"http:\/\/sulsc.com\/wp-content\/uploads\/2025\/10\/tilapias_20190830_1252940752.jpeg\" alt=\"\" width=\"620\" height=\"410\" srcset=\"https:\/\/sulsc.com\/wp-content\/uploads\/2025\/10\/tilapias_20190830_1252940752.jpeg 620w, https:\/\/sulsc.com\/wp-content\/uploads\/2025\/10\/tilapias_20190830_1252940752-300x198.jpeg 300w\" sizes=\"(max-width: 620px) 100vw, 620px\" \/><\/p>\n","protected":false},"excerpt":{"rendered":"<p>A Secretaria Executiva da Aquicultura e Pesca de Santa Catarina (SAQ) manifestou, contrariedade t\u00e9cnica e socioecon\u00f4mica \u00e0 proposta de inclus\u00e3o de esp\u00e9cies de import\u00e2ncia econ\u00f4mica nas Listas Nacionais Oficiais de Esp\u00e9cies Ex\u00f3ticas Invasoras, por meio do Of\u00edcio n\u00ba 126\/2025. A proposta est\u00e1 em discuss\u00e3o na Comiss\u00e3o Nacional de Biodiversidade (Conabio). Entre as esp\u00e9cies que constam &hellip;<\/p>\n<p class=\"read-more\"> <a class=\"\" href=\"https:\/\/sulsc.com\/index.php\/2025\/10\/30\/secretaria-da-aquicultura-e-pesca-de-sc-e-contraria-a-proposta-que-pode-afetar-a-cadeia-da-tilapia-ostras-e-outras-especies\/\"> <span class=\"screen-reader-text\">Secretaria da Aquicultura e Pesca de SC \u00e9 contr\u00e1ria \u00e0 proposta que pode afetar a cadeia da til\u00e1pia, ostras e outras esp\u00e9cies<\/span> Read More &raquo;<\/a><\/p>\n","protected":false},"author":3,"featured_media":29071,"comment_status":"open","ping_status":"open","sticky":false,"template":"","format":"standard","meta":{"site-sidebar-layout":"default","site-content-layout":"","ast-site-content-layout":"default","site-content-style":"default","site-sidebar-style":"default","ast-global-header-display":"","ast-banner-title-visibility":"","ast-main-header-display":"","ast-hfb-above-header-display":"","ast-hfb-below-header-display":"","ast-hfb-mobile-header-display":"","site-post-title":"","ast-breadcrumbs-content":"","ast-featured-img":"","footer-sml-layout":"","theme-transparent-header-meta":"default","adv-header-id-meta":"","stick-header-meta":"","header-above-stick-meta":"","header-main-stick-meta":"","header-below-stick-meta":"","astra-migrate-meta-layouts":"set","footnotes":""},"categories":[17,15,14,12],"tags":[2640,2639,954,2638],"yoast_head":"<!-- This site is optimized with the Yoast SEO plugin v21.4 - https:\/\/yoast.com\/wordpress\/plugins\/seo\/ -->\n<title>Secretaria da Aquicultura e Pesca de SC \u00e9 contr\u00e1ria \u00e0 proposta que pode afetar a cadeia da til\u00e1pia, ostras e outras esp\u00e9cies -<\/title>\n<meta name=\"robots\" content=\"index, follow, max-snippet:-1, max-image-preview:large, max-video-preview:-1\" \/>\n<link rel=\"canonical\" href=\"https:\/\/sulsc.com\/index.php\/2025\/10\/30\/secretaria-da-aquicultura-e-pesca-de-sc-e-contraria-a-proposta-que-pode-afetar-a-cadeia-da-tilapia-ostras-e-outras-especies\/\" \/>\n<meta property=\"og:locale\" content=\"en_US\" \/>\n<meta property=\"og:type\" content=\"article\" \/>\n<meta property=\"og:title\" content=\"Secretaria da Aquicultura e Pesca de SC \u00e9 contr\u00e1ria \u00e0 proposta que pode afetar a cadeia da til\u00e1pia, ostras e outras esp\u00e9cies -\" \/>\n<meta property=\"og:description\" content=\"A Secretaria Executiva da Aquicultura e Pesca de Santa Catarina (SAQ) manifestou, contrariedade t\u00e9cnica e socioecon\u00f4mica \u00e0 proposta de inclus\u00e3o de esp\u00e9cies de import\u00e2ncia econ\u00f4mica nas Listas Nacionais Oficiais de Esp\u00e9cies Ex\u00f3ticas Invasoras, por meio do Of\u00edcio n\u00ba 126\/2025. A proposta est\u00e1 em discuss\u00e3o na Comiss\u00e3o Nacional de Biodiversidade (Conabio). Entre as esp\u00e9cies que constam &hellip; Secretaria da Aquicultura e Pesca de SC \u00e9 contr\u00e1ria \u00e0 proposta que pode afetar a cadeia da til\u00e1pia, ostras e outras esp\u00e9cies Read More &raquo;\" \/>\n<meta property=\"og:url\" content=\"https:\/\/sulsc.com\/index.php\/2025\/10\/30\/secretaria-da-aquicultura-e-pesca-de-sc-e-contraria-a-proposta-que-pode-afetar-a-cadeia-da-tilapia-ostras-e-outras-especies\/\" \/>\n<meta property=\"article:author\" content=\"https:\/\/www.facebook.com\/profile.php?id=61559278119680\" \/>\n<meta property=\"article:published_time\" content=\"2025-10-30T23:30:27+00:00\" \/>\n<meta property=\"article:modified_time\" content=\"2025-10-30T23:10:01+00:00\" \/>\n<meta property=\"og:image\" content=\"https:\/\/sulsc.com\/wp-content\/uploads\/2025\/10\/tilapias_20190830_1252940752.jpeg\" \/>\n\t<meta property=\"og:image:width\" content=\"620\" \/>\n\t<meta property=\"og:image:height\" content=\"410\" \/>\n\t<meta property=\"og:image:type\" content=\"image\/jpeg\" \/>\n<meta name=\"author\" content=\"Reda\u00e7\u00e3o Sul SC\" \/>\n<meta name=\"twitter:card\" content=\"summary_large_image\" \/>\n<meta name=\"twitter:creator\" content=\"@https:\/\/twitter.com\/PortalSulSC\" \/>\n<meta name=\"twitter:label1\" content=\"Written by\" \/>\n\t<meta name=\"twitter:data1\" content=\"Reda\u00e7\u00e3o Sul SC\" \/>\n\t<meta name=\"twitter:label2\" content=\"Est. reading time\" \/>\n\t<meta name=\"twitter:data2\" content=\"2 minutes\" \/>\n<script type=\"application\/ld+json\" class=\"yoast-schema-graph\">{\"@context\":\"https:\/\/schema.org\",\"@graph\":[{\"@type\":\"WebPage\",\"@id\":\"https:\/\/sulsc.com\/index.php\/2025\/10\/30\/secretaria-da-aquicultura-e-pesca-de-sc-e-contraria-a-proposta-que-pode-afetar-a-cadeia-da-tilapia-ostras-e-outras-especies\/\",\"url\":\"https:\/\/sulsc.com\/index.php\/2025\/10\/30\/secretaria-da-aquicultura-e-pesca-de-sc-e-contraria-a-proposta-que-pode-afetar-a-cadeia-da-tilapia-ostras-e-outras-especies\/\",\"name\":\"Secretaria da Aquicultura e Pesca de SC \u00e9 contr\u00e1ria \u00e0 proposta que pode afetar a cadeia da til\u00e1pia, ostras e outras esp\u00e9cies -\",\"isPartOf\":{\"@id\":\"https:\/\/sulsc.com\/#website\"},\"datePublished\":\"2025-10-30T23:30:27+00:00\",\"dateModified\":\"2025-10-30T23:10:01+00:00\",\"author\":{\"@id\":\"https:\/\/sulsc.com\/#\/schema\/person\/84d2fc571684f6248ba83092f07750a3\"},\"breadcrumb\":{\"@id\":\"https:\/\/sulsc.com\/index.php\/2025\/10\/30\/secretaria-da-aquicultura-e-pesca-de-sc-e-contraria-a-proposta-que-pode-afetar-a-cadeia-da-tilapia-ostras-e-outras-especies\/#breadcrumb\"},\"inLanguage\":\"en-US\",\"potentialAction\":[{\"@type\":\"ReadAction\",\"target\":[\"https:\/\/sulsc.com\/index.php\/2025\/10\/30\/secretaria-da-aquicultura-e-pesca-de-sc-e-contraria-a-proposta-que-pode-afetar-a-cadeia-da-tilapia-ostras-e-outras-especies\/\"]}]},{\"@type\":\"BreadcrumbList\",\"@id\":\"https:\/\/sulsc.com\/index.php\/2025\/10\/30\/secretaria-da-aquicultura-e-pesca-de-sc-e-contraria-a-proposta-que-pode-afetar-a-cadeia-da-tilapia-ostras-e-outras-especies\/#breadcrumb\",\"itemListElement\":[{\"@type\":\"ListItem\",\"position\":1,\"name\":\"In\u00edcio\",\"item\":\"https:\/\/sulsc.com\/\"},{\"@type\":\"ListItem\",\"position\":2,\"name\":\"Secretaria da Aquicultura e Pesca de SC \u00e9 contr\u00e1ria \u00e0 proposta que pode afetar a cadeia da til\u00e1pia, ostras e outras esp\u00e9cies\"}]},{\"@type\":\"WebSite\",\"@id\":\"https:\/\/sulsc.com\/#website\",\"url\":\"https:\/\/sulsc.com\/\",\"name\":\"\",\"description\":\"\",\"potentialAction\":[{\"@type\":\"SearchAction\",\"target\":{\"@type\":\"EntryPoint\",\"urlTemplate\":\"https:\/\/sulsc.com\/?s={search_term_string}\"},\"query-input\":\"required name=search_term_string\"}],\"inLanguage\":\"en-US\"},{\"@type\":\"Person\",\"@id\":\"https:\/\/sulsc.com\/#\/schema\/person\/84d2fc571684f6248ba83092f07750a3\",\"name\":\"Reda\u00e7\u00e3o Sul SC\",\"image\":{\"@type\":\"ImageObject\",\"inLanguage\":\"en-US\",\"@id\":\"https:\/\/sulsc.com\/#\/schema\/person\/image\/e08d7fe2cc4ed596372063bbe852b8d0\",\"url\":\"https:\/\/sulsc.com\/wp-content\/uploads\/2023\/09\/redacao.png\",\"contentUrl\":\"https:\/\/sulsc.com\/wp-content\/uploads\/2023\/09\/redacao.png\",\"caption\":\"Reda\u00e7\u00e3o Sul SC\"},\"description\":\"Foco em um jornalismo imparcial, voltado \u00e0 qualidade dos seus conte\u00fados e, assim, levar informa\u00e7\u00e3o de valor que agregue \u00e0 vida dos leitores. Esta \u00e9 grande miss\u00e3o do Portal de Not\u00edcias Sul SC. N\u00e3o \u00e9 quantidade que muda o mundo, sempre foi e seguir\u00e1 sendo qualidade!\",\"sameAs\":[\"https:\/\/sulsc.com\/\",\"https:\/\/www.facebook.com\/profile.php?id=61559278119680\",\"https:\/\/www.instagram.com\/sulscportal\/?hl=pt-br\",\"https:\/\/twitter.com\/https:\/\/twitter.com\/PortalSulSC\",\"https:\/\/www.youtube.com\/channel\/UCv_BE8GeySluDov2n8qhVmw\"],\"url\":\"https:\/\/sulsc.com\/index.php\/author\/redacao\/\"}]}<\/script>\n<!-- \/ Yoast SEO plugin. -->","yoast_head_json":{"title":"Secretaria da Aquicultura e Pesca de SC \u00e9 contr\u00e1ria \u00e0 proposta que pode afetar a cadeia da til\u00e1pia, ostras e outras esp\u00e9cies -","robots":{"index":"index","follow":"follow","max-snippet":"max-snippet:-1","max-image-preview":"max-image-preview:large","max-video-preview":"max-video-preview:-1"},"canonical":"https:\/\/sulsc.com\/index.php\/2025\/10\/30\/secretaria-da-aquicultura-e-pesca-de-sc-e-contraria-a-proposta-que-pode-afetar-a-cadeia-da-tilapia-ostras-e-outras-especies\/","og_locale":"en_US","og_type":"article","og_title":"Secretaria da Aquicultura e Pesca de SC \u00e9 contr\u00e1ria \u00e0 proposta que pode afetar a cadeia da til\u00e1pia, ostras e outras esp\u00e9cies -","og_description":"A Secretaria Executiva da Aquicultura e Pesca de Santa Catarina (SAQ) manifestou, contrariedade t\u00e9cnica e socioecon\u00f4mica \u00e0 proposta de inclus\u00e3o de esp\u00e9cies de import\u00e2ncia econ\u00f4mica nas Listas Nacionais Oficiais de Esp\u00e9cies Ex\u00f3ticas Invasoras, por meio do Of\u00edcio n\u00ba 126\/2025. A proposta est\u00e1 em discuss\u00e3o na Comiss\u00e3o Nacional de Biodiversidade (Conabio). Entre as esp\u00e9cies que constam &hellip; Secretaria da Aquicultura e Pesca de SC \u00e9 contr\u00e1ria \u00e0 proposta que pode afetar a cadeia da til\u00e1pia, ostras e outras esp\u00e9cies Read More &raquo;","og_url":"https:\/\/sulsc.com\/index.php\/2025\/10\/30\/secretaria-da-aquicultura-e-pesca-de-sc-e-contraria-a-proposta-que-pode-afetar-a-cadeia-da-tilapia-ostras-e-outras-especies\/","article_author":"https:\/\/www.facebook.com\/profile.php?id=61559278119680","article_published_time":"2025-10-30T23:30:27+00:00","article_modified_time":"2025-10-30T23:10:01+00:00","og_image":[{"width":620,"height":410,"url":"https:\/\/sulsc.com\/wp-content\/uploads\/2025\/10\/tilapias_20190830_1252940752.jpeg","type":"image\/jpeg"}],"author":"Reda\u00e7\u00e3o Sul SC","twitter_card":"summary_large_image","twitter_creator":"@https:\/\/twitter.com\/PortalSulSC","twitter_misc":{"Written by":"Reda\u00e7\u00e3o Sul SC","Est. reading time":"2 minutes"},"schema":{"@context":"https:\/\/schema.org","@graph":[{"@type":"WebPage","@id":"https:\/\/sulsc.com\/index.php\/2025\/10\/30\/secretaria-da-aquicultura-e-pesca-de-sc-e-contraria-a-proposta-que-pode-afetar-a-cadeia-da-tilapia-ostras-e-outras-especies\/","url":"https:\/\/sulsc.com\/index.php\/2025\/10\/30\/secretaria-da-aquicultura-e-pesca-de-sc-e-contraria-a-proposta-que-pode-afetar-a-cadeia-da-tilapia-ostras-e-outras-especies\/","name":"Secretaria da Aquicultura e Pesca de SC \u00e9 contr\u00e1ria \u00e0 proposta que pode afetar a cadeia da til\u00e1pia, ostras e outras esp\u00e9cies -","isPartOf":{"@id":"https:\/\/sulsc.com\/#website"},"datePublished":"2025-10-30T23:30:27+00:00","dateModified":"2025-10-30T23:10:01+00:00","author":{"@id":"https:\/\/sulsc.com\/#\/schema\/person\/84d2fc571684f6248ba83092f07750a3"},"breadcrumb":{"@id":"https:\/\/sulsc.com\/index.php\/2025\/10\/30\/secretaria-da-aquicultura-e-pesca-de-sc-e-contraria-a-proposta-que-pode-afetar-a-cadeia-da-tilapia-ostras-e-outras-especies\/#breadcrumb"},"inLanguage":"en-US","potentialAction":[{"@type":"ReadAction","target":["https:\/\/sulsc.com\/index.php\/2025\/10\/30\/secretaria-da-aquicultura-e-pesca-de-sc-e-contraria-a-proposta-que-pode-afetar-a-cadeia-da-tilapia-ostras-e-outras-especies\/"]}]},{"@type":"BreadcrumbList","@id":"https:\/\/sulsc.com\/index.php\/2025\/10\/30\/secretaria-da-aquicultura-e-pesca-de-sc-e-contraria-a-proposta-que-pode-afetar-a-cadeia-da-tilapia-ostras-e-outras-especies\/#breadcrumb","itemListElement":[{"@type":"ListItem","position":1,"name":"In\u00edcio","item":"https:\/\/sulsc.com\/"},{"@type":"ListItem","position":2,"name":"Secretaria da Aquicultura e Pesca de SC \u00e9 contr\u00e1ria \u00e0 proposta que pode afetar a cadeia da til\u00e1pia, ostras e outras esp\u00e9cies"}]},{"@type":"WebSite","@id":"https:\/\/sulsc.com\/#website","url":"https:\/\/sulsc.com\/","name":"","description":"","potentialAction":[{"@type":"SearchAction","target":{"@type":"EntryPoint","urlTemplate":"https:\/\/sulsc.com\/?s={search_term_string}"},"query-input":"required name=search_term_string"}],"inLanguage":"en-US"},{"@type":"Person","@id":"https:\/\/sulsc.com\/#\/schema\/person\/84d2fc571684f6248ba83092f07750a3","name":"Reda\u00e7\u00e3o Sul SC","image":{"@type":"ImageObject","inLanguage":"en-US","@id":"https:\/\/sulsc.com\/#\/schema\/person\/image\/e08d7fe2cc4ed596372063bbe852b8d0","url":"https:\/\/sulsc.com\/wp-content\/uploads\/2023\/09\/redacao.png","contentUrl":"https:\/\/sulsc.com\/wp-content\/uploads\/2023\/09\/redacao.png","caption":"Reda\u00e7\u00e3o Sul SC"},"description":"Foco em um jornalismo imparcial, voltado \u00e0 qualidade dos seus conte\u00fados e, assim, levar informa\u00e7\u00e3o de valor que agregue \u00e0 vida dos leitores. Esta \u00e9 grande miss\u00e3o do Portal de Not\u00edcias Sul SC. N\u00e3o \u00e9 quantidade que muda o mundo, sempre foi e seguir\u00e1 sendo qualidade!","sameAs":["https:\/\/sulsc.com\/","https:\/\/www.facebook.com\/profile.php?id=61559278119680","https:\/\/www.instagram.com\/sulscportal\/?hl=pt-br","https:\/\/twitter.com\/https:\/\/twitter.com\/PortalSulSC","https:\/\/www.youtube.com\/channel\/UCv_BE8GeySluDov2n8qhVmw"],"url":"https:\/\/sulsc.com\/index.php\/author\/redacao\/"}]}},"authors":[],"_links":{"self":[{"href":"https:\/\/sulsc.com\/index.php\/wp-json\/wp\/v2\/posts\/29070"}],"collection":[{"href":"https:\/\/sulsc.com\/index.php\/wp-json\/wp\/v2\/posts"}],"about":[{"href":"https:\/\/sulsc.com\/index.php\/wp-json\/wp\/v2\/types\/post"}],"author":[{"embeddable":true,"href":"https:\/\/sulsc.com\/index.php\/wp-json\/wp\/v2\/users\/3"}],"replies":[{"embeddable":true,"href":"https:\/\/sulsc.com\/index.php\/wp-json\/wp\/v2\/comments?post=29070"}],"version-history":[{"count":1,"href":"https:\/\/sulsc.com\/index.php\/wp-json\/wp\/v2\/posts\/29070\/revisions"}],"predecessor-version":[{"id":29072,"href":"https:\/\/sulsc.com\/index.php\/wp-json\/wp\/v2\/posts\/29070\/revisions\/29072"}],"wp:featuredmedia":[{"embeddable":true,"href":"https:\/\/sulsc.com\/index.php\/wp-json\/wp\/v2\/media\/29071"}],"wp:attachment":[{"href":"https:\/\/sulsc.com\/index.php\/wp-json\/wp\/v2\/media?parent=29070"}],"wp:term":[{"taxonomy":"category","embeddable":true,"href":"https:\/\/sulsc.com\/index.php\/wp-json\/wp\/v2\/categories?post=29070"},{"taxonomy":"post_tag","embeddable":true,"href":"https:\/\/sulsc.com\/index.php\/wp-json\/wp\/v2\/tags?post=29070"}],"curies":[{"name":"wp","href":"https:\/\/api.w.org\/{rel}","templated":true}]}}