{"id":29079,"date":"2025-10-31T08:10:05","date_gmt":"2025-10-31T11:10:05","guid":{"rendered":"https:\/\/sulsc.com\/?p=29079"},"modified":"2025-10-31T08:10:05","modified_gmt":"2025-10-31T11:10:05","slug":"mais-um-dia-de-tempo-instavel-e-chuva-na-grande-parte-do-estado","status":"publish","type":"post","link":"https:\/\/sulsc.com\/index.php\/2025\/10\/31\/mais-um-dia-de-tempo-instavel-e-chuva-na-grande-parte-do-estado\/","title":{"rendered":"Mais um dia de tempo inst\u00e1vel e chuva na grande parte do estado"},"content":{"rendered":"<p>A \u00faltima sexta-feira do m\u00eas (31), ser\u00e1 com mais um dia de tempo inst\u00e1vel em SC. Entre os Planaltos e o Litoral a circula\u00e7\u00e3o mar\u00edtima continua mantendo a maior varia\u00e7\u00e3o de nebulosidade e condi\u00e7\u00f5es para chuva fraca e isolada a qualquer momento. A partir da tarde, o aquecimento combinado com a forma\u00e7\u00e3o de um novo sistema de baixa press\u00e3o, favorece a ocorr\u00eancia de pancadas isoladas de chuva com algumas trovoadas, desde o centro at\u00e9 o leste do estado. O risco \u00e9 baixo para ocorr\u00eancias.<\/p>\n<p>No Extremo Oeste e Oeste, o sol aparece entre poucas nuvens e h\u00e1 condi\u00e7\u00f5es para chuva isolada, fraca e passageira \u00e0 tarde.<\/p>\n<p><strong>Temperaturas<\/strong><\/p>\n<p>As temperaturas seguem baixas no amanhecer, com m\u00ednimas entre 11 e 15\u00b0C na maioria das regi\u00f5es, sendo ainda mais baixas na Serra. No Litoral, variam entre 14 e 17\u00b0C. \u00c0 tarde as m\u00e1ximas sobem um pouco mais com rela\u00e7\u00e3o aos dias anteriores, variando entre 17 e 22\u00b0C na maioria das regi\u00f5es, chegando ao 26\u00b0C no Oeste.<\/p>\n<p><img fetchpriority=\"high\" decoding=\"async\" class=\"aligncenter size-full wp-image-29081\" src=\"http:\/\/sulsc.com\/wp-content\/uploads\/2025\/10\/image-280.png\" alt=\"\" width=\"825\" height=\"561\" srcset=\"https:\/\/sulsc.com\/wp-content\/uploads\/2025\/10\/image-280.png 825w, https:\/\/sulsc.com\/wp-content\/uploads\/2025\/10\/image-280-300x204.png 300w, https:\/\/sulsc.com\/wp-content\/uploads\/2025\/10\/image-280-768x522.png 768w\" sizes=\"(max-width: 825px) 100vw, 825px\" \/><\/p>\n<p><img decoding=\"async\" class=\"aligncenter size-full wp-image-22836\" src=\"http:\/\/sulsc.com\/wp-content\/uploads\/2025\/04\/Tempo-2.png\" alt=\"\" width=\"1024\" height=\"189\" srcset=\"https:\/\/sulsc.com\/wp-content\/uploads\/2025\/04\/Tempo-2.png 1024w, https:\/\/sulsc.com\/wp-content\/uploads\/2025\/04\/Tempo-2-300x55.png 300w, https:\/\/sulsc.com\/wp-content\/uploads\/2025\/04\/Tempo-2-768x142.png 768w\" sizes=\"(max-width: 1024px) 100vw, 1024px\" \/><\/p>\n<p><strong>Vento<\/strong>: nordeste, fraco a moderado, com rajadas no litoral.<\/p>\n<p><strong>Sistema predominante<\/strong>: alta press\u00e3o no litoral Sul do Brasil. Cavado (\u00e1rea de baixa press\u00e3o) no oeste de SC.<\/p>\n<div id=\"metaslider-id-25573\" style=\"width: 100%;\" class=\"ml-slider-3-99-0 metaslider metaslider-flex metaslider-25573 ml-slider has-onhover-arrows ms-theme-default-base has-dots-nav\" role=\"region\" aria-label=\"Meio\" data-width=\"1200\">\n    <div id=\"metaslider_container_25573\">\n        <div id=\"metaslider_25573\">\n            <ul class='slides'>\n                <li style=\"display: block; width: 100%;\" class=\"slide-25684 ms-image \" aria-roledescription=\"slide\" data-date=\"2025-07-24 07:55:40\"><img src=\"https:\/\/sulsc.com\/wp-content\/uploads\/2025\/07\/Marr-2-1000x166.jpg\" height=\"200\" width=\"1200\" alt=\"\" class=\"slider-25573 slide-25684 msDefaultImage\" title=\"Marr 2\" \/><\/li>\n                <li style=\"display: none; width: 100%;\" class=\"slide-32412 ms-image \" aria-roledescription=\"slide\" data-date=\"2026-02-18 13:59:46\"><img src=\"https:\/\/sulsc.com\/wp-content\/uploads\/2026\/02\/40dc1580-cad5-4867-bc58-c4243821ad38-1000x166.jpeg\" height=\"200\" width=\"1200\" alt=\"\" class=\"slider-25573 slide-32412 msDefaultImage\" title=\"40dc1580-cad5-4867-bc58-c4243821ad38\" \/><\/li>\n                <li style=\"display: none; width: 100%;\" class=\"slide-32766 ms-image \" aria-roledescription=\"slide\" data-date=\"2026-03-03 17:22:59\"><img src=\"https:\/\/sulsc.com\/wp-content\/uploads\/2026\/03\/271ce739-f268-41c5-8051-3de1a1750359-1000x166.jpeg\" height=\"200\" width=\"1200\" alt=\"\" class=\"slider-25573 slide-32766 msDefaultImage\" title=\"271ce739-f268-41c5-8051-3de1a1750359\" \/><\/li>\n            <\/ul>\n        <\/div>\n        \n    <\/div>\n<\/div>\n<p><strong>J\u00e1 amanh\u00e3 o primeira dia do m\u00eas de novembro S\u00e1bado (01\/11)<\/strong>, teremos um dia de sol entre nuvens em SC. No in\u00edcio do dia, condi\u00e7\u00f5es de chuva fraca na Grande Florian\u00f3polis, Vale do Itaja\u00ed e Litoral Norte. Do Extremo Oeste ao Planalto Norte, pancadas de chuva e trovoadas isoladas entre o fim da manh\u00e3 e tarde devido ao calor e umidade. As temperaturas ficam em eleva\u00e7\u00e3o, com m\u00e1ximas de 25 a 28\u00b0C e vento nordeste, de fraco a moderado, com rajadas no litoral.<\/p>\n<p>Fonte: Defesa Civil &#8211; SC\/Epagri-Ciram<\/p>\n","protected":false},"excerpt":{"rendered":"<p>A \u00faltima sexta-feira do m\u00eas (31), ser\u00e1 com mais um dia de tempo inst\u00e1vel em SC. Entre os Planaltos e o Litoral a circula\u00e7\u00e3o mar\u00edtima continua mantendo a maior varia\u00e7\u00e3o de nebulosidade e condi\u00e7\u00f5es para chuva fraca e isolada a qualquer momento. A partir da tarde, o aquecimento combinado com a forma\u00e7\u00e3o de um novo &hellip;<\/p>\n<p class=\"read-more\"> <a class=\"\" href=\"https:\/\/sulsc.com\/index.php\/2025\/10\/31\/mais-um-dia-de-tempo-instavel-e-chuva-na-grande-parte-do-estado\/\"> <span class=\"screen-reader-text\">Mais um dia de tempo inst\u00e1vel e chuva na grande parte do estado<\/span> Read More &raquo;<\/a><\/p>\n","protected":false},"author":3,"featured_media":13306,"comment_status":"open","ping_status":"open","sticky":false,"template":"","format":"standard","meta":{"site-sidebar-layout":"default","site-content-layout":"","ast-site-content-layout":"default","site-content-style":"default","site-sidebar-style":"default","ast-global-header-display":"","ast-banner-title-visibility":"","ast-main-header-display":"","ast-hfb-above-header-display":"","ast-hfb-below-header-display":"","ast-hfb-mobile-header-display":"","site-post-title":"","ast-breadcrumbs-content":"","ast-featured-img":"","footer-sml-layout":"","theme-transparent-header-meta":"default","adv-header-id-meta":"","stick-header-meta":"","header-above-stick-meta":"","header-main-stick-meta":"","header-below-stick-meta":"","astra-migrate-meta-layouts":"set","footnotes":""},"categories":[2354,2231,1,14,38,12],"tags":[90],"yoast_head":"<!-- This site is optimized with the Yoast SEO plugin v21.4 - https:\/\/yoast.com\/wordpress\/plugins\/seo\/ -->\n<title>Mais um dia de tempo inst\u00e1vel e chuva na grande parte do estado -<\/title>\n<meta name=\"robots\" content=\"index, follow, max-snippet:-1, max-image-preview:large, max-video-preview:-1\" \/>\n<link rel=\"canonical\" href=\"https:\/\/sulsc.com\/index.php\/2025\/10\/31\/mais-um-dia-de-tempo-instavel-e-chuva-na-grande-parte-do-estado\/\" \/>\n<meta property=\"og:locale\" content=\"en_US\" \/>\n<meta property=\"og:type\" content=\"article\" \/>\n<meta property=\"og:title\" content=\"Mais um dia de tempo inst\u00e1vel e chuva na grande parte do estado -\" \/>\n<meta property=\"og:description\" content=\"A \u00faltima sexta-feira do m\u00eas (31), ser\u00e1 com mais um dia de tempo inst\u00e1vel em SC. Entre os Planaltos e o Litoral a circula\u00e7\u00e3o mar\u00edtima continua mantendo a maior varia\u00e7\u00e3o de nebulosidade e condi\u00e7\u00f5es para chuva fraca e isolada a qualquer momento. A partir da tarde, o aquecimento combinado com a forma\u00e7\u00e3o de um novo &hellip; Mais um dia de tempo inst\u00e1vel e chuva na grande parte do estado Read More &raquo;\" \/>\n<meta property=\"og:url\" content=\"https:\/\/sulsc.com\/index.php\/2025\/10\/31\/mais-um-dia-de-tempo-instavel-e-chuva-na-grande-parte-do-estado\/\" \/>\n<meta property=\"article:author\" content=\"https:\/\/www.facebook.com\/profile.php?id=61559278119680\" \/>\n<meta property=\"article:published_time\" content=\"2025-10-31T11:10:05+00:00\" \/>\n<meta property=\"og:image\" content=\"http:\/\/sulsc.com\/wp-content\/uploads\/2024\/06\/tempo.jpg\" \/>\n\t<meta property=\"og:image:width\" content=\"1500\" \/>\n\t<meta property=\"og:image:height\" content=\"1000\" \/>\n\t<meta property=\"og:image:type\" content=\"image\/jpeg\" \/>\n<meta name=\"author\" content=\"Reda\u00e7\u00e3o Sul SC\" \/>\n<meta name=\"twitter:card\" content=\"summary_large_image\" \/>\n<meta name=\"twitter:creator\" content=\"@https:\/\/twitter.com\/PortalSulSC\" \/>\n<meta name=\"twitter:label1\" content=\"Written by\" \/>\n\t<meta name=\"twitter:data1\" content=\"Reda\u00e7\u00e3o Sul SC\" \/>\n\t<meta name=\"twitter:label2\" content=\"Est. reading time\" \/>\n\t<meta name=\"twitter:data2\" content=\"2 minutes\" \/>\n<script type=\"application\/ld+json\" class=\"yoast-schema-graph\">{\"@context\":\"https:\/\/schema.org\",\"@graph\":[{\"@type\":\"WebPage\",\"@id\":\"https:\/\/sulsc.com\/index.php\/2025\/10\/31\/mais-um-dia-de-tempo-instavel-e-chuva-na-grande-parte-do-estado\/\",\"url\":\"https:\/\/sulsc.com\/index.php\/2025\/10\/31\/mais-um-dia-de-tempo-instavel-e-chuva-na-grande-parte-do-estado\/\",\"name\":\"Mais um dia de tempo inst\u00e1vel e chuva na grande parte do estado -\",\"isPartOf\":{\"@id\":\"https:\/\/sulsc.com\/#website\"},\"datePublished\":\"2025-10-31T11:10:05+00:00\",\"dateModified\":\"2025-10-31T11:10:05+00:00\",\"author\":{\"@id\":\"https:\/\/sulsc.com\/#\/schema\/person\/84d2fc571684f6248ba83092f07750a3\"},\"breadcrumb\":{\"@id\":\"https:\/\/sulsc.com\/index.php\/2025\/10\/31\/mais-um-dia-de-tempo-instavel-e-chuva-na-grande-parte-do-estado\/#breadcrumb\"},\"inLanguage\":\"en-US\",\"potentialAction\":[{\"@type\":\"ReadAction\",\"target\":[\"https:\/\/sulsc.com\/index.php\/2025\/10\/31\/mais-um-dia-de-tempo-instavel-e-chuva-na-grande-parte-do-estado\/\"]}]},{\"@type\":\"BreadcrumbList\",\"@id\":\"https:\/\/sulsc.com\/index.php\/2025\/10\/31\/mais-um-dia-de-tempo-instavel-e-chuva-na-grande-parte-do-estado\/#breadcrumb\",\"itemListElement\":[{\"@type\":\"ListItem\",\"position\":1,\"name\":\"In\u00edcio\",\"item\":\"https:\/\/sulsc.com\/\"},{\"@type\":\"ListItem\",\"position\":2,\"name\":\"Mais um dia de tempo inst\u00e1vel e chuva na grande parte do estado\"}]},{\"@type\":\"WebSite\",\"@id\":\"https:\/\/sulsc.com\/#website\",\"url\":\"https:\/\/sulsc.com\/\",\"name\":\"\",\"description\":\"\",\"potentialAction\":[{\"@type\":\"SearchAction\",\"target\":{\"@type\":\"EntryPoint\",\"urlTemplate\":\"https:\/\/sulsc.com\/?s={search_term_string}\"},\"query-input\":\"required name=search_term_string\"}],\"inLanguage\":\"en-US\"},{\"@type\":\"Person\",\"@id\":\"https:\/\/sulsc.com\/#\/schema\/person\/84d2fc571684f6248ba83092f07750a3\",\"name\":\"Reda\u00e7\u00e3o Sul SC\",\"image\":{\"@type\":\"ImageObject\",\"inLanguage\":\"en-US\",\"@id\":\"https:\/\/sulsc.com\/#\/schema\/person\/image\/e08d7fe2cc4ed596372063bbe852b8d0\",\"url\":\"https:\/\/sulsc.com\/wp-content\/uploads\/2023\/09\/redacao.png\",\"contentUrl\":\"https:\/\/sulsc.com\/wp-content\/uploads\/2023\/09\/redacao.png\",\"caption\":\"Reda\u00e7\u00e3o Sul SC\"},\"description\":\"Foco em um jornalismo imparcial, voltado \u00e0 qualidade dos seus conte\u00fados e, assim, levar informa\u00e7\u00e3o de valor que agregue \u00e0 vida dos leitores. Esta \u00e9 grande miss\u00e3o do Portal de Not\u00edcias Sul SC. N\u00e3o \u00e9 quantidade que muda o mundo, sempre foi e seguir\u00e1 sendo qualidade!\",\"sameAs\":[\"https:\/\/sulsc.com\/\",\"https:\/\/www.facebook.com\/profile.php?id=61559278119680\",\"https:\/\/www.instagram.com\/sulscportal\/?hl=pt-br\",\"https:\/\/twitter.com\/https:\/\/twitter.com\/PortalSulSC\",\"https:\/\/www.youtube.com\/channel\/UCv_BE8GeySluDov2n8qhVmw\"],\"url\":\"https:\/\/sulsc.com\/index.php\/author\/redacao\/\"}]}<\/script>\n<!-- \/ Yoast SEO plugin. -->","yoast_head_json":{"title":"Mais um dia de tempo inst\u00e1vel e chuva na grande parte do estado -","robots":{"index":"index","follow":"follow","max-snippet":"max-snippet:-1","max-image-preview":"max-image-preview:large","max-video-preview":"max-video-preview:-1"},"canonical":"https:\/\/sulsc.com\/index.php\/2025\/10\/31\/mais-um-dia-de-tempo-instavel-e-chuva-na-grande-parte-do-estado\/","og_locale":"en_US","og_type":"article","og_title":"Mais um dia de tempo inst\u00e1vel e chuva na grande parte do estado -","og_description":"A \u00faltima sexta-feira do m\u00eas (31), ser\u00e1 com mais um dia de tempo inst\u00e1vel em SC. Entre os Planaltos e o Litoral a circula\u00e7\u00e3o mar\u00edtima continua mantendo a maior varia\u00e7\u00e3o de nebulosidade e condi\u00e7\u00f5es para chuva fraca e isolada a qualquer momento. A partir da tarde, o aquecimento combinado com a forma\u00e7\u00e3o de um novo &hellip; Mais um dia de tempo inst\u00e1vel e chuva na grande parte do estado Read More &raquo;","og_url":"https:\/\/sulsc.com\/index.php\/2025\/10\/31\/mais-um-dia-de-tempo-instavel-e-chuva-na-grande-parte-do-estado\/","article_author":"https:\/\/www.facebook.com\/profile.php?id=61559278119680","article_published_time":"2025-10-31T11:10:05+00:00","og_image":[{"width":1500,"height":1000,"url":"http:\/\/sulsc.com\/wp-content\/uploads\/2024\/06\/tempo.jpg","type":"image\/jpeg"}],"author":"Reda\u00e7\u00e3o Sul SC","twitter_card":"summary_large_image","twitter_creator":"@https:\/\/twitter.com\/PortalSulSC","twitter_misc":{"Written by":"Reda\u00e7\u00e3o Sul SC","Est. reading time":"2 minutes"},"schema":{"@context":"https:\/\/schema.org","@graph":[{"@type":"WebPage","@id":"https:\/\/sulsc.com\/index.php\/2025\/10\/31\/mais-um-dia-de-tempo-instavel-e-chuva-na-grande-parte-do-estado\/","url":"https:\/\/sulsc.com\/index.php\/2025\/10\/31\/mais-um-dia-de-tempo-instavel-e-chuva-na-grande-parte-do-estado\/","name":"Mais um dia de tempo inst\u00e1vel e chuva na grande parte do estado -","isPartOf":{"@id":"https:\/\/sulsc.com\/#website"},"datePublished":"2025-10-31T11:10:05+00:00","dateModified":"2025-10-31T11:10:05+00:00","author":{"@id":"https:\/\/sulsc.com\/#\/schema\/person\/84d2fc571684f6248ba83092f07750a3"},"breadcrumb":{"@id":"https:\/\/sulsc.com\/index.php\/2025\/10\/31\/mais-um-dia-de-tempo-instavel-e-chuva-na-grande-parte-do-estado\/#breadcrumb"},"inLanguage":"en-US","potentialAction":[{"@type":"ReadAction","target":["https:\/\/sulsc.com\/index.php\/2025\/10\/31\/mais-um-dia-de-tempo-instavel-e-chuva-na-grande-parte-do-estado\/"]}]},{"@type":"BreadcrumbList","@id":"https:\/\/sulsc.com\/index.php\/2025\/10\/31\/mais-um-dia-de-tempo-instavel-e-chuva-na-grande-parte-do-estado\/#breadcrumb","itemListElement":[{"@type":"ListItem","position":1,"name":"In\u00edcio","item":"https:\/\/sulsc.com\/"},{"@type":"ListItem","position":2,"name":"Mais um dia de tempo inst\u00e1vel e chuva na grande parte do estado"}]},{"@type":"WebSite","@id":"https:\/\/sulsc.com\/#website","url":"https:\/\/sulsc.com\/","name":"","description":"","potentialAction":[{"@type":"SearchAction","target":{"@type":"EntryPoint","urlTemplate":"https:\/\/sulsc.com\/?s={search_term_string}"},"query-input":"required name=search_term_string"}],"inLanguage":"en-US"},{"@type":"Person","@id":"https:\/\/sulsc.com\/#\/schema\/person\/84d2fc571684f6248ba83092f07750a3","name":"Reda\u00e7\u00e3o Sul SC","image":{"@type":"ImageObject","inLanguage":"en-US","@id":"https:\/\/sulsc.com\/#\/schema\/person\/image\/e08d7fe2cc4ed596372063bbe852b8d0","url":"https:\/\/sulsc.com\/wp-content\/uploads\/2023\/09\/redacao.png","contentUrl":"https:\/\/sulsc.com\/wp-content\/uploads\/2023\/09\/redacao.png","caption":"Reda\u00e7\u00e3o Sul SC"},"description":"Foco em um jornalismo imparcial, voltado \u00e0 qualidade dos seus conte\u00fados e, assim, levar informa\u00e7\u00e3o de valor que agregue \u00e0 vida dos leitores. Esta \u00e9 grande miss\u00e3o do Portal de Not\u00edcias Sul SC. N\u00e3o \u00e9 quantidade que muda o mundo, sempre foi e seguir\u00e1 sendo qualidade!","sameAs":["https:\/\/sulsc.com\/","https:\/\/www.facebook.com\/profile.php?id=61559278119680","https:\/\/www.instagram.com\/sulscportal\/?hl=pt-br","https:\/\/twitter.com\/https:\/\/twitter.com\/PortalSulSC","https:\/\/www.youtube.com\/channel\/UCv_BE8GeySluDov2n8qhVmw"],"url":"https:\/\/sulsc.com\/index.php\/author\/redacao\/"}]}},"authors":[],"_links":{"self":[{"href":"https:\/\/sulsc.com\/index.php\/wp-json\/wp\/v2\/posts\/29079"}],"collection":[{"href":"https:\/\/sulsc.com\/index.php\/wp-json\/wp\/v2\/posts"}],"about":[{"href":"https:\/\/sulsc.com\/index.php\/wp-json\/wp\/v2\/types\/post"}],"author":[{"embeddable":true,"href":"https:\/\/sulsc.com\/index.php\/wp-json\/wp\/v2\/users\/3"}],"replies":[{"embeddable":true,"href":"https:\/\/sulsc.com\/index.php\/wp-json\/wp\/v2\/comments?post=29079"}],"version-history":[{"count":1,"href":"https:\/\/sulsc.com\/index.php\/wp-json\/wp\/v2\/posts\/29079\/revisions"}],"predecessor-version":[{"id":29085,"href":"https:\/\/sulsc.com\/index.php\/wp-json\/wp\/v2\/posts\/29079\/revisions\/29085"}],"wp:featuredmedia":[{"embeddable":true,"href":"https:\/\/sulsc.com\/index.php\/wp-json\/wp\/v2\/media\/13306"}],"wp:attachment":[{"href":"https:\/\/sulsc.com\/index.php\/wp-json\/wp\/v2\/media?parent=29079"}],"wp:term":[{"taxonomy":"category","embeddable":true,"href":"https:\/\/sulsc.com\/index.php\/wp-json\/wp\/v2\/categories?post=29079"},{"taxonomy":"post_tag","embeddable":true,"href":"https:\/\/sulsc.com\/index.php\/wp-json\/wp\/v2\/tags?post=29079"}],"curies":[{"name":"wp","href":"https:\/\/api.w.org\/{rel}","templated":true}]}}