{"id":29084,"date":"2025-10-31T15:00:28","date_gmt":"2025-10-31T18:00:28","guid":{"rendered":"https:\/\/sulsc.com\/?p=29084"},"modified":"2025-10-31T09:33:04","modified_gmt":"2025-10-31T12:33:04","slug":"relatorio-de-balneabilidade-referente-a-semana-de-27-a-31-e-divulgado","status":"publish","type":"post","link":"https:\/\/sulsc.com\/index.php\/2025\/10\/31\/relatorio-de-balneabilidade-referente-a-semana-de-27-a-31-e-divulgado\/","title":{"rendered":"Relat\u00f3rio de balneabilidade referente \u00e0 semana de 27 a 31 \u00e9 divulgado"},"content":{"rendered":"<p>O relat\u00f3rio de balneabilidade com as informa\u00e7\u00f5es referentes \u00e0 semana de 27 a 31 de outubro de 2025, foi divulgado pelo Instituto do Meio Ambiente do Estado de Santa Catarina (IMA). Ao todo foram coletadas nos 238 pontos monitorados pelo Instituto no litoral catarinense.<\/p>\n<p>De acordo com as amostras,\u00a0 186 est\u00e3o pr\u00f3prios para banho, o que representa 78,15%. Em Florian\u00f3polis, dos 87 pontos analisados, 65 est\u00e3o adequados para banho, o que equivale a 74,71%.\u00a0As informa\u00e7\u00f5es e considera\u00e7\u00f5es t\u00e9cnicas do relat\u00f3rio podem ser conferidas na \u00edntegra aqui, <a href=\"https:\/\/balneabilidade.ima.sc.gov.br\/relatorio\/downloadPDF\/2025-10-30\">por meio deste link<\/a>.<\/p>\n<p>No site as informa\u00e7\u00f5es s\u00e3o atualizadas automaticamente e todo cidad\u00e3o pode acompanhar os relat\u00f3rios emitidos, bem como, o resultado mais atualizado da propriedade de cada ponto, basta clicar nas bandeirinhas que aparecem no mapa ou conferir o menu \u2018hist\u00f3rico\u2019.<\/p>\n<p>De outubro a mar\u00e7o, o IMA realiza o monitoramento da balneabilidade das praias catarinenses semanalmente e \u00e0s sextas-feiras, divulga um release com o balan\u00e7o da semana. J\u00e1 entre os meses de abril e setembro, a pesquisa e a divulga\u00e7\u00e3o s\u00e3o mensais.<\/p>\n<div id=\"metaslider-id-25573\" style=\"width: 100%;\" class=\"ml-slider-3-99-0 metaslider metaslider-flex metaslider-25573 ml-slider has-onhover-arrows ms-theme-default-base has-dots-nav\" role=\"region\" aria-label=\"Meio\" data-width=\"1200\">\n    <div id=\"metaslider_container_25573\">\n        <div id=\"metaslider_25573\">\n            <ul class='slides'>\n                <li style=\"display: block; width: 100%;\" class=\"slide-25684 ms-image \" aria-roledescription=\"slide\" data-date=\"2025-07-24 07:55:40\"><img src=\"https:\/\/sulsc.com\/wp-content\/uploads\/2025\/07\/Marr-2-1000x166.jpg\" height=\"200\" width=\"1200\" alt=\"\" class=\"slider-25573 slide-25684 msDefaultImage\" title=\"Marr 2\" \/><\/li>\n                <li style=\"display: none; width: 100%;\" class=\"slide-32412 ms-image \" aria-roledescription=\"slide\" data-date=\"2026-02-18 13:59:46\"><img src=\"https:\/\/sulsc.com\/wp-content\/uploads\/2026\/02\/40dc1580-cad5-4867-bc58-c4243821ad38-1000x166.jpeg\" height=\"200\" width=\"1200\" alt=\"\" class=\"slider-25573 slide-32412 msDefaultImage\" title=\"40dc1580-cad5-4867-bc58-c4243821ad38\" \/><\/li>\n                <li style=\"display: none; width: 100%;\" class=\"slide-32766 ms-image \" aria-roledescription=\"slide\" data-date=\"2026-03-03 17:22:59\"><img src=\"https:\/\/sulsc.com\/wp-content\/uploads\/2026\/03\/271ce739-f268-41c5-8051-3de1a1750359-1000x166.jpeg\" height=\"200\" width=\"1200\" alt=\"\" class=\"slider-25573 slide-32766 msDefaultImage\" title=\"271ce739-f268-41c5-8051-3de1a1750359\" \/><\/li>\n            <\/ul>\n        <\/div>\n        \n    <\/div>\n<\/div>\n<p>&nbsp;<\/p>\n<p><strong>Legisla\u00e7\u00e3o<\/strong><\/p>\n<p>O Programa de Monitoramento da Balneabilidade \u00e9 regulamentado pela Resolu\u00e7\u00e3o do Conselho Nacional do Meio Ambiente (Conama) n\u00ba 274\/2000, que estabelece crit\u00e9rios para a classifica\u00e7\u00e3o das praias como pr\u00f3prias ou impr\u00f3prias para banho, baseado na concentra\u00e7\u00e3o da bact\u00e9ria Escherichia coli.<\/p>\n<p>A \u00e1gua \u00e9 considerada\u00a0pr\u00f3pria quando em 80% ou mais de um conjunto de amostras coletadas nas \u00faltimas 5 semanas anteriores, no mesmo local, houver no m\u00e1ximo 800 Escherichia coli por 100 mililitros. E \u00e9 considerada impr\u00f3pria quando em mais de 20% de um conjunto de amostras coletadas nas \u00faltimas 5 semanas anteriores, no mesmo local, for superior que 800 Escherichia coli por 100 mililitros, ou quando, na \u00faltima coleta, o resultado for superior a 2000 Escherichia coli por 100 mililitros.<\/p>\n<p><img fetchpriority=\"high\" decoding=\"async\" class=\"alignnone size-full wp-image-29087\" src=\"http:\/\/sulsc.com\/wp-content\/uploads\/2025\/10\/praia.jpg\" alt=\"\" width=\"1600\" height=\"1067\" srcset=\"https:\/\/sulsc.com\/wp-content\/uploads\/2025\/10\/praia.jpg 1600w, https:\/\/sulsc.com\/wp-content\/uploads\/2025\/10\/praia-300x200.jpg 300w, https:\/\/sulsc.com\/wp-content\/uploads\/2025\/10\/praia-1024x683.jpg 1024w, https:\/\/sulsc.com\/wp-content\/uploads\/2025\/10\/praia-768x512.jpg 768w, https:\/\/sulsc.com\/wp-content\/uploads\/2025\/10\/praia-1536x1024.jpg 1536w\" sizes=\"(max-width: 1600px) 100vw, 1600px\" \/><\/p>\n","protected":false},"excerpt":{"rendered":"<p>O relat\u00f3rio de balneabilidade com as informa\u00e7\u00f5es referentes \u00e0 semana de 27 a 31 de outubro de 2025, foi divulgado pelo Instituto do Meio Ambiente do Estado de Santa Catarina (IMA). Ao todo foram coletadas nos 238 pontos monitorados pelo Instituto no litoral catarinense. De acordo com as amostras,\u00a0 186 est\u00e3o pr\u00f3prios para banho, o &hellip;<\/p>\n<p class=\"read-more\"> <a class=\"\" href=\"https:\/\/sulsc.com\/index.php\/2025\/10\/31\/relatorio-de-balneabilidade-referente-a-semana-de-27-a-31-e-divulgado\/\"> <span class=\"screen-reader-text\">Relat\u00f3rio de balneabilidade referente \u00e0 semana de 27 a 31 \u00e9 divulgado<\/span> Read More &raquo;<\/a><\/p>\n","protected":false},"author":3,"featured_media":29087,"comment_status":"open","ping_status":"open","sticky":false,"template":"","format":"standard","meta":{"site-sidebar-layout":"default","site-content-layout":"","ast-site-content-layout":"default","site-content-style":"default","site-sidebar-style":"default","ast-global-header-display":"","ast-banner-title-visibility":"","ast-main-header-display":"","ast-hfb-above-header-display":"","ast-hfb-below-header-display":"","ast-hfb-mobile-header-display":"","site-post-title":"","ast-breadcrumbs-content":"","ast-featured-img":"","footer-sml-layout":"","theme-transparent-header-meta":"default","adv-header-id-meta":"","stick-header-meta":"","header-above-stick-meta":"","header-main-stick-meta":"","header-below-stick-meta":"","astra-migrate-meta-layouts":"set","footnotes":""},"categories":[17,14,12],"tags":[376,378,1030,377,379],"yoast_head":"<!-- This site is optimized with the Yoast SEO plugin v21.4 - https:\/\/yoast.com\/wordpress\/plugins\/seo\/ -->\n<title>Relat\u00f3rio de balneabilidade referente \u00e0 semana de 27 a 31 \u00e9 divulgado -<\/title>\n<meta name=\"robots\" content=\"index, follow, max-snippet:-1, max-image-preview:large, max-video-preview:-1\" \/>\n<link rel=\"canonical\" href=\"https:\/\/sulsc.com\/index.php\/2025\/10\/31\/relatorio-de-balneabilidade-referente-a-semana-de-27-a-31-e-divulgado\/\" \/>\n<meta property=\"og:locale\" content=\"en_US\" \/>\n<meta property=\"og:type\" content=\"article\" \/>\n<meta property=\"og:title\" content=\"Relat\u00f3rio de balneabilidade referente \u00e0 semana de 27 a 31 \u00e9 divulgado -\" \/>\n<meta property=\"og:description\" content=\"O relat\u00f3rio de balneabilidade com as informa\u00e7\u00f5es referentes \u00e0 semana de 27 a 31 de outubro de 2025, foi divulgado pelo Instituto do Meio Ambiente do Estado de Santa Catarina (IMA). Ao todo foram coletadas nos 238 pontos monitorados pelo Instituto no litoral catarinense. De acordo com as amostras,\u00a0 186 est\u00e3o pr\u00f3prios para banho, o &hellip; Relat\u00f3rio de balneabilidade referente \u00e0 semana de 27 a 31 \u00e9 divulgado Read More &raquo;\" \/>\n<meta property=\"og:url\" content=\"https:\/\/sulsc.com\/index.php\/2025\/10\/31\/relatorio-de-balneabilidade-referente-a-semana-de-27-a-31-e-divulgado\/\" \/>\n<meta property=\"article:author\" content=\"https:\/\/www.facebook.com\/profile.php?id=61559278119680\" \/>\n<meta property=\"article:published_time\" content=\"2025-10-31T18:00:28+00:00\" \/>\n<meta property=\"article:modified_time\" content=\"2025-10-31T12:33:04+00:00\" \/>\n<meta property=\"og:image\" content=\"https:\/\/sulsc.com\/wp-content\/uploads\/2025\/10\/praia.jpg\" \/>\n\t<meta property=\"og:image:width\" content=\"1600\" \/>\n\t<meta property=\"og:image:height\" content=\"1067\" \/>\n\t<meta property=\"og:image:type\" content=\"image\/jpeg\" \/>\n<meta name=\"author\" content=\"Reda\u00e7\u00e3o Sul SC\" \/>\n<meta name=\"twitter:card\" content=\"summary_large_image\" \/>\n<meta name=\"twitter:creator\" content=\"@https:\/\/twitter.com\/PortalSulSC\" \/>\n<meta name=\"twitter:label1\" content=\"Written by\" \/>\n\t<meta name=\"twitter:data1\" content=\"Reda\u00e7\u00e3o Sul SC\" \/>\n\t<meta name=\"twitter:label2\" content=\"Est. reading time\" \/>\n\t<meta name=\"twitter:data2\" content=\"2 minutes\" \/>\n<script type=\"application\/ld+json\" class=\"yoast-schema-graph\">{\"@context\":\"https:\/\/schema.org\",\"@graph\":[{\"@type\":\"WebPage\",\"@id\":\"https:\/\/sulsc.com\/index.php\/2025\/10\/31\/relatorio-de-balneabilidade-referente-a-semana-de-27-a-31-e-divulgado\/\",\"url\":\"https:\/\/sulsc.com\/index.php\/2025\/10\/31\/relatorio-de-balneabilidade-referente-a-semana-de-27-a-31-e-divulgado\/\",\"name\":\"Relat\u00f3rio de balneabilidade referente \u00e0 semana de 27 a 31 \u00e9 divulgado -\",\"isPartOf\":{\"@id\":\"https:\/\/sulsc.com\/#website\"},\"datePublished\":\"2025-10-31T18:00:28+00:00\",\"dateModified\":\"2025-10-31T12:33:04+00:00\",\"author\":{\"@id\":\"https:\/\/sulsc.com\/#\/schema\/person\/84d2fc571684f6248ba83092f07750a3\"},\"breadcrumb\":{\"@id\":\"https:\/\/sulsc.com\/index.php\/2025\/10\/31\/relatorio-de-balneabilidade-referente-a-semana-de-27-a-31-e-divulgado\/#breadcrumb\"},\"inLanguage\":\"en-US\",\"potentialAction\":[{\"@type\":\"ReadAction\",\"target\":[\"https:\/\/sulsc.com\/index.php\/2025\/10\/31\/relatorio-de-balneabilidade-referente-a-semana-de-27-a-31-e-divulgado\/\"]}]},{\"@type\":\"BreadcrumbList\",\"@id\":\"https:\/\/sulsc.com\/index.php\/2025\/10\/31\/relatorio-de-balneabilidade-referente-a-semana-de-27-a-31-e-divulgado\/#breadcrumb\",\"itemListElement\":[{\"@type\":\"ListItem\",\"position\":1,\"name\":\"In\u00edcio\",\"item\":\"https:\/\/sulsc.com\/\"},{\"@type\":\"ListItem\",\"position\":2,\"name\":\"Relat\u00f3rio de balneabilidade referente \u00e0 semana de 27 a 31 \u00e9 divulgado\"}]},{\"@type\":\"WebSite\",\"@id\":\"https:\/\/sulsc.com\/#website\",\"url\":\"https:\/\/sulsc.com\/\",\"name\":\"\",\"description\":\"\",\"potentialAction\":[{\"@type\":\"SearchAction\",\"target\":{\"@type\":\"EntryPoint\",\"urlTemplate\":\"https:\/\/sulsc.com\/?s={search_term_string}\"},\"query-input\":\"required name=search_term_string\"}],\"inLanguage\":\"en-US\"},{\"@type\":\"Person\",\"@id\":\"https:\/\/sulsc.com\/#\/schema\/person\/84d2fc571684f6248ba83092f07750a3\",\"name\":\"Reda\u00e7\u00e3o Sul SC\",\"image\":{\"@type\":\"ImageObject\",\"inLanguage\":\"en-US\",\"@id\":\"https:\/\/sulsc.com\/#\/schema\/person\/image\/e08d7fe2cc4ed596372063bbe852b8d0\",\"url\":\"https:\/\/sulsc.com\/wp-content\/uploads\/2023\/09\/redacao.png\",\"contentUrl\":\"https:\/\/sulsc.com\/wp-content\/uploads\/2023\/09\/redacao.png\",\"caption\":\"Reda\u00e7\u00e3o Sul SC\"},\"description\":\"Foco em um jornalismo imparcial, voltado \u00e0 qualidade dos seus conte\u00fados e, assim, levar informa\u00e7\u00e3o de valor que agregue \u00e0 vida dos leitores. Esta \u00e9 grande miss\u00e3o do Portal de Not\u00edcias Sul SC. N\u00e3o \u00e9 quantidade que muda o mundo, sempre foi e seguir\u00e1 sendo qualidade!\",\"sameAs\":[\"https:\/\/sulsc.com\/\",\"https:\/\/www.facebook.com\/profile.php?id=61559278119680\",\"https:\/\/www.instagram.com\/sulscportal\/?hl=pt-br\",\"https:\/\/twitter.com\/https:\/\/twitter.com\/PortalSulSC\",\"https:\/\/www.youtube.com\/channel\/UCv_BE8GeySluDov2n8qhVmw\"],\"url\":\"https:\/\/sulsc.com\/index.php\/author\/redacao\/\"}]}<\/script>\n<!-- \/ Yoast SEO plugin. -->","yoast_head_json":{"title":"Relat\u00f3rio de balneabilidade referente \u00e0 semana de 27 a 31 \u00e9 divulgado -","robots":{"index":"index","follow":"follow","max-snippet":"max-snippet:-1","max-image-preview":"max-image-preview:large","max-video-preview":"max-video-preview:-1"},"canonical":"https:\/\/sulsc.com\/index.php\/2025\/10\/31\/relatorio-de-balneabilidade-referente-a-semana-de-27-a-31-e-divulgado\/","og_locale":"en_US","og_type":"article","og_title":"Relat\u00f3rio de balneabilidade referente \u00e0 semana de 27 a 31 \u00e9 divulgado -","og_description":"O relat\u00f3rio de balneabilidade com as informa\u00e7\u00f5es referentes \u00e0 semana de 27 a 31 de outubro de 2025, foi divulgado pelo Instituto do Meio Ambiente do Estado de Santa Catarina (IMA). Ao todo foram coletadas nos 238 pontos monitorados pelo Instituto no litoral catarinense. De acordo com as amostras,\u00a0 186 est\u00e3o pr\u00f3prios para banho, o &hellip; Relat\u00f3rio de balneabilidade referente \u00e0 semana de 27 a 31 \u00e9 divulgado Read More &raquo;","og_url":"https:\/\/sulsc.com\/index.php\/2025\/10\/31\/relatorio-de-balneabilidade-referente-a-semana-de-27-a-31-e-divulgado\/","article_author":"https:\/\/www.facebook.com\/profile.php?id=61559278119680","article_published_time":"2025-10-31T18:00:28+00:00","article_modified_time":"2025-10-31T12:33:04+00:00","og_image":[{"width":1600,"height":1067,"url":"https:\/\/sulsc.com\/wp-content\/uploads\/2025\/10\/praia.jpg","type":"image\/jpeg"}],"author":"Reda\u00e7\u00e3o Sul SC","twitter_card":"summary_large_image","twitter_creator":"@https:\/\/twitter.com\/PortalSulSC","twitter_misc":{"Written by":"Reda\u00e7\u00e3o Sul SC","Est. reading time":"2 minutes"},"schema":{"@context":"https:\/\/schema.org","@graph":[{"@type":"WebPage","@id":"https:\/\/sulsc.com\/index.php\/2025\/10\/31\/relatorio-de-balneabilidade-referente-a-semana-de-27-a-31-e-divulgado\/","url":"https:\/\/sulsc.com\/index.php\/2025\/10\/31\/relatorio-de-balneabilidade-referente-a-semana-de-27-a-31-e-divulgado\/","name":"Relat\u00f3rio de balneabilidade referente \u00e0 semana de 27 a 31 \u00e9 divulgado -","isPartOf":{"@id":"https:\/\/sulsc.com\/#website"},"datePublished":"2025-10-31T18:00:28+00:00","dateModified":"2025-10-31T12:33:04+00:00","author":{"@id":"https:\/\/sulsc.com\/#\/schema\/person\/84d2fc571684f6248ba83092f07750a3"},"breadcrumb":{"@id":"https:\/\/sulsc.com\/index.php\/2025\/10\/31\/relatorio-de-balneabilidade-referente-a-semana-de-27-a-31-e-divulgado\/#breadcrumb"},"inLanguage":"en-US","potentialAction":[{"@type":"ReadAction","target":["https:\/\/sulsc.com\/index.php\/2025\/10\/31\/relatorio-de-balneabilidade-referente-a-semana-de-27-a-31-e-divulgado\/"]}]},{"@type":"BreadcrumbList","@id":"https:\/\/sulsc.com\/index.php\/2025\/10\/31\/relatorio-de-balneabilidade-referente-a-semana-de-27-a-31-e-divulgado\/#breadcrumb","itemListElement":[{"@type":"ListItem","position":1,"name":"In\u00edcio","item":"https:\/\/sulsc.com\/"},{"@type":"ListItem","position":2,"name":"Relat\u00f3rio de balneabilidade referente \u00e0 semana de 27 a 31 \u00e9 divulgado"}]},{"@type":"WebSite","@id":"https:\/\/sulsc.com\/#website","url":"https:\/\/sulsc.com\/","name":"","description":"","potentialAction":[{"@type":"SearchAction","target":{"@type":"EntryPoint","urlTemplate":"https:\/\/sulsc.com\/?s={search_term_string}"},"query-input":"required name=search_term_string"}],"inLanguage":"en-US"},{"@type":"Person","@id":"https:\/\/sulsc.com\/#\/schema\/person\/84d2fc571684f6248ba83092f07750a3","name":"Reda\u00e7\u00e3o Sul SC","image":{"@type":"ImageObject","inLanguage":"en-US","@id":"https:\/\/sulsc.com\/#\/schema\/person\/image\/e08d7fe2cc4ed596372063bbe852b8d0","url":"https:\/\/sulsc.com\/wp-content\/uploads\/2023\/09\/redacao.png","contentUrl":"https:\/\/sulsc.com\/wp-content\/uploads\/2023\/09\/redacao.png","caption":"Reda\u00e7\u00e3o Sul SC"},"description":"Foco em um jornalismo imparcial, voltado \u00e0 qualidade dos seus conte\u00fados e, assim, levar informa\u00e7\u00e3o de valor que agregue \u00e0 vida dos leitores. Esta \u00e9 grande miss\u00e3o do Portal de Not\u00edcias Sul SC. N\u00e3o \u00e9 quantidade que muda o mundo, sempre foi e seguir\u00e1 sendo qualidade!","sameAs":["https:\/\/sulsc.com\/","https:\/\/www.facebook.com\/profile.php?id=61559278119680","https:\/\/www.instagram.com\/sulscportal\/?hl=pt-br","https:\/\/twitter.com\/https:\/\/twitter.com\/PortalSulSC","https:\/\/www.youtube.com\/channel\/UCv_BE8GeySluDov2n8qhVmw"],"url":"https:\/\/sulsc.com\/index.php\/author\/redacao\/"}]}},"authors":[],"_links":{"self":[{"href":"https:\/\/sulsc.com\/index.php\/wp-json\/wp\/v2\/posts\/29084"}],"collection":[{"href":"https:\/\/sulsc.com\/index.php\/wp-json\/wp\/v2\/posts"}],"about":[{"href":"https:\/\/sulsc.com\/index.php\/wp-json\/wp\/v2\/types\/post"}],"author":[{"embeddable":true,"href":"https:\/\/sulsc.com\/index.php\/wp-json\/wp\/v2\/users\/3"}],"replies":[{"embeddable":true,"href":"https:\/\/sulsc.com\/index.php\/wp-json\/wp\/v2\/comments?post=29084"}],"version-history":[{"count":1,"href":"https:\/\/sulsc.com\/index.php\/wp-json\/wp\/v2\/posts\/29084\/revisions"}],"predecessor-version":[{"id":29089,"href":"https:\/\/sulsc.com\/index.php\/wp-json\/wp\/v2\/posts\/29084\/revisions\/29089"}],"wp:featuredmedia":[{"embeddable":true,"href":"https:\/\/sulsc.com\/index.php\/wp-json\/wp\/v2\/media\/29087"}],"wp:attachment":[{"href":"https:\/\/sulsc.com\/index.php\/wp-json\/wp\/v2\/media?parent=29084"}],"wp:term":[{"taxonomy":"category","embeddable":true,"href":"https:\/\/sulsc.com\/index.php\/wp-json\/wp\/v2\/categories?post=29084"},{"taxonomy":"post_tag","embeddable":true,"href":"https:\/\/sulsc.com\/index.php\/wp-json\/wp\/v2\/tags?post=29084"}],"curies":[{"name":"wp","href":"https:\/\/api.w.org\/{rel}","templated":true}]}}