{"id":2910,"date":"2023-10-26T12:00:22","date_gmt":"2023-10-26T15:00:22","guid":{"rendered":"https:\/\/sulsc.com\/?p=2910"},"modified":"2023-10-26T08:49:31","modified_gmt":"2023-10-26T11:49:31","slug":"outubro-rosa-caminhada-sera-realizada-nesta-quinta-feira-26-em-capivari-de-baixo","status":"publish","type":"post","link":"https:\/\/sulsc.com\/index.php\/2023\/10\/26\/outubro-rosa-caminhada-sera-realizada-nesta-quinta-feira-26-em-capivari-de-baixo\/","title":{"rendered":"Outubro Rosa: caminhada ser\u00e1 realizada nesta quinta-feira (26), em Capivari de Baixo"},"content":{"rendered":"<p>Uma caminhada em alus\u00e3o ao Outubro Rosa ocorrer\u00e1 nesta quinta-feira (26), em Capivari de Baixo. A concentra\u00e7\u00e3o ser\u00e1 no Centro de Conviv\u00eancia da Terceira Idade, de onde as participantes sair\u00e3o \u00e0s 15h. A iniciativa \u00e9 da Secretaria de Desenvolvimento Social do munic\u00edpio.<\/p>\n<p>O grupo percorrer\u00e1 algumas ruas da cidade com o intuito de chamar a aten\u00e7\u00e3o para a preven\u00e7\u00e3o contra o c\u00e2ncer de mama. A caminhada seguir\u00e1 at\u00e9 o Centro Social Padre Hil\u00e1rio Puziski, onde haver\u00e1 uma celebra\u00e7\u00e3o pela esperan\u00e7a e a gratid\u00e3o.\u00a0O evento envolver\u00e1 todas as participantes dos Grupos de Idosos e de Mulheres de Capivari de Baixo, e \u00e9 aberto a todos os interessados.<\/p>\n<p>Vale ressaltar que o Outubro Rosa tem o objetivo de compartilhar informa\u00e7\u00f5es e promover a conscientiza\u00e7\u00e3o sobre o c\u00e2ncer de mama. A mobiliza\u00e7\u00e3o busca proporcionar maior acesso aos servi\u00e7os de diagn\u00f3stico e de tratamento, al\u00e9m de contribuir para a redu\u00e7\u00e3o da mortalidade. O c\u00e2ncer de mama \u00e9 o tipo que mais acomete mulheres em todo o mundo.<\/p>\n<p><img fetchpriority=\"high\" decoding=\"async\" class=\"alignnone size-full wp-image-2911\" src=\"http:\/\/sulsc.com\/wp-content\/uploads\/2023\/10\/caminhada-outubro-rosa-800x445-1.png\" alt=\"\" width=\"800\" height=\"445\" srcset=\"https:\/\/sulsc.com\/wp-content\/uploads\/2023\/10\/caminhada-outubro-rosa-800x445-1.png 800w, https:\/\/sulsc.com\/wp-content\/uploads\/2023\/10\/caminhada-outubro-rosa-800x445-1-300x167.png 300w, https:\/\/sulsc.com\/wp-content\/uploads\/2023\/10\/caminhada-outubro-rosa-800x445-1-768x427.png 768w\" sizes=\"(max-width: 800px) 100vw, 800px\" \/><\/p>\n<p>Fonte: Pref. Capivari de Baixo<\/p>\n","protected":false},"excerpt":{"rendered":"<p>Uma caminhada em alus\u00e3o ao Outubro Rosa ocorrer\u00e1 nesta quinta-feira (26), em Capivari de Baixo. A concentra\u00e7\u00e3o ser\u00e1 no Centro de Conviv\u00eancia da Terceira Idade, de onde as participantes sair\u00e3o \u00e0s 15h. A iniciativa \u00e9 da Secretaria de Desenvolvimento Social do munic\u00edpio. O grupo percorrer\u00e1 algumas ruas da cidade com o intuito de chamar a &hellip;<\/p>\n<p class=\"read-more\"> <a class=\"\" href=\"https:\/\/sulsc.com\/index.php\/2023\/10\/26\/outubro-rosa-caminhada-sera-realizada-nesta-quinta-feira-26-em-capivari-de-baixo\/\"> <span class=\"screen-reader-text\">Outubro Rosa: caminhada ser\u00e1 realizada nesta quinta-feira (26), em Capivari de Baixo<\/span> Read More &raquo;<\/a><\/p>\n","protected":false},"author":3,"featured_media":2912,"comment_status":"open","ping_status":"open","sticky":false,"template":"","format":"standard","meta":{"site-sidebar-layout":"default","site-content-layout":"","ast-site-content-layout":"default","site-content-style":"default","site-sidebar-style":"default","ast-global-header-display":"","ast-banner-title-visibility":"","ast-main-header-display":"","ast-hfb-above-header-display":"","ast-hfb-below-header-display":"","ast-hfb-mobile-header-display":"","site-post-title":"","ast-breadcrumbs-content":"","ast-featured-img":"","footer-sml-layout":"","theme-transparent-header-meta":"default","adv-header-id-meta":"","stick-header-meta":"","header-above-stick-meta":"","header-main-stick-meta":"","header-below-stick-meta":"","astra-migrate-meta-layouts":"set","footnotes":""},"categories":[42,1],"tags":[],"yoast_head":"<!-- This site is optimized with the Yoast SEO plugin v21.4 - https:\/\/yoast.com\/wordpress\/plugins\/seo\/ -->\n<title>Outubro Rosa: caminhada ser\u00e1 realizada nesta quinta-feira (26), em Capivari de Baixo -<\/title>\n<meta name=\"robots\" content=\"index, follow, max-snippet:-1, max-image-preview:large, max-video-preview:-1\" \/>\n<link rel=\"canonical\" href=\"https:\/\/sulsc.com\/index.php\/2023\/10\/26\/outubro-rosa-caminhada-sera-realizada-nesta-quinta-feira-26-em-capivari-de-baixo\/\" \/>\n<meta property=\"og:locale\" content=\"en_US\" \/>\n<meta property=\"og:type\" content=\"article\" \/>\n<meta property=\"og:title\" content=\"Outubro Rosa: caminhada ser\u00e1 realizada nesta quinta-feira (26), em Capivari de Baixo -\" \/>\n<meta property=\"og:description\" content=\"Uma caminhada em alus\u00e3o ao Outubro Rosa ocorrer\u00e1 nesta quinta-feira (26), em Capivari de Baixo. A concentra\u00e7\u00e3o ser\u00e1 no Centro de Conviv\u00eancia da Terceira Idade, de onde as participantes sair\u00e3o \u00e0s 15h. A iniciativa \u00e9 da Secretaria de Desenvolvimento Social do munic\u00edpio. O grupo percorrer\u00e1 algumas ruas da cidade com o intuito de chamar a &hellip; Outubro Rosa: caminhada ser\u00e1 realizada nesta quinta-feira (26), em Capivari de Baixo Read More &raquo;\" \/>\n<meta property=\"og:url\" content=\"https:\/\/sulsc.com\/index.php\/2023\/10\/26\/outubro-rosa-caminhada-sera-realizada-nesta-quinta-feira-26-em-capivari-de-baixo\/\" \/>\n<meta property=\"article:author\" content=\"https:\/\/www.facebook.com\/profile.php?id=61559278119680\" \/>\n<meta property=\"article:published_time\" content=\"2023-10-26T15:00:22+00:00\" \/>\n<meta property=\"article:modified_time\" content=\"2023-10-26T11:49:31+00:00\" \/>\n<meta property=\"og:image\" content=\"https:\/\/sulsc.com\/wp-content\/uploads\/2023\/10\/caminhada-outubro-rosa-scaled.jpg\" \/>\n\t<meta property=\"og:image:width\" content=\"2560\" \/>\n\t<meta property=\"og:image:height\" content=\"1709\" \/>\n\t<meta property=\"og:image:type\" content=\"image\/jpeg\" \/>\n<meta name=\"author\" content=\"Reda\u00e7\u00e3o Sul SC\" \/>\n<meta name=\"twitter:card\" content=\"summary_large_image\" \/>\n<meta name=\"twitter:creator\" content=\"@https:\/\/twitter.com\/PortalSulSC\" \/>\n<meta name=\"twitter:label1\" content=\"Written by\" \/>\n\t<meta name=\"twitter:data1\" content=\"Reda\u00e7\u00e3o Sul SC\" \/>\n\t<meta name=\"twitter:label2\" content=\"Est. reading time\" \/>\n\t<meta name=\"twitter:data2\" content=\"2 minutes\" \/>\n<script type=\"application\/ld+json\" class=\"yoast-schema-graph\">{\"@context\":\"https:\/\/schema.org\",\"@graph\":[{\"@type\":\"WebPage\",\"@id\":\"https:\/\/sulsc.com\/index.php\/2023\/10\/26\/outubro-rosa-caminhada-sera-realizada-nesta-quinta-feira-26-em-capivari-de-baixo\/\",\"url\":\"https:\/\/sulsc.com\/index.php\/2023\/10\/26\/outubro-rosa-caminhada-sera-realizada-nesta-quinta-feira-26-em-capivari-de-baixo\/\",\"name\":\"Outubro Rosa: caminhada ser\u00e1 realizada nesta quinta-feira (26), em Capivari de Baixo -\",\"isPartOf\":{\"@id\":\"https:\/\/sulsc.com\/#website\"},\"datePublished\":\"2023-10-26T15:00:22+00:00\",\"dateModified\":\"2023-10-26T11:49:31+00:00\",\"author\":{\"@id\":\"https:\/\/sulsc.com\/#\/schema\/person\/84d2fc571684f6248ba83092f07750a3\"},\"breadcrumb\":{\"@id\":\"https:\/\/sulsc.com\/index.php\/2023\/10\/26\/outubro-rosa-caminhada-sera-realizada-nesta-quinta-feira-26-em-capivari-de-baixo\/#breadcrumb\"},\"inLanguage\":\"en-US\",\"potentialAction\":[{\"@type\":\"ReadAction\",\"target\":[\"https:\/\/sulsc.com\/index.php\/2023\/10\/26\/outubro-rosa-caminhada-sera-realizada-nesta-quinta-feira-26-em-capivari-de-baixo\/\"]}]},{\"@type\":\"BreadcrumbList\",\"@id\":\"https:\/\/sulsc.com\/index.php\/2023\/10\/26\/outubro-rosa-caminhada-sera-realizada-nesta-quinta-feira-26-em-capivari-de-baixo\/#breadcrumb\",\"itemListElement\":[{\"@type\":\"ListItem\",\"position\":1,\"name\":\"In\u00edcio\",\"item\":\"https:\/\/sulsc.com\/\"},{\"@type\":\"ListItem\",\"position\":2,\"name\":\"Outubro Rosa: caminhada ser\u00e1 realizada nesta quinta-feira (26), em Capivari de Baixo\"}]},{\"@type\":\"WebSite\",\"@id\":\"https:\/\/sulsc.com\/#website\",\"url\":\"https:\/\/sulsc.com\/\",\"name\":\"\",\"description\":\"\",\"potentialAction\":[{\"@type\":\"SearchAction\",\"target\":{\"@type\":\"EntryPoint\",\"urlTemplate\":\"https:\/\/sulsc.com\/?s={search_term_string}\"},\"query-input\":\"required name=search_term_string\"}],\"inLanguage\":\"en-US\"},{\"@type\":\"Person\",\"@id\":\"https:\/\/sulsc.com\/#\/schema\/person\/84d2fc571684f6248ba83092f07750a3\",\"name\":\"Reda\u00e7\u00e3o Sul SC\",\"image\":{\"@type\":\"ImageObject\",\"inLanguage\":\"en-US\",\"@id\":\"https:\/\/sulsc.com\/#\/schema\/person\/image\/e08d7fe2cc4ed596372063bbe852b8d0\",\"url\":\"https:\/\/sulsc.com\/wp-content\/uploads\/2023\/09\/redacao.png\",\"contentUrl\":\"https:\/\/sulsc.com\/wp-content\/uploads\/2023\/09\/redacao.png\",\"caption\":\"Reda\u00e7\u00e3o Sul SC\"},\"description\":\"Foco em um jornalismo imparcial, voltado \u00e0 qualidade dos seus conte\u00fados e, assim, levar informa\u00e7\u00e3o de valor que agregue \u00e0 vida dos leitores. Esta \u00e9 grande miss\u00e3o do Portal de Not\u00edcias Sul SC. N\u00e3o \u00e9 quantidade que muda o mundo, sempre foi e seguir\u00e1 sendo qualidade!\",\"sameAs\":[\"https:\/\/sulsc.com\/\",\"https:\/\/www.facebook.com\/profile.php?id=61559278119680\",\"https:\/\/www.instagram.com\/sulscportal\/?hl=pt-br\",\"https:\/\/twitter.com\/https:\/\/twitter.com\/PortalSulSC\",\"https:\/\/www.youtube.com\/channel\/UCv_BE8GeySluDov2n8qhVmw\"],\"url\":\"https:\/\/sulsc.com\/index.php\/author\/redacao\/\"}]}<\/script>\n<!-- \/ Yoast SEO plugin. -->","yoast_head_json":{"title":"Outubro Rosa: caminhada ser\u00e1 realizada nesta quinta-feira (26), em Capivari de Baixo -","robots":{"index":"index","follow":"follow","max-snippet":"max-snippet:-1","max-image-preview":"max-image-preview:large","max-video-preview":"max-video-preview:-1"},"canonical":"https:\/\/sulsc.com\/index.php\/2023\/10\/26\/outubro-rosa-caminhada-sera-realizada-nesta-quinta-feira-26-em-capivari-de-baixo\/","og_locale":"en_US","og_type":"article","og_title":"Outubro Rosa: caminhada ser\u00e1 realizada nesta quinta-feira (26), em Capivari de Baixo -","og_description":"Uma caminhada em alus\u00e3o ao Outubro Rosa ocorrer\u00e1 nesta quinta-feira (26), em Capivari de Baixo. A concentra\u00e7\u00e3o ser\u00e1 no Centro de Conviv\u00eancia da Terceira Idade, de onde as participantes sair\u00e3o \u00e0s 15h. A iniciativa \u00e9 da Secretaria de Desenvolvimento Social do munic\u00edpio. O grupo percorrer\u00e1 algumas ruas da cidade com o intuito de chamar a &hellip; Outubro Rosa: caminhada ser\u00e1 realizada nesta quinta-feira (26), em Capivari de Baixo Read More &raquo;","og_url":"https:\/\/sulsc.com\/index.php\/2023\/10\/26\/outubro-rosa-caminhada-sera-realizada-nesta-quinta-feira-26-em-capivari-de-baixo\/","article_author":"https:\/\/www.facebook.com\/profile.php?id=61559278119680","article_published_time":"2023-10-26T15:00:22+00:00","article_modified_time":"2023-10-26T11:49:31+00:00","og_image":[{"width":2560,"height":1709,"url":"https:\/\/sulsc.com\/wp-content\/uploads\/2023\/10\/caminhada-outubro-rosa-scaled.jpg","type":"image\/jpeg"}],"author":"Reda\u00e7\u00e3o Sul SC","twitter_card":"summary_large_image","twitter_creator":"@https:\/\/twitter.com\/PortalSulSC","twitter_misc":{"Written by":"Reda\u00e7\u00e3o Sul SC","Est. reading time":"2 minutes"},"schema":{"@context":"https:\/\/schema.org","@graph":[{"@type":"WebPage","@id":"https:\/\/sulsc.com\/index.php\/2023\/10\/26\/outubro-rosa-caminhada-sera-realizada-nesta-quinta-feira-26-em-capivari-de-baixo\/","url":"https:\/\/sulsc.com\/index.php\/2023\/10\/26\/outubro-rosa-caminhada-sera-realizada-nesta-quinta-feira-26-em-capivari-de-baixo\/","name":"Outubro Rosa: caminhada ser\u00e1 realizada nesta quinta-feira (26), em Capivari de Baixo -","isPartOf":{"@id":"https:\/\/sulsc.com\/#website"},"datePublished":"2023-10-26T15:00:22+00:00","dateModified":"2023-10-26T11:49:31+00:00","author":{"@id":"https:\/\/sulsc.com\/#\/schema\/person\/84d2fc571684f6248ba83092f07750a3"},"breadcrumb":{"@id":"https:\/\/sulsc.com\/index.php\/2023\/10\/26\/outubro-rosa-caminhada-sera-realizada-nesta-quinta-feira-26-em-capivari-de-baixo\/#breadcrumb"},"inLanguage":"en-US","potentialAction":[{"@type":"ReadAction","target":["https:\/\/sulsc.com\/index.php\/2023\/10\/26\/outubro-rosa-caminhada-sera-realizada-nesta-quinta-feira-26-em-capivari-de-baixo\/"]}]},{"@type":"BreadcrumbList","@id":"https:\/\/sulsc.com\/index.php\/2023\/10\/26\/outubro-rosa-caminhada-sera-realizada-nesta-quinta-feira-26-em-capivari-de-baixo\/#breadcrumb","itemListElement":[{"@type":"ListItem","position":1,"name":"In\u00edcio","item":"https:\/\/sulsc.com\/"},{"@type":"ListItem","position":2,"name":"Outubro Rosa: caminhada ser\u00e1 realizada nesta quinta-feira (26), em Capivari de Baixo"}]},{"@type":"WebSite","@id":"https:\/\/sulsc.com\/#website","url":"https:\/\/sulsc.com\/","name":"","description":"","potentialAction":[{"@type":"SearchAction","target":{"@type":"EntryPoint","urlTemplate":"https:\/\/sulsc.com\/?s={search_term_string}"},"query-input":"required name=search_term_string"}],"inLanguage":"en-US"},{"@type":"Person","@id":"https:\/\/sulsc.com\/#\/schema\/person\/84d2fc571684f6248ba83092f07750a3","name":"Reda\u00e7\u00e3o Sul SC","image":{"@type":"ImageObject","inLanguage":"en-US","@id":"https:\/\/sulsc.com\/#\/schema\/person\/image\/e08d7fe2cc4ed596372063bbe852b8d0","url":"https:\/\/sulsc.com\/wp-content\/uploads\/2023\/09\/redacao.png","contentUrl":"https:\/\/sulsc.com\/wp-content\/uploads\/2023\/09\/redacao.png","caption":"Reda\u00e7\u00e3o Sul SC"},"description":"Foco em um jornalismo imparcial, voltado \u00e0 qualidade dos seus conte\u00fados e, assim, levar informa\u00e7\u00e3o de valor que agregue \u00e0 vida dos leitores. Esta \u00e9 grande miss\u00e3o do Portal de Not\u00edcias Sul SC. N\u00e3o \u00e9 quantidade que muda o mundo, sempre foi e seguir\u00e1 sendo qualidade!","sameAs":["https:\/\/sulsc.com\/","https:\/\/www.facebook.com\/profile.php?id=61559278119680","https:\/\/www.instagram.com\/sulscportal\/?hl=pt-br","https:\/\/twitter.com\/https:\/\/twitter.com\/PortalSulSC","https:\/\/www.youtube.com\/channel\/UCv_BE8GeySluDov2n8qhVmw"],"url":"https:\/\/sulsc.com\/index.php\/author\/redacao\/"}]}},"authors":[],"_links":{"self":[{"href":"https:\/\/sulsc.com\/index.php\/wp-json\/wp\/v2\/posts\/2910"}],"collection":[{"href":"https:\/\/sulsc.com\/index.php\/wp-json\/wp\/v2\/posts"}],"about":[{"href":"https:\/\/sulsc.com\/index.php\/wp-json\/wp\/v2\/types\/post"}],"author":[{"embeddable":true,"href":"https:\/\/sulsc.com\/index.php\/wp-json\/wp\/v2\/users\/3"}],"replies":[{"embeddable":true,"href":"https:\/\/sulsc.com\/index.php\/wp-json\/wp\/v2\/comments?post=2910"}],"version-history":[{"count":2,"href":"https:\/\/sulsc.com\/index.php\/wp-json\/wp\/v2\/posts\/2910\/revisions"}],"predecessor-version":[{"id":2914,"href":"https:\/\/sulsc.com\/index.php\/wp-json\/wp\/v2\/posts\/2910\/revisions\/2914"}],"wp:featuredmedia":[{"embeddable":true,"href":"https:\/\/sulsc.com\/index.php\/wp-json\/wp\/v2\/media\/2912"}],"wp:attachment":[{"href":"https:\/\/sulsc.com\/index.php\/wp-json\/wp\/v2\/media?parent=2910"}],"wp:term":[{"taxonomy":"category","embeddable":true,"href":"https:\/\/sulsc.com\/index.php\/wp-json\/wp\/v2\/categories?post=2910"},{"taxonomy":"post_tag","embeddable":true,"href":"https:\/\/sulsc.com\/index.php\/wp-json\/wp\/v2\/tags?post=2910"}],"curies":[{"name":"wp","href":"https:\/\/api.w.org\/{rel}","templated":true}]}}