{"id":29140,"date":"2025-11-02T11:07:17","date_gmt":"2025-11-02T14:07:17","guid":{"rendered":"https:\/\/sulsc.com\/?p=29140"},"modified":"2025-11-02T11:09:38","modified_gmt":"2025-11-02T14:09:38","slug":"defesa-civil-de-sc-emite-alerta-para-temporais-para-o-final-do-dia-deste-domingo-e-amanha-segunda-feira-03-11","status":"publish","type":"post","link":"https:\/\/sulsc.com\/index.php\/2025\/11\/02\/defesa-civil-de-sc-emite-alerta-para-temporais-para-o-final-do-dia-deste-domingo-e-amanha-segunda-feira-03-11\/","title":{"rendered":"Defesa Civil de SC emite alerta para temporais para o final do dia deste domingo e amanh\u00e3 segunda-feira (03\/11)"},"content":{"rendered":"<p>A Defesa Civil -SC emitiu um aviso meteorol\u00f3gico nesta manh\u00e3 alertando que entre este domingo (02\/11) e a segunda-feira (03\/11), \u00e1reas de instabilidade associadas a uma baixa press\u00e3o mant\u00e9m a condi\u00e7\u00e3o para a forma\u00e7\u00e3o de temporais isolados por todas as regi\u00f5es do estado. Estes temporais podem ser pontualmente intensos, acompanhados por raios, rajadas de vento e eventual queda de granizo, trazendo risco moderado nas \u00e1reas em amarelo e baixo nas \u00e1reas em verde para ocorr\u00eancias associadas a alagamentos, queda de galhos, destelhamentos e danos na rede el\u00e9trica.<\/p>\n<p><img fetchpriority=\"high\" decoding=\"async\" class=\"aligncenter size-full wp-image-29141\" src=\"http:\/\/sulsc.com\/wp-content\/uploads\/2025\/11\/image-3-1024x541-1.png\" alt=\"\" width=\"1024\" height=\"541\" srcset=\"https:\/\/sulsc.com\/wp-content\/uploads\/2025\/11\/image-3-1024x541-1.png 1024w, https:\/\/sulsc.com\/wp-content\/uploads\/2025\/11\/image-3-1024x541-1-300x158.png 300w, https:\/\/sulsc.com\/wp-content\/uploads\/2025\/11\/image-3-1024x541-1-768x406.png 768w\" sizes=\"(max-width: 1024px) 100vw, 1024px\" \/><\/p>\n<p><strong>Defesa Civil &#8211; SC\/Divulga\u00e7\u00e3o\/SulSC<\/strong><\/p>\n<p>Entre o final da tarde e a noite do domingo (02\/11) os temporais come\u00e7am mais isolados e de forma passageira em \u00e1reas do norte catarinense. J\u00e1 entre a madrugada e manh\u00e3 da segunda-feira (03\/11) um novo ciclo de temporais come\u00e7a entre o Oeste e os Planaltos, nas \u00e1reas de divisa com o RS, avan\u00e7ando para o Vale do Itaja\u00ed e o Litoral no decorrer do dia.<\/p>\n<p>O dia neste domingo (02\/11), ser\u00e1 de condi\u00e7\u00f5es de chuva, da Grande Florian\u00f3polis ao sul do estado. Mas com menor intensidade no in\u00edcio e final do dia.<\/p>\n<div id=\"metaslider-id-25573\" style=\"width: 100%;\" class=\"ml-slider-3-99-0 metaslider metaslider-flex metaslider-25573 ml-slider has-onhover-arrows ms-theme-default-base has-dots-nav\" role=\"region\" aria-label=\"Meio\" data-width=\"1200\">\n    <div id=\"metaslider_container_25573\">\n        <div id=\"metaslider_25573\">\n            <ul class='slides'>\n                <li style=\"display: block; width: 100%;\" class=\"slide-25684 ms-image \" aria-roledescription=\"slide\" data-date=\"2025-07-24 07:55:40\"><img src=\"https:\/\/sulsc.com\/wp-content\/uploads\/2025\/07\/Marr-2-1000x166.jpg\" height=\"200\" width=\"1200\" alt=\"\" class=\"slider-25573 slide-25684 msDefaultImage\" title=\"Marr 2\" \/><\/li>\n                <li style=\"display: none; width: 100%;\" class=\"slide-32412 ms-image \" aria-roledescription=\"slide\" data-date=\"2026-02-18 13:59:46\"><img src=\"https:\/\/sulsc.com\/wp-content\/uploads\/2026\/02\/40dc1580-cad5-4867-bc58-c4243821ad38-1000x166.jpeg\" height=\"200\" width=\"1200\" alt=\"\" class=\"slider-25573 slide-32412 msDefaultImage\" title=\"40dc1580-cad5-4867-bc58-c4243821ad38\" \/><\/li>\n                <li style=\"display: none; width: 100%;\" class=\"slide-32766 ms-image \" aria-roledescription=\"slide\" data-date=\"2026-03-03 17:22:59\"><img src=\"https:\/\/sulsc.com\/wp-content\/uploads\/2026\/03\/271ce739-f268-41c5-8051-3de1a1750359-1000x166.jpeg\" height=\"200\" width=\"1200\" alt=\"\" class=\"slider-25573 slide-32766 msDefaultImage\" title=\"271ce739-f268-41c5-8051-3de1a1750359\" \/><\/li>\n            <\/ul>\n        <\/div>\n        \n    <\/div>\n<\/div>\n<p><strong>Temperaturas<\/strong><\/p>\n<p>\u00c0 tarde, as m\u00e1ximas variam entre 26 e 28\u00b0C no Oeste e Litoral Sul e de 23 a 26\u00b0C nas demais regi\u00f5es. O vento predomina de nordeste e com intensidade fraca a moderada e com rajadas nas \u00e1reas altas do estado.<\/p>\n<p><strong>Ventos:<\/strong> predom\u00ednio de nordeste, fraco a moderado, com rajadas.<\/p>\n<p><strong>Sistema predominante:<\/strong> baixa press\u00e3o influenciando SC.<\/p>\n<p><img decoding=\"async\" class=\"aligncenter size-full wp-image-29142\" src=\"http:\/\/sulsc.com\/wp-content\/uploads\/2025\/11\/Captura-de-tela-2025-11-01-023649-1024x701-1.png\" alt=\"\" width=\"1024\" height=\"701\" srcset=\"https:\/\/sulsc.com\/wp-content\/uploads\/2025\/11\/Captura-de-tela-2025-11-01-023649-1024x701-1.png 1024w, https:\/\/sulsc.com\/wp-content\/uploads\/2025\/11\/Captura-de-tela-2025-11-01-023649-1024x701-1-300x205.png 300w, https:\/\/sulsc.com\/wp-content\/uploads\/2025\/11\/Captura-de-tela-2025-11-01-023649-1024x701-1-768x526.png 768w\" sizes=\"(max-width: 1024px) 100vw, 1024px\" \/><\/p>\n<p><img decoding=\"async\" class=\"aligncenter size-full wp-image-22836\" src=\"http:\/\/sulsc.com\/wp-content\/uploads\/2025\/04\/Tempo-2.png\" alt=\"\" width=\"1024\" height=\"189\" srcset=\"https:\/\/sulsc.com\/wp-content\/uploads\/2025\/04\/Tempo-2.png 1024w, https:\/\/sulsc.com\/wp-content\/uploads\/2025\/04\/Tempo-2-300x55.png 300w, https:\/\/sulsc.com\/wp-content\/uploads\/2025\/04\/Tempo-2-768x142.png 768w\" sizes=\"(max-width: 1024px) 100vw, 1024px\" \/><\/p>\n<p><strong>Amanh\u00e3 a segunda-feira (03\/11)<\/strong>, o tempo ser\u00e1 inst\u00e1vel com predom\u00ednio de nuvens e chuva em SC, no decorrer do dia, com risco de temporais isolados especialmente no oeste e sul do estado. As temperaturas ficam elevadas, com ar abafado e m\u00e1ximas de 23 a 29\u00b0C.\u00a0Ventos, ser\u00e3o de nordeste a noroeste, fraco a moderado, com rajadas.<\/p>\n<p>Fonte: Defesa Civil-SC\/Epagri-Ciram<\/p>\n","protected":false},"excerpt":{"rendered":"<p>A Defesa Civil -SC emitiu um aviso meteorol\u00f3gico nesta manh\u00e3 alertando que entre este domingo (02\/11) e a segunda-feira (03\/11), \u00e1reas de instabilidade associadas a uma baixa press\u00e3o mant\u00e9m a condi\u00e7\u00e3o para a forma\u00e7\u00e3o de temporais isolados por todas as regi\u00f5es do estado. Estes temporais podem ser pontualmente intensos, acompanhados por raios, rajadas de vento &hellip;<\/p>\n<p class=\"read-more\"> <a class=\"\" href=\"https:\/\/sulsc.com\/index.php\/2025\/11\/02\/defesa-civil-de-sc-emite-alerta-para-temporais-para-o-final-do-dia-deste-domingo-e-amanha-segunda-feira-03-11\/\"> <span class=\"screen-reader-text\">Defesa Civil de SC emite alerta para temporais para o final do dia deste domingo e amanh\u00e3 segunda-feira (03\/11)<\/span> Read More &raquo;<\/a><\/p>\n","protected":false},"author":3,"featured_media":1471,"comment_status":"open","ping_status":"open","sticky":false,"template":"","format":"standard","meta":{"site-sidebar-layout":"default","site-content-layout":"","ast-site-content-layout":"default","site-content-style":"default","site-sidebar-style":"default","ast-global-header-display":"","ast-banner-title-visibility":"","ast-main-header-display":"","ast-hfb-above-header-display":"","ast-hfb-below-header-display":"","ast-hfb-mobile-header-display":"","site-post-title":"","ast-breadcrumbs-content":"","ast-featured-img":"","footer-sml-layout":"","theme-transparent-header-meta":"default","adv-header-id-meta":"","stick-header-meta":"","header-above-stick-meta":"","header-main-stick-meta":"","header-below-stick-meta":"","astra-migrate-meta-layouts":"set","footnotes":""},"categories":[2354,2231,1,38,12],"tags":[1013],"yoast_head":"<!-- This site is optimized with the Yoast SEO plugin v21.4 - https:\/\/yoast.com\/wordpress\/plugins\/seo\/ -->\n<title>Defesa Civil de SC emite alerta para temporais para o final do dia deste domingo e amanh\u00e3 segunda-feira (03\/11) -<\/title>\n<meta name=\"robots\" content=\"index, follow, max-snippet:-1, max-image-preview:large, max-video-preview:-1\" \/>\n<link rel=\"canonical\" href=\"https:\/\/sulsc.com\/index.php\/2025\/11\/02\/defesa-civil-de-sc-emite-alerta-para-temporais-para-o-final-do-dia-deste-domingo-e-amanha-segunda-feira-03-11\/\" \/>\n<meta property=\"og:locale\" content=\"en_US\" \/>\n<meta property=\"og:type\" content=\"article\" \/>\n<meta property=\"og:title\" content=\"Defesa Civil de SC emite alerta para temporais para o final do dia deste domingo e amanh\u00e3 segunda-feira (03\/11) -\" \/>\n<meta property=\"og:description\" content=\"A Defesa Civil -SC emitiu um aviso meteorol\u00f3gico nesta manh\u00e3 alertando que entre este domingo (02\/11) e a segunda-feira (03\/11), \u00e1reas de instabilidade associadas a uma baixa press\u00e3o mant\u00e9m a condi\u00e7\u00e3o para a forma\u00e7\u00e3o de temporais isolados por todas as regi\u00f5es do estado. Estes temporais podem ser pontualmente intensos, acompanhados por raios, rajadas de vento &hellip; Defesa Civil de SC emite alerta para temporais para o final do dia deste domingo e amanh\u00e3 segunda-feira (03\/11) Read More &raquo;\" \/>\n<meta property=\"og:url\" content=\"https:\/\/sulsc.com\/index.php\/2025\/11\/02\/defesa-civil-de-sc-emite-alerta-para-temporais-para-o-final-do-dia-deste-domingo-e-amanha-segunda-feira-03-11\/\" \/>\n<meta property=\"article:author\" content=\"https:\/\/www.facebook.com\/profile.php?id=61559278119680\" \/>\n<meta property=\"article:published_time\" content=\"2025-11-02T14:07:17+00:00\" \/>\n<meta property=\"article:modified_time\" content=\"2025-11-02T14:09:38+00:00\" \/>\n<meta property=\"og:image\" content=\"http:\/\/sulsc.com\/wp-content\/uploads\/2023\/09\/temporal-scaled.jpg\" \/>\n\t<meta property=\"og:image:width\" content=\"2560\" \/>\n\t<meta property=\"og:image:height\" content=\"2106\" \/>\n\t<meta property=\"og:image:type\" content=\"image\/jpeg\" \/>\n<meta name=\"author\" content=\"Reda\u00e7\u00e3o Sul SC\" \/>\n<meta name=\"twitter:card\" content=\"summary_large_image\" \/>\n<meta name=\"twitter:creator\" content=\"@https:\/\/twitter.com\/PortalSulSC\" \/>\n<meta name=\"twitter:label1\" content=\"Written by\" \/>\n\t<meta name=\"twitter:data1\" content=\"Reda\u00e7\u00e3o Sul SC\" \/>\n\t<meta name=\"twitter:label2\" content=\"Est. reading time\" \/>\n\t<meta name=\"twitter:data2\" content=\"2 minutes\" \/>\n<script type=\"application\/ld+json\" class=\"yoast-schema-graph\">{\"@context\":\"https:\/\/schema.org\",\"@graph\":[{\"@type\":\"WebPage\",\"@id\":\"https:\/\/sulsc.com\/index.php\/2025\/11\/02\/defesa-civil-de-sc-emite-alerta-para-temporais-para-o-final-do-dia-deste-domingo-e-amanha-segunda-feira-03-11\/\",\"url\":\"https:\/\/sulsc.com\/index.php\/2025\/11\/02\/defesa-civil-de-sc-emite-alerta-para-temporais-para-o-final-do-dia-deste-domingo-e-amanha-segunda-feira-03-11\/\",\"name\":\"Defesa Civil de SC emite alerta para temporais para o final do dia deste domingo e amanh\u00e3 segunda-feira (03\/11) -\",\"isPartOf\":{\"@id\":\"https:\/\/sulsc.com\/#website\"},\"datePublished\":\"2025-11-02T14:07:17+00:00\",\"dateModified\":\"2025-11-02T14:09:38+00:00\",\"author\":{\"@id\":\"https:\/\/sulsc.com\/#\/schema\/person\/84d2fc571684f6248ba83092f07750a3\"},\"breadcrumb\":{\"@id\":\"https:\/\/sulsc.com\/index.php\/2025\/11\/02\/defesa-civil-de-sc-emite-alerta-para-temporais-para-o-final-do-dia-deste-domingo-e-amanha-segunda-feira-03-11\/#breadcrumb\"},\"inLanguage\":\"en-US\",\"potentialAction\":[{\"@type\":\"ReadAction\",\"target\":[\"https:\/\/sulsc.com\/index.php\/2025\/11\/02\/defesa-civil-de-sc-emite-alerta-para-temporais-para-o-final-do-dia-deste-domingo-e-amanha-segunda-feira-03-11\/\"]}]},{\"@type\":\"BreadcrumbList\",\"@id\":\"https:\/\/sulsc.com\/index.php\/2025\/11\/02\/defesa-civil-de-sc-emite-alerta-para-temporais-para-o-final-do-dia-deste-domingo-e-amanha-segunda-feira-03-11\/#breadcrumb\",\"itemListElement\":[{\"@type\":\"ListItem\",\"position\":1,\"name\":\"In\u00edcio\",\"item\":\"https:\/\/sulsc.com\/\"},{\"@type\":\"ListItem\",\"position\":2,\"name\":\"Defesa Civil de SC emite alerta para temporais para o final do dia deste domingo e amanh\u00e3 segunda-feira (03\/11)\"}]},{\"@type\":\"WebSite\",\"@id\":\"https:\/\/sulsc.com\/#website\",\"url\":\"https:\/\/sulsc.com\/\",\"name\":\"\",\"description\":\"\",\"potentialAction\":[{\"@type\":\"SearchAction\",\"target\":{\"@type\":\"EntryPoint\",\"urlTemplate\":\"https:\/\/sulsc.com\/?s={search_term_string}\"},\"query-input\":\"required name=search_term_string\"}],\"inLanguage\":\"en-US\"},{\"@type\":\"Person\",\"@id\":\"https:\/\/sulsc.com\/#\/schema\/person\/84d2fc571684f6248ba83092f07750a3\",\"name\":\"Reda\u00e7\u00e3o Sul SC\",\"image\":{\"@type\":\"ImageObject\",\"inLanguage\":\"en-US\",\"@id\":\"https:\/\/sulsc.com\/#\/schema\/person\/image\/e08d7fe2cc4ed596372063bbe852b8d0\",\"url\":\"https:\/\/sulsc.com\/wp-content\/uploads\/2023\/09\/redacao.png\",\"contentUrl\":\"https:\/\/sulsc.com\/wp-content\/uploads\/2023\/09\/redacao.png\",\"caption\":\"Reda\u00e7\u00e3o Sul SC\"},\"description\":\"Foco em um jornalismo imparcial, voltado \u00e0 qualidade dos seus conte\u00fados e, assim, levar informa\u00e7\u00e3o de valor que agregue \u00e0 vida dos leitores. Esta \u00e9 grande miss\u00e3o do Portal de Not\u00edcias Sul SC. N\u00e3o \u00e9 quantidade que muda o mundo, sempre foi e seguir\u00e1 sendo qualidade!\",\"sameAs\":[\"https:\/\/sulsc.com\/\",\"https:\/\/www.facebook.com\/profile.php?id=61559278119680\",\"https:\/\/www.instagram.com\/sulscportal\/?hl=pt-br\",\"https:\/\/twitter.com\/https:\/\/twitter.com\/PortalSulSC\",\"https:\/\/www.youtube.com\/channel\/UCv_BE8GeySluDov2n8qhVmw\"],\"url\":\"https:\/\/sulsc.com\/index.php\/author\/redacao\/\"}]}<\/script>\n<!-- \/ Yoast SEO plugin. -->","yoast_head_json":{"title":"Defesa Civil de SC emite alerta para temporais para o final do dia deste domingo e amanh\u00e3 segunda-feira (03\/11) -","robots":{"index":"index","follow":"follow","max-snippet":"max-snippet:-1","max-image-preview":"max-image-preview:large","max-video-preview":"max-video-preview:-1"},"canonical":"https:\/\/sulsc.com\/index.php\/2025\/11\/02\/defesa-civil-de-sc-emite-alerta-para-temporais-para-o-final-do-dia-deste-domingo-e-amanha-segunda-feira-03-11\/","og_locale":"en_US","og_type":"article","og_title":"Defesa Civil de SC emite alerta para temporais para o final do dia deste domingo e amanh\u00e3 segunda-feira (03\/11) -","og_description":"A Defesa Civil -SC emitiu um aviso meteorol\u00f3gico nesta manh\u00e3 alertando que entre este domingo (02\/11) e a segunda-feira (03\/11), \u00e1reas de instabilidade associadas a uma baixa press\u00e3o mant\u00e9m a condi\u00e7\u00e3o para a forma\u00e7\u00e3o de temporais isolados por todas as regi\u00f5es do estado. Estes temporais podem ser pontualmente intensos, acompanhados por raios, rajadas de vento &hellip; Defesa Civil de SC emite alerta para temporais para o final do dia deste domingo e amanh\u00e3 segunda-feira (03\/11) Read More &raquo;","og_url":"https:\/\/sulsc.com\/index.php\/2025\/11\/02\/defesa-civil-de-sc-emite-alerta-para-temporais-para-o-final-do-dia-deste-domingo-e-amanha-segunda-feira-03-11\/","article_author":"https:\/\/www.facebook.com\/profile.php?id=61559278119680","article_published_time":"2025-11-02T14:07:17+00:00","article_modified_time":"2025-11-02T14:09:38+00:00","og_image":[{"width":2560,"height":2106,"url":"http:\/\/sulsc.com\/wp-content\/uploads\/2023\/09\/temporal-scaled.jpg","type":"image\/jpeg"}],"author":"Reda\u00e7\u00e3o Sul SC","twitter_card":"summary_large_image","twitter_creator":"@https:\/\/twitter.com\/PortalSulSC","twitter_misc":{"Written by":"Reda\u00e7\u00e3o Sul SC","Est. reading time":"2 minutes"},"schema":{"@context":"https:\/\/schema.org","@graph":[{"@type":"WebPage","@id":"https:\/\/sulsc.com\/index.php\/2025\/11\/02\/defesa-civil-de-sc-emite-alerta-para-temporais-para-o-final-do-dia-deste-domingo-e-amanha-segunda-feira-03-11\/","url":"https:\/\/sulsc.com\/index.php\/2025\/11\/02\/defesa-civil-de-sc-emite-alerta-para-temporais-para-o-final-do-dia-deste-domingo-e-amanha-segunda-feira-03-11\/","name":"Defesa Civil de SC emite alerta para temporais para o final do dia deste domingo e amanh\u00e3 segunda-feira (03\/11) -","isPartOf":{"@id":"https:\/\/sulsc.com\/#website"},"datePublished":"2025-11-02T14:07:17+00:00","dateModified":"2025-11-02T14:09:38+00:00","author":{"@id":"https:\/\/sulsc.com\/#\/schema\/person\/84d2fc571684f6248ba83092f07750a3"},"breadcrumb":{"@id":"https:\/\/sulsc.com\/index.php\/2025\/11\/02\/defesa-civil-de-sc-emite-alerta-para-temporais-para-o-final-do-dia-deste-domingo-e-amanha-segunda-feira-03-11\/#breadcrumb"},"inLanguage":"en-US","potentialAction":[{"@type":"ReadAction","target":["https:\/\/sulsc.com\/index.php\/2025\/11\/02\/defesa-civil-de-sc-emite-alerta-para-temporais-para-o-final-do-dia-deste-domingo-e-amanha-segunda-feira-03-11\/"]}]},{"@type":"BreadcrumbList","@id":"https:\/\/sulsc.com\/index.php\/2025\/11\/02\/defesa-civil-de-sc-emite-alerta-para-temporais-para-o-final-do-dia-deste-domingo-e-amanha-segunda-feira-03-11\/#breadcrumb","itemListElement":[{"@type":"ListItem","position":1,"name":"In\u00edcio","item":"https:\/\/sulsc.com\/"},{"@type":"ListItem","position":2,"name":"Defesa Civil de SC emite alerta para temporais para o final do dia deste domingo e amanh\u00e3 segunda-feira (03\/11)"}]},{"@type":"WebSite","@id":"https:\/\/sulsc.com\/#website","url":"https:\/\/sulsc.com\/","name":"","description":"","potentialAction":[{"@type":"SearchAction","target":{"@type":"EntryPoint","urlTemplate":"https:\/\/sulsc.com\/?s={search_term_string}"},"query-input":"required name=search_term_string"}],"inLanguage":"en-US"},{"@type":"Person","@id":"https:\/\/sulsc.com\/#\/schema\/person\/84d2fc571684f6248ba83092f07750a3","name":"Reda\u00e7\u00e3o Sul SC","image":{"@type":"ImageObject","inLanguage":"en-US","@id":"https:\/\/sulsc.com\/#\/schema\/person\/image\/e08d7fe2cc4ed596372063bbe852b8d0","url":"https:\/\/sulsc.com\/wp-content\/uploads\/2023\/09\/redacao.png","contentUrl":"https:\/\/sulsc.com\/wp-content\/uploads\/2023\/09\/redacao.png","caption":"Reda\u00e7\u00e3o Sul SC"},"description":"Foco em um jornalismo imparcial, voltado \u00e0 qualidade dos seus conte\u00fados e, assim, levar informa\u00e7\u00e3o de valor que agregue \u00e0 vida dos leitores. Esta \u00e9 grande miss\u00e3o do Portal de Not\u00edcias Sul SC. N\u00e3o \u00e9 quantidade que muda o mundo, sempre foi e seguir\u00e1 sendo qualidade!","sameAs":["https:\/\/sulsc.com\/","https:\/\/www.facebook.com\/profile.php?id=61559278119680","https:\/\/www.instagram.com\/sulscportal\/?hl=pt-br","https:\/\/twitter.com\/https:\/\/twitter.com\/PortalSulSC","https:\/\/www.youtube.com\/channel\/UCv_BE8GeySluDov2n8qhVmw"],"url":"https:\/\/sulsc.com\/index.php\/author\/redacao\/"}]}},"authors":[],"_links":{"self":[{"href":"https:\/\/sulsc.com\/index.php\/wp-json\/wp\/v2\/posts\/29140"}],"collection":[{"href":"https:\/\/sulsc.com\/index.php\/wp-json\/wp\/v2\/posts"}],"about":[{"href":"https:\/\/sulsc.com\/index.php\/wp-json\/wp\/v2\/types\/post"}],"author":[{"embeddable":true,"href":"https:\/\/sulsc.com\/index.php\/wp-json\/wp\/v2\/users\/3"}],"replies":[{"embeddable":true,"href":"https:\/\/sulsc.com\/index.php\/wp-json\/wp\/v2\/comments?post=29140"}],"version-history":[{"count":1,"href":"https:\/\/sulsc.com\/index.php\/wp-json\/wp\/v2\/posts\/29140\/revisions"}],"predecessor-version":[{"id":29143,"href":"https:\/\/sulsc.com\/index.php\/wp-json\/wp\/v2\/posts\/29140\/revisions\/29143"}],"wp:featuredmedia":[{"embeddable":true,"href":"https:\/\/sulsc.com\/index.php\/wp-json\/wp\/v2\/media\/1471"}],"wp:attachment":[{"href":"https:\/\/sulsc.com\/index.php\/wp-json\/wp\/v2\/media?parent=29140"}],"wp:term":[{"taxonomy":"category","embeddable":true,"href":"https:\/\/sulsc.com\/index.php\/wp-json\/wp\/v2\/categories?post=29140"},{"taxonomy":"post_tag","embeddable":true,"href":"https:\/\/sulsc.com\/index.php\/wp-json\/wp\/v2\/tags?post=29140"}],"curies":[{"name":"wp","href":"https:\/\/api.w.org\/{rel}","templated":true}]}}