{"id":29160,"date":"2025-11-03T17:08:30","date_gmt":"2025-11-03T20:08:30","guid":{"rendered":"https:\/\/sulsc.com\/?p=29160"},"modified":"2025-11-03T17:08:30","modified_gmt":"2025-11-03T20:08:30","slug":"fatos-na-cidade-estrada-geral-de-campos-verdes-em-laguna-esta-intransitavel","status":"publish","type":"post","link":"https:\/\/sulsc.com\/index.php\/2025\/11\/03\/fatos-na-cidade-estrada-geral-de-campos-verdes-em-laguna-esta-intransitavel\/","title":{"rendered":"Fatos na Cidade &#8211; Estrada geral de Campos Verdes em Laguna esta intransit\u00e1vel"},"content":{"rendered":"<p>A comunidade de Campos Verdes, em Laguna, est\u00e1 indignada e preocupada com o estado de abandono da estrada que corta a localidade. Buracos do in\u00edcio ao fim, em ambos os sentidos, tornam o tr\u00e1fego praticamente intransit\u00e1vel. Moradores afirmam que o descaso da administra\u00e7\u00e3o atual com a infraestrutura da regi\u00e3o \u00e9 revoltante.<\/p>\n<div id=\"metaslider-id-25573\" style=\"width: 100%;\" class=\"ml-slider-3-99-0 metaslider metaslider-flex metaslider-25573 ml-slider has-onhover-arrows ms-theme-default-base has-dots-nav\" role=\"region\" aria-label=\"Meio\" data-width=\"1200\">\n    <div id=\"metaslider_container_25573\">\n        <div id=\"metaslider_25573\">\n            <ul class='slides'>\n                <li style=\"display: block; width: 100%;\" class=\"slide-25684 ms-image \" aria-roledescription=\"slide\" data-date=\"2025-07-24 07:55:40\"><img src=\"https:\/\/sulsc.com\/wp-content\/uploads\/2025\/07\/Marr-2-1000x166.jpg\" height=\"200\" width=\"1200\" alt=\"\" class=\"slider-25573 slide-25684 msDefaultImage\" title=\"Marr 2\" \/><\/li>\n                <li style=\"display: none; width: 100%;\" class=\"slide-32412 ms-image \" aria-roledescription=\"slide\" data-date=\"2026-02-18 13:59:46\"><img src=\"https:\/\/sulsc.com\/wp-content\/uploads\/2026\/02\/40dc1580-cad5-4867-bc58-c4243821ad38-1000x166.jpeg\" height=\"200\" width=\"1200\" alt=\"\" class=\"slider-25573 slide-32412 msDefaultImage\" title=\"40dc1580-cad5-4867-bc58-c4243821ad38\" \/><\/li>\n                <li style=\"display: none; width: 100%;\" class=\"slide-32766 ms-image \" aria-roledescription=\"slide\" data-date=\"2026-03-03 17:22:59\"><img src=\"https:\/\/sulsc.com\/wp-content\/uploads\/2026\/03\/271ce739-f268-41c5-8051-3de1a1750359-1000x166.jpeg\" height=\"200\" width=\"1200\" alt=\"\" class=\"slider-25573 slide-32766 msDefaultImage\" title=\"271ce739-f268-41c5-8051-3de1a1750359\" \/><\/li>\n            <\/ul>\n        <\/div>\n        \n    <\/div>\n<\/div>\n<p>A preocupa\u00e7\u00e3o vai al\u00e9m da dificuldade de locomo\u00e7\u00e3o. Um morador relatou o risco \u00e0 sa\u00fade p\u00fablica: <strong>&#8220;<\/strong>J\u00e1 pensou se uma ambul\u00e2ncia precisa fazer um socorro pra algu\u00e9m da comunidade? Se for motivo de urg\u00eancia a pessoa com certeza n\u00e3o chegar\u00e1 a tempo no hospital, com essas estradas nesse abandono.<strong>&#8220;<\/strong><\/p>\n<p><img fetchpriority=\"high\" decoding=\"async\" class=\"aligncenter size-full wp-image-29167\" src=\"http:\/\/sulsc.com\/wp-content\/uploads\/2025\/11\/5ebff5a0-07fa-46da-93e2-6c83bc9796ee.jpeg\" alt=\"\" width=\"918\" height=\"1542\" srcset=\"https:\/\/sulsc.com\/wp-content\/uploads\/2025\/11\/5ebff5a0-07fa-46da-93e2-6c83bc9796ee.jpeg 918w, https:\/\/sulsc.com\/wp-content\/uploads\/2025\/11\/5ebff5a0-07fa-46da-93e2-6c83bc9796ee-179x300.jpeg 179w, https:\/\/sulsc.com\/wp-content\/uploads\/2025\/11\/5ebff5a0-07fa-46da-93e2-6c83bc9796ee-610x1024.jpeg 610w, https:\/\/sulsc.com\/wp-content\/uploads\/2025\/11\/5ebff5a0-07fa-46da-93e2-6c83bc9796ee-768x1290.jpeg 768w, https:\/\/sulsc.com\/wp-content\/uploads\/2025\/11\/5ebff5a0-07fa-46da-93e2-6c83bc9796ee-914x1536.jpeg 914w\" sizes=\"(max-width: 918px) 100vw, 918px\" \/><\/p>\n<p><strong>Fotos\/SulSC<\/strong><\/p>\n<p>Segundo os moradores, diversos pedidos de manuten\u00e7\u00e3o do acesso j\u00e1 foram encaminhados \u00e0 Secretaria de Obras e Transporte de Laguna. Em contato com o Portal SulSC, o Secret\u00e1rio de Obras e Transporte, Alexandre Tomazelli, explicou que a empresa Confer, respons\u00e1vel pela pavimenta\u00e7\u00e3o da Rodovia Ageu Madeiros e com base operacional na comunidade, assumiu junto \u00e0 secretaria o compromisso de dar total manuten\u00e7\u00e3o no patrolamento da estrada geral durante a execu\u00e7\u00e3o da obra estadual.<\/p>\n<p><img decoding=\"async\" class=\"aligncenter size-full wp-image-29168\" src=\"http:\/\/sulsc.com\/wp-content\/uploads\/2025\/11\/7917c5c2-acdc-48c3-bb0e-e53b11ffae98.jpeg\" alt=\"\" width=\"900\" height=\"1600\" srcset=\"https:\/\/sulsc.com\/wp-content\/uploads\/2025\/11\/7917c5c2-acdc-48c3-bb0e-e53b11ffae98.jpeg 900w, https:\/\/sulsc.com\/wp-content\/uploads\/2025\/11\/7917c5c2-acdc-48c3-bb0e-e53b11ffae98-169x300.jpeg 169w, https:\/\/sulsc.com\/wp-content\/uploads\/2025\/11\/7917c5c2-acdc-48c3-bb0e-e53b11ffae98-576x1024.jpeg 576w, https:\/\/sulsc.com\/wp-content\/uploads\/2025\/11\/7917c5c2-acdc-48c3-bb0e-e53b11ffae98-768x1365.jpeg 768w, https:\/\/sulsc.com\/wp-content\/uploads\/2025\/11\/7917c5c2-acdc-48c3-bb0e-e53b11ffae98-864x1536.jpeg 864w\" sizes=\"(max-width: 900px) 100vw, 900px\" \/><\/p>\n<p><strong>Imagem do servi\u00e7o de patrolamento em 12 de setembro executado pela secretaria de Obras e Transporte de Laguna. Foto\/Secretaria de Obras<\/strong><\/p>\n<p>Tomazelli acrescentou que sua secretaria executou um servi\u00e7o de patrolamento e reposi\u00e7\u00e3o de saibro (are\u00e3o) em pontos necess\u00e1rios no dia 12 de setembro. <strong>&#8220;<\/strong>Por mais que a empresa Confer assumiu a manuten\u00e7\u00e3o da via, j\u00e1 que a situa\u00e7\u00e3o chegou a este ponto, vou colocar no cronograma da secretaria de obras para que nos pr\u00f3ximos dez dias nossas equipes fa\u00e7am a recupera\u00e7\u00e3o total da estrada geral de Campos Verdes<strong>&#8220;, finalizou o secret\u00e1rio.<\/strong><\/p>\n<p>Os moradores tamb\u00e9m relataram que a estrada geral est\u00e1 com um movimento intenso de caminh\u00f5es pesados de empresa Confer, e pedem ao Prefeito Peterson Crippa que a estrada tenha uma manuten\u00e7\u00e3o mais efetiva da empresa ou da pr\u00f3pria prefeitura.<\/p>\n","protected":false},"excerpt":{"rendered":"<p>A comunidade de Campos Verdes, em Laguna, est\u00e1 indignada e preocupada com o estado de abandono da estrada que corta a localidade. Buracos do in\u00edcio ao fim, em ambos os sentidos, tornam o tr\u00e1fego praticamente intransit\u00e1vel. Moradores afirmam que o descaso da administra\u00e7\u00e3o atual com a infraestrutura da regi\u00e3o \u00e9 revoltante. A preocupa\u00e7\u00e3o vai al\u00e9m &hellip;<\/p>\n<p class=\"read-more\"> <a class=\"\" href=\"https:\/\/sulsc.com\/index.php\/2025\/11\/03\/fatos-na-cidade-estrada-geral-de-campos-verdes-em-laguna-esta-intransitavel\/\"> <span class=\"screen-reader-text\">Fatos na Cidade &#8211; Estrada geral de Campos Verdes em Laguna esta intransit\u00e1vel<\/span> Read More &raquo;<\/a><\/p>\n","protected":false},"author":3,"featured_media":29169,"comment_status":"open","ping_status":"open","sticky":false,"template":"","format":"standard","meta":{"site-sidebar-layout":"default","site-content-layout":"","ast-site-content-layout":"default","site-content-style":"default","site-sidebar-style":"default","ast-global-header-display":"","ast-banner-title-visibility":"","ast-main-header-display":"","ast-hfb-above-header-display":"","ast-hfb-below-header-display":"","ast-hfb-mobile-header-display":"","site-post-title":"","ast-breadcrumbs-content":"","ast-featured-img":"","footer-sml-layout":"","theme-transparent-header-meta":"default","adv-header-id-meta":"","stick-header-meta":"","header-above-stick-meta":"","header-main-stick-meta":"","header-below-stick-meta":"","astra-migrate-meta-layouts":"set","footnotes":""},"categories":[2231,13,2292,1,22,14,12],"tags":[2283],"yoast_head":"<!-- This site is optimized with the Yoast SEO plugin v21.4 - https:\/\/yoast.com\/wordpress\/plugins\/seo\/ -->\n<title>Fatos na Cidade - Estrada geral de Campos Verdes em Laguna esta intransit\u00e1vel -<\/title>\n<meta name=\"robots\" content=\"index, follow, max-snippet:-1, max-image-preview:large, max-video-preview:-1\" \/>\n<link rel=\"canonical\" href=\"https:\/\/sulsc.com\/index.php\/2025\/11\/03\/fatos-na-cidade-estrada-geral-de-campos-verdes-em-laguna-esta-intransitavel\/\" \/>\n<meta property=\"og:locale\" content=\"en_US\" \/>\n<meta property=\"og:type\" content=\"article\" \/>\n<meta property=\"og:title\" content=\"Fatos na Cidade - Estrada geral de Campos Verdes em Laguna esta intransit\u00e1vel -\" \/>\n<meta property=\"og:description\" content=\"A comunidade de Campos Verdes, em Laguna, est\u00e1 indignada e preocupada com o estado de abandono da estrada que corta a localidade. Buracos do in\u00edcio ao fim, em ambos os sentidos, tornam o tr\u00e1fego praticamente intransit\u00e1vel. Moradores afirmam que o descaso da administra\u00e7\u00e3o atual com a infraestrutura da regi\u00e3o \u00e9 revoltante. A preocupa\u00e7\u00e3o vai al\u00e9m &hellip; Fatos na Cidade &#8211; Estrada geral de Campos Verdes em Laguna esta intransit\u00e1vel Read More &raquo;\" \/>\n<meta property=\"og:url\" content=\"https:\/\/sulsc.com\/index.php\/2025\/11\/03\/fatos-na-cidade-estrada-geral-de-campos-verdes-em-laguna-esta-intransitavel\/\" \/>\n<meta property=\"article:author\" content=\"https:\/\/www.facebook.com\/profile.php?id=61559278119680\" \/>\n<meta property=\"article:published_time\" content=\"2025-11-03T20:08:30+00:00\" \/>\n<meta property=\"og:image\" content=\"http:\/\/sulsc.com\/wp-content\/uploads\/2025\/11\/a6bbdf2d-e6b5-4716-b23e-6c46c69fe7af.jpeg\" \/>\n\t<meta property=\"og:image:width\" content=\"719\" \/>\n\t<meta property=\"og:image:height\" content=\"1600\" \/>\n\t<meta property=\"og:image:type\" content=\"image\/jpeg\" \/>\n<meta name=\"author\" content=\"Reda\u00e7\u00e3o Sul SC\" \/>\n<meta name=\"twitter:card\" content=\"summary_large_image\" \/>\n<meta name=\"twitter:creator\" content=\"@https:\/\/twitter.com\/PortalSulSC\" \/>\n<meta name=\"twitter:label1\" content=\"Written by\" \/>\n\t<meta name=\"twitter:data1\" content=\"Reda\u00e7\u00e3o Sul SC\" \/>\n\t<meta name=\"twitter:label2\" content=\"Est. reading time\" \/>\n\t<meta name=\"twitter:data2\" content=\"2 minutes\" \/>\n<script type=\"application\/ld+json\" class=\"yoast-schema-graph\">{\"@context\":\"https:\/\/schema.org\",\"@graph\":[{\"@type\":\"WebPage\",\"@id\":\"https:\/\/sulsc.com\/index.php\/2025\/11\/03\/fatos-na-cidade-estrada-geral-de-campos-verdes-em-laguna-esta-intransitavel\/\",\"url\":\"https:\/\/sulsc.com\/index.php\/2025\/11\/03\/fatos-na-cidade-estrada-geral-de-campos-verdes-em-laguna-esta-intransitavel\/\",\"name\":\"Fatos na Cidade - Estrada geral de Campos Verdes em Laguna esta intransit\u00e1vel -\",\"isPartOf\":{\"@id\":\"https:\/\/sulsc.com\/#website\"},\"datePublished\":\"2025-11-03T20:08:30+00:00\",\"dateModified\":\"2025-11-03T20:08:30+00:00\",\"author\":{\"@id\":\"https:\/\/sulsc.com\/#\/schema\/person\/84d2fc571684f6248ba83092f07750a3\"},\"breadcrumb\":{\"@id\":\"https:\/\/sulsc.com\/index.php\/2025\/11\/03\/fatos-na-cidade-estrada-geral-de-campos-verdes-em-laguna-esta-intransitavel\/#breadcrumb\"},\"inLanguage\":\"en-US\",\"potentialAction\":[{\"@type\":\"ReadAction\",\"target\":[\"https:\/\/sulsc.com\/index.php\/2025\/11\/03\/fatos-na-cidade-estrada-geral-de-campos-verdes-em-laguna-esta-intransitavel\/\"]}]},{\"@type\":\"BreadcrumbList\",\"@id\":\"https:\/\/sulsc.com\/index.php\/2025\/11\/03\/fatos-na-cidade-estrada-geral-de-campos-verdes-em-laguna-esta-intransitavel\/#breadcrumb\",\"itemListElement\":[{\"@type\":\"ListItem\",\"position\":1,\"name\":\"In\u00edcio\",\"item\":\"https:\/\/sulsc.com\/\"},{\"@type\":\"ListItem\",\"position\":2,\"name\":\"Fatos na Cidade &#8211; Estrada geral de Campos Verdes em Laguna esta intransit\u00e1vel\"}]},{\"@type\":\"WebSite\",\"@id\":\"https:\/\/sulsc.com\/#website\",\"url\":\"https:\/\/sulsc.com\/\",\"name\":\"\",\"description\":\"\",\"potentialAction\":[{\"@type\":\"SearchAction\",\"target\":{\"@type\":\"EntryPoint\",\"urlTemplate\":\"https:\/\/sulsc.com\/?s={search_term_string}\"},\"query-input\":\"required name=search_term_string\"}],\"inLanguage\":\"en-US\"},{\"@type\":\"Person\",\"@id\":\"https:\/\/sulsc.com\/#\/schema\/person\/84d2fc571684f6248ba83092f07750a3\",\"name\":\"Reda\u00e7\u00e3o Sul SC\",\"image\":{\"@type\":\"ImageObject\",\"inLanguage\":\"en-US\",\"@id\":\"https:\/\/sulsc.com\/#\/schema\/person\/image\/e08d7fe2cc4ed596372063bbe852b8d0\",\"url\":\"https:\/\/sulsc.com\/wp-content\/uploads\/2023\/09\/redacao.png\",\"contentUrl\":\"https:\/\/sulsc.com\/wp-content\/uploads\/2023\/09\/redacao.png\",\"caption\":\"Reda\u00e7\u00e3o Sul SC\"},\"description\":\"Foco em um jornalismo imparcial, voltado \u00e0 qualidade dos seus conte\u00fados e, assim, levar informa\u00e7\u00e3o de valor que agregue \u00e0 vida dos leitores. Esta \u00e9 grande miss\u00e3o do Portal de Not\u00edcias Sul SC. N\u00e3o \u00e9 quantidade que muda o mundo, sempre foi e seguir\u00e1 sendo qualidade!\",\"sameAs\":[\"https:\/\/sulsc.com\/\",\"https:\/\/www.facebook.com\/profile.php?id=61559278119680\",\"https:\/\/www.instagram.com\/sulscportal\/?hl=pt-br\",\"https:\/\/twitter.com\/https:\/\/twitter.com\/PortalSulSC\",\"https:\/\/www.youtube.com\/channel\/UCv_BE8GeySluDov2n8qhVmw\"],\"url\":\"https:\/\/sulsc.com\/index.php\/author\/redacao\/\"}]}<\/script>\n<!-- \/ Yoast SEO plugin. -->","yoast_head_json":{"title":"Fatos na Cidade - Estrada geral de Campos Verdes em Laguna esta intransit\u00e1vel -","robots":{"index":"index","follow":"follow","max-snippet":"max-snippet:-1","max-image-preview":"max-image-preview:large","max-video-preview":"max-video-preview:-1"},"canonical":"https:\/\/sulsc.com\/index.php\/2025\/11\/03\/fatos-na-cidade-estrada-geral-de-campos-verdes-em-laguna-esta-intransitavel\/","og_locale":"en_US","og_type":"article","og_title":"Fatos na Cidade - Estrada geral de Campos Verdes em Laguna esta intransit\u00e1vel -","og_description":"A comunidade de Campos Verdes, em Laguna, est\u00e1 indignada e preocupada com o estado de abandono da estrada que corta a localidade. Buracos do in\u00edcio ao fim, em ambos os sentidos, tornam o tr\u00e1fego praticamente intransit\u00e1vel. Moradores afirmam que o descaso da administra\u00e7\u00e3o atual com a infraestrutura da regi\u00e3o \u00e9 revoltante. A preocupa\u00e7\u00e3o vai al\u00e9m &hellip; Fatos na Cidade &#8211; Estrada geral de Campos Verdes em Laguna esta intransit\u00e1vel Read More &raquo;","og_url":"https:\/\/sulsc.com\/index.php\/2025\/11\/03\/fatos-na-cidade-estrada-geral-de-campos-verdes-em-laguna-esta-intransitavel\/","article_author":"https:\/\/www.facebook.com\/profile.php?id=61559278119680","article_published_time":"2025-11-03T20:08:30+00:00","og_image":[{"width":719,"height":1600,"url":"http:\/\/sulsc.com\/wp-content\/uploads\/2025\/11\/a6bbdf2d-e6b5-4716-b23e-6c46c69fe7af.jpeg","type":"image\/jpeg"}],"author":"Reda\u00e7\u00e3o Sul SC","twitter_card":"summary_large_image","twitter_creator":"@https:\/\/twitter.com\/PortalSulSC","twitter_misc":{"Written by":"Reda\u00e7\u00e3o Sul SC","Est. reading time":"2 minutes"},"schema":{"@context":"https:\/\/schema.org","@graph":[{"@type":"WebPage","@id":"https:\/\/sulsc.com\/index.php\/2025\/11\/03\/fatos-na-cidade-estrada-geral-de-campos-verdes-em-laguna-esta-intransitavel\/","url":"https:\/\/sulsc.com\/index.php\/2025\/11\/03\/fatos-na-cidade-estrada-geral-de-campos-verdes-em-laguna-esta-intransitavel\/","name":"Fatos na Cidade - Estrada geral de Campos Verdes em Laguna esta intransit\u00e1vel -","isPartOf":{"@id":"https:\/\/sulsc.com\/#website"},"datePublished":"2025-11-03T20:08:30+00:00","dateModified":"2025-11-03T20:08:30+00:00","author":{"@id":"https:\/\/sulsc.com\/#\/schema\/person\/84d2fc571684f6248ba83092f07750a3"},"breadcrumb":{"@id":"https:\/\/sulsc.com\/index.php\/2025\/11\/03\/fatos-na-cidade-estrada-geral-de-campos-verdes-em-laguna-esta-intransitavel\/#breadcrumb"},"inLanguage":"en-US","potentialAction":[{"@type":"ReadAction","target":["https:\/\/sulsc.com\/index.php\/2025\/11\/03\/fatos-na-cidade-estrada-geral-de-campos-verdes-em-laguna-esta-intransitavel\/"]}]},{"@type":"BreadcrumbList","@id":"https:\/\/sulsc.com\/index.php\/2025\/11\/03\/fatos-na-cidade-estrada-geral-de-campos-verdes-em-laguna-esta-intransitavel\/#breadcrumb","itemListElement":[{"@type":"ListItem","position":1,"name":"In\u00edcio","item":"https:\/\/sulsc.com\/"},{"@type":"ListItem","position":2,"name":"Fatos na Cidade &#8211; Estrada geral de Campos Verdes em Laguna esta intransit\u00e1vel"}]},{"@type":"WebSite","@id":"https:\/\/sulsc.com\/#website","url":"https:\/\/sulsc.com\/","name":"","description":"","potentialAction":[{"@type":"SearchAction","target":{"@type":"EntryPoint","urlTemplate":"https:\/\/sulsc.com\/?s={search_term_string}"},"query-input":"required name=search_term_string"}],"inLanguage":"en-US"},{"@type":"Person","@id":"https:\/\/sulsc.com\/#\/schema\/person\/84d2fc571684f6248ba83092f07750a3","name":"Reda\u00e7\u00e3o Sul SC","image":{"@type":"ImageObject","inLanguage":"en-US","@id":"https:\/\/sulsc.com\/#\/schema\/person\/image\/e08d7fe2cc4ed596372063bbe852b8d0","url":"https:\/\/sulsc.com\/wp-content\/uploads\/2023\/09\/redacao.png","contentUrl":"https:\/\/sulsc.com\/wp-content\/uploads\/2023\/09\/redacao.png","caption":"Reda\u00e7\u00e3o Sul SC"},"description":"Foco em um jornalismo imparcial, voltado \u00e0 qualidade dos seus conte\u00fados e, assim, levar informa\u00e7\u00e3o de valor que agregue \u00e0 vida dos leitores. Esta \u00e9 grande miss\u00e3o do Portal de Not\u00edcias Sul SC. N\u00e3o \u00e9 quantidade que muda o mundo, sempre foi e seguir\u00e1 sendo qualidade!","sameAs":["https:\/\/sulsc.com\/","https:\/\/www.facebook.com\/profile.php?id=61559278119680","https:\/\/www.instagram.com\/sulscportal\/?hl=pt-br","https:\/\/twitter.com\/https:\/\/twitter.com\/PortalSulSC","https:\/\/www.youtube.com\/channel\/UCv_BE8GeySluDov2n8qhVmw"],"url":"https:\/\/sulsc.com\/index.php\/author\/redacao\/"}]}},"authors":[],"_links":{"self":[{"href":"https:\/\/sulsc.com\/index.php\/wp-json\/wp\/v2\/posts\/29160"}],"collection":[{"href":"https:\/\/sulsc.com\/index.php\/wp-json\/wp\/v2\/posts"}],"about":[{"href":"https:\/\/sulsc.com\/index.php\/wp-json\/wp\/v2\/types\/post"}],"author":[{"embeddable":true,"href":"https:\/\/sulsc.com\/index.php\/wp-json\/wp\/v2\/users\/3"}],"replies":[{"embeddable":true,"href":"https:\/\/sulsc.com\/index.php\/wp-json\/wp\/v2\/comments?post=29160"}],"version-history":[{"count":1,"href":"https:\/\/sulsc.com\/index.php\/wp-json\/wp\/v2\/posts\/29160\/revisions"}],"predecessor-version":[{"id":29170,"href":"https:\/\/sulsc.com\/index.php\/wp-json\/wp\/v2\/posts\/29160\/revisions\/29170"}],"wp:featuredmedia":[{"embeddable":true,"href":"https:\/\/sulsc.com\/index.php\/wp-json\/wp\/v2\/media\/29169"}],"wp:attachment":[{"href":"https:\/\/sulsc.com\/index.php\/wp-json\/wp\/v2\/media?parent=29160"}],"wp:term":[{"taxonomy":"category","embeddable":true,"href":"https:\/\/sulsc.com\/index.php\/wp-json\/wp\/v2\/categories?post=29160"},{"taxonomy":"post_tag","embeddable":true,"href":"https:\/\/sulsc.com\/index.php\/wp-json\/wp\/v2\/tags?post=29160"}],"curies":[{"name":"wp","href":"https:\/\/api.w.org\/{rel}","templated":true}]}}