{"id":29190,"date":"2025-11-04T06:45:45","date_gmt":"2025-11-04T09:45:45","guid":{"rendered":"https:\/\/sulsc.com\/?p=29190"},"modified":"2025-11-04T08:51:41","modified_gmt":"2025-11-04T11:51:41","slug":"terca-feira-04-11-com-sol-entre-nuvens-e-maximas-chegando-aos-28oc","status":"publish","type":"post","link":"https:\/\/sulsc.com\/index.php\/2025\/11\/04\/terca-feira-04-11-com-sol-entre-nuvens-e-maximas-chegando-aos-28oc\/","title":{"rendered":"Ter\u00e7a-feira (4) com sol entre nuvens e m\u00e1ximas chegando aos 28\u00baC"},"content":{"rendered":"<p>O sol aparece entre nuvens em todas as regi\u00f5es, o que favorece a eleva\u00e7\u00e3o das temperaturas nesta ter\u00e7a-feira (4). \u00c0 tarde, o aquecimento combinado a umidade dispon\u00edvel, favorece a ocorr\u00eancia de pancadas de chuva com trovoadas nas regi\u00f5es dos planaltos ao litoral.<\/p>\n<p><strong>Temperaturas<\/strong><\/p>\n<p>As m\u00e1ximas variam de 25 a 28\u00b0C em todas as regi\u00f5es, exceto no Extremo Oeste e Oeste, onde os term\u00f4metros marcam de 30 a 32\u00b0C.<\/p>\n<p><img fetchpriority=\"high\" decoding=\"async\" class=\"aligncenter size-full wp-image-29191\" src=\"http:\/\/sulsc.com\/wp-content\/uploads\/2025\/11\/image-47-1024x698-1.png\" alt=\"\" width=\"1024\" height=\"698\" srcset=\"https:\/\/sulsc.com\/wp-content\/uploads\/2025\/11\/image-47-1024x698-1.png 1024w, https:\/\/sulsc.com\/wp-content\/uploads\/2025\/11\/image-47-1024x698-1-300x204.png 300w, https:\/\/sulsc.com\/wp-content\/uploads\/2025\/11\/image-47-1024x698-1-768x524.png 768w\" sizes=\"(max-width: 1024px) 100vw, 1024px\" \/><\/p>\n<p><img decoding=\"async\" class=\"aligncenter size-full wp-image-22836\" src=\"http:\/\/sulsc.com\/wp-content\/uploads\/2025\/04\/Tempo-2.png\" alt=\"\" width=\"1024\" height=\"189\" srcset=\"https:\/\/sulsc.com\/wp-content\/uploads\/2025\/04\/Tempo-2.png 1024w, https:\/\/sulsc.com\/wp-content\/uploads\/2025\/04\/Tempo-2-300x55.png 300w, https:\/\/sulsc.com\/wp-content\/uploads\/2025\/04\/Tempo-2-768x142.png 768w\" sizes=\"(max-width: 1024px) 100vw, 1024px\" \/><\/p>\n<p><strong>Ventos<\/strong>: nordeste a noroeste, com intensidade fraca a moderada.<\/p>\n<p><strong>Condi\u00e7\u00f5es mar\u00edtimas<\/strong>: A agita\u00e7\u00e3o mar\u00edtima aumenta no Litoral Sul a partir do final do dia, com ondas de sudeste entre 1,0 e 1,5m.<\/p>\n<p><strong>Sistema predominante<\/strong>: massa de ar quente em SC.<\/p>\n<div id=\"metaslider-id-25573\" style=\"width: 100%;\" class=\"ml-slider-3-99-0 metaslider metaslider-flex metaslider-25573 ml-slider has-onhover-arrows ms-theme-default-base has-dots-nav\" role=\"region\" aria-label=\"Meio\" data-width=\"1200\">\n    <div id=\"metaslider_container_25573\">\n        <div id=\"metaslider_25573\">\n            <ul class='slides'>\n                <li style=\"display: block; width: 100%;\" class=\"slide-25684 ms-image \" aria-roledescription=\"slide\" data-date=\"2025-07-24 07:55:40\"><img src=\"https:\/\/sulsc.com\/wp-content\/uploads\/2025\/07\/Marr-2-1000x166.jpg\" height=\"200\" width=\"1200\" alt=\"\" class=\"slider-25573 slide-25684 msDefaultImage\" title=\"Marr 2\" \/><\/li>\n                <li style=\"display: none; width: 100%;\" class=\"slide-32412 ms-image \" aria-roledescription=\"slide\" data-date=\"2026-02-18 13:59:46\"><img src=\"https:\/\/sulsc.com\/wp-content\/uploads\/2026\/02\/40dc1580-cad5-4867-bc58-c4243821ad38-1000x166.jpeg\" height=\"200\" width=\"1200\" alt=\"\" class=\"slider-25573 slide-32412 msDefaultImage\" title=\"40dc1580-cad5-4867-bc58-c4243821ad38\" \/><\/li>\n                <li style=\"display: none; width: 100%;\" class=\"slide-32766 ms-image \" aria-roledescription=\"slide\" data-date=\"2026-03-03 17:22:59\"><img src=\"https:\/\/sulsc.com\/wp-content\/uploads\/2026\/03\/271ce739-f268-41c5-8051-3de1a1750359-1000x166.jpeg\" height=\"200\" width=\"1200\" alt=\"\" class=\"slider-25573 slide-32766 msDefaultImage\" title=\"271ce739-f268-41c5-8051-3de1a1750359\" \/><\/li>\n            <\/ul>\n        <\/div>\n        \n    <\/div>\n<\/div>\n<p><strong>Nesta quarta-feira (05\/11)<\/strong>, basicamente teremos as mesmas condi\u00e7\u00f5es desta ter\u00e7a-feira, o dia ser\u00e1 de sol entre nuvens, calor e condi\u00e7\u00f5es de chuva em forma de pancadas isoladas a partir da tarde, devido ao avan\u00e7o de uma frente fria fraca pelo litoral de SC. Risco de temporais localizados, especialmente do Planalto ao Litoral. As temperaturas seguem elevada com ar abafado, m\u00e1ximas de 26 a 32\u00b0C, diminuindo no fim do dia.\u00a0Ventos de nordeste\/noroeste, virando para sul, fraco a moderado, com rajadas.<\/p>\n<p>Fonte: Defesa Civil-SC\/Epagri-Ciram<\/p>\n","protected":false},"excerpt":{"rendered":"<p>O sol aparece entre nuvens em todas as regi\u00f5es, o que favorece a eleva\u00e7\u00e3o das temperaturas nesta ter\u00e7a-feira (4). \u00c0 tarde, o aquecimento combinado a umidade dispon\u00edvel, favorece a ocorr\u00eancia de pancadas de chuva com trovoadas nas regi\u00f5es dos planaltos ao litoral. Temperaturas As m\u00e1ximas variam de 25 a 28\u00b0C em todas as regi\u00f5es, exceto &hellip;<\/p>\n<p class=\"read-more\"> <a class=\"\" href=\"https:\/\/sulsc.com\/index.php\/2025\/11\/04\/terca-feira-04-11-com-sol-entre-nuvens-e-maximas-chegando-aos-28oc\/\"> <span class=\"screen-reader-text\">Ter\u00e7a-feira (4) com sol entre nuvens e m\u00e1ximas chegando aos 28\u00baC<\/span> Read More &raquo;<\/a><\/p>\n","protected":false},"author":3,"featured_media":29192,"comment_status":"open","ping_status":"open","sticky":false,"template":"","format":"standard","meta":{"site-sidebar-layout":"default","site-content-layout":"","ast-site-content-layout":"default","site-content-style":"default","site-sidebar-style":"default","ast-global-header-display":"","ast-banner-title-visibility":"","ast-main-header-display":"","ast-hfb-above-header-display":"","ast-hfb-below-header-display":"","ast-hfb-mobile-header-display":"","site-post-title":"","ast-breadcrumbs-content":"","ast-featured-img":"","footer-sml-layout":"","theme-transparent-header-meta":"default","adv-header-id-meta":"","stick-header-meta":"","header-above-stick-meta":"","header-main-stick-meta":"","header-below-stick-meta":"","astra-migrate-meta-layouts":"set","footnotes":""},"categories":[2354,2231,1,14,38,12],"tags":[90,1013],"yoast_head":"<!-- This site is optimized with the Yoast SEO plugin v21.4 - https:\/\/yoast.com\/wordpress\/plugins\/seo\/ -->\n<title>Ter\u00e7a-feira (4) com sol entre nuvens e m\u00e1ximas chegando aos 28\u00baC -<\/title>\n<meta name=\"robots\" content=\"index, follow, max-snippet:-1, max-image-preview:large, max-video-preview:-1\" \/>\n<link rel=\"canonical\" href=\"https:\/\/sulsc.com\/index.php\/2025\/11\/04\/terca-feira-04-11-com-sol-entre-nuvens-e-maximas-chegando-aos-28oc\/\" \/>\n<meta property=\"og:locale\" content=\"en_US\" \/>\n<meta property=\"og:type\" content=\"article\" \/>\n<meta property=\"og:title\" content=\"Ter\u00e7a-feira (4) com sol entre nuvens e m\u00e1ximas chegando aos 28\u00baC -\" \/>\n<meta property=\"og:description\" content=\"O sol aparece entre nuvens em todas as regi\u00f5es, o que favorece a eleva\u00e7\u00e3o das temperaturas nesta ter\u00e7a-feira (4). \u00c0 tarde, o aquecimento combinado a umidade dispon\u00edvel, favorece a ocorr\u00eancia de pancadas de chuva com trovoadas nas regi\u00f5es dos planaltos ao litoral. Temperaturas As m\u00e1ximas variam de 25 a 28\u00b0C em todas as regi\u00f5es, exceto &hellip; Ter\u00e7a-feira (4) com sol entre nuvens e m\u00e1ximas chegando aos 28\u00baC Read More &raquo;\" \/>\n<meta property=\"og:url\" content=\"https:\/\/sulsc.com\/index.php\/2025\/11\/04\/terca-feira-04-11-com-sol-entre-nuvens-e-maximas-chegando-aos-28oc\/\" \/>\n<meta property=\"article:author\" content=\"https:\/\/www.facebook.com\/profile.php?id=61559278119680\" \/>\n<meta property=\"article:published_time\" content=\"2025-11-04T09:45:45+00:00\" \/>\n<meta property=\"article:modified_time\" content=\"2025-11-04T11:51:41+00:00\" \/>\n<meta property=\"og:image\" content=\"http:\/\/sulsc.com\/wp-content\/uploads\/2025\/11\/e2ce921c-d4af-46c2-82ed-17f28a774235.jpeg\" \/>\n\t<meta property=\"og:image:width\" content=\"960\" \/>\n\t<meta property=\"og:image:height\" content=\"1280\" \/>\n\t<meta property=\"og:image:type\" content=\"image\/jpeg\" \/>\n<meta name=\"author\" content=\"Reda\u00e7\u00e3o Sul SC\" \/>\n<meta name=\"twitter:card\" content=\"summary_large_image\" \/>\n<meta name=\"twitter:creator\" content=\"@https:\/\/twitter.com\/PortalSulSC\" \/>\n<meta name=\"twitter:label1\" content=\"Written by\" \/>\n\t<meta name=\"twitter:data1\" content=\"Reda\u00e7\u00e3o Sul SC\" \/>\n\t<meta name=\"twitter:label2\" content=\"Est. reading time\" \/>\n\t<meta name=\"twitter:data2\" content=\"2 minutes\" \/>\n<script type=\"application\/ld+json\" class=\"yoast-schema-graph\">{\"@context\":\"https:\/\/schema.org\",\"@graph\":[{\"@type\":\"WebPage\",\"@id\":\"https:\/\/sulsc.com\/index.php\/2025\/11\/04\/terca-feira-04-11-com-sol-entre-nuvens-e-maximas-chegando-aos-28oc\/\",\"url\":\"https:\/\/sulsc.com\/index.php\/2025\/11\/04\/terca-feira-04-11-com-sol-entre-nuvens-e-maximas-chegando-aos-28oc\/\",\"name\":\"Ter\u00e7a-feira (4) com sol entre nuvens e m\u00e1ximas chegando aos 28\u00baC -\",\"isPartOf\":{\"@id\":\"https:\/\/sulsc.com\/#website\"},\"datePublished\":\"2025-11-04T09:45:45+00:00\",\"dateModified\":\"2025-11-04T11:51:41+00:00\",\"author\":{\"@id\":\"https:\/\/sulsc.com\/#\/schema\/person\/84d2fc571684f6248ba83092f07750a3\"},\"breadcrumb\":{\"@id\":\"https:\/\/sulsc.com\/index.php\/2025\/11\/04\/terca-feira-04-11-com-sol-entre-nuvens-e-maximas-chegando-aos-28oc\/#breadcrumb\"},\"inLanguage\":\"en-US\",\"potentialAction\":[{\"@type\":\"ReadAction\",\"target\":[\"https:\/\/sulsc.com\/index.php\/2025\/11\/04\/terca-feira-04-11-com-sol-entre-nuvens-e-maximas-chegando-aos-28oc\/\"]}]},{\"@type\":\"BreadcrumbList\",\"@id\":\"https:\/\/sulsc.com\/index.php\/2025\/11\/04\/terca-feira-04-11-com-sol-entre-nuvens-e-maximas-chegando-aos-28oc\/#breadcrumb\",\"itemListElement\":[{\"@type\":\"ListItem\",\"position\":1,\"name\":\"In\u00edcio\",\"item\":\"https:\/\/sulsc.com\/\"},{\"@type\":\"ListItem\",\"position\":2,\"name\":\"Ter\u00e7a-feira (4) com sol entre nuvens e m\u00e1ximas chegando aos 28\u00baC\"}]},{\"@type\":\"WebSite\",\"@id\":\"https:\/\/sulsc.com\/#website\",\"url\":\"https:\/\/sulsc.com\/\",\"name\":\"\",\"description\":\"\",\"potentialAction\":[{\"@type\":\"SearchAction\",\"target\":{\"@type\":\"EntryPoint\",\"urlTemplate\":\"https:\/\/sulsc.com\/?s={search_term_string}\"},\"query-input\":\"required name=search_term_string\"}],\"inLanguage\":\"en-US\"},{\"@type\":\"Person\",\"@id\":\"https:\/\/sulsc.com\/#\/schema\/person\/84d2fc571684f6248ba83092f07750a3\",\"name\":\"Reda\u00e7\u00e3o Sul SC\",\"image\":{\"@type\":\"ImageObject\",\"inLanguage\":\"en-US\",\"@id\":\"https:\/\/sulsc.com\/#\/schema\/person\/image\/e08d7fe2cc4ed596372063bbe852b8d0\",\"url\":\"https:\/\/sulsc.com\/wp-content\/uploads\/2023\/09\/redacao.png\",\"contentUrl\":\"https:\/\/sulsc.com\/wp-content\/uploads\/2023\/09\/redacao.png\",\"caption\":\"Reda\u00e7\u00e3o Sul SC\"},\"description\":\"Foco em um jornalismo imparcial, voltado \u00e0 qualidade dos seus conte\u00fados e, assim, levar informa\u00e7\u00e3o de valor que agregue \u00e0 vida dos leitores. Esta \u00e9 grande miss\u00e3o do Portal de Not\u00edcias Sul SC. N\u00e3o \u00e9 quantidade que muda o mundo, sempre foi e seguir\u00e1 sendo qualidade!\",\"sameAs\":[\"https:\/\/sulsc.com\/\",\"https:\/\/www.facebook.com\/profile.php?id=61559278119680\",\"https:\/\/www.instagram.com\/sulscportal\/?hl=pt-br\",\"https:\/\/twitter.com\/https:\/\/twitter.com\/PortalSulSC\",\"https:\/\/www.youtube.com\/channel\/UCv_BE8GeySluDov2n8qhVmw\"],\"url\":\"https:\/\/sulsc.com\/index.php\/author\/redacao\/\"}]}<\/script>\n<!-- \/ Yoast SEO plugin. -->","yoast_head_json":{"title":"Ter\u00e7a-feira (4) com sol entre nuvens e m\u00e1ximas chegando aos 28\u00baC -","robots":{"index":"index","follow":"follow","max-snippet":"max-snippet:-1","max-image-preview":"max-image-preview:large","max-video-preview":"max-video-preview:-1"},"canonical":"https:\/\/sulsc.com\/index.php\/2025\/11\/04\/terca-feira-04-11-com-sol-entre-nuvens-e-maximas-chegando-aos-28oc\/","og_locale":"en_US","og_type":"article","og_title":"Ter\u00e7a-feira (4) com sol entre nuvens e m\u00e1ximas chegando aos 28\u00baC -","og_description":"O sol aparece entre nuvens em todas as regi\u00f5es, o que favorece a eleva\u00e7\u00e3o das temperaturas nesta ter\u00e7a-feira (4). \u00c0 tarde, o aquecimento combinado a umidade dispon\u00edvel, favorece a ocorr\u00eancia de pancadas de chuva com trovoadas nas regi\u00f5es dos planaltos ao litoral. Temperaturas As m\u00e1ximas variam de 25 a 28\u00b0C em todas as regi\u00f5es, exceto &hellip; Ter\u00e7a-feira (4) com sol entre nuvens e m\u00e1ximas chegando aos 28\u00baC Read More &raquo;","og_url":"https:\/\/sulsc.com\/index.php\/2025\/11\/04\/terca-feira-04-11-com-sol-entre-nuvens-e-maximas-chegando-aos-28oc\/","article_author":"https:\/\/www.facebook.com\/profile.php?id=61559278119680","article_published_time":"2025-11-04T09:45:45+00:00","article_modified_time":"2025-11-04T11:51:41+00:00","og_image":[{"width":960,"height":1280,"url":"http:\/\/sulsc.com\/wp-content\/uploads\/2025\/11\/e2ce921c-d4af-46c2-82ed-17f28a774235.jpeg","type":"image\/jpeg"}],"author":"Reda\u00e7\u00e3o Sul SC","twitter_card":"summary_large_image","twitter_creator":"@https:\/\/twitter.com\/PortalSulSC","twitter_misc":{"Written by":"Reda\u00e7\u00e3o Sul SC","Est. reading time":"2 minutes"},"schema":{"@context":"https:\/\/schema.org","@graph":[{"@type":"WebPage","@id":"https:\/\/sulsc.com\/index.php\/2025\/11\/04\/terca-feira-04-11-com-sol-entre-nuvens-e-maximas-chegando-aos-28oc\/","url":"https:\/\/sulsc.com\/index.php\/2025\/11\/04\/terca-feira-04-11-com-sol-entre-nuvens-e-maximas-chegando-aos-28oc\/","name":"Ter\u00e7a-feira (4) com sol entre nuvens e m\u00e1ximas chegando aos 28\u00baC -","isPartOf":{"@id":"https:\/\/sulsc.com\/#website"},"datePublished":"2025-11-04T09:45:45+00:00","dateModified":"2025-11-04T11:51:41+00:00","author":{"@id":"https:\/\/sulsc.com\/#\/schema\/person\/84d2fc571684f6248ba83092f07750a3"},"breadcrumb":{"@id":"https:\/\/sulsc.com\/index.php\/2025\/11\/04\/terca-feira-04-11-com-sol-entre-nuvens-e-maximas-chegando-aos-28oc\/#breadcrumb"},"inLanguage":"en-US","potentialAction":[{"@type":"ReadAction","target":["https:\/\/sulsc.com\/index.php\/2025\/11\/04\/terca-feira-04-11-com-sol-entre-nuvens-e-maximas-chegando-aos-28oc\/"]}]},{"@type":"BreadcrumbList","@id":"https:\/\/sulsc.com\/index.php\/2025\/11\/04\/terca-feira-04-11-com-sol-entre-nuvens-e-maximas-chegando-aos-28oc\/#breadcrumb","itemListElement":[{"@type":"ListItem","position":1,"name":"In\u00edcio","item":"https:\/\/sulsc.com\/"},{"@type":"ListItem","position":2,"name":"Ter\u00e7a-feira (4) com sol entre nuvens e m\u00e1ximas chegando aos 28\u00baC"}]},{"@type":"WebSite","@id":"https:\/\/sulsc.com\/#website","url":"https:\/\/sulsc.com\/","name":"","description":"","potentialAction":[{"@type":"SearchAction","target":{"@type":"EntryPoint","urlTemplate":"https:\/\/sulsc.com\/?s={search_term_string}"},"query-input":"required name=search_term_string"}],"inLanguage":"en-US"},{"@type":"Person","@id":"https:\/\/sulsc.com\/#\/schema\/person\/84d2fc571684f6248ba83092f07750a3","name":"Reda\u00e7\u00e3o Sul SC","image":{"@type":"ImageObject","inLanguage":"en-US","@id":"https:\/\/sulsc.com\/#\/schema\/person\/image\/e08d7fe2cc4ed596372063bbe852b8d0","url":"https:\/\/sulsc.com\/wp-content\/uploads\/2023\/09\/redacao.png","contentUrl":"https:\/\/sulsc.com\/wp-content\/uploads\/2023\/09\/redacao.png","caption":"Reda\u00e7\u00e3o Sul SC"},"description":"Foco em um jornalismo imparcial, voltado \u00e0 qualidade dos seus conte\u00fados e, assim, levar informa\u00e7\u00e3o de valor que agregue \u00e0 vida dos leitores. Esta \u00e9 grande miss\u00e3o do Portal de Not\u00edcias Sul SC. N\u00e3o \u00e9 quantidade que muda o mundo, sempre foi e seguir\u00e1 sendo qualidade!","sameAs":["https:\/\/sulsc.com\/","https:\/\/www.facebook.com\/profile.php?id=61559278119680","https:\/\/www.instagram.com\/sulscportal\/?hl=pt-br","https:\/\/twitter.com\/https:\/\/twitter.com\/PortalSulSC","https:\/\/www.youtube.com\/channel\/UCv_BE8GeySluDov2n8qhVmw"],"url":"https:\/\/sulsc.com\/index.php\/author\/redacao\/"}]}},"authors":[],"_links":{"self":[{"href":"https:\/\/sulsc.com\/index.php\/wp-json\/wp\/v2\/posts\/29190"}],"collection":[{"href":"https:\/\/sulsc.com\/index.php\/wp-json\/wp\/v2\/posts"}],"about":[{"href":"https:\/\/sulsc.com\/index.php\/wp-json\/wp\/v2\/types\/post"}],"author":[{"embeddable":true,"href":"https:\/\/sulsc.com\/index.php\/wp-json\/wp\/v2\/users\/3"}],"replies":[{"embeddable":true,"href":"https:\/\/sulsc.com\/index.php\/wp-json\/wp\/v2\/comments?post=29190"}],"version-history":[{"count":3,"href":"https:\/\/sulsc.com\/index.php\/wp-json\/wp\/v2\/posts\/29190\/revisions"}],"predecessor-version":[{"id":29216,"href":"https:\/\/sulsc.com\/index.php\/wp-json\/wp\/v2\/posts\/29190\/revisions\/29216"}],"wp:featuredmedia":[{"embeddable":true,"href":"https:\/\/sulsc.com\/index.php\/wp-json\/wp\/v2\/media\/29192"}],"wp:attachment":[{"href":"https:\/\/sulsc.com\/index.php\/wp-json\/wp\/v2\/media?parent=29190"}],"wp:term":[{"taxonomy":"category","embeddable":true,"href":"https:\/\/sulsc.com\/index.php\/wp-json\/wp\/v2\/categories?post=29190"},{"taxonomy":"post_tag","embeddable":true,"href":"https:\/\/sulsc.com\/index.php\/wp-json\/wp\/v2\/tags?post=29190"}],"curies":[{"name":"wp","href":"https:\/\/api.w.org\/{rel}","templated":true}]}}