{"id":2923,"date":"2023-10-26T14:20:40","date_gmt":"2023-10-26T17:20:40","guid":{"rendered":"https:\/\/sulsc.com\/?p=2923"},"modified":"2023-10-26T13:32:31","modified_gmt":"2023-10-26T16:32:31","slug":"comitiva-catarinense-busca-implantar-voo-direto-entre-florianopolis-e-panama","status":"publish","type":"post","link":"https:\/\/sulsc.com\/index.php\/2023\/10\/26\/comitiva-catarinense-busca-implantar-voo-direto-entre-florianopolis-e-panama\/","title":{"rendered":"Comitiva catarinense busca implantar voo direto entre Florian\u00f3polis e Panam\u00e1"},"content":{"rendered":"<p>Liderada pelo governador Jorginho Mello, a comitiva catarinense chegou ao Panam\u00e1 na manh\u00e3 desta quarta-feira (25) e j\u00e1 participou do primeiro compromisso da miss\u00e3o oficial. Em reuni\u00e3o com o diretor de Malhas da companhia Copa Airlines, Gabriel Varela, as autoridades apresentaram Santa Catarina e pediram a implanta\u00e7\u00e3o de um voo direto entre Florian\u00f3polis e a Cidade do Panam\u00e1, capital do pa\u00eds localizado na Am\u00e9rica Central.<\/p>\n<p>A comitiva fez uma apresenta\u00e7\u00e3o dos indicadores econ\u00f4micos e sociais de Santa Catarina, assim como ressaltou os atrativos tur\u00edsticos. A ideia \u00e9 atrair a companhia que atende toda a Am\u00e9rica Latina, assim como a Europa, por meio de parcerias, oferecendo uma grande variedade de destinos aos catarinenses que viajam a turismo ou a neg\u00f3cios.<\/p>\n<p>\u201cN\u00f3s apresentamos Santa Catarina e eles ficaram encantados. A gente precisa mostrar nosso estado para o mundo e o Panam\u00e1 \u00e9 estrat\u00e9gico, porque interliga regi\u00f5es importantes, por isso esse voo pode ser um ganho extraordin\u00e1rio\u201d, observou o governador Jorginho Mello.<\/p>\n<p><img fetchpriority=\"high\" decoding=\"async\" class=\"alignnone size-full wp-image-2924\" src=\"http:\/\/sulsc.com\/wp-content\/uploads\/2023\/10\/Comitiva-catarinense-busca-implantar-voo-direto-entre-Florianopolis-e-Panama.jpg\" alt=\"\" width=\"800\" height=\"600\" srcset=\"https:\/\/sulsc.com\/wp-content\/uploads\/2023\/10\/Comitiva-catarinense-busca-implantar-voo-direto-entre-Florianopolis-e-Panama.jpg 800w, https:\/\/sulsc.com\/wp-content\/uploads\/2023\/10\/Comitiva-catarinense-busca-implantar-voo-direto-entre-Florianopolis-e-Panama-300x225.jpg 300w, https:\/\/sulsc.com\/wp-content\/uploads\/2023\/10\/Comitiva-catarinense-busca-implantar-voo-direto-entre-Florianopolis-e-Panama-768x576.jpg 768w\" sizes=\"(max-width: 800px) 100vw, 800px\" \/><\/p>\n<p>De acordo com Varela, a companhia se mostrou interessada e far\u00e1 an\u00e1lises t\u00e9cnicas e de demanda de mercado para estudar a viabilidade da nova rota.<\/p>\n<p>\u201cFa\u00e7o uma avalia\u00e7\u00e3o positiva desse encontro. Mostramos as potencialidades de Santa Catarina, as proje\u00e7\u00f5es do que essa nova rota pode gerar e o que temos a oferecer. E o mais importante \u00e9 a perspectiva de fazer de Florian\u00f3polis um grande centro de interliga\u00e7\u00e3o com outros pa\u00edses\u201d, refor\u00e7ou o presidente da Assembleia Legislativa, deputado Mauro De Nadal.<\/p>\n<p>Ao fim do encontro, a comitiva catarinense assinou um documento de inten\u00e7\u00f5es junto \u00e0 companhia. O documento prev\u00ea recursos para investimentos promocionais da poss\u00edvel rota.\u00a0Tamb\u00e9m fazem parte da miss\u00e3o os secret\u00e1rios de Portos, Aeroportos e Ferrovias, Beto Martins, e de Articula\u00e7\u00e3o Internacional, Juliano Froehner.<\/p>\n<p>Os deputados Ant\u00eddio Lunelli e Fabiano da Luz acompanham o grupo. \u201cEsse voo vai gerar emprego e renda para o nosso estado. Estou muito otimista\u201d, destacou Lunelli. \u201cFoi importante Santa Catarina demonstrar esse interesse em ter um voo que trar\u00e1 muitos benef\u00edcios para o estado\u201d, completou Fabiano.<\/p>\n<p>&nbsp;<\/p>\n<p>Fonte: Gov. SC<\/p>\n<p>&nbsp;<\/p>\n","protected":false},"excerpt":{"rendered":"<p>Liderada pelo governador Jorginho Mello, a comitiva catarinense chegou ao Panam\u00e1 na manh\u00e3 desta quarta-feira (25) e j\u00e1 participou do primeiro compromisso da miss\u00e3o oficial. Em reuni\u00e3o com o diretor de Malhas da companhia Copa Airlines, Gabriel Varela, as autoridades apresentaram Santa Catarina e pediram a implanta\u00e7\u00e3o de um voo direto entre Florian\u00f3polis e a &hellip;<\/p>\n<p class=\"read-more\"> <a class=\"\" href=\"https:\/\/sulsc.com\/index.php\/2023\/10\/26\/comitiva-catarinense-busca-implantar-voo-direto-entre-florianopolis-e-panama\/\"> <span class=\"screen-reader-text\">Comitiva catarinense busca implantar voo direto entre Florian\u00f3polis e Panam\u00e1<\/span> Read More &raquo;<\/a><\/p>\n","protected":false},"author":3,"featured_media":2924,"comment_status":"open","ping_status":"open","sticky":false,"template":"","format":"standard","meta":{"site-sidebar-layout":"default","site-content-layout":"","ast-site-content-layout":"default","site-content-style":"default","site-sidebar-style":"default","ast-global-header-display":"","ast-banner-title-visibility":"","ast-main-header-display":"","ast-hfb-above-header-display":"","ast-hfb-below-header-display":"","ast-hfb-mobile-header-display":"","site-post-title":"","ast-breadcrumbs-content":"","ast-featured-img":"","footer-sml-layout":"","theme-transparent-header-meta":"default","adv-header-id-meta":"","stick-header-meta":"","header-above-stick-meta":"","header-main-stick-meta":"","header-below-stick-meta":"","astra-migrate-meta-layouts":"set","footnotes":""},"categories":[1],"tags":[],"yoast_head":"<!-- This site is optimized with the Yoast SEO plugin v21.4 - https:\/\/yoast.com\/wordpress\/plugins\/seo\/ -->\n<title>Comitiva catarinense busca implantar voo direto entre Florian\u00f3polis e Panam\u00e1 -<\/title>\n<meta name=\"robots\" content=\"index, follow, max-snippet:-1, max-image-preview:large, max-video-preview:-1\" \/>\n<link rel=\"canonical\" href=\"https:\/\/sulsc.com\/index.php\/2023\/10\/26\/comitiva-catarinense-busca-implantar-voo-direto-entre-florianopolis-e-panama\/\" \/>\n<meta property=\"og:locale\" content=\"en_US\" \/>\n<meta property=\"og:type\" content=\"article\" \/>\n<meta property=\"og:title\" content=\"Comitiva catarinense busca implantar voo direto entre Florian\u00f3polis e Panam\u00e1 -\" \/>\n<meta property=\"og:description\" content=\"Liderada pelo governador Jorginho Mello, a comitiva catarinense chegou ao Panam\u00e1 na manh\u00e3 desta quarta-feira (25) e j\u00e1 participou do primeiro compromisso da miss\u00e3o oficial. Em reuni\u00e3o com o diretor de Malhas da companhia Copa Airlines, Gabriel Varela, as autoridades apresentaram Santa Catarina e pediram a implanta\u00e7\u00e3o de um voo direto entre Florian\u00f3polis e a &hellip; Comitiva catarinense busca implantar voo direto entre Florian\u00f3polis e Panam\u00e1 Read More &raquo;\" \/>\n<meta property=\"og:url\" content=\"https:\/\/sulsc.com\/index.php\/2023\/10\/26\/comitiva-catarinense-busca-implantar-voo-direto-entre-florianopolis-e-panama\/\" \/>\n<meta property=\"article:author\" content=\"https:\/\/www.facebook.com\/profile.php?id=61559278119680\" \/>\n<meta property=\"article:published_time\" content=\"2023-10-26T17:20:40+00:00\" \/>\n<meta property=\"article:modified_time\" content=\"2023-10-26T16:32:31+00:00\" \/>\n<meta property=\"og:image\" content=\"https:\/\/sulsc.com\/wp-content\/uploads\/2023\/10\/Comitiva-catarinense-busca-implantar-voo-direto-entre-Florianopolis-e-Panama.jpg\" \/>\n\t<meta property=\"og:image:width\" content=\"800\" \/>\n\t<meta property=\"og:image:height\" content=\"600\" \/>\n\t<meta property=\"og:image:type\" content=\"image\/jpeg\" \/>\n<meta name=\"author\" content=\"Reda\u00e7\u00e3o Sul SC\" \/>\n<meta name=\"twitter:card\" content=\"summary_large_image\" \/>\n<meta name=\"twitter:creator\" content=\"@https:\/\/twitter.com\/PortalSulSC\" \/>\n<meta name=\"twitter:label1\" content=\"Written by\" \/>\n\t<meta name=\"twitter:data1\" content=\"Reda\u00e7\u00e3o Sul SC\" \/>\n\t<meta name=\"twitter:label2\" content=\"Est. reading time\" \/>\n\t<meta name=\"twitter:data2\" content=\"3 minutes\" \/>\n<script type=\"application\/ld+json\" class=\"yoast-schema-graph\">{\"@context\":\"https:\/\/schema.org\",\"@graph\":[{\"@type\":\"WebPage\",\"@id\":\"https:\/\/sulsc.com\/index.php\/2023\/10\/26\/comitiva-catarinense-busca-implantar-voo-direto-entre-florianopolis-e-panama\/\",\"url\":\"https:\/\/sulsc.com\/index.php\/2023\/10\/26\/comitiva-catarinense-busca-implantar-voo-direto-entre-florianopolis-e-panama\/\",\"name\":\"Comitiva catarinense busca implantar voo direto entre Florian\u00f3polis e Panam\u00e1 -\",\"isPartOf\":{\"@id\":\"https:\/\/sulsc.com\/#website\"},\"datePublished\":\"2023-10-26T17:20:40+00:00\",\"dateModified\":\"2023-10-26T16:32:31+00:00\",\"author\":{\"@id\":\"https:\/\/sulsc.com\/#\/schema\/person\/84d2fc571684f6248ba83092f07750a3\"},\"breadcrumb\":{\"@id\":\"https:\/\/sulsc.com\/index.php\/2023\/10\/26\/comitiva-catarinense-busca-implantar-voo-direto-entre-florianopolis-e-panama\/#breadcrumb\"},\"inLanguage\":\"en-US\",\"potentialAction\":[{\"@type\":\"ReadAction\",\"target\":[\"https:\/\/sulsc.com\/index.php\/2023\/10\/26\/comitiva-catarinense-busca-implantar-voo-direto-entre-florianopolis-e-panama\/\"]}]},{\"@type\":\"BreadcrumbList\",\"@id\":\"https:\/\/sulsc.com\/index.php\/2023\/10\/26\/comitiva-catarinense-busca-implantar-voo-direto-entre-florianopolis-e-panama\/#breadcrumb\",\"itemListElement\":[{\"@type\":\"ListItem\",\"position\":1,\"name\":\"In\u00edcio\",\"item\":\"https:\/\/sulsc.com\/\"},{\"@type\":\"ListItem\",\"position\":2,\"name\":\"Comitiva catarinense busca implantar voo direto entre Florian\u00f3polis e Panam\u00e1\"}]},{\"@type\":\"WebSite\",\"@id\":\"https:\/\/sulsc.com\/#website\",\"url\":\"https:\/\/sulsc.com\/\",\"name\":\"\",\"description\":\"\",\"potentialAction\":[{\"@type\":\"SearchAction\",\"target\":{\"@type\":\"EntryPoint\",\"urlTemplate\":\"https:\/\/sulsc.com\/?s={search_term_string}\"},\"query-input\":\"required name=search_term_string\"}],\"inLanguage\":\"en-US\"},{\"@type\":\"Person\",\"@id\":\"https:\/\/sulsc.com\/#\/schema\/person\/84d2fc571684f6248ba83092f07750a3\",\"name\":\"Reda\u00e7\u00e3o Sul SC\",\"image\":{\"@type\":\"ImageObject\",\"inLanguage\":\"en-US\",\"@id\":\"https:\/\/sulsc.com\/#\/schema\/person\/image\/e08d7fe2cc4ed596372063bbe852b8d0\",\"url\":\"https:\/\/sulsc.com\/wp-content\/uploads\/2023\/09\/redacao.png\",\"contentUrl\":\"https:\/\/sulsc.com\/wp-content\/uploads\/2023\/09\/redacao.png\",\"caption\":\"Reda\u00e7\u00e3o Sul SC\"},\"description\":\"Foco em um jornalismo imparcial, voltado \u00e0 qualidade dos seus conte\u00fados e, assim, levar informa\u00e7\u00e3o de valor que agregue \u00e0 vida dos leitores. Esta \u00e9 grande miss\u00e3o do Portal de Not\u00edcias Sul SC. N\u00e3o \u00e9 quantidade que muda o mundo, sempre foi e seguir\u00e1 sendo qualidade!\",\"sameAs\":[\"https:\/\/sulsc.com\/\",\"https:\/\/www.facebook.com\/profile.php?id=61559278119680\",\"https:\/\/www.instagram.com\/sulscportal\/?hl=pt-br\",\"https:\/\/twitter.com\/https:\/\/twitter.com\/PortalSulSC\",\"https:\/\/www.youtube.com\/channel\/UCv_BE8GeySluDov2n8qhVmw\"],\"url\":\"https:\/\/sulsc.com\/index.php\/author\/redacao\/\"}]}<\/script>\n<!-- \/ Yoast SEO plugin. -->","yoast_head_json":{"title":"Comitiva catarinense busca implantar voo direto entre Florian\u00f3polis e Panam\u00e1 -","robots":{"index":"index","follow":"follow","max-snippet":"max-snippet:-1","max-image-preview":"max-image-preview:large","max-video-preview":"max-video-preview:-1"},"canonical":"https:\/\/sulsc.com\/index.php\/2023\/10\/26\/comitiva-catarinense-busca-implantar-voo-direto-entre-florianopolis-e-panama\/","og_locale":"en_US","og_type":"article","og_title":"Comitiva catarinense busca implantar voo direto entre Florian\u00f3polis e Panam\u00e1 -","og_description":"Liderada pelo governador Jorginho Mello, a comitiva catarinense chegou ao Panam\u00e1 na manh\u00e3 desta quarta-feira (25) e j\u00e1 participou do primeiro compromisso da miss\u00e3o oficial. Em reuni\u00e3o com o diretor de Malhas da companhia Copa Airlines, Gabriel Varela, as autoridades apresentaram Santa Catarina e pediram a implanta\u00e7\u00e3o de um voo direto entre Florian\u00f3polis e a &hellip; Comitiva catarinense busca implantar voo direto entre Florian\u00f3polis e Panam\u00e1 Read More &raquo;","og_url":"https:\/\/sulsc.com\/index.php\/2023\/10\/26\/comitiva-catarinense-busca-implantar-voo-direto-entre-florianopolis-e-panama\/","article_author":"https:\/\/www.facebook.com\/profile.php?id=61559278119680","article_published_time":"2023-10-26T17:20:40+00:00","article_modified_time":"2023-10-26T16:32:31+00:00","og_image":[{"width":800,"height":600,"url":"https:\/\/sulsc.com\/wp-content\/uploads\/2023\/10\/Comitiva-catarinense-busca-implantar-voo-direto-entre-Florianopolis-e-Panama.jpg","type":"image\/jpeg"}],"author":"Reda\u00e7\u00e3o Sul SC","twitter_card":"summary_large_image","twitter_creator":"@https:\/\/twitter.com\/PortalSulSC","twitter_misc":{"Written by":"Reda\u00e7\u00e3o Sul SC","Est. reading time":"3 minutes"},"schema":{"@context":"https:\/\/schema.org","@graph":[{"@type":"WebPage","@id":"https:\/\/sulsc.com\/index.php\/2023\/10\/26\/comitiva-catarinense-busca-implantar-voo-direto-entre-florianopolis-e-panama\/","url":"https:\/\/sulsc.com\/index.php\/2023\/10\/26\/comitiva-catarinense-busca-implantar-voo-direto-entre-florianopolis-e-panama\/","name":"Comitiva catarinense busca implantar voo direto entre Florian\u00f3polis e Panam\u00e1 -","isPartOf":{"@id":"https:\/\/sulsc.com\/#website"},"datePublished":"2023-10-26T17:20:40+00:00","dateModified":"2023-10-26T16:32:31+00:00","author":{"@id":"https:\/\/sulsc.com\/#\/schema\/person\/84d2fc571684f6248ba83092f07750a3"},"breadcrumb":{"@id":"https:\/\/sulsc.com\/index.php\/2023\/10\/26\/comitiva-catarinense-busca-implantar-voo-direto-entre-florianopolis-e-panama\/#breadcrumb"},"inLanguage":"en-US","potentialAction":[{"@type":"ReadAction","target":["https:\/\/sulsc.com\/index.php\/2023\/10\/26\/comitiva-catarinense-busca-implantar-voo-direto-entre-florianopolis-e-panama\/"]}]},{"@type":"BreadcrumbList","@id":"https:\/\/sulsc.com\/index.php\/2023\/10\/26\/comitiva-catarinense-busca-implantar-voo-direto-entre-florianopolis-e-panama\/#breadcrumb","itemListElement":[{"@type":"ListItem","position":1,"name":"In\u00edcio","item":"https:\/\/sulsc.com\/"},{"@type":"ListItem","position":2,"name":"Comitiva catarinense busca implantar voo direto entre Florian\u00f3polis e Panam\u00e1"}]},{"@type":"WebSite","@id":"https:\/\/sulsc.com\/#website","url":"https:\/\/sulsc.com\/","name":"","description":"","potentialAction":[{"@type":"SearchAction","target":{"@type":"EntryPoint","urlTemplate":"https:\/\/sulsc.com\/?s={search_term_string}"},"query-input":"required name=search_term_string"}],"inLanguage":"en-US"},{"@type":"Person","@id":"https:\/\/sulsc.com\/#\/schema\/person\/84d2fc571684f6248ba83092f07750a3","name":"Reda\u00e7\u00e3o Sul SC","image":{"@type":"ImageObject","inLanguage":"en-US","@id":"https:\/\/sulsc.com\/#\/schema\/person\/image\/e08d7fe2cc4ed596372063bbe852b8d0","url":"https:\/\/sulsc.com\/wp-content\/uploads\/2023\/09\/redacao.png","contentUrl":"https:\/\/sulsc.com\/wp-content\/uploads\/2023\/09\/redacao.png","caption":"Reda\u00e7\u00e3o Sul SC"},"description":"Foco em um jornalismo imparcial, voltado \u00e0 qualidade dos seus conte\u00fados e, assim, levar informa\u00e7\u00e3o de valor que agregue \u00e0 vida dos leitores. Esta \u00e9 grande miss\u00e3o do Portal de Not\u00edcias Sul SC. N\u00e3o \u00e9 quantidade que muda o mundo, sempre foi e seguir\u00e1 sendo qualidade!","sameAs":["https:\/\/sulsc.com\/","https:\/\/www.facebook.com\/profile.php?id=61559278119680","https:\/\/www.instagram.com\/sulscportal\/?hl=pt-br","https:\/\/twitter.com\/https:\/\/twitter.com\/PortalSulSC","https:\/\/www.youtube.com\/channel\/UCv_BE8GeySluDov2n8qhVmw"],"url":"https:\/\/sulsc.com\/index.php\/author\/redacao\/"}]}},"authors":[],"_links":{"self":[{"href":"https:\/\/sulsc.com\/index.php\/wp-json\/wp\/v2\/posts\/2923"}],"collection":[{"href":"https:\/\/sulsc.com\/index.php\/wp-json\/wp\/v2\/posts"}],"about":[{"href":"https:\/\/sulsc.com\/index.php\/wp-json\/wp\/v2\/types\/post"}],"author":[{"embeddable":true,"href":"https:\/\/sulsc.com\/index.php\/wp-json\/wp\/v2\/users\/3"}],"replies":[{"embeddable":true,"href":"https:\/\/sulsc.com\/index.php\/wp-json\/wp\/v2\/comments?post=2923"}],"version-history":[{"count":1,"href":"https:\/\/sulsc.com\/index.php\/wp-json\/wp\/v2\/posts\/2923\/revisions"}],"predecessor-version":[{"id":2925,"href":"https:\/\/sulsc.com\/index.php\/wp-json\/wp\/v2\/posts\/2923\/revisions\/2925"}],"wp:featuredmedia":[{"embeddable":true,"href":"https:\/\/sulsc.com\/index.php\/wp-json\/wp\/v2\/media\/2924"}],"wp:attachment":[{"href":"https:\/\/sulsc.com\/index.php\/wp-json\/wp\/v2\/media?parent=2923"}],"wp:term":[{"taxonomy":"category","embeddable":true,"href":"https:\/\/sulsc.com\/index.php\/wp-json\/wp\/v2\/categories?post=2923"},{"taxonomy":"post_tag","embeddable":true,"href":"https:\/\/sulsc.com\/index.php\/wp-json\/wp\/v2\/tags?post=2923"}],"curies":[{"name":"wp","href":"https:\/\/api.w.org\/{rel}","templated":true}]}}