{"id":29264,"date":"2025-11-05T09:45:48","date_gmt":"2025-11-05T12:45:48","guid":{"rendered":"https:\/\/sulsc.com\/?p=29264"},"modified":"2025-11-05T09:45:48","modified_gmt":"2025-11-05T12:45:48","slug":"dez-anos-se-passaram-desde-o-rompimento-da-barragem-em-mariana-minas-gerais","status":"publish","type":"post","link":"https:\/\/sulsc.com\/index.php\/2025\/11\/05\/dez-anos-se-passaram-desde-o-rompimento-da-barragem-em-mariana-minas-gerais\/","title":{"rendered":"Dez anos se passaram desde o rompimento da barragem em Mariana, Minas Gerais"},"content":{"rendered":"<p>O desastre de 5 de novembro de 2015, causado pelo rompimento da barragem de Fund\u00e3o da Samarco (controlada pela Vale e BHP Billiton) no distrito de Bento Rodrigues, em Mariana (MG) , completa dez anos nesta quarta-feira (05). Naquele dia, a barragem do Fund\u00e3o, operada pela empresa Samarco, se rompeu liberando cerca de 40 milh\u00f5es de metros c\u00fabicos de rejeitos de minera\u00e7\u00e3o. O desastre matou 19 pessoas e deixou mais de 600 desabrigadas. Outras comunidades afetadas foram Paracatu de Baixo, Paracatu de Cima, Pedras, \u00c1guas Claras e Campinas.<\/p>\n<p><img fetchpriority=\"high\" decoding=\"async\" class=\"aligncenter size-full wp-image-29267\" src=\"http:\/\/sulsc.com\/wp-content\/uploads\/2025\/11\/984186-mg09112015-_wdo7431.webp\" alt=\"\" width=\"754\" height=\"476\" srcset=\"https:\/\/sulsc.com\/wp-content\/uploads\/2025\/11\/984186-mg09112015-_wdo7431.webp 754w, https:\/\/sulsc.com\/wp-content\/uploads\/2025\/11\/984186-mg09112015-_wdo7431-300x189.webp 300w\" sizes=\"(max-width: 754px) 100vw, 754px\" \/><\/p>\n<p>Foto Antonio Cruz\/ Ag\u00eancia Brasil\/Divulga\u00e7\u00e3o\/SulSC<\/p>\n<p>A trag\u00e9dia \u00e9 lembrada como um marco na hist\u00f3ria ambiental brasileira, expondo falhas graves na fiscaliza\u00e7\u00e3o de barragens de rejeitos. Dez anos depois, a recupera\u00e7\u00e3o da bacia do Rio Doce e a repara\u00e7\u00e3o das comunidades atingidas, como Bento Rodrigues, seguem sendo processos complexos e lentos.<\/p>\n<div id=\"metaslider-id-25573\" style=\"width: 100%;\" class=\"ml-slider-3-99-0 metaslider metaslider-flex metaslider-25573 ml-slider has-onhover-arrows ms-theme-default-base has-dots-nav\" role=\"region\" aria-label=\"Meio\" data-width=\"1200\">\n    <div id=\"metaslider_container_25573\">\n        <div id=\"metaslider_25573\">\n            <ul class='slides'>\n                <li style=\"display: block; width: 100%;\" class=\"slide-25684 ms-image \" aria-roledescription=\"slide\" data-date=\"2025-07-24 07:55:40\"><img src=\"https:\/\/sulsc.com\/wp-content\/uploads\/2025\/07\/Marr-2-1000x166.jpg\" height=\"200\" width=\"1200\" alt=\"\" class=\"slider-25573 slide-25684 msDefaultImage\" title=\"Marr 2\" \/><\/li>\n                <li style=\"display: none; width: 100%;\" class=\"slide-32412 ms-image \" aria-roledescription=\"slide\" data-date=\"2026-02-18 13:59:46\"><img src=\"https:\/\/sulsc.com\/wp-content\/uploads\/2026\/02\/40dc1580-cad5-4867-bc58-c4243821ad38-1000x166.jpeg\" height=\"200\" width=\"1200\" alt=\"\" class=\"slider-25573 slide-32412 msDefaultImage\" title=\"40dc1580-cad5-4867-bc58-c4243821ad38\" \/><\/li>\n                <li style=\"display: none; width: 100%;\" class=\"slide-32766 ms-image \" aria-roledescription=\"slide\" data-date=\"2026-03-03 17:22:59\"><img src=\"https:\/\/sulsc.com\/wp-content\/uploads\/2026\/03\/271ce739-f268-41c5-8051-3de1a1750359-1000x166.jpeg\" height=\"200\" width=\"1200\" alt=\"\" class=\"slider-25573 slide-32766 msDefaultImage\" title=\"271ce739-f268-41c5-8051-3de1a1750359\" \/><\/li>\n            <\/ul>\n        <\/div>\n        \n    <\/div>\n<\/div>\n<p>Segundo a empresa, j\u00e1 foram destinados R$ 68,4 bilh\u00f5es para as a\u00e7\u00f5es de repara\u00e7\u00e3o e compensa\u00e7\u00e3o. Nesse valor, est\u00e3o R$ 32,1 bilh\u00f5es pagos em 735 mil acordos de indeniza\u00e7\u00e3o individual.<\/p>\n<p>A empresa defende que esses recursos \u201ct\u00eam transformado a realidade econ\u00f4mica da bacia, estimulando o com\u00e9rcio, fortalecendo cadeias produtivas e gerando empregos\u201d.<\/p>\n<p><img decoding=\"async\" class=\"aligncenter size-full wp-image-29266\" src=\"http:\/\/sulsc.com\/wp-content\/uploads\/2025\/11\/f20200901ni0832_1.webp\" alt=\"\" width=\"754\" height=\"418\" srcset=\"https:\/\/sulsc.com\/wp-content\/uploads\/2025\/11\/f20200901ni0832_1.webp 754w, https:\/\/sulsc.com\/wp-content\/uploads\/2025\/11\/f20200901ni0832_1-300x166.webp 300w\" sizes=\"(max-width: 754px) 100vw, 754px\" \/><\/p>\n<p>Obras de recupera\u00e7\u00e3o no Distrito de Bento Rodrigues, em Mariana (MG) &#8211; Foto Divulga\u00e7\u00e3o\/Funda\u00e7\u00e3o Renova\/Divulga\u00e7\u00e3o\/SulSC<\/p>\n<p>As empresas respons\u00e1veis continuam sob obriga\u00e7\u00f5es judiciais para a repara\u00e7\u00e3o integral dos danos causados, um processo monitorado por \u00f3rg\u00e3os ambientais e pelo Poder Judici\u00e1rio. A data \u00e9 marcada por homenagens \u00e0s v\u00edtimas e por cobran\u00e7as por justi\u00e7a e pela n\u00e3o repeti\u00e7\u00e3o de tais cat\u00e1strofes.<\/p>\n","protected":false},"excerpt":{"rendered":"<p>O desastre de 5 de novembro de 2015, causado pelo rompimento da barragem de Fund\u00e3o da Samarco (controlada pela Vale e BHP Billiton) no distrito de Bento Rodrigues, em Mariana (MG) , completa dez anos nesta quarta-feira (05). Naquele dia, a barragem do Fund\u00e3o, operada pela empresa Samarco, se rompeu liberando cerca de 40 milh\u00f5es &hellip;<\/p>\n<p class=\"read-more\"> <a class=\"\" href=\"https:\/\/sulsc.com\/index.php\/2025\/11\/05\/dez-anos-se-passaram-desde-o-rompimento-da-barragem-em-mariana-minas-gerais\/\"> <span class=\"screen-reader-text\">Dez anos se passaram desde o rompimento da barragem em Mariana, Minas Gerais<\/span> Read More &raquo;<\/a><\/p>\n","protected":false},"author":3,"featured_media":29268,"comment_status":"open","ping_status":"open","sticky":false,"template":"","format":"standard","meta":{"site-sidebar-layout":"default","site-content-layout":"","ast-site-content-layout":"default","site-content-style":"default","site-sidebar-style":"default","ast-global-header-display":"","ast-banner-title-visibility":"","ast-main-header-display":"","ast-hfb-above-header-display":"","ast-hfb-below-header-display":"","ast-hfb-mobile-header-display":"","site-post-title":"","ast-breadcrumbs-content":"","ast-featured-img":"","footer-sml-layout":"","theme-transparent-header-meta":"default","adv-header-id-meta":"","stick-header-meta":"","header-above-stick-meta":"","header-main-stick-meta":"","header-below-stick-meta":"","astra-migrate-meta-layouts":"set","footnotes":""},"categories":[1,16,15,12],"tags":[1826],"yoast_head":"<!-- This site is optimized with the Yoast SEO plugin v21.4 - https:\/\/yoast.com\/wordpress\/plugins\/seo\/ -->\n<title>Dez anos se passaram desde o rompimento da barragem em Mariana, Minas Gerais -<\/title>\n<meta name=\"robots\" content=\"index, follow, max-snippet:-1, max-image-preview:large, max-video-preview:-1\" \/>\n<link rel=\"canonical\" href=\"https:\/\/sulsc.com\/index.php\/2025\/11\/05\/dez-anos-se-passaram-desde-o-rompimento-da-barragem-em-mariana-minas-gerais\/\" \/>\n<meta property=\"og:locale\" content=\"en_US\" \/>\n<meta property=\"og:type\" content=\"article\" \/>\n<meta property=\"og:title\" content=\"Dez anos se passaram desde o rompimento da barragem em Mariana, Minas Gerais -\" \/>\n<meta property=\"og:description\" content=\"O desastre de 5 de novembro de 2015, causado pelo rompimento da barragem de Fund\u00e3o da Samarco (controlada pela Vale e BHP Billiton) no distrito de Bento Rodrigues, em Mariana (MG) , completa dez anos nesta quarta-feira (05). Naquele dia, a barragem do Fund\u00e3o, operada pela empresa Samarco, se rompeu liberando cerca de 40 milh\u00f5es &hellip; Dez anos se passaram desde o rompimento da barragem em Mariana, Minas Gerais Read More &raquo;\" \/>\n<meta property=\"og:url\" content=\"https:\/\/sulsc.com\/index.php\/2025\/11\/05\/dez-anos-se-passaram-desde-o-rompimento-da-barragem-em-mariana-minas-gerais\/\" \/>\n<meta property=\"article:author\" content=\"https:\/\/www.facebook.com\/profile.php?id=61559278119680\" \/>\n<meta property=\"article:published_time\" content=\"2025-11-05T12:45:48+00:00\" \/>\n<meta property=\"og:image\" content=\"http:\/\/sulsc.com\/wp-content\/uploads\/2025\/11\/984189-mg09112015-_wdo7449.webp\" \/>\n\t<meta property=\"og:image:width\" content=\"754\" \/>\n\t<meta property=\"og:image:height\" content=\"502\" \/>\n\t<meta property=\"og:image:type\" content=\"image\/webp\" \/>\n<meta name=\"author\" content=\"Reda\u00e7\u00e3o Sul SC\" \/>\n<meta name=\"twitter:card\" content=\"summary_large_image\" \/>\n<meta name=\"twitter:creator\" content=\"@https:\/\/twitter.com\/PortalSulSC\" \/>\n<meta name=\"twitter:label1\" content=\"Written by\" \/>\n\t<meta name=\"twitter:data1\" content=\"Reda\u00e7\u00e3o Sul SC\" \/>\n\t<meta name=\"twitter:label2\" content=\"Est. reading time\" \/>\n\t<meta name=\"twitter:data2\" content=\"2 minutes\" \/>\n<script type=\"application\/ld+json\" class=\"yoast-schema-graph\">{\"@context\":\"https:\/\/schema.org\",\"@graph\":[{\"@type\":\"WebPage\",\"@id\":\"https:\/\/sulsc.com\/index.php\/2025\/11\/05\/dez-anos-se-passaram-desde-o-rompimento-da-barragem-em-mariana-minas-gerais\/\",\"url\":\"https:\/\/sulsc.com\/index.php\/2025\/11\/05\/dez-anos-se-passaram-desde-o-rompimento-da-barragem-em-mariana-minas-gerais\/\",\"name\":\"Dez anos se passaram desde o rompimento da barragem em Mariana, Minas Gerais -\",\"isPartOf\":{\"@id\":\"https:\/\/sulsc.com\/#website\"},\"datePublished\":\"2025-11-05T12:45:48+00:00\",\"dateModified\":\"2025-11-05T12:45:48+00:00\",\"author\":{\"@id\":\"https:\/\/sulsc.com\/#\/schema\/person\/84d2fc571684f6248ba83092f07750a3\"},\"breadcrumb\":{\"@id\":\"https:\/\/sulsc.com\/index.php\/2025\/11\/05\/dez-anos-se-passaram-desde-o-rompimento-da-barragem-em-mariana-minas-gerais\/#breadcrumb\"},\"inLanguage\":\"en-US\",\"potentialAction\":[{\"@type\":\"ReadAction\",\"target\":[\"https:\/\/sulsc.com\/index.php\/2025\/11\/05\/dez-anos-se-passaram-desde-o-rompimento-da-barragem-em-mariana-minas-gerais\/\"]}]},{\"@type\":\"BreadcrumbList\",\"@id\":\"https:\/\/sulsc.com\/index.php\/2025\/11\/05\/dez-anos-se-passaram-desde-o-rompimento-da-barragem-em-mariana-minas-gerais\/#breadcrumb\",\"itemListElement\":[{\"@type\":\"ListItem\",\"position\":1,\"name\":\"In\u00edcio\",\"item\":\"https:\/\/sulsc.com\/\"},{\"@type\":\"ListItem\",\"position\":2,\"name\":\"Dez anos se passaram desde o rompimento da barragem em Mariana, Minas Gerais\"}]},{\"@type\":\"WebSite\",\"@id\":\"https:\/\/sulsc.com\/#website\",\"url\":\"https:\/\/sulsc.com\/\",\"name\":\"\",\"description\":\"\",\"potentialAction\":[{\"@type\":\"SearchAction\",\"target\":{\"@type\":\"EntryPoint\",\"urlTemplate\":\"https:\/\/sulsc.com\/?s={search_term_string}\"},\"query-input\":\"required name=search_term_string\"}],\"inLanguage\":\"en-US\"},{\"@type\":\"Person\",\"@id\":\"https:\/\/sulsc.com\/#\/schema\/person\/84d2fc571684f6248ba83092f07750a3\",\"name\":\"Reda\u00e7\u00e3o Sul SC\",\"image\":{\"@type\":\"ImageObject\",\"inLanguage\":\"en-US\",\"@id\":\"https:\/\/sulsc.com\/#\/schema\/person\/image\/e08d7fe2cc4ed596372063bbe852b8d0\",\"url\":\"https:\/\/sulsc.com\/wp-content\/uploads\/2023\/09\/redacao.png\",\"contentUrl\":\"https:\/\/sulsc.com\/wp-content\/uploads\/2023\/09\/redacao.png\",\"caption\":\"Reda\u00e7\u00e3o Sul SC\"},\"description\":\"Foco em um jornalismo imparcial, voltado \u00e0 qualidade dos seus conte\u00fados e, assim, levar informa\u00e7\u00e3o de valor que agregue \u00e0 vida dos leitores. Esta \u00e9 grande miss\u00e3o do Portal de Not\u00edcias Sul SC. N\u00e3o \u00e9 quantidade que muda o mundo, sempre foi e seguir\u00e1 sendo qualidade!\",\"sameAs\":[\"https:\/\/sulsc.com\/\",\"https:\/\/www.facebook.com\/profile.php?id=61559278119680\",\"https:\/\/www.instagram.com\/sulscportal\/?hl=pt-br\",\"https:\/\/twitter.com\/https:\/\/twitter.com\/PortalSulSC\",\"https:\/\/www.youtube.com\/channel\/UCv_BE8GeySluDov2n8qhVmw\"],\"url\":\"https:\/\/sulsc.com\/index.php\/author\/redacao\/\"}]}<\/script>\n<!-- \/ Yoast SEO plugin. -->","yoast_head_json":{"title":"Dez anos se passaram desde o rompimento da barragem em Mariana, Minas Gerais -","robots":{"index":"index","follow":"follow","max-snippet":"max-snippet:-1","max-image-preview":"max-image-preview:large","max-video-preview":"max-video-preview:-1"},"canonical":"https:\/\/sulsc.com\/index.php\/2025\/11\/05\/dez-anos-se-passaram-desde-o-rompimento-da-barragem-em-mariana-minas-gerais\/","og_locale":"en_US","og_type":"article","og_title":"Dez anos se passaram desde o rompimento da barragem em Mariana, Minas Gerais -","og_description":"O desastre de 5 de novembro de 2015, causado pelo rompimento da barragem de Fund\u00e3o da Samarco (controlada pela Vale e BHP Billiton) no distrito de Bento Rodrigues, em Mariana (MG) , completa dez anos nesta quarta-feira (05). Naquele dia, a barragem do Fund\u00e3o, operada pela empresa Samarco, se rompeu liberando cerca de 40 milh\u00f5es &hellip; Dez anos se passaram desde o rompimento da barragem em Mariana, Minas Gerais Read More &raquo;","og_url":"https:\/\/sulsc.com\/index.php\/2025\/11\/05\/dez-anos-se-passaram-desde-o-rompimento-da-barragem-em-mariana-minas-gerais\/","article_author":"https:\/\/www.facebook.com\/profile.php?id=61559278119680","article_published_time":"2025-11-05T12:45:48+00:00","og_image":[{"width":754,"height":502,"url":"http:\/\/sulsc.com\/wp-content\/uploads\/2025\/11\/984189-mg09112015-_wdo7449.webp","type":"image\/webp"}],"author":"Reda\u00e7\u00e3o Sul SC","twitter_card":"summary_large_image","twitter_creator":"@https:\/\/twitter.com\/PortalSulSC","twitter_misc":{"Written by":"Reda\u00e7\u00e3o Sul SC","Est. reading time":"2 minutes"},"schema":{"@context":"https:\/\/schema.org","@graph":[{"@type":"WebPage","@id":"https:\/\/sulsc.com\/index.php\/2025\/11\/05\/dez-anos-se-passaram-desde-o-rompimento-da-barragem-em-mariana-minas-gerais\/","url":"https:\/\/sulsc.com\/index.php\/2025\/11\/05\/dez-anos-se-passaram-desde-o-rompimento-da-barragem-em-mariana-minas-gerais\/","name":"Dez anos se passaram desde o rompimento da barragem em Mariana, Minas Gerais -","isPartOf":{"@id":"https:\/\/sulsc.com\/#website"},"datePublished":"2025-11-05T12:45:48+00:00","dateModified":"2025-11-05T12:45:48+00:00","author":{"@id":"https:\/\/sulsc.com\/#\/schema\/person\/84d2fc571684f6248ba83092f07750a3"},"breadcrumb":{"@id":"https:\/\/sulsc.com\/index.php\/2025\/11\/05\/dez-anos-se-passaram-desde-o-rompimento-da-barragem-em-mariana-minas-gerais\/#breadcrumb"},"inLanguage":"en-US","potentialAction":[{"@type":"ReadAction","target":["https:\/\/sulsc.com\/index.php\/2025\/11\/05\/dez-anos-se-passaram-desde-o-rompimento-da-barragem-em-mariana-minas-gerais\/"]}]},{"@type":"BreadcrumbList","@id":"https:\/\/sulsc.com\/index.php\/2025\/11\/05\/dez-anos-se-passaram-desde-o-rompimento-da-barragem-em-mariana-minas-gerais\/#breadcrumb","itemListElement":[{"@type":"ListItem","position":1,"name":"In\u00edcio","item":"https:\/\/sulsc.com\/"},{"@type":"ListItem","position":2,"name":"Dez anos se passaram desde o rompimento da barragem em Mariana, Minas Gerais"}]},{"@type":"WebSite","@id":"https:\/\/sulsc.com\/#website","url":"https:\/\/sulsc.com\/","name":"","description":"","potentialAction":[{"@type":"SearchAction","target":{"@type":"EntryPoint","urlTemplate":"https:\/\/sulsc.com\/?s={search_term_string}"},"query-input":"required name=search_term_string"}],"inLanguage":"en-US"},{"@type":"Person","@id":"https:\/\/sulsc.com\/#\/schema\/person\/84d2fc571684f6248ba83092f07750a3","name":"Reda\u00e7\u00e3o Sul SC","image":{"@type":"ImageObject","inLanguage":"en-US","@id":"https:\/\/sulsc.com\/#\/schema\/person\/image\/e08d7fe2cc4ed596372063bbe852b8d0","url":"https:\/\/sulsc.com\/wp-content\/uploads\/2023\/09\/redacao.png","contentUrl":"https:\/\/sulsc.com\/wp-content\/uploads\/2023\/09\/redacao.png","caption":"Reda\u00e7\u00e3o Sul SC"},"description":"Foco em um jornalismo imparcial, voltado \u00e0 qualidade dos seus conte\u00fados e, assim, levar informa\u00e7\u00e3o de valor que agregue \u00e0 vida dos leitores. Esta \u00e9 grande miss\u00e3o do Portal de Not\u00edcias Sul SC. N\u00e3o \u00e9 quantidade que muda o mundo, sempre foi e seguir\u00e1 sendo qualidade!","sameAs":["https:\/\/sulsc.com\/","https:\/\/www.facebook.com\/profile.php?id=61559278119680","https:\/\/www.instagram.com\/sulscportal\/?hl=pt-br","https:\/\/twitter.com\/https:\/\/twitter.com\/PortalSulSC","https:\/\/www.youtube.com\/channel\/UCv_BE8GeySluDov2n8qhVmw"],"url":"https:\/\/sulsc.com\/index.php\/author\/redacao\/"}]}},"authors":[],"_links":{"self":[{"href":"https:\/\/sulsc.com\/index.php\/wp-json\/wp\/v2\/posts\/29264"}],"collection":[{"href":"https:\/\/sulsc.com\/index.php\/wp-json\/wp\/v2\/posts"}],"about":[{"href":"https:\/\/sulsc.com\/index.php\/wp-json\/wp\/v2\/types\/post"}],"author":[{"embeddable":true,"href":"https:\/\/sulsc.com\/index.php\/wp-json\/wp\/v2\/users\/3"}],"replies":[{"embeddable":true,"href":"https:\/\/sulsc.com\/index.php\/wp-json\/wp\/v2\/comments?post=29264"}],"version-history":[{"count":1,"href":"https:\/\/sulsc.com\/index.php\/wp-json\/wp\/v2\/posts\/29264\/revisions"}],"predecessor-version":[{"id":29269,"href":"https:\/\/sulsc.com\/index.php\/wp-json\/wp\/v2\/posts\/29264\/revisions\/29269"}],"wp:featuredmedia":[{"embeddable":true,"href":"https:\/\/sulsc.com\/index.php\/wp-json\/wp\/v2\/media\/29268"}],"wp:attachment":[{"href":"https:\/\/sulsc.com\/index.php\/wp-json\/wp\/v2\/media?parent=29264"}],"wp:term":[{"taxonomy":"category","embeddable":true,"href":"https:\/\/sulsc.com\/index.php\/wp-json\/wp\/v2\/categories?post=29264"},{"taxonomy":"post_tag","embeddable":true,"href":"https:\/\/sulsc.com\/index.php\/wp-json\/wp\/v2\/tags?post=29264"}],"curies":[{"name":"wp","href":"https:\/\/api.w.org\/{rel}","templated":true}]}}