{"id":2932,"date":"2023-10-26T17:00:07","date_gmt":"2023-10-26T20:00:07","guid":{"rendered":"https:\/\/sulsc.com\/?p=2932"},"modified":"2023-10-26T17:49:51","modified_gmt":"2023-10-26T20:49:51","slug":"operacao-7-pro-e-deflagrada-pela-dic-de-laguna","status":"publish","type":"post","link":"https:\/\/sulsc.com\/index.php\/2023\/10\/26\/operacao-7-pro-e-deflagrada-pela-dic-de-laguna\/","title":{"rendered":"&#8216;Opera\u00e7\u00e3o 7 Pro&#8217; \u00e9 deflagrada pela DIC de Laguna"},"content":{"rendered":"<p>Nos primeiros minutos dessa manh\u00e3 de quinta-feira (26), foi deflagrada a \u201cOpera\u00e7\u00e3o 7 Pro\u201d. A a\u00e7\u00e3o, realizada pela Pol\u00edcia Civil de Santa Catarina, por interm\u00e9dio da Divis\u00e3o de Investiga\u00e7\u00e3o Criminal de Laguna (DIC), tem o objetivo de desarticular um dos freteiros de uma organiza\u00e7\u00e3o criminosa sediada em Florian\u00f3polis, e respons\u00e1vel pelo transporte de drogas, em larga escala, a diversas cidades de Santa Catarina e Rio Grande do Sul.<\/p>\n<p>As apura\u00e7\u00f5es se iniciaram no dia 3 de setembro de 2023, domingo a noite, quando o motorista de um ve\u00edculo acabou desobedecendo ordens de parada da Pol\u00edcia Rodovi\u00e1ria Federal e da Pol\u00edcia Militar, passando a fugir em alta velocidade do munic\u00edpio de Paulo Lopes at\u00e9 Laguna, quando, ent\u00e3o, abandonou o ve\u00edculo e fugiu ao mato.\u00a0Dentro do ve\u00edculo abandonado, os militares encontraram aproximadamente 320kg de maconha, em por\u00e7\u00f5es j\u00e1 acondicionadas e dispostas \u00e0 venda.<\/p>\n<p>A partir de ent\u00e3o, com o aux\u00edlio da Pol\u00edcia Rodovi\u00e1ria Federal e adotando-se modernas t\u00e9cnicas de investiga\u00e7\u00e3o, a DIC conseguiu apurar a autoria deste homem, respons\u00e1vel pelo reiterado transporte de drogas para uma organiza\u00e7\u00e3o criminosa sediada em Florian\u00f3polis. Das an\u00e1lises de todas as medidas cautelares implementadas, ainda se apurou que esse mesmo homem j\u00e1 realizava o transporte de drogas a diversas outras cidades de Santa Catarina e Rio Grande do Sul, a\u00ed se incluindo os munic\u00edpios de Lages, Bocai\u00fana do Sul, Imbituba, Laguna e Crici\u00fama.<\/p>\n<p>Por essa raz\u00e3o, opera\u00e7\u00e3o \u201c7 PRO\u201d hoje deflagrada objetivou cumprir mandados de busca e apreens\u00e3o e de pris\u00e3o preventiva nos munic\u00edpios de S\u00e3o Jos\u00e9 e Bigua\u00e7u.\u00a0Ap\u00f3s as dilig\u00eancias, o investigado, que se encontrava em uma casa no munic\u00edpio de S\u00e3o Jos\u00e9, foi conduzido at\u00e9 a sede da DIC de Laguna, onde foi interrogado e encaminhado \u00e0 UPA do munic\u00edpio.<\/p>\n<p>&nbsp;<\/p>\n<p>Fonte: Pref. Laguna<\/p>\n","protected":false},"excerpt":{"rendered":"<p>Nos primeiros minutos dessa manh\u00e3 de quinta-feira (26), foi deflagrada a \u201cOpera\u00e7\u00e3o 7 Pro\u201d. A a\u00e7\u00e3o, realizada pela Pol\u00edcia Civil de Santa Catarina, por interm\u00e9dio da Divis\u00e3o de Investiga\u00e7\u00e3o Criminal de Laguna (DIC), tem o objetivo de desarticular um dos freteiros de uma organiza\u00e7\u00e3o criminosa sediada em Florian\u00f3polis, e respons\u00e1vel pelo transporte de drogas, em &hellip;<\/p>\n<p class=\"read-more\"> <a class=\"\" href=\"https:\/\/sulsc.com\/index.php\/2023\/10\/26\/operacao-7-pro-e-deflagrada-pela-dic-de-laguna\/\"> <span class=\"screen-reader-text\">&#8216;Opera\u00e7\u00e3o 7 Pro&#8217; \u00e9 deflagrada pela DIC de Laguna<\/span> Read More &raquo;<\/a><\/p>\n","protected":false},"author":3,"featured_media":2937,"comment_status":"open","ping_status":"open","sticky":false,"template":"","format":"standard","meta":{"site-sidebar-layout":"default","site-content-layout":"","ast-site-content-layout":"default","site-content-style":"default","site-sidebar-style":"default","ast-global-header-display":"","ast-banner-title-visibility":"","ast-main-header-display":"","ast-hfb-above-header-display":"","ast-hfb-below-header-display":"","ast-hfb-mobile-header-display":"","site-post-title":"","ast-breadcrumbs-content":"","ast-featured-img":"","footer-sml-layout":"","theme-transparent-header-meta":"default","adv-header-id-meta":"","stick-header-meta":"","header-above-stick-meta":"","header-main-stick-meta":"","header-below-stick-meta":"","astra-migrate-meta-layouts":"set","footnotes":""},"categories":[22,8],"tags":[],"yoast_head":"<!-- This site is optimized with the Yoast SEO plugin v21.4 - https:\/\/yoast.com\/wordpress\/plugins\/seo\/ -->\n<title>&#039;Opera\u00e7\u00e3o 7 Pro&#039; \u00e9 deflagrada pela DIC de Laguna -<\/title>\n<meta name=\"robots\" content=\"index, follow, max-snippet:-1, max-image-preview:large, max-video-preview:-1\" \/>\n<link rel=\"canonical\" href=\"https:\/\/sulsc.com\/index.php\/2023\/10\/26\/operacao-7-pro-e-deflagrada-pela-dic-de-laguna\/\" \/>\n<meta property=\"og:locale\" content=\"en_US\" \/>\n<meta property=\"og:type\" content=\"article\" \/>\n<meta property=\"og:title\" content=\"&#039;Opera\u00e7\u00e3o 7 Pro&#039; \u00e9 deflagrada pela DIC de Laguna -\" \/>\n<meta property=\"og:description\" content=\"Nos primeiros minutos dessa manh\u00e3 de quinta-feira (26), foi deflagrada a \u201cOpera\u00e7\u00e3o 7 Pro\u201d. A a\u00e7\u00e3o, realizada pela Pol\u00edcia Civil de Santa Catarina, por interm\u00e9dio da Divis\u00e3o de Investiga\u00e7\u00e3o Criminal de Laguna (DIC), tem o objetivo de desarticular um dos freteiros de uma organiza\u00e7\u00e3o criminosa sediada em Florian\u00f3polis, e respons\u00e1vel pelo transporte de drogas, em &hellip; &#8216;Opera\u00e7\u00e3o 7 Pro&#8217; \u00e9 deflagrada pela DIC de Laguna Read More &raquo;\" \/>\n<meta property=\"og:url\" content=\"https:\/\/sulsc.com\/index.php\/2023\/10\/26\/operacao-7-pro-e-deflagrada-pela-dic-de-laguna\/\" \/>\n<meta property=\"article:author\" content=\"https:\/\/www.facebook.com\/profile.php?id=61559278119680\" \/>\n<meta property=\"article:published_time\" content=\"2023-10-26T20:00:07+00:00\" \/>\n<meta property=\"article:modified_time\" content=\"2023-10-26T20:49:51+00:00\" \/>\n<meta property=\"og:image\" content=\"http:\/\/sulsc.com\/wp-content\/uploads\/2023\/10\/Operacao-Pro-7.jpeg\" \/>\n\t<meta property=\"og:image:width\" content=\"585\" \/>\n\t<meta property=\"og:image:height\" content=\"1040\" \/>\n\t<meta property=\"og:image:type\" content=\"image\/jpeg\" \/>\n<meta name=\"author\" content=\"Reda\u00e7\u00e3o Sul SC\" \/>\n<meta name=\"twitter:card\" content=\"summary_large_image\" \/>\n<meta name=\"twitter:creator\" content=\"@https:\/\/twitter.com\/PortalSulSC\" \/>\n<meta name=\"twitter:label1\" content=\"Written by\" \/>\n\t<meta name=\"twitter:data1\" content=\"Reda\u00e7\u00e3o Sul SC\" \/>\n\t<meta name=\"twitter:label2\" content=\"Est. reading time\" \/>\n\t<meta name=\"twitter:data2\" content=\"2 minutes\" \/>\n<script type=\"application\/ld+json\" class=\"yoast-schema-graph\">{\"@context\":\"https:\/\/schema.org\",\"@graph\":[{\"@type\":\"WebPage\",\"@id\":\"https:\/\/sulsc.com\/index.php\/2023\/10\/26\/operacao-7-pro-e-deflagrada-pela-dic-de-laguna\/\",\"url\":\"https:\/\/sulsc.com\/index.php\/2023\/10\/26\/operacao-7-pro-e-deflagrada-pela-dic-de-laguna\/\",\"name\":\"'Opera\u00e7\u00e3o 7 Pro' \u00e9 deflagrada pela DIC de Laguna -\",\"isPartOf\":{\"@id\":\"https:\/\/sulsc.com\/#website\"},\"datePublished\":\"2023-10-26T20:00:07+00:00\",\"dateModified\":\"2023-10-26T20:49:51+00:00\",\"author\":{\"@id\":\"https:\/\/sulsc.com\/#\/schema\/person\/84d2fc571684f6248ba83092f07750a3\"},\"breadcrumb\":{\"@id\":\"https:\/\/sulsc.com\/index.php\/2023\/10\/26\/operacao-7-pro-e-deflagrada-pela-dic-de-laguna\/#breadcrumb\"},\"inLanguage\":\"en-US\",\"potentialAction\":[{\"@type\":\"ReadAction\",\"target\":[\"https:\/\/sulsc.com\/index.php\/2023\/10\/26\/operacao-7-pro-e-deflagrada-pela-dic-de-laguna\/\"]}]},{\"@type\":\"BreadcrumbList\",\"@id\":\"https:\/\/sulsc.com\/index.php\/2023\/10\/26\/operacao-7-pro-e-deflagrada-pela-dic-de-laguna\/#breadcrumb\",\"itemListElement\":[{\"@type\":\"ListItem\",\"position\":1,\"name\":\"In\u00edcio\",\"item\":\"https:\/\/sulsc.com\/\"},{\"@type\":\"ListItem\",\"position\":2,\"name\":\"&#8216;Opera\u00e7\u00e3o 7 Pro&#8217; \u00e9 deflagrada pela DIC de Laguna\"}]},{\"@type\":\"WebSite\",\"@id\":\"https:\/\/sulsc.com\/#website\",\"url\":\"https:\/\/sulsc.com\/\",\"name\":\"\",\"description\":\"\",\"potentialAction\":[{\"@type\":\"SearchAction\",\"target\":{\"@type\":\"EntryPoint\",\"urlTemplate\":\"https:\/\/sulsc.com\/?s={search_term_string}\"},\"query-input\":\"required name=search_term_string\"}],\"inLanguage\":\"en-US\"},{\"@type\":\"Person\",\"@id\":\"https:\/\/sulsc.com\/#\/schema\/person\/84d2fc571684f6248ba83092f07750a3\",\"name\":\"Reda\u00e7\u00e3o Sul SC\",\"image\":{\"@type\":\"ImageObject\",\"inLanguage\":\"en-US\",\"@id\":\"https:\/\/sulsc.com\/#\/schema\/person\/image\/e08d7fe2cc4ed596372063bbe852b8d0\",\"url\":\"https:\/\/sulsc.com\/wp-content\/uploads\/2023\/09\/redacao.png\",\"contentUrl\":\"https:\/\/sulsc.com\/wp-content\/uploads\/2023\/09\/redacao.png\",\"caption\":\"Reda\u00e7\u00e3o Sul SC\"},\"description\":\"Foco em um jornalismo imparcial, voltado \u00e0 qualidade dos seus conte\u00fados e, assim, levar informa\u00e7\u00e3o de valor que agregue \u00e0 vida dos leitores. Esta \u00e9 grande miss\u00e3o do Portal de Not\u00edcias Sul SC. N\u00e3o \u00e9 quantidade que muda o mundo, sempre foi e seguir\u00e1 sendo qualidade!\",\"sameAs\":[\"https:\/\/sulsc.com\/\",\"https:\/\/www.facebook.com\/profile.php?id=61559278119680\",\"https:\/\/www.instagram.com\/sulscportal\/?hl=pt-br\",\"https:\/\/twitter.com\/https:\/\/twitter.com\/PortalSulSC\",\"https:\/\/www.youtube.com\/channel\/UCv_BE8GeySluDov2n8qhVmw\"],\"url\":\"https:\/\/sulsc.com\/index.php\/author\/redacao\/\"}]}<\/script>\n<!-- \/ Yoast SEO plugin. -->","yoast_head_json":{"title":"'Opera\u00e7\u00e3o 7 Pro' \u00e9 deflagrada pela DIC de Laguna -","robots":{"index":"index","follow":"follow","max-snippet":"max-snippet:-1","max-image-preview":"max-image-preview:large","max-video-preview":"max-video-preview:-1"},"canonical":"https:\/\/sulsc.com\/index.php\/2023\/10\/26\/operacao-7-pro-e-deflagrada-pela-dic-de-laguna\/","og_locale":"en_US","og_type":"article","og_title":"'Opera\u00e7\u00e3o 7 Pro' \u00e9 deflagrada pela DIC de Laguna -","og_description":"Nos primeiros minutos dessa manh\u00e3 de quinta-feira (26), foi deflagrada a \u201cOpera\u00e7\u00e3o 7 Pro\u201d. A a\u00e7\u00e3o, realizada pela Pol\u00edcia Civil de Santa Catarina, por interm\u00e9dio da Divis\u00e3o de Investiga\u00e7\u00e3o Criminal de Laguna (DIC), tem o objetivo de desarticular um dos freteiros de uma organiza\u00e7\u00e3o criminosa sediada em Florian\u00f3polis, e respons\u00e1vel pelo transporte de drogas, em &hellip; &#8216;Opera\u00e7\u00e3o 7 Pro&#8217; \u00e9 deflagrada pela DIC de Laguna Read More &raquo;","og_url":"https:\/\/sulsc.com\/index.php\/2023\/10\/26\/operacao-7-pro-e-deflagrada-pela-dic-de-laguna\/","article_author":"https:\/\/www.facebook.com\/profile.php?id=61559278119680","article_published_time":"2023-10-26T20:00:07+00:00","article_modified_time":"2023-10-26T20:49:51+00:00","og_image":[{"width":585,"height":1040,"url":"http:\/\/sulsc.com\/wp-content\/uploads\/2023\/10\/Operacao-Pro-7.jpeg","type":"image\/jpeg"}],"author":"Reda\u00e7\u00e3o Sul SC","twitter_card":"summary_large_image","twitter_creator":"@https:\/\/twitter.com\/PortalSulSC","twitter_misc":{"Written by":"Reda\u00e7\u00e3o Sul SC","Est. reading time":"2 minutes"},"schema":{"@context":"https:\/\/schema.org","@graph":[{"@type":"WebPage","@id":"https:\/\/sulsc.com\/index.php\/2023\/10\/26\/operacao-7-pro-e-deflagrada-pela-dic-de-laguna\/","url":"https:\/\/sulsc.com\/index.php\/2023\/10\/26\/operacao-7-pro-e-deflagrada-pela-dic-de-laguna\/","name":"'Opera\u00e7\u00e3o 7 Pro' \u00e9 deflagrada pela DIC de Laguna -","isPartOf":{"@id":"https:\/\/sulsc.com\/#website"},"datePublished":"2023-10-26T20:00:07+00:00","dateModified":"2023-10-26T20:49:51+00:00","author":{"@id":"https:\/\/sulsc.com\/#\/schema\/person\/84d2fc571684f6248ba83092f07750a3"},"breadcrumb":{"@id":"https:\/\/sulsc.com\/index.php\/2023\/10\/26\/operacao-7-pro-e-deflagrada-pela-dic-de-laguna\/#breadcrumb"},"inLanguage":"en-US","potentialAction":[{"@type":"ReadAction","target":["https:\/\/sulsc.com\/index.php\/2023\/10\/26\/operacao-7-pro-e-deflagrada-pela-dic-de-laguna\/"]}]},{"@type":"BreadcrumbList","@id":"https:\/\/sulsc.com\/index.php\/2023\/10\/26\/operacao-7-pro-e-deflagrada-pela-dic-de-laguna\/#breadcrumb","itemListElement":[{"@type":"ListItem","position":1,"name":"In\u00edcio","item":"https:\/\/sulsc.com\/"},{"@type":"ListItem","position":2,"name":"&#8216;Opera\u00e7\u00e3o 7 Pro&#8217; \u00e9 deflagrada pela DIC de Laguna"}]},{"@type":"WebSite","@id":"https:\/\/sulsc.com\/#website","url":"https:\/\/sulsc.com\/","name":"","description":"","potentialAction":[{"@type":"SearchAction","target":{"@type":"EntryPoint","urlTemplate":"https:\/\/sulsc.com\/?s={search_term_string}"},"query-input":"required name=search_term_string"}],"inLanguage":"en-US"},{"@type":"Person","@id":"https:\/\/sulsc.com\/#\/schema\/person\/84d2fc571684f6248ba83092f07750a3","name":"Reda\u00e7\u00e3o Sul SC","image":{"@type":"ImageObject","inLanguage":"en-US","@id":"https:\/\/sulsc.com\/#\/schema\/person\/image\/e08d7fe2cc4ed596372063bbe852b8d0","url":"https:\/\/sulsc.com\/wp-content\/uploads\/2023\/09\/redacao.png","contentUrl":"https:\/\/sulsc.com\/wp-content\/uploads\/2023\/09\/redacao.png","caption":"Reda\u00e7\u00e3o Sul SC"},"description":"Foco em um jornalismo imparcial, voltado \u00e0 qualidade dos seus conte\u00fados e, assim, levar informa\u00e7\u00e3o de valor que agregue \u00e0 vida dos leitores. Esta \u00e9 grande miss\u00e3o do Portal de Not\u00edcias Sul SC. N\u00e3o \u00e9 quantidade que muda o mundo, sempre foi e seguir\u00e1 sendo qualidade!","sameAs":["https:\/\/sulsc.com\/","https:\/\/www.facebook.com\/profile.php?id=61559278119680","https:\/\/www.instagram.com\/sulscportal\/?hl=pt-br","https:\/\/twitter.com\/https:\/\/twitter.com\/PortalSulSC","https:\/\/www.youtube.com\/channel\/UCv_BE8GeySluDov2n8qhVmw"],"url":"https:\/\/sulsc.com\/index.php\/author\/redacao\/"}]}},"authors":[],"_links":{"self":[{"href":"https:\/\/sulsc.com\/index.php\/wp-json\/wp\/v2\/posts\/2932"}],"collection":[{"href":"https:\/\/sulsc.com\/index.php\/wp-json\/wp\/v2\/posts"}],"about":[{"href":"https:\/\/sulsc.com\/index.php\/wp-json\/wp\/v2\/types\/post"}],"author":[{"embeddable":true,"href":"https:\/\/sulsc.com\/index.php\/wp-json\/wp\/v2\/users\/3"}],"replies":[{"embeddable":true,"href":"https:\/\/sulsc.com\/index.php\/wp-json\/wp\/v2\/comments?post=2932"}],"version-history":[{"count":3,"href":"https:\/\/sulsc.com\/index.php\/wp-json\/wp\/v2\/posts\/2932\/revisions"}],"predecessor-version":[{"id":2954,"href":"https:\/\/sulsc.com\/index.php\/wp-json\/wp\/v2\/posts\/2932\/revisions\/2954"}],"wp:featuredmedia":[{"embeddable":true,"href":"https:\/\/sulsc.com\/index.php\/wp-json\/wp\/v2\/media\/2937"}],"wp:attachment":[{"href":"https:\/\/sulsc.com\/index.php\/wp-json\/wp\/v2\/media?parent=2932"}],"wp:term":[{"taxonomy":"category","embeddable":true,"href":"https:\/\/sulsc.com\/index.php\/wp-json\/wp\/v2\/categories?post=2932"},{"taxonomy":"post_tag","embeddable":true,"href":"https:\/\/sulsc.com\/index.php\/wp-json\/wp\/v2\/tags?post=2932"}],"curies":[{"name":"wp","href":"https:\/\/api.w.org\/{rel}","templated":true}]}}