{"id":29320,"date":"2025-11-06T07:08:54","date_gmt":"2025-11-06T10:08:54","guid":{"rendered":"https:\/\/sulsc.com\/?p=29320"},"modified":"2025-11-06T07:08:54","modified_gmt":"2025-11-06T10:08:54","slug":"quinta-feira-06-de-tempo-firme-com-rajadas-de-ventos-entre-40-a-60-km-h-com-mudancas-expressiva-nesta-sexta-feira","status":"publish","type":"post","link":"https:\/\/sulsc.com\/index.php\/2025\/11\/06\/quinta-feira-06-de-tempo-firme-com-rajadas-de-ventos-entre-40-a-60-km-h-com-mudancas-expressiva-nesta-sexta-feira\/","title":{"rendered":"Quinta-feira (06) de tempo firme com rajadas de ventos entre 40 \u00e0 60 km\/h com mudan\u00e7as expressiva nesta sexta-feira"},"content":{"rendered":"<p>O tempo firme continua\u00a0 predominando no estado nesta quinta-feira (06). No leste do estado, h\u00e1 maior nebulosidade e nas \u00e1reas serranas pr\u00f3ximas ao litoral, n\u00e3o descarta-se a ocorr\u00eancia de chuva fraca passageira, mas sem oferecer risco para ocorr\u00eancias.<\/p>\n<p><strong>Temperaturas<\/strong><\/p>\n<p>No amanhecer, as temperaturas ficam pr\u00f3ximas dos 5\u00b0C nas \u00e1reas mais altas da Serra e variam entre 8\u00b0C e 14\u00b0C na maioria das regi\u00f5es, com valores mais altos nas \u00e1reas costeiras e no Litoral Norte. \u00c0 tarde, as temperaturas se aproximam dos 29\u00b0C no Extremo Oeste e Oeste e variam entre 20\u00b0C e 25\u00b0C nas demais regi\u00f5es.<\/p>\n<p><img fetchpriority=\"high\" decoding=\"async\" class=\"aligncenter size-full wp-image-29326\" src=\"http:\/\/sulsc.com\/wp-content\/uploads\/2025\/11\/image-71.png\" alt=\"\" width=\"735\" height=\"496\" srcset=\"https:\/\/sulsc.com\/wp-content\/uploads\/2025\/11\/image-71.png 735w, https:\/\/sulsc.com\/wp-content\/uploads\/2025\/11\/image-71-300x202.png 300w\" sizes=\"(max-width: 735px) 100vw, 735px\" \/><\/p>\n<p><img decoding=\"async\" class=\"aligncenter size-full wp-image-22836\" src=\"http:\/\/sulsc.com\/wp-content\/uploads\/2025\/04\/Tempo-2.png\" alt=\"\" width=\"1024\" height=\"189\" srcset=\"https:\/\/sulsc.com\/wp-content\/uploads\/2025\/04\/Tempo-2.png 1024w, https:\/\/sulsc.com\/wp-content\/uploads\/2025\/04\/Tempo-2-300x55.png 300w, https:\/\/sulsc.com\/wp-content\/uploads\/2025\/04\/Tempo-2-768x142.png 768w\" sizes=\"(max-width: 1024px) 100vw, 1024px\" \/><\/p>\n<p><strong>Ventos<\/strong>: ainda estar\u00e3o predominantes no Litoral com rajadas entre 40 e 60 km\/h.<\/p>\n<p><strong>Sistema predominante<\/strong>: frente fria afasta-se e uma alta press\u00e3o avan\u00e7a pelo litoral Sul do Brasil.<\/p>\n<p><strong>Condi\u00e7\u00f5es Mar\u00edtimas<\/strong>:\u00a0O mar segue agitado, com ondas de sul entre 1,5 e 2,5m com risco moderado a alto para ocorr\u00eancias associadas \u00e0 agita\u00e7\u00e3o mar\u00edtima.<\/p>\n<div id=\"metaslider-id-25573\" style=\"width: 100%;\" class=\"ml-slider-3-99-0 metaslider metaslider-flex metaslider-25573 ml-slider has-onhover-arrows ms-theme-default-base has-dots-nav\" role=\"region\" aria-label=\"Meio\" data-width=\"1200\">\n    <div id=\"metaslider_container_25573\">\n        <div id=\"metaslider_25573\">\n            <ul class='slides'>\n                <li style=\"display: block; width: 100%;\" class=\"slide-25684 ms-image \" aria-roledescription=\"slide\" data-date=\"2025-07-24 07:55:40\"><img src=\"https:\/\/sulsc.com\/wp-content\/uploads\/2025\/07\/Marr-2-1000x166.jpg\" height=\"200\" width=\"1200\" alt=\"\" class=\"slider-25573 slide-25684 msDefaultImage\" title=\"Marr 2\" \/><\/li>\n                <li style=\"display: none; width: 100%;\" class=\"slide-32412 ms-image \" aria-roledescription=\"slide\" data-date=\"2026-02-18 13:59:46\"><img src=\"https:\/\/sulsc.com\/wp-content\/uploads\/2026\/02\/40dc1580-cad5-4867-bc58-c4243821ad38-1000x166.jpeg\" height=\"200\" width=\"1200\" alt=\"\" class=\"slider-25573 slide-32412 msDefaultImage\" title=\"40dc1580-cad5-4867-bc58-c4243821ad38\" \/><\/li>\n                <li style=\"display: none; width: 100%;\" class=\"slide-32766 ms-image \" aria-roledescription=\"slide\" data-date=\"2026-03-03 17:22:59\"><img src=\"https:\/\/sulsc.com\/wp-content\/uploads\/2026\/03\/271ce739-f268-41c5-8051-3de1a1750359-1000x166.jpeg\" height=\"200\" width=\"1200\" alt=\"\" class=\"slider-25573 slide-32766 msDefaultImage\" title=\"271ce739-f268-41c5-8051-3de1a1750359\" \/><\/li>\n            <\/ul>\n        <\/div>\n        \n    <\/div>\n<\/div>\n<p><strong>Amanh\u00e3 sexta-feira (07)<\/strong>, o tempo muda completamente, deixando o dia inst\u00e1vel com chuva intensa e temporais mais generalizados, come\u00e7ando pelo oeste e sul do estado, estendendo-se a todas as regi\u00f5es no decorrer do dia, devido a forma\u00e7\u00e3o de uma intensa frente fria no Sul do Brasil, associada a um <strong>ciclone extratropical<\/strong> pr\u00f3ximo \u00e0 costa do RS. Totais mais elevados de chuva previstos para o Planalto Sul, Litoral Sul e Grande Florian\u00f3polis. As temperaturas diminui devido a cobertura de nuvens e chuva. Com ventos de\u00a0 nordeste\/noroeste a sul, fraco a moderado, com rajadas, mais intensas de 50 a 70km\/h no oeste e sul do estado.<\/p>\n<p>Fonte: Defesa Civil &#8211; SC\/Epagri-Ciram<\/p>\n","protected":false},"excerpt":{"rendered":"<p>O tempo firme continua\u00a0 predominando no estado nesta quinta-feira (06). No leste do estado, h\u00e1 maior nebulosidade e nas \u00e1reas serranas pr\u00f3ximas ao litoral, n\u00e3o descarta-se a ocorr\u00eancia de chuva fraca passageira, mas sem oferecer risco para ocorr\u00eancias. Temperaturas No amanhecer, as temperaturas ficam pr\u00f3ximas dos 5\u00b0C nas \u00e1reas mais altas da Serra e variam &hellip;<\/p>\n<p class=\"read-more\"> <a class=\"\" href=\"https:\/\/sulsc.com\/index.php\/2025\/11\/06\/quinta-feira-06-de-tempo-firme-com-rajadas-de-ventos-entre-40-a-60-km-h-com-mudancas-expressiva-nesta-sexta-feira\/\"> <span class=\"screen-reader-text\">Quinta-feira (06) de tempo firme com rajadas de ventos entre 40 \u00e0 60 km\/h com mudan\u00e7as expressiva nesta sexta-feira<\/span> Read More &raquo;<\/a><\/p>\n","protected":false},"author":3,"featured_media":16928,"comment_status":"open","ping_status":"open","sticky":false,"template":"","format":"standard","meta":{"site-sidebar-layout":"default","site-content-layout":"","ast-site-content-layout":"default","site-content-style":"default","site-sidebar-style":"default","ast-global-header-display":"","ast-banner-title-visibility":"","ast-main-header-display":"","ast-hfb-above-header-display":"","ast-hfb-below-header-display":"","ast-hfb-mobile-header-display":"","site-post-title":"","ast-breadcrumbs-content":"","ast-featured-img":"","footer-sml-layout":"","theme-transparent-header-meta":"default","adv-header-id-meta":"","stick-header-meta":"","header-above-stick-meta":"","header-main-stick-meta":"","header-below-stick-meta":"","astra-migrate-meta-layouts":"set","footnotes":""},"categories":[2354,2231,1,38,12],"tags":[90,1013],"yoast_head":"<!-- This site is optimized with the Yoast SEO plugin v21.4 - https:\/\/yoast.com\/wordpress\/plugins\/seo\/ -->\n<title>Quinta-feira (06) de tempo firme com rajadas de ventos entre 40 \u00e0 60 km\/h com mudan\u00e7as expressiva nesta sexta-feira -<\/title>\n<meta name=\"robots\" content=\"index, follow, max-snippet:-1, max-image-preview:large, max-video-preview:-1\" \/>\n<link rel=\"canonical\" href=\"https:\/\/sulsc.com\/index.php\/2025\/11\/06\/quinta-feira-06-de-tempo-firme-com-rajadas-de-ventos-entre-40-a-60-km-h-com-mudancas-expressiva-nesta-sexta-feira\/\" \/>\n<meta property=\"og:locale\" content=\"en_US\" \/>\n<meta property=\"og:type\" content=\"article\" \/>\n<meta property=\"og:title\" content=\"Quinta-feira (06) de tempo firme com rajadas de ventos entre 40 \u00e0 60 km\/h com mudan\u00e7as expressiva nesta sexta-feira -\" \/>\n<meta property=\"og:description\" content=\"O tempo firme continua\u00a0 predominando no estado nesta quinta-feira (06). No leste do estado, h\u00e1 maior nebulosidade e nas \u00e1reas serranas pr\u00f3ximas ao litoral, n\u00e3o descarta-se a ocorr\u00eancia de chuva fraca passageira, mas sem oferecer risco para ocorr\u00eancias. Temperaturas No amanhecer, as temperaturas ficam pr\u00f3ximas dos 5\u00b0C nas \u00e1reas mais altas da Serra e variam &hellip; Quinta-feira (06) de tempo firme com rajadas de ventos entre 40 \u00e0 60 km\/h com mudan\u00e7as expressiva nesta sexta-feira Read More &raquo;\" \/>\n<meta property=\"og:url\" content=\"https:\/\/sulsc.com\/index.php\/2025\/11\/06\/quinta-feira-06-de-tempo-firme-com-rajadas-de-ventos-entre-40-a-60-km-h-com-mudancas-expressiva-nesta-sexta-feira\/\" \/>\n<meta property=\"article:author\" content=\"https:\/\/www.facebook.com\/profile.php?id=61559278119680\" \/>\n<meta property=\"article:published_time\" content=\"2025-11-06T10:08:54+00:00\" \/>\n<meta property=\"og:image\" content=\"http:\/\/sulsc.com\/wp-content\/uploads\/2024\/11\/Tempo-3.jpg\" \/>\n\t<meta property=\"og:image:width\" content=\"640\" \/>\n\t<meta property=\"og:image:height\" content=\"480\" \/>\n\t<meta property=\"og:image:type\" content=\"image\/jpeg\" \/>\n<meta name=\"author\" content=\"Reda\u00e7\u00e3o Sul SC\" \/>\n<meta name=\"twitter:card\" content=\"summary_large_image\" \/>\n<meta name=\"twitter:creator\" content=\"@https:\/\/twitter.com\/PortalSulSC\" \/>\n<meta name=\"twitter:label1\" content=\"Written by\" \/>\n\t<meta name=\"twitter:data1\" content=\"Reda\u00e7\u00e3o Sul SC\" \/>\n\t<meta name=\"twitter:label2\" content=\"Est. reading time\" \/>\n\t<meta name=\"twitter:data2\" content=\"2 minutes\" \/>\n<script type=\"application\/ld+json\" class=\"yoast-schema-graph\">{\"@context\":\"https:\/\/schema.org\",\"@graph\":[{\"@type\":\"WebPage\",\"@id\":\"https:\/\/sulsc.com\/index.php\/2025\/11\/06\/quinta-feira-06-de-tempo-firme-com-rajadas-de-ventos-entre-40-a-60-km-h-com-mudancas-expressiva-nesta-sexta-feira\/\",\"url\":\"https:\/\/sulsc.com\/index.php\/2025\/11\/06\/quinta-feira-06-de-tempo-firme-com-rajadas-de-ventos-entre-40-a-60-km-h-com-mudancas-expressiva-nesta-sexta-feira\/\",\"name\":\"Quinta-feira (06) de tempo firme com rajadas de ventos entre 40 \u00e0 60 km\/h com mudan\u00e7as expressiva nesta sexta-feira -\",\"isPartOf\":{\"@id\":\"https:\/\/sulsc.com\/#website\"},\"datePublished\":\"2025-11-06T10:08:54+00:00\",\"dateModified\":\"2025-11-06T10:08:54+00:00\",\"author\":{\"@id\":\"https:\/\/sulsc.com\/#\/schema\/person\/84d2fc571684f6248ba83092f07750a3\"},\"breadcrumb\":{\"@id\":\"https:\/\/sulsc.com\/index.php\/2025\/11\/06\/quinta-feira-06-de-tempo-firme-com-rajadas-de-ventos-entre-40-a-60-km-h-com-mudancas-expressiva-nesta-sexta-feira\/#breadcrumb\"},\"inLanguage\":\"en-US\",\"potentialAction\":[{\"@type\":\"ReadAction\",\"target\":[\"https:\/\/sulsc.com\/index.php\/2025\/11\/06\/quinta-feira-06-de-tempo-firme-com-rajadas-de-ventos-entre-40-a-60-km-h-com-mudancas-expressiva-nesta-sexta-feira\/\"]}]},{\"@type\":\"BreadcrumbList\",\"@id\":\"https:\/\/sulsc.com\/index.php\/2025\/11\/06\/quinta-feira-06-de-tempo-firme-com-rajadas-de-ventos-entre-40-a-60-km-h-com-mudancas-expressiva-nesta-sexta-feira\/#breadcrumb\",\"itemListElement\":[{\"@type\":\"ListItem\",\"position\":1,\"name\":\"In\u00edcio\",\"item\":\"https:\/\/sulsc.com\/\"},{\"@type\":\"ListItem\",\"position\":2,\"name\":\"Quinta-feira (06) de tempo firme com rajadas de ventos entre 40 \u00e0 60 km\/h com mudan\u00e7as expressiva nesta sexta-feira\"}]},{\"@type\":\"WebSite\",\"@id\":\"https:\/\/sulsc.com\/#website\",\"url\":\"https:\/\/sulsc.com\/\",\"name\":\"\",\"description\":\"\",\"potentialAction\":[{\"@type\":\"SearchAction\",\"target\":{\"@type\":\"EntryPoint\",\"urlTemplate\":\"https:\/\/sulsc.com\/?s={search_term_string}\"},\"query-input\":\"required name=search_term_string\"}],\"inLanguage\":\"en-US\"},{\"@type\":\"Person\",\"@id\":\"https:\/\/sulsc.com\/#\/schema\/person\/84d2fc571684f6248ba83092f07750a3\",\"name\":\"Reda\u00e7\u00e3o Sul SC\",\"image\":{\"@type\":\"ImageObject\",\"inLanguage\":\"en-US\",\"@id\":\"https:\/\/sulsc.com\/#\/schema\/person\/image\/e08d7fe2cc4ed596372063bbe852b8d0\",\"url\":\"https:\/\/sulsc.com\/wp-content\/uploads\/2023\/09\/redacao.png\",\"contentUrl\":\"https:\/\/sulsc.com\/wp-content\/uploads\/2023\/09\/redacao.png\",\"caption\":\"Reda\u00e7\u00e3o Sul SC\"},\"description\":\"Foco em um jornalismo imparcial, voltado \u00e0 qualidade dos seus conte\u00fados e, assim, levar informa\u00e7\u00e3o de valor que agregue \u00e0 vida dos leitores. Esta \u00e9 grande miss\u00e3o do Portal de Not\u00edcias Sul SC. N\u00e3o \u00e9 quantidade que muda o mundo, sempre foi e seguir\u00e1 sendo qualidade!\",\"sameAs\":[\"https:\/\/sulsc.com\/\",\"https:\/\/www.facebook.com\/profile.php?id=61559278119680\",\"https:\/\/www.instagram.com\/sulscportal\/?hl=pt-br\",\"https:\/\/twitter.com\/https:\/\/twitter.com\/PortalSulSC\",\"https:\/\/www.youtube.com\/channel\/UCv_BE8GeySluDov2n8qhVmw\"],\"url\":\"https:\/\/sulsc.com\/index.php\/author\/redacao\/\"}]}<\/script>\n<!-- \/ Yoast SEO plugin. -->","yoast_head_json":{"title":"Quinta-feira (06) de tempo firme com rajadas de ventos entre 40 \u00e0 60 km\/h com mudan\u00e7as expressiva nesta sexta-feira -","robots":{"index":"index","follow":"follow","max-snippet":"max-snippet:-1","max-image-preview":"max-image-preview:large","max-video-preview":"max-video-preview:-1"},"canonical":"https:\/\/sulsc.com\/index.php\/2025\/11\/06\/quinta-feira-06-de-tempo-firme-com-rajadas-de-ventos-entre-40-a-60-km-h-com-mudancas-expressiva-nesta-sexta-feira\/","og_locale":"en_US","og_type":"article","og_title":"Quinta-feira (06) de tempo firme com rajadas de ventos entre 40 \u00e0 60 km\/h com mudan\u00e7as expressiva nesta sexta-feira -","og_description":"O tempo firme continua\u00a0 predominando no estado nesta quinta-feira (06). No leste do estado, h\u00e1 maior nebulosidade e nas \u00e1reas serranas pr\u00f3ximas ao litoral, n\u00e3o descarta-se a ocorr\u00eancia de chuva fraca passageira, mas sem oferecer risco para ocorr\u00eancias. Temperaturas No amanhecer, as temperaturas ficam pr\u00f3ximas dos 5\u00b0C nas \u00e1reas mais altas da Serra e variam &hellip; Quinta-feira (06) de tempo firme com rajadas de ventos entre 40 \u00e0 60 km\/h com mudan\u00e7as expressiva nesta sexta-feira Read More &raquo;","og_url":"https:\/\/sulsc.com\/index.php\/2025\/11\/06\/quinta-feira-06-de-tempo-firme-com-rajadas-de-ventos-entre-40-a-60-km-h-com-mudancas-expressiva-nesta-sexta-feira\/","article_author":"https:\/\/www.facebook.com\/profile.php?id=61559278119680","article_published_time":"2025-11-06T10:08:54+00:00","og_image":[{"width":640,"height":480,"url":"http:\/\/sulsc.com\/wp-content\/uploads\/2024\/11\/Tempo-3.jpg","type":"image\/jpeg"}],"author":"Reda\u00e7\u00e3o Sul SC","twitter_card":"summary_large_image","twitter_creator":"@https:\/\/twitter.com\/PortalSulSC","twitter_misc":{"Written by":"Reda\u00e7\u00e3o Sul SC","Est. reading time":"2 minutes"},"schema":{"@context":"https:\/\/schema.org","@graph":[{"@type":"WebPage","@id":"https:\/\/sulsc.com\/index.php\/2025\/11\/06\/quinta-feira-06-de-tempo-firme-com-rajadas-de-ventos-entre-40-a-60-km-h-com-mudancas-expressiva-nesta-sexta-feira\/","url":"https:\/\/sulsc.com\/index.php\/2025\/11\/06\/quinta-feira-06-de-tempo-firme-com-rajadas-de-ventos-entre-40-a-60-km-h-com-mudancas-expressiva-nesta-sexta-feira\/","name":"Quinta-feira (06) de tempo firme com rajadas de ventos entre 40 \u00e0 60 km\/h com mudan\u00e7as expressiva nesta sexta-feira -","isPartOf":{"@id":"https:\/\/sulsc.com\/#website"},"datePublished":"2025-11-06T10:08:54+00:00","dateModified":"2025-11-06T10:08:54+00:00","author":{"@id":"https:\/\/sulsc.com\/#\/schema\/person\/84d2fc571684f6248ba83092f07750a3"},"breadcrumb":{"@id":"https:\/\/sulsc.com\/index.php\/2025\/11\/06\/quinta-feira-06-de-tempo-firme-com-rajadas-de-ventos-entre-40-a-60-km-h-com-mudancas-expressiva-nesta-sexta-feira\/#breadcrumb"},"inLanguage":"en-US","potentialAction":[{"@type":"ReadAction","target":["https:\/\/sulsc.com\/index.php\/2025\/11\/06\/quinta-feira-06-de-tempo-firme-com-rajadas-de-ventos-entre-40-a-60-km-h-com-mudancas-expressiva-nesta-sexta-feira\/"]}]},{"@type":"BreadcrumbList","@id":"https:\/\/sulsc.com\/index.php\/2025\/11\/06\/quinta-feira-06-de-tempo-firme-com-rajadas-de-ventos-entre-40-a-60-km-h-com-mudancas-expressiva-nesta-sexta-feira\/#breadcrumb","itemListElement":[{"@type":"ListItem","position":1,"name":"In\u00edcio","item":"https:\/\/sulsc.com\/"},{"@type":"ListItem","position":2,"name":"Quinta-feira (06) de tempo firme com rajadas de ventos entre 40 \u00e0 60 km\/h com mudan\u00e7as expressiva nesta sexta-feira"}]},{"@type":"WebSite","@id":"https:\/\/sulsc.com\/#website","url":"https:\/\/sulsc.com\/","name":"","description":"","potentialAction":[{"@type":"SearchAction","target":{"@type":"EntryPoint","urlTemplate":"https:\/\/sulsc.com\/?s={search_term_string}"},"query-input":"required name=search_term_string"}],"inLanguage":"en-US"},{"@type":"Person","@id":"https:\/\/sulsc.com\/#\/schema\/person\/84d2fc571684f6248ba83092f07750a3","name":"Reda\u00e7\u00e3o Sul SC","image":{"@type":"ImageObject","inLanguage":"en-US","@id":"https:\/\/sulsc.com\/#\/schema\/person\/image\/e08d7fe2cc4ed596372063bbe852b8d0","url":"https:\/\/sulsc.com\/wp-content\/uploads\/2023\/09\/redacao.png","contentUrl":"https:\/\/sulsc.com\/wp-content\/uploads\/2023\/09\/redacao.png","caption":"Reda\u00e7\u00e3o Sul SC"},"description":"Foco em um jornalismo imparcial, voltado \u00e0 qualidade dos seus conte\u00fados e, assim, levar informa\u00e7\u00e3o de valor que agregue \u00e0 vida dos leitores. Esta \u00e9 grande miss\u00e3o do Portal de Not\u00edcias Sul SC. N\u00e3o \u00e9 quantidade que muda o mundo, sempre foi e seguir\u00e1 sendo qualidade!","sameAs":["https:\/\/sulsc.com\/","https:\/\/www.facebook.com\/profile.php?id=61559278119680","https:\/\/www.instagram.com\/sulscportal\/?hl=pt-br","https:\/\/twitter.com\/https:\/\/twitter.com\/PortalSulSC","https:\/\/www.youtube.com\/channel\/UCv_BE8GeySluDov2n8qhVmw"],"url":"https:\/\/sulsc.com\/index.php\/author\/redacao\/"}]}},"authors":[],"_links":{"self":[{"href":"https:\/\/sulsc.com\/index.php\/wp-json\/wp\/v2\/posts\/29320"}],"collection":[{"href":"https:\/\/sulsc.com\/index.php\/wp-json\/wp\/v2\/posts"}],"about":[{"href":"https:\/\/sulsc.com\/index.php\/wp-json\/wp\/v2\/types\/post"}],"author":[{"embeddable":true,"href":"https:\/\/sulsc.com\/index.php\/wp-json\/wp\/v2\/users\/3"}],"replies":[{"embeddable":true,"href":"https:\/\/sulsc.com\/index.php\/wp-json\/wp\/v2\/comments?post=29320"}],"version-history":[{"count":1,"href":"https:\/\/sulsc.com\/index.php\/wp-json\/wp\/v2\/posts\/29320\/revisions"}],"predecessor-version":[{"id":29327,"href":"https:\/\/sulsc.com\/index.php\/wp-json\/wp\/v2\/posts\/29320\/revisions\/29327"}],"wp:featuredmedia":[{"embeddable":true,"href":"https:\/\/sulsc.com\/index.php\/wp-json\/wp\/v2\/media\/16928"}],"wp:attachment":[{"href":"https:\/\/sulsc.com\/index.php\/wp-json\/wp\/v2\/media?parent=29320"}],"wp:term":[{"taxonomy":"category","embeddable":true,"href":"https:\/\/sulsc.com\/index.php\/wp-json\/wp\/v2\/categories?post=29320"},{"taxonomy":"post_tag","embeddable":true,"href":"https:\/\/sulsc.com\/index.php\/wp-json\/wp\/v2\/tags?post=29320"}],"curies":[{"name":"wp","href":"https:\/\/api.w.org\/{rel}","templated":true}]}}