{"id":29374,"date":"2025-11-07T07:16:17","date_gmt":"2025-11-07T10:16:17","guid":{"rendered":"https:\/\/sulsc.com\/?p=29374"},"modified":"2025-11-07T07:16:17","modified_gmt":"2025-11-07T10:16:17","slug":"ciclone-extratropical-se-forma-e-gera-temporais-para-toda-santa-catarina-nesta-sexta-e-sabado-08","status":"publish","type":"post","link":"https:\/\/sulsc.com\/index.php\/2025\/11\/07\/ciclone-extratropical-se-forma-e-gera-temporais-para-toda-santa-catarina-nesta-sexta-e-sabado-08\/","title":{"rendered":"Ciclone extratropical se forma e gera temporais para toda Santa Catarina nesta sexta e s\u00e1bado (08)"},"content":{"rendered":"<p>Nesta sexta-feira (07), a intensifica\u00e7\u00e3o de uma \u00e1rea de baixa press\u00e3o em diferentes n\u00edveis da atmosfera dar\u00e1 origem a uma frente fria e a um Ciclone Extratropical, alterando as condi\u00e7\u00f5es de tempo e favorecendo a ocorr\u00eancia de temporais com raios, vendavais, chuva intensa e granizo, oferecendo risco alto a muito alto para ocorr\u00eancias associadas a destelhamentos, danos na rede el\u00e9trica, queda de galhos e \u00e1rvores, alagamentos e enxurradas.<\/p>\n<p>As instabilidades atuam principalmente nas \u00e1reas de divisa com o RS pela manh\u00e3, mas passam a se intensificar entre a tarde e \u00e0 noite quando o risco para temporais aumenta em todas as regi\u00f5es, especialmente entre o Grande Oeste e o norte do estado.<\/p>\n<p><strong>Temperaturas<\/strong><\/p>\n<p>As temperaturas diminui devido a coberturas de nuvens de chuva.<\/p>\n<p><img fetchpriority=\"high\" decoding=\"async\" class=\"aligncenter size-full wp-image-29375\" src=\"http:\/\/sulsc.com\/wp-content\/uploads\/2025\/11\/image-86.png\" alt=\"\" width=\"731\" height=\"498\" srcset=\"https:\/\/sulsc.com\/wp-content\/uploads\/2025\/11\/image-86.png 731w, https:\/\/sulsc.com\/wp-content\/uploads\/2025\/11\/image-86-300x204.png 300w\" sizes=\"(max-width: 731px) 100vw, 731px\" \/><\/p>\n<p><img decoding=\"async\" class=\"aligncenter size-full wp-image-22538\" src=\"http:\/\/sulsc.com\/wp-content\/uploads\/2025\/04\/Tempo-1.png\" alt=\"\" width=\"1024\" height=\"189\" srcset=\"https:\/\/sulsc.com\/wp-content\/uploads\/2025\/04\/Tempo-1.png 1024w, https:\/\/sulsc.com\/wp-content\/uploads\/2025\/04\/Tempo-1-300x55.png 300w, https:\/\/sulsc.com\/wp-content\/uploads\/2025\/04\/Tempo-1-768x142.png 768w\" sizes=\"(max-width: 1024px) 100vw, 1024px\" \/><\/p>\n<p><strong>Ventos<\/strong>: nordeste se intensificam no Litoral Sul no final do dia com rajadas pr\u00f3ximas dos 80 km\/h na costa.<\/p>\n<p><strong>Sistema predominante<\/strong>: forma\u00e7\u00e3o de uma intensa frente fria no Sul do Brasil, associada a um ciclone extratropical pr\u00f3ximo \u00e0 costa do RS.<\/p>\n<p><strong>Condi\u00e7\u00f5es mar\u00edtimas<\/strong><\/p>\n<p>O mar fica agitado com ondas entre 1,5 m e 2,5 m e picos de at\u00e9 3 m no Sul, oferecendo risco moderado a alto para ocorr\u00eancias associadas.<\/p>\n<div id=\"metaslider-id-25573\" style=\"width: 100%;\" class=\"ml-slider-3-99-0 metaslider metaslider-flex metaslider-25573 ml-slider has-onhover-arrows ms-theme-default-base has-dots-nav\" role=\"region\" aria-label=\"Meio\" data-width=\"1200\">\n    <div id=\"metaslider_container_25573\">\n        <div id=\"metaslider_25573\">\n            <ul class='slides'>\n                <li style=\"display: block; width: 100%;\" class=\"slide-25684 ms-image \" aria-roledescription=\"slide\" data-date=\"2025-07-24 07:55:40\"><img src=\"https:\/\/sulsc.com\/wp-content\/uploads\/2025\/07\/Marr-2-1000x166.jpg\" height=\"200\" width=\"1200\" alt=\"\" class=\"slider-25573 slide-25684 msDefaultImage\" title=\"Marr 2\" \/><\/li>\n                <li style=\"display: none; width: 100%;\" class=\"slide-32412 ms-image \" aria-roledescription=\"slide\" data-date=\"2026-02-18 13:59:46\"><img src=\"https:\/\/sulsc.com\/wp-content\/uploads\/2026\/02\/40dc1580-cad5-4867-bc58-c4243821ad38-1000x166.jpeg\" height=\"200\" width=\"1200\" alt=\"\" class=\"slider-25573 slide-32412 msDefaultImage\" title=\"40dc1580-cad5-4867-bc58-c4243821ad38\" \/><\/li>\n                <li style=\"display: none; width: 100%;\" class=\"slide-32766 ms-image \" aria-roledescription=\"slide\" data-date=\"2026-03-03 17:22:59\"><img src=\"https:\/\/sulsc.com\/wp-content\/uploads\/2026\/03\/271ce739-f268-41c5-8051-3de1a1750359-1000x166.jpeg\" height=\"200\" width=\"1200\" alt=\"\" class=\"slider-25573 slide-32766 msDefaultImage\" title=\"271ce739-f268-41c5-8051-3de1a1750359\" \/><\/li>\n            <\/ul>\n        <\/div>\n        \n    <\/div>\n<\/div>\n<p><strong>Amanh\u00e3 s\u00e1bado (08)<\/strong>, o tempo ser\u00e1 de muitas nuvens e condi\u00e7\u00e3o de chuva em boa parte do estado, devido a umidade associada ao ciclone pr\u00f3ximo da costa de SC, afastando-se no decorrer do dia. Ocorrem aberturas de sol, especialmente no oeste e norte de SC.\u00a0Temperaturas mais baixa ao amanhecer, com maior eleva\u00e7\u00e3o durante o dia na Grande Florian\u00f3polis e norte do estado, e mais amena nas demais regi\u00f5es.<\/p>\n<p>Ventos: nordeste a sul, moderado, com rajadas intensas no leste do estado de 60 a 90km\/h.<\/p>\n<p>Fonte: Defesa Civil &#8211; SC\/Epagri &#8211; Ciram<\/p>\n","protected":false},"excerpt":{"rendered":"<p>Nesta sexta-feira (07), a intensifica\u00e7\u00e3o de uma \u00e1rea de baixa press\u00e3o em diferentes n\u00edveis da atmosfera dar\u00e1 origem a uma frente fria e a um Ciclone Extratropical, alterando as condi\u00e7\u00f5es de tempo e favorecendo a ocorr\u00eancia de temporais com raios, vendavais, chuva intensa e granizo, oferecendo risco alto a muito alto para ocorr\u00eancias associadas a &hellip;<\/p>\n<p class=\"read-more\"> <a class=\"\" href=\"https:\/\/sulsc.com\/index.php\/2025\/11\/07\/ciclone-extratropical-se-forma-e-gera-temporais-para-toda-santa-catarina-nesta-sexta-e-sabado-08\/\"> <span class=\"screen-reader-text\">Ciclone extratropical se forma e gera temporais para toda Santa Catarina nesta sexta e s\u00e1bado (08)<\/span> Read More &raquo;<\/a><\/p>\n","protected":false},"author":3,"featured_media":1471,"comment_status":"open","ping_status":"open","sticky":false,"template":"","format":"standard","meta":{"site-sidebar-layout":"default","site-content-layout":"","ast-site-content-layout":"default","site-content-style":"default","site-sidebar-style":"default","ast-global-header-display":"","ast-banner-title-visibility":"","ast-main-header-display":"","ast-hfb-above-header-display":"","ast-hfb-below-header-display":"","ast-hfb-mobile-header-display":"","site-post-title":"","ast-breadcrumbs-content":"","ast-featured-img":"","footer-sml-layout":"","theme-transparent-header-meta":"default","adv-header-id-meta":"","stick-header-meta":"","header-above-stick-meta":"","header-main-stick-meta":"","header-below-stick-meta":"","astra-migrate-meta-layouts":"set","footnotes":""},"categories":[2354,2231,1,14,38,12],"tags":[1013],"yoast_head":"<!-- This site is optimized with the Yoast SEO plugin v21.4 - https:\/\/yoast.com\/wordpress\/plugins\/seo\/ -->\n<title>Ciclone extratropical se forma e gera temporais para toda Santa Catarina nesta sexta e s\u00e1bado (08) -<\/title>\n<meta name=\"robots\" content=\"index, follow, max-snippet:-1, max-image-preview:large, max-video-preview:-1\" \/>\n<link rel=\"canonical\" href=\"https:\/\/sulsc.com\/index.php\/2025\/11\/07\/ciclone-extratropical-se-forma-e-gera-temporais-para-toda-santa-catarina-nesta-sexta-e-sabado-08\/\" \/>\n<meta property=\"og:locale\" content=\"en_US\" \/>\n<meta property=\"og:type\" content=\"article\" \/>\n<meta property=\"og:title\" content=\"Ciclone extratropical se forma e gera temporais para toda Santa Catarina nesta sexta e s\u00e1bado (08) -\" \/>\n<meta property=\"og:description\" content=\"Nesta sexta-feira (07), a intensifica\u00e7\u00e3o de uma \u00e1rea de baixa press\u00e3o em diferentes n\u00edveis da atmosfera dar\u00e1 origem a uma frente fria e a um Ciclone Extratropical, alterando as condi\u00e7\u00f5es de tempo e favorecendo a ocorr\u00eancia de temporais com raios, vendavais, chuva intensa e granizo, oferecendo risco alto a muito alto para ocorr\u00eancias associadas a &hellip; Ciclone extratropical se forma e gera temporais para toda Santa Catarina nesta sexta e s\u00e1bado (08) Read More &raquo;\" \/>\n<meta property=\"og:url\" content=\"https:\/\/sulsc.com\/index.php\/2025\/11\/07\/ciclone-extratropical-se-forma-e-gera-temporais-para-toda-santa-catarina-nesta-sexta-e-sabado-08\/\" \/>\n<meta property=\"article:author\" content=\"https:\/\/www.facebook.com\/profile.php?id=61559278119680\" \/>\n<meta property=\"article:published_time\" content=\"2025-11-07T10:16:17+00:00\" \/>\n<meta property=\"og:image\" content=\"http:\/\/sulsc.com\/wp-content\/uploads\/2023\/09\/temporal-scaled.jpg\" \/>\n\t<meta property=\"og:image:width\" content=\"2560\" \/>\n\t<meta property=\"og:image:height\" content=\"2106\" \/>\n\t<meta property=\"og:image:type\" content=\"image\/jpeg\" \/>\n<meta name=\"author\" content=\"Reda\u00e7\u00e3o Sul SC\" \/>\n<meta name=\"twitter:card\" content=\"summary_large_image\" \/>\n<meta name=\"twitter:creator\" content=\"@https:\/\/twitter.com\/PortalSulSC\" \/>\n<meta name=\"twitter:label1\" content=\"Written by\" \/>\n\t<meta name=\"twitter:data1\" content=\"Reda\u00e7\u00e3o Sul SC\" \/>\n\t<meta name=\"twitter:label2\" content=\"Est. reading time\" \/>\n\t<meta name=\"twitter:data2\" content=\"2 minutes\" \/>\n<script type=\"application\/ld+json\" class=\"yoast-schema-graph\">{\"@context\":\"https:\/\/schema.org\",\"@graph\":[{\"@type\":\"WebPage\",\"@id\":\"https:\/\/sulsc.com\/index.php\/2025\/11\/07\/ciclone-extratropical-se-forma-e-gera-temporais-para-toda-santa-catarina-nesta-sexta-e-sabado-08\/\",\"url\":\"https:\/\/sulsc.com\/index.php\/2025\/11\/07\/ciclone-extratropical-se-forma-e-gera-temporais-para-toda-santa-catarina-nesta-sexta-e-sabado-08\/\",\"name\":\"Ciclone extratropical se forma e gera temporais para toda Santa Catarina nesta sexta e s\u00e1bado (08) -\",\"isPartOf\":{\"@id\":\"https:\/\/sulsc.com\/#website\"},\"datePublished\":\"2025-11-07T10:16:17+00:00\",\"dateModified\":\"2025-11-07T10:16:17+00:00\",\"author\":{\"@id\":\"https:\/\/sulsc.com\/#\/schema\/person\/84d2fc571684f6248ba83092f07750a3\"},\"breadcrumb\":{\"@id\":\"https:\/\/sulsc.com\/index.php\/2025\/11\/07\/ciclone-extratropical-se-forma-e-gera-temporais-para-toda-santa-catarina-nesta-sexta-e-sabado-08\/#breadcrumb\"},\"inLanguage\":\"en-US\",\"potentialAction\":[{\"@type\":\"ReadAction\",\"target\":[\"https:\/\/sulsc.com\/index.php\/2025\/11\/07\/ciclone-extratropical-se-forma-e-gera-temporais-para-toda-santa-catarina-nesta-sexta-e-sabado-08\/\"]}]},{\"@type\":\"BreadcrumbList\",\"@id\":\"https:\/\/sulsc.com\/index.php\/2025\/11\/07\/ciclone-extratropical-se-forma-e-gera-temporais-para-toda-santa-catarina-nesta-sexta-e-sabado-08\/#breadcrumb\",\"itemListElement\":[{\"@type\":\"ListItem\",\"position\":1,\"name\":\"In\u00edcio\",\"item\":\"https:\/\/sulsc.com\/\"},{\"@type\":\"ListItem\",\"position\":2,\"name\":\"Ciclone extratropical se forma e gera temporais para toda Santa Catarina nesta sexta e s\u00e1bado (08)\"}]},{\"@type\":\"WebSite\",\"@id\":\"https:\/\/sulsc.com\/#website\",\"url\":\"https:\/\/sulsc.com\/\",\"name\":\"\",\"description\":\"\",\"potentialAction\":[{\"@type\":\"SearchAction\",\"target\":{\"@type\":\"EntryPoint\",\"urlTemplate\":\"https:\/\/sulsc.com\/?s={search_term_string}\"},\"query-input\":\"required name=search_term_string\"}],\"inLanguage\":\"en-US\"},{\"@type\":\"Person\",\"@id\":\"https:\/\/sulsc.com\/#\/schema\/person\/84d2fc571684f6248ba83092f07750a3\",\"name\":\"Reda\u00e7\u00e3o Sul SC\",\"image\":{\"@type\":\"ImageObject\",\"inLanguage\":\"en-US\",\"@id\":\"https:\/\/sulsc.com\/#\/schema\/person\/image\/e08d7fe2cc4ed596372063bbe852b8d0\",\"url\":\"https:\/\/sulsc.com\/wp-content\/uploads\/2023\/09\/redacao.png\",\"contentUrl\":\"https:\/\/sulsc.com\/wp-content\/uploads\/2023\/09\/redacao.png\",\"caption\":\"Reda\u00e7\u00e3o Sul SC\"},\"description\":\"Foco em um jornalismo imparcial, voltado \u00e0 qualidade dos seus conte\u00fados e, assim, levar informa\u00e7\u00e3o de valor que agregue \u00e0 vida dos leitores. Esta \u00e9 grande miss\u00e3o do Portal de Not\u00edcias Sul SC. N\u00e3o \u00e9 quantidade que muda o mundo, sempre foi e seguir\u00e1 sendo qualidade!\",\"sameAs\":[\"https:\/\/sulsc.com\/\",\"https:\/\/www.facebook.com\/profile.php?id=61559278119680\",\"https:\/\/www.instagram.com\/sulscportal\/?hl=pt-br\",\"https:\/\/twitter.com\/https:\/\/twitter.com\/PortalSulSC\",\"https:\/\/www.youtube.com\/channel\/UCv_BE8GeySluDov2n8qhVmw\"],\"url\":\"https:\/\/sulsc.com\/index.php\/author\/redacao\/\"}]}<\/script>\n<!-- \/ Yoast SEO plugin. -->","yoast_head_json":{"title":"Ciclone extratropical se forma e gera temporais para toda Santa Catarina nesta sexta e s\u00e1bado (08) -","robots":{"index":"index","follow":"follow","max-snippet":"max-snippet:-1","max-image-preview":"max-image-preview:large","max-video-preview":"max-video-preview:-1"},"canonical":"https:\/\/sulsc.com\/index.php\/2025\/11\/07\/ciclone-extratropical-se-forma-e-gera-temporais-para-toda-santa-catarina-nesta-sexta-e-sabado-08\/","og_locale":"en_US","og_type":"article","og_title":"Ciclone extratropical se forma e gera temporais para toda Santa Catarina nesta sexta e s\u00e1bado (08) -","og_description":"Nesta sexta-feira (07), a intensifica\u00e7\u00e3o de uma \u00e1rea de baixa press\u00e3o em diferentes n\u00edveis da atmosfera dar\u00e1 origem a uma frente fria e a um Ciclone Extratropical, alterando as condi\u00e7\u00f5es de tempo e favorecendo a ocorr\u00eancia de temporais com raios, vendavais, chuva intensa e granizo, oferecendo risco alto a muito alto para ocorr\u00eancias associadas a &hellip; Ciclone extratropical se forma e gera temporais para toda Santa Catarina nesta sexta e s\u00e1bado (08) Read More &raquo;","og_url":"https:\/\/sulsc.com\/index.php\/2025\/11\/07\/ciclone-extratropical-se-forma-e-gera-temporais-para-toda-santa-catarina-nesta-sexta-e-sabado-08\/","article_author":"https:\/\/www.facebook.com\/profile.php?id=61559278119680","article_published_time":"2025-11-07T10:16:17+00:00","og_image":[{"width":2560,"height":2106,"url":"http:\/\/sulsc.com\/wp-content\/uploads\/2023\/09\/temporal-scaled.jpg","type":"image\/jpeg"}],"author":"Reda\u00e7\u00e3o Sul SC","twitter_card":"summary_large_image","twitter_creator":"@https:\/\/twitter.com\/PortalSulSC","twitter_misc":{"Written by":"Reda\u00e7\u00e3o Sul SC","Est. reading time":"2 minutes"},"schema":{"@context":"https:\/\/schema.org","@graph":[{"@type":"WebPage","@id":"https:\/\/sulsc.com\/index.php\/2025\/11\/07\/ciclone-extratropical-se-forma-e-gera-temporais-para-toda-santa-catarina-nesta-sexta-e-sabado-08\/","url":"https:\/\/sulsc.com\/index.php\/2025\/11\/07\/ciclone-extratropical-se-forma-e-gera-temporais-para-toda-santa-catarina-nesta-sexta-e-sabado-08\/","name":"Ciclone extratropical se forma e gera temporais para toda Santa Catarina nesta sexta e s\u00e1bado (08) -","isPartOf":{"@id":"https:\/\/sulsc.com\/#website"},"datePublished":"2025-11-07T10:16:17+00:00","dateModified":"2025-11-07T10:16:17+00:00","author":{"@id":"https:\/\/sulsc.com\/#\/schema\/person\/84d2fc571684f6248ba83092f07750a3"},"breadcrumb":{"@id":"https:\/\/sulsc.com\/index.php\/2025\/11\/07\/ciclone-extratropical-se-forma-e-gera-temporais-para-toda-santa-catarina-nesta-sexta-e-sabado-08\/#breadcrumb"},"inLanguage":"en-US","potentialAction":[{"@type":"ReadAction","target":["https:\/\/sulsc.com\/index.php\/2025\/11\/07\/ciclone-extratropical-se-forma-e-gera-temporais-para-toda-santa-catarina-nesta-sexta-e-sabado-08\/"]}]},{"@type":"BreadcrumbList","@id":"https:\/\/sulsc.com\/index.php\/2025\/11\/07\/ciclone-extratropical-se-forma-e-gera-temporais-para-toda-santa-catarina-nesta-sexta-e-sabado-08\/#breadcrumb","itemListElement":[{"@type":"ListItem","position":1,"name":"In\u00edcio","item":"https:\/\/sulsc.com\/"},{"@type":"ListItem","position":2,"name":"Ciclone extratropical se forma e gera temporais para toda Santa Catarina nesta sexta e s\u00e1bado (08)"}]},{"@type":"WebSite","@id":"https:\/\/sulsc.com\/#website","url":"https:\/\/sulsc.com\/","name":"","description":"","potentialAction":[{"@type":"SearchAction","target":{"@type":"EntryPoint","urlTemplate":"https:\/\/sulsc.com\/?s={search_term_string}"},"query-input":"required name=search_term_string"}],"inLanguage":"en-US"},{"@type":"Person","@id":"https:\/\/sulsc.com\/#\/schema\/person\/84d2fc571684f6248ba83092f07750a3","name":"Reda\u00e7\u00e3o Sul SC","image":{"@type":"ImageObject","inLanguage":"en-US","@id":"https:\/\/sulsc.com\/#\/schema\/person\/image\/e08d7fe2cc4ed596372063bbe852b8d0","url":"https:\/\/sulsc.com\/wp-content\/uploads\/2023\/09\/redacao.png","contentUrl":"https:\/\/sulsc.com\/wp-content\/uploads\/2023\/09\/redacao.png","caption":"Reda\u00e7\u00e3o Sul SC"},"description":"Foco em um jornalismo imparcial, voltado \u00e0 qualidade dos seus conte\u00fados e, assim, levar informa\u00e7\u00e3o de valor que agregue \u00e0 vida dos leitores. Esta \u00e9 grande miss\u00e3o do Portal de Not\u00edcias Sul SC. N\u00e3o \u00e9 quantidade que muda o mundo, sempre foi e seguir\u00e1 sendo qualidade!","sameAs":["https:\/\/sulsc.com\/","https:\/\/www.facebook.com\/profile.php?id=61559278119680","https:\/\/www.instagram.com\/sulscportal\/?hl=pt-br","https:\/\/twitter.com\/https:\/\/twitter.com\/PortalSulSC","https:\/\/www.youtube.com\/channel\/UCv_BE8GeySluDov2n8qhVmw"],"url":"https:\/\/sulsc.com\/index.php\/author\/redacao\/"}]}},"authors":[],"_links":{"self":[{"href":"https:\/\/sulsc.com\/index.php\/wp-json\/wp\/v2\/posts\/29374"}],"collection":[{"href":"https:\/\/sulsc.com\/index.php\/wp-json\/wp\/v2\/posts"}],"about":[{"href":"https:\/\/sulsc.com\/index.php\/wp-json\/wp\/v2\/types\/post"}],"author":[{"embeddable":true,"href":"https:\/\/sulsc.com\/index.php\/wp-json\/wp\/v2\/users\/3"}],"replies":[{"embeddable":true,"href":"https:\/\/sulsc.com\/index.php\/wp-json\/wp\/v2\/comments?post=29374"}],"version-history":[{"count":1,"href":"https:\/\/sulsc.com\/index.php\/wp-json\/wp\/v2\/posts\/29374\/revisions"}],"predecessor-version":[{"id":29376,"href":"https:\/\/sulsc.com\/index.php\/wp-json\/wp\/v2\/posts\/29374\/revisions\/29376"}],"wp:featuredmedia":[{"embeddable":true,"href":"https:\/\/sulsc.com\/index.php\/wp-json\/wp\/v2\/media\/1471"}],"wp:attachment":[{"href":"https:\/\/sulsc.com\/index.php\/wp-json\/wp\/v2\/media?parent=29374"}],"wp:term":[{"taxonomy":"category","embeddable":true,"href":"https:\/\/sulsc.com\/index.php\/wp-json\/wp\/v2\/categories?post=29374"},{"taxonomy":"post_tag","embeddable":true,"href":"https:\/\/sulsc.com\/index.php\/wp-json\/wp\/v2\/tags?post=29374"}],"curies":[{"name":"wp","href":"https:\/\/api.w.org\/{rel}","templated":true}]}}