{"id":29383,"date":"2025-11-07T10:20:31","date_gmt":"2025-11-07T13:20:31","guid":{"rendered":"https:\/\/sulsc.com\/?p=29383"},"modified":"2025-11-07T10:20:31","modified_gmt":"2025-11-07T13:20:31","slug":"saiba-como-visualizar-o-local-de-prova-do-enem","status":"publish","type":"post","link":"https:\/\/sulsc.com\/index.php\/2025\/11\/07\/saiba-como-visualizar-o-local-de-prova-do-enem\/","title":{"rendered":"Saiba como visualizar o local de prova do Enem"},"content":{"rendered":"<p>A aplica\u00e7\u00e3o da primeira etapa do Exame Nacional do Ensino M\u00e9dio (Enem) 2025, ser\u00e1 neste domingo (9), nas 27 unidades da Federa\u00e7\u00e3o. Mais de 4,81 milh\u00f5es de inscritos est\u00e3o confirmados. \u00c9 de fundamental import\u00e2ncia que o aluno saiba o local de prova e se planeje logisticamente. Isso porque se o candidato perder o hor\u00e1rio de fechamento dos port\u00f5es, \u00e0s 13h, todo o esfor\u00e7o de um ano se perde.<\/p>\n<p>A toler\u00e2ncia \u00e9 zero para atrasos. O edital do Enem 2025 \u00e9 taxativo ao proibir a entrada do participante no local de prova, ap\u00f3s o fechamento dos port\u00f5es. Com isso, perder o hor\u00e1rio resulta na elimina\u00e7\u00e3o autom\u00e1tica do candidato.<\/p>\n<p>A informa\u00e7\u00e3o sobre o local de prova do Enem 2025 est\u00e1 dispon\u00edvel no Cart\u00e3o de Confirma\u00e7\u00e3o de Inscri\u00e7\u00e3o. O documento individualizado deve ser acessado exclusivamente na P\u00e1gina do Participante, no site do Instituto Nacional de Estudos e Pesquisas Educacionais An\u00edsio Teixeira (Inep).<\/p>\n<p>Adicionalmente, o documento informa o n\u00famero de inscri\u00e7\u00e3o, as datas e os hor\u00e1rios das provas, al\u00e9m de indicar se o inscrito tem direito a atendimento especializado ou tratamento por nome social, quando previamente solicitado e aprovado.<\/p>\n<p>H\u00e1 ainda dados sobre a op\u00e7\u00e3o de l\u00edngua estrangeira selecionada, se houve a op\u00e7\u00e3o de pedido de certifica\u00e7\u00e3o do ensino m\u00e9dio e d\u00e1 orienta\u00e7\u00f5es gerais aos inscritos.\u00a0Embora n\u00e3o seja obrigat\u00f3rio, o Inep recomenda lev\u00e1-lo impresso nos dois dias do exame (9 e 16 de novembro), para evitar imprevistos.<\/p>\n<div id=\"metaslider-id-25573\" style=\"width: 100%;\" class=\"ml-slider-3-99-0 metaslider metaslider-flex metaslider-25573 ml-slider has-onhover-arrows ms-theme-default-base has-dots-nav\" role=\"region\" aria-label=\"Meio\" data-width=\"1200\">\n    <div id=\"metaslider_container_25573\">\n        <div id=\"metaslider_25573\">\n            <ul class='slides'>\n                <li style=\"display: block; width: 100%;\" class=\"slide-25684 ms-image \" aria-roledescription=\"slide\" data-date=\"2025-07-24 07:55:40\"><img src=\"https:\/\/sulsc.com\/wp-content\/uploads\/2025\/07\/Marr-2-1000x166.jpg\" height=\"200\" width=\"1200\" alt=\"\" class=\"slider-25573 slide-25684 msDefaultImage\" title=\"Marr 2\" \/><\/li>\n                <li style=\"display: none; width: 100%;\" class=\"slide-32412 ms-image \" aria-roledescription=\"slide\" data-date=\"2026-02-18 13:59:46\"><img src=\"https:\/\/sulsc.com\/wp-content\/uploads\/2026\/02\/40dc1580-cad5-4867-bc58-c4243821ad38-1000x166.jpeg\" height=\"200\" width=\"1200\" alt=\"\" class=\"slider-25573 slide-32412 msDefaultImage\" title=\"40dc1580-cad5-4867-bc58-c4243821ad38\" \/><\/li>\n                <li style=\"display: none; width: 100%;\" class=\"slide-32766 ms-image \" aria-roledescription=\"slide\" data-date=\"2026-03-03 17:22:59\"><img src=\"https:\/\/sulsc.com\/wp-content\/uploads\/2026\/03\/271ce739-f268-41c5-8051-3de1a1750359-1000x166.jpeg\" height=\"200\" width=\"1200\" alt=\"\" class=\"slider-25573 slide-32766 msDefaultImage\" title=\"271ce739-f268-41c5-8051-3de1a1750359\" \/><\/li>\n            <\/ul>\n        <\/div>\n        \n    <\/div>\n<\/div>\n<p><strong>Confira o passo a passo para acessar e imprimir o Cart\u00e3o de Confirma\u00e7\u00e3o de Inscri\u00e7\u00e3o:<\/strong><\/p>\n<p>1 &#8211; acesse a P\u00e1gina do Participante e selecione o bot\u00e3o \u201cP\u00e1gina do Participante \u2013 Entrar com gov.br\u201d.<br \/>\n2 &#8211; em seguida, use o login \u00fanico do Gov.Br e clique em \u201cContinuar\u201d.<br \/>\n3 &#8211; J\u00e1 na P\u00e1gina do Participante, \u00e0 esquerda da tela, clique em \u201cLocal de Prova\u201d.<br \/>\n4 &#8211; na sequ\u00eancia, clique no \u00edcone em azul, apresentado pelo assistente virtual (Local de Prova).<br \/>\n5 &#8211; O sistema abrir\u00e1 o Cart\u00e3o de Confirma\u00e7\u00e3o de Inscri\u00e7\u00e3o.<br \/>\nPara imprimir, basta descer a tela at\u00e9 o final da p\u00e1gina e clicar no bot\u00e3o \u201cImprimir\u201d.<\/p>\n<p>&nbsp;<\/p>\n<p><strong>Dicas de planejamento<\/strong><\/p>\n<p>Chegar ao local com calma e anteced\u00eancia \u00e9 fundamental para evitar a ansiedade de \u00faltima hora, o que pode prejudicar a concentra\u00e7\u00e3o do candidato antes mesmo de a prova come\u00e7ar.\u00a0Muitos candidatos se atrasam por fatores externos, como tr\u00e2nsito intenso em locais pr\u00f3ximos aos centros de prova e outras situa\u00e7\u00f5es mais comuns aos domingos como o transporte p\u00fablico (\u00f4nibus, metr\u00f4s ou trens) com hor\u00e1rios de circula\u00e7\u00e3o reduzidos. Outros candidatos tamb\u00e9m desconhecem o local ou o trajeto at\u00e9 ele.<\/p>\n<p>Especialistas recomendam que o hor\u00e1rio ideal para sair da resid\u00eancia rumo ao local de prova seria o intervalo de duas a tr\u00eas horas, dependendo da dist\u00e2ncia. A coordenadora pedag\u00f3gica da Escola Bil\u00edngue Pueri Domus da Aclima\u00e7\u00e3o, em S\u00e3o Paulo, Cintia Etsuko Yamashita, defende a prepara\u00e7\u00e3o do candidato com o planejamento de rota, por exemplo.\u00a0\u201cProgramar que horas voc\u00ea vai chegar ao local, no dia da prova, \u00e9 muito importante\u201d, avalia.<\/p>\n<p>Por isso, nestes dois dias que antecedem as provas, \u00e9 preciso conhecer o local de aplica\u00e7\u00e3o do Enem e vale consultar o tempo do deslocamento, trajetos alternativos e diferentes modais para chegar \u00e0 unidade destacada no cart\u00e3o de inscri\u00e7\u00e3o do candidato.\u00a0Al\u00e9m disso, a demanda por carros de aplicativo \u00e9 alta nos hor\u00e1rios de pico (entre as 11h e as 13h) nos domingos do Enem, o que pode ocasionar a demora at\u00e9 encontrar um motorista que aceite a corrida. Al\u00e9m disso, os pre\u00e7os podem subir.<\/p>\n<p><img fetchpriority=\"high\" decoding=\"async\" class=\"alignnone size-full wp-image-29388\" src=\"http:\/\/sulsc.com\/wp-content\/uploads\/2025\/11\/Imagem-do-WhatsApp-de-2025-11-07-as-10.19.55_755ee4f5.jpg\" alt=\"\" width=\"1170\" height=\"700\" srcset=\"https:\/\/sulsc.com\/wp-content\/uploads\/2025\/11\/Imagem-do-WhatsApp-de-2025-11-07-as-10.19.55_755ee4f5.jpg 1170w, https:\/\/sulsc.com\/wp-content\/uploads\/2025\/11\/Imagem-do-WhatsApp-de-2025-11-07-as-10.19.55_755ee4f5-300x179.jpg 300w, https:\/\/sulsc.com\/wp-content\/uploads\/2025\/11\/Imagem-do-WhatsApp-de-2025-11-07-as-10.19.55_755ee4f5-1024x613.jpg 1024w, https:\/\/sulsc.com\/wp-content\/uploads\/2025\/11\/Imagem-do-WhatsApp-de-2025-11-07-as-10.19.55_755ee4f5-768x459.jpg 768w\" sizes=\"(max-width: 1170px) 100vw, 1170px\" \/><\/p>\n","protected":false},"excerpt":{"rendered":"<p>A aplica\u00e7\u00e3o da primeira etapa do Exame Nacional do Ensino M\u00e9dio (Enem) 2025, ser\u00e1 neste domingo (9), nas 27 unidades da Federa\u00e7\u00e3o. Mais de 4,81 milh\u00f5es de inscritos est\u00e3o confirmados. \u00c9 de fundamental import\u00e2ncia que o aluno saiba o local de prova e se planeje logisticamente. Isso porque se o candidato perder o hor\u00e1rio de &hellip;<\/p>\n<p class=\"read-more\"> <a class=\"\" href=\"https:\/\/sulsc.com\/index.php\/2025\/11\/07\/saiba-como-visualizar-o-local-de-prova-do-enem\/\"> <span class=\"screen-reader-text\">Saiba como visualizar o local de prova do Enem<\/span> Read More &raquo;<\/a><\/p>\n","protected":false},"author":3,"featured_media":29388,"comment_status":"open","ping_status":"open","sticky":false,"template":"","format":"standard","meta":{"site-sidebar-layout":"default","site-content-layout":"","ast-site-content-layout":"default","site-content-style":"default","site-sidebar-style":"default","ast-global-header-display":"","ast-banner-title-visibility":"","ast-main-header-display":"","ast-hfb-above-header-display":"","ast-hfb-below-header-display":"","ast-hfb-mobile-header-display":"","site-post-title":"","ast-breadcrumbs-content":"","ast-featured-img":"","footer-sml-layout":"","theme-transparent-header-meta":"default","adv-header-id-meta":"","stick-header-meta":"","header-above-stick-meta":"","header-main-stick-meta":"","header-below-stick-meta":"","astra-migrate-meta-layouts":"set","footnotes":""},"categories":[2321,15,12],"tags":[482,2270,2681],"yoast_head":"<!-- This site is optimized with the Yoast SEO plugin v21.4 - https:\/\/yoast.com\/wordpress\/plugins\/seo\/ -->\n<title>Saiba como visualizar o local de prova do Enem -<\/title>\n<meta name=\"robots\" content=\"index, follow, max-snippet:-1, max-image-preview:large, max-video-preview:-1\" \/>\n<link rel=\"canonical\" href=\"https:\/\/sulsc.com\/index.php\/2025\/11\/07\/saiba-como-visualizar-o-local-de-prova-do-enem\/\" \/>\n<meta property=\"og:locale\" content=\"en_US\" \/>\n<meta property=\"og:type\" content=\"article\" \/>\n<meta property=\"og:title\" content=\"Saiba como visualizar o local de prova do Enem -\" \/>\n<meta property=\"og:description\" content=\"A aplica\u00e7\u00e3o da primeira etapa do Exame Nacional do Ensino M\u00e9dio (Enem) 2025, ser\u00e1 neste domingo (9), nas 27 unidades da Federa\u00e7\u00e3o. Mais de 4,81 milh\u00f5es de inscritos est\u00e3o confirmados. \u00c9 de fundamental import\u00e2ncia que o aluno saiba o local de prova e se planeje logisticamente. Isso porque se o candidato perder o hor\u00e1rio de &hellip; Saiba como visualizar o local de prova do Enem Read More &raquo;\" \/>\n<meta property=\"og:url\" content=\"https:\/\/sulsc.com\/index.php\/2025\/11\/07\/saiba-como-visualizar-o-local-de-prova-do-enem\/\" \/>\n<meta property=\"article:author\" content=\"https:\/\/www.facebook.com\/profile.php?id=61559278119680\" \/>\n<meta property=\"article:published_time\" content=\"2025-11-07T13:20:31+00:00\" \/>\n<meta property=\"og:image\" content=\"http:\/\/sulsc.com\/wp-content\/uploads\/2025\/11\/Imagem-do-WhatsApp-de-2025-11-07-as-10.19.55_755ee4f5.jpg\" \/>\n\t<meta property=\"og:image:width\" content=\"1170\" \/>\n\t<meta property=\"og:image:height\" content=\"700\" \/>\n\t<meta property=\"og:image:type\" content=\"image\/jpeg\" \/>\n<meta name=\"author\" content=\"Reda\u00e7\u00e3o Sul SC\" \/>\n<meta name=\"twitter:card\" content=\"summary_large_image\" \/>\n<meta name=\"twitter:creator\" content=\"@https:\/\/twitter.com\/PortalSulSC\" \/>\n<meta name=\"twitter:label1\" content=\"Written by\" \/>\n\t<meta name=\"twitter:data1\" content=\"Reda\u00e7\u00e3o Sul SC\" \/>\n\t<meta name=\"twitter:label2\" content=\"Est. reading time\" \/>\n\t<meta name=\"twitter:data2\" content=\"3 minutes\" \/>\n<script type=\"application\/ld+json\" class=\"yoast-schema-graph\">{\"@context\":\"https:\/\/schema.org\",\"@graph\":[{\"@type\":\"WebPage\",\"@id\":\"https:\/\/sulsc.com\/index.php\/2025\/11\/07\/saiba-como-visualizar-o-local-de-prova-do-enem\/\",\"url\":\"https:\/\/sulsc.com\/index.php\/2025\/11\/07\/saiba-como-visualizar-o-local-de-prova-do-enem\/\",\"name\":\"Saiba como visualizar o local de prova do Enem -\",\"isPartOf\":{\"@id\":\"https:\/\/sulsc.com\/#website\"},\"datePublished\":\"2025-11-07T13:20:31+00:00\",\"dateModified\":\"2025-11-07T13:20:31+00:00\",\"author\":{\"@id\":\"https:\/\/sulsc.com\/#\/schema\/person\/84d2fc571684f6248ba83092f07750a3\"},\"breadcrumb\":{\"@id\":\"https:\/\/sulsc.com\/index.php\/2025\/11\/07\/saiba-como-visualizar-o-local-de-prova-do-enem\/#breadcrumb\"},\"inLanguage\":\"en-US\",\"potentialAction\":[{\"@type\":\"ReadAction\",\"target\":[\"https:\/\/sulsc.com\/index.php\/2025\/11\/07\/saiba-como-visualizar-o-local-de-prova-do-enem\/\"]}]},{\"@type\":\"BreadcrumbList\",\"@id\":\"https:\/\/sulsc.com\/index.php\/2025\/11\/07\/saiba-como-visualizar-o-local-de-prova-do-enem\/#breadcrumb\",\"itemListElement\":[{\"@type\":\"ListItem\",\"position\":1,\"name\":\"In\u00edcio\",\"item\":\"https:\/\/sulsc.com\/\"},{\"@type\":\"ListItem\",\"position\":2,\"name\":\"Saiba como visualizar o local de prova do Enem\"}]},{\"@type\":\"WebSite\",\"@id\":\"https:\/\/sulsc.com\/#website\",\"url\":\"https:\/\/sulsc.com\/\",\"name\":\"\",\"description\":\"\",\"potentialAction\":[{\"@type\":\"SearchAction\",\"target\":{\"@type\":\"EntryPoint\",\"urlTemplate\":\"https:\/\/sulsc.com\/?s={search_term_string}\"},\"query-input\":\"required name=search_term_string\"}],\"inLanguage\":\"en-US\"},{\"@type\":\"Person\",\"@id\":\"https:\/\/sulsc.com\/#\/schema\/person\/84d2fc571684f6248ba83092f07750a3\",\"name\":\"Reda\u00e7\u00e3o Sul SC\",\"image\":{\"@type\":\"ImageObject\",\"inLanguage\":\"en-US\",\"@id\":\"https:\/\/sulsc.com\/#\/schema\/person\/image\/e08d7fe2cc4ed596372063bbe852b8d0\",\"url\":\"https:\/\/sulsc.com\/wp-content\/uploads\/2023\/09\/redacao.png\",\"contentUrl\":\"https:\/\/sulsc.com\/wp-content\/uploads\/2023\/09\/redacao.png\",\"caption\":\"Reda\u00e7\u00e3o Sul SC\"},\"description\":\"Foco em um jornalismo imparcial, voltado \u00e0 qualidade dos seus conte\u00fados e, assim, levar informa\u00e7\u00e3o de valor que agregue \u00e0 vida dos leitores. Esta \u00e9 grande miss\u00e3o do Portal de Not\u00edcias Sul SC. N\u00e3o \u00e9 quantidade que muda o mundo, sempre foi e seguir\u00e1 sendo qualidade!\",\"sameAs\":[\"https:\/\/sulsc.com\/\",\"https:\/\/www.facebook.com\/profile.php?id=61559278119680\",\"https:\/\/www.instagram.com\/sulscportal\/?hl=pt-br\",\"https:\/\/twitter.com\/https:\/\/twitter.com\/PortalSulSC\",\"https:\/\/www.youtube.com\/channel\/UCv_BE8GeySluDov2n8qhVmw\"],\"url\":\"https:\/\/sulsc.com\/index.php\/author\/redacao\/\"}]}<\/script>\n<!-- \/ Yoast SEO plugin. -->","yoast_head_json":{"title":"Saiba como visualizar o local de prova do Enem -","robots":{"index":"index","follow":"follow","max-snippet":"max-snippet:-1","max-image-preview":"max-image-preview:large","max-video-preview":"max-video-preview:-1"},"canonical":"https:\/\/sulsc.com\/index.php\/2025\/11\/07\/saiba-como-visualizar-o-local-de-prova-do-enem\/","og_locale":"en_US","og_type":"article","og_title":"Saiba como visualizar o local de prova do Enem -","og_description":"A aplica\u00e7\u00e3o da primeira etapa do Exame Nacional do Ensino M\u00e9dio (Enem) 2025, ser\u00e1 neste domingo (9), nas 27 unidades da Federa\u00e7\u00e3o. Mais de 4,81 milh\u00f5es de inscritos est\u00e3o confirmados. \u00c9 de fundamental import\u00e2ncia que o aluno saiba o local de prova e se planeje logisticamente. Isso porque se o candidato perder o hor\u00e1rio de &hellip; Saiba como visualizar o local de prova do Enem Read More &raquo;","og_url":"https:\/\/sulsc.com\/index.php\/2025\/11\/07\/saiba-como-visualizar-o-local-de-prova-do-enem\/","article_author":"https:\/\/www.facebook.com\/profile.php?id=61559278119680","article_published_time":"2025-11-07T13:20:31+00:00","og_image":[{"width":1170,"height":700,"url":"http:\/\/sulsc.com\/wp-content\/uploads\/2025\/11\/Imagem-do-WhatsApp-de-2025-11-07-as-10.19.55_755ee4f5.jpg","type":"image\/jpeg"}],"author":"Reda\u00e7\u00e3o Sul SC","twitter_card":"summary_large_image","twitter_creator":"@https:\/\/twitter.com\/PortalSulSC","twitter_misc":{"Written by":"Reda\u00e7\u00e3o Sul SC","Est. reading time":"3 minutes"},"schema":{"@context":"https:\/\/schema.org","@graph":[{"@type":"WebPage","@id":"https:\/\/sulsc.com\/index.php\/2025\/11\/07\/saiba-como-visualizar-o-local-de-prova-do-enem\/","url":"https:\/\/sulsc.com\/index.php\/2025\/11\/07\/saiba-como-visualizar-o-local-de-prova-do-enem\/","name":"Saiba como visualizar o local de prova do Enem -","isPartOf":{"@id":"https:\/\/sulsc.com\/#website"},"datePublished":"2025-11-07T13:20:31+00:00","dateModified":"2025-11-07T13:20:31+00:00","author":{"@id":"https:\/\/sulsc.com\/#\/schema\/person\/84d2fc571684f6248ba83092f07750a3"},"breadcrumb":{"@id":"https:\/\/sulsc.com\/index.php\/2025\/11\/07\/saiba-como-visualizar-o-local-de-prova-do-enem\/#breadcrumb"},"inLanguage":"en-US","potentialAction":[{"@type":"ReadAction","target":["https:\/\/sulsc.com\/index.php\/2025\/11\/07\/saiba-como-visualizar-o-local-de-prova-do-enem\/"]}]},{"@type":"BreadcrumbList","@id":"https:\/\/sulsc.com\/index.php\/2025\/11\/07\/saiba-como-visualizar-o-local-de-prova-do-enem\/#breadcrumb","itemListElement":[{"@type":"ListItem","position":1,"name":"In\u00edcio","item":"https:\/\/sulsc.com\/"},{"@type":"ListItem","position":2,"name":"Saiba como visualizar o local de prova do Enem"}]},{"@type":"WebSite","@id":"https:\/\/sulsc.com\/#website","url":"https:\/\/sulsc.com\/","name":"","description":"","potentialAction":[{"@type":"SearchAction","target":{"@type":"EntryPoint","urlTemplate":"https:\/\/sulsc.com\/?s={search_term_string}"},"query-input":"required name=search_term_string"}],"inLanguage":"en-US"},{"@type":"Person","@id":"https:\/\/sulsc.com\/#\/schema\/person\/84d2fc571684f6248ba83092f07750a3","name":"Reda\u00e7\u00e3o Sul SC","image":{"@type":"ImageObject","inLanguage":"en-US","@id":"https:\/\/sulsc.com\/#\/schema\/person\/image\/e08d7fe2cc4ed596372063bbe852b8d0","url":"https:\/\/sulsc.com\/wp-content\/uploads\/2023\/09\/redacao.png","contentUrl":"https:\/\/sulsc.com\/wp-content\/uploads\/2023\/09\/redacao.png","caption":"Reda\u00e7\u00e3o Sul SC"},"description":"Foco em um jornalismo imparcial, voltado \u00e0 qualidade dos seus conte\u00fados e, assim, levar informa\u00e7\u00e3o de valor que agregue \u00e0 vida dos leitores. Esta \u00e9 grande miss\u00e3o do Portal de Not\u00edcias Sul SC. N\u00e3o \u00e9 quantidade que muda o mundo, sempre foi e seguir\u00e1 sendo qualidade!","sameAs":["https:\/\/sulsc.com\/","https:\/\/www.facebook.com\/profile.php?id=61559278119680","https:\/\/www.instagram.com\/sulscportal\/?hl=pt-br","https:\/\/twitter.com\/https:\/\/twitter.com\/PortalSulSC","https:\/\/www.youtube.com\/channel\/UCv_BE8GeySluDov2n8qhVmw"],"url":"https:\/\/sulsc.com\/index.php\/author\/redacao\/"}]}},"authors":[],"_links":{"self":[{"href":"https:\/\/sulsc.com\/index.php\/wp-json\/wp\/v2\/posts\/29383"}],"collection":[{"href":"https:\/\/sulsc.com\/index.php\/wp-json\/wp\/v2\/posts"}],"about":[{"href":"https:\/\/sulsc.com\/index.php\/wp-json\/wp\/v2\/types\/post"}],"author":[{"embeddable":true,"href":"https:\/\/sulsc.com\/index.php\/wp-json\/wp\/v2\/users\/3"}],"replies":[{"embeddable":true,"href":"https:\/\/sulsc.com\/index.php\/wp-json\/wp\/v2\/comments?post=29383"}],"version-history":[{"count":1,"href":"https:\/\/sulsc.com\/index.php\/wp-json\/wp\/v2\/posts\/29383\/revisions"}],"predecessor-version":[{"id":29389,"href":"https:\/\/sulsc.com\/index.php\/wp-json\/wp\/v2\/posts\/29383\/revisions\/29389"}],"wp:featuredmedia":[{"embeddable":true,"href":"https:\/\/sulsc.com\/index.php\/wp-json\/wp\/v2\/media\/29388"}],"wp:attachment":[{"href":"https:\/\/sulsc.com\/index.php\/wp-json\/wp\/v2\/media?parent=29383"}],"wp:term":[{"taxonomy":"category","embeddable":true,"href":"https:\/\/sulsc.com\/index.php\/wp-json\/wp\/v2\/categories?post=29383"},{"taxonomy":"post_tag","embeddable":true,"href":"https:\/\/sulsc.com\/index.php\/wp-json\/wp\/v2\/tags?post=29383"}],"curies":[{"name":"wp","href":"https:\/\/api.w.org\/{rel}","templated":true}]}}