{"id":29450,"date":"2025-11-10T07:18:26","date_gmt":"2025-11-10T10:18:26","guid":{"rendered":"https:\/\/sulsc.com\/?p=29450"},"modified":"2025-11-10T07:18:26","modified_gmt":"2025-11-10T10:18:26","slug":"segunda-feira-10-de-tempo-firme-e-maximas-de-25oc-na-regiao-sul","status":"publish","type":"post","link":"https:\/\/sulsc.com\/index.php\/2025\/11\/10\/segunda-feira-10-de-tempo-firme-e-maximas-de-25oc-na-regiao-sul\/","title":{"rendered":"Segunda-feira (10) de tempo firme e m\u00e1ximas de 25\u00baC na regi\u00e3o sul"},"content":{"rendered":"<p>Nesta segunda-feira (10), a presen\u00e7a de uma alta press\u00e3o mant\u00e9m o tempo firme e o sol aparece mantendo o c\u00e9u com poucas nuvens, em todas as regi\u00f5es de Santa Catarina.<\/p>\n<p><strong>Temperaturas<\/strong><\/p>\n<p>Pela manh\u00e3, as temperaturas ficam entre 10\u00b0C e 15\u00b0C na maioria das \u00e1reas e entre 12\u00b0C e 17\u00b0C no litoral. Apenas nas \u00e1reas serranas s\u00e3o esperadas m\u00ednimas entre 7 e 12\u00b0C. \u00c0 tarde, com o predom\u00ednio do sol, as m\u00e1ximas sobem mais em rela\u00e7\u00e3o aos dias anteriores, variando entre 25\u00b0C e 27\u00b0C no Oeste, Vale do Itaja\u00ed e Norte catarinense. Entre o Meio-Oeste, Grande Florian\u00f3polis e Sul do estado os term\u00f4metros podem alcan\u00e7ar os 25\u00b0C.<\/p>\n<p><img fetchpriority=\"high\" decoding=\"async\" class=\"aligncenter size-full wp-image-29451\" src=\"http:\/\/sulsc.com\/wp-content\/uploads\/2025\/11\/image-189-1024x704-1.png\" alt=\"\" width=\"1024\" height=\"704\" srcset=\"https:\/\/sulsc.com\/wp-content\/uploads\/2025\/11\/image-189-1024x704-1.png 1024w, https:\/\/sulsc.com\/wp-content\/uploads\/2025\/11\/image-189-1024x704-1-300x206.png 300w, https:\/\/sulsc.com\/wp-content\/uploads\/2025\/11\/image-189-1024x704-1-768x528.png 768w\" sizes=\"(max-width: 1024px) 100vw, 1024px\" \/><img decoding=\"async\" class=\"aligncenter size-full wp-image-21578\" src=\"http:\/\/sulsc.com\/wp-content\/uploads\/2025\/03\/Tempo.png\" alt=\"\" width=\"1024\" height=\"189\" srcset=\"https:\/\/sulsc.com\/wp-content\/uploads\/2025\/03\/Tempo.png 1024w, https:\/\/sulsc.com\/wp-content\/uploads\/2025\/03\/Tempo-300x55.png 300w, https:\/\/sulsc.com\/wp-content\/uploads\/2025\/03\/Tempo-768x142.png 768w\" sizes=\"(max-width: 1024px) 100vw, 1024px\" \/><\/p>\n<p>&nbsp;<\/p>\n<p>&nbsp;<\/p>\n<p><strong>Ventos:<\/strong> sopram de leste e sudeste pelo estado, com fraca intensidade. N\u00e3o h\u00e1 riscos para ocorr\u00eancias relacionadas \u00e0s condi\u00e7\u00f5es de tempo.<\/p>\n<p><strong>Sistema predominante:<\/strong> ciclone extratropical com centro entre a costa Sul de Sudeste do Brasil, afastando-se gradativamente no decorrer do dia.<\/p>\n<div id=\"metaslider-id-25573\" style=\"width: 100%;\" class=\"ml-slider-3-99-0 metaslider metaslider-flex metaslider-25573 ml-slider has-onhover-arrows ms-theme-default-base has-dots-nav\" role=\"region\" aria-label=\"Meio\" data-width=\"1200\">\n    <div id=\"metaslider_container_25573\">\n        <div id=\"metaslider_25573\">\n            <ul class='slides'>\n                <li style=\"display: block; width: 100%;\" class=\"slide-25684 ms-image \" aria-roledescription=\"slide\" data-date=\"2025-07-24 07:55:40\"><img src=\"https:\/\/sulsc.com\/wp-content\/uploads\/2025\/07\/Marr-2-1000x166.jpg\" height=\"200\" width=\"1200\" alt=\"\" class=\"slider-25573 slide-25684 msDefaultImage\" title=\"Marr 2\" \/><\/li>\n                <li style=\"display: none; width: 100%;\" class=\"slide-32412 ms-image \" aria-roledescription=\"slide\" data-date=\"2026-02-18 13:59:46\"><img src=\"https:\/\/sulsc.com\/wp-content\/uploads\/2026\/02\/40dc1580-cad5-4867-bc58-c4243821ad38-1000x166.jpeg\" height=\"200\" width=\"1200\" alt=\"\" class=\"slider-25573 slide-32412 msDefaultImage\" title=\"40dc1580-cad5-4867-bc58-c4243821ad38\" \/><\/li>\n                <li style=\"display: none; width: 100%;\" class=\"slide-32766 ms-image \" aria-roledescription=\"slide\" data-date=\"2026-03-03 17:22:59\"><img src=\"https:\/\/sulsc.com\/wp-content\/uploads\/2026\/03\/271ce739-f268-41c5-8051-3de1a1750359-1000x166.jpeg\" height=\"200\" width=\"1200\" alt=\"\" class=\"slider-25573 slide-32766 msDefaultImage\" title=\"271ce739-f268-41c5-8051-3de1a1750359\" \/><\/li>\n            <\/ul>\n        <\/div>\n        \n    <\/div>\n<\/div>\n<p><strong>Amanh\u00e3 ter\u00e7a-feira (11),<\/strong> a alta press\u00e3o atmosf\u00e9rica se desloca gradualmente para o mar, mas ainda mant\u00e9m o tempo firme no estado durante a maior parte do dia.<\/p>\n<p>Fonte:Defesa Civil-SC\/Epagri-Ciram<\/p>\n","protected":false},"excerpt":{"rendered":"<p>Nesta segunda-feira (10), a presen\u00e7a de uma alta press\u00e3o mant\u00e9m o tempo firme e o sol aparece mantendo o c\u00e9u com poucas nuvens, em todas as regi\u00f5es de Santa Catarina. Temperaturas Pela manh\u00e3, as temperaturas ficam entre 10\u00b0C e 15\u00b0C na maioria das \u00e1reas e entre 12\u00b0C e 17\u00b0C no litoral. Apenas nas \u00e1reas serranas &hellip;<\/p>\n<p class=\"read-more\"> <a class=\"\" href=\"https:\/\/sulsc.com\/index.php\/2025\/11\/10\/segunda-feira-10-de-tempo-firme-e-maximas-de-25oc-na-regiao-sul\/\"> <span class=\"screen-reader-text\">Segunda-feira (10) de tempo firme e m\u00e1ximas de 25\u00baC na regi\u00e3o sul<\/span> Read More &raquo;<\/a><\/p>\n","protected":false},"author":3,"featured_media":16524,"comment_status":"open","ping_status":"open","sticky":false,"template":"","format":"standard","meta":{"site-sidebar-layout":"default","site-content-layout":"","ast-site-content-layout":"default","site-content-style":"default","site-sidebar-style":"default","ast-global-header-display":"","ast-banner-title-visibility":"","ast-main-header-display":"","ast-hfb-above-header-display":"","ast-hfb-below-header-display":"","ast-hfb-mobile-header-display":"","site-post-title":"","ast-breadcrumbs-content":"","ast-featured-img":"","footer-sml-layout":"","theme-transparent-header-meta":"default","adv-header-id-meta":"","stick-header-meta":"","header-above-stick-meta":"","header-main-stick-meta":"","header-below-stick-meta":"","astra-migrate-meta-layouts":"set","footnotes":""},"categories":[2354,2231,1,38,12],"tags":[90],"yoast_head":"<!-- This site is optimized with the Yoast SEO plugin v21.4 - https:\/\/yoast.com\/wordpress\/plugins\/seo\/ -->\n<title>Segunda-feira (10) de tempo firme e m\u00e1ximas de 25\u00baC na regi\u00e3o sul -<\/title>\n<meta name=\"robots\" content=\"index, follow, max-snippet:-1, max-image-preview:large, max-video-preview:-1\" \/>\n<link rel=\"canonical\" href=\"https:\/\/sulsc.com\/index.php\/2025\/11\/10\/segunda-feira-10-de-tempo-firme-e-maximas-de-25oc-na-regiao-sul\/\" \/>\n<meta property=\"og:locale\" content=\"en_US\" \/>\n<meta property=\"og:type\" content=\"article\" \/>\n<meta property=\"og:title\" content=\"Segunda-feira (10) de tempo firme e m\u00e1ximas de 25\u00baC na regi\u00e3o sul -\" \/>\n<meta property=\"og:description\" content=\"Nesta segunda-feira (10), a presen\u00e7a de uma alta press\u00e3o mant\u00e9m o tempo firme e o sol aparece mantendo o c\u00e9u com poucas nuvens, em todas as regi\u00f5es de Santa Catarina. Temperaturas Pela manh\u00e3, as temperaturas ficam entre 10\u00b0C e 15\u00b0C na maioria das \u00e1reas e entre 12\u00b0C e 17\u00b0C no litoral. Apenas nas \u00e1reas serranas &hellip; Segunda-feira (10) de tempo firme e m\u00e1ximas de 25\u00baC na regi\u00e3o sul Read More &raquo;\" \/>\n<meta property=\"og:url\" content=\"https:\/\/sulsc.com\/index.php\/2025\/11\/10\/segunda-feira-10-de-tempo-firme-e-maximas-de-25oc-na-regiao-sul\/\" \/>\n<meta property=\"article:author\" content=\"https:\/\/www.facebook.com\/profile.php?id=61559278119680\" \/>\n<meta property=\"article:published_time\" content=\"2025-11-10T10:18:26+00:00\" \/>\n<meta property=\"og:image\" content=\"http:\/\/sulsc.com\/wp-content\/uploads\/2024\/10\/Tempo-scaled.jpg\" \/>\n\t<meta property=\"og:image:width\" content=\"2560\" \/>\n\t<meta property=\"og:image:height\" content=\"1151\" \/>\n\t<meta property=\"og:image:type\" content=\"image\/jpeg\" \/>\n<meta name=\"author\" content=\"Reda\u00e7\u00e3o Sul SC\" \/>\n<meta name=\"twitter:card\" content=\"summary_large_image\" \/>\n<meta name=\"twitter:creator\" content=\"@https:\/\/twitter.com\/PortalSulSC\" \/>\n<meta name=\"twitter:label1\" content=\"Written by\" \/>\n\t<meta name=\"twitter:data1\" content=\"Reda\u00e7\u00e3o Sul SC\" \/>\n\t<meta name=\"twitter:label2\" content=\"Est. reading time\" \/>\n\t<meta name=\"twitter:data2\" content=\"2 minutes\" \/>\n<script type=\"application\/ld+json\" class=\"yoast-schema-graph\">{\"@context\":\"https:\/\/schema.org\",\"@graph\":[{\"@type\":\"WebPage\",\"@id\":\"https:\/\/sulsc.com\/index.php\/2025\/11\/10\/segunda-feira-10-de-tempo-firme-e-maximas-de-25oc-na-regiao-sul\/\",\"url\":\"https:\/\/sulsc.com\/index.php\/2025\/11\/10\/segunda-feira-10-de-tempo-firme-e-maximas-de-25oc-na-regiao-sul\/\",\"name\":\"Segunda-feira (10) de tempo firme e m\u00e1ximas de 25\u00baC na regi\u00e3o sul -\",\"isPartOf\":{\"@id\":\"https:\/\/sulsc.com\/#website\"},\"datePublished\":\"2025-11-10T10:18:26+00:00\",\"dateModified\":\"2025-11-10T10:18:26+00:00\",\"author\":{\"@id\":\"https:\/\/sulsc.com\/#\/schema\/person\/84d2fc571684f6248ba83092f07750a3\"},\"breadcrumb\":{\"@id\":\"https:\/\/sulsc.com\/index.php\/2025\/11\/10\/segunda-feira-10-de-tempo-firme-e-maximas-de-25oc-na-regiao-sul\/#breadcrumb\"},\"inLanguage\":\"en-US\",\"potentialAction\":[{\"@type\":\"ReadAction\",\"target\":[\"https:\/\/sulsc.com\/index.php\/2025\/11\/10\/segunda-feira-10-de-tempo-firme-e-maximas-de-25oc-na-regiao-sul\/\"]}]},{\"@type\":\"BreadcrumbList\",\"@id\":\"https:\/\/sulsc.com\/index.php\/2025\/11\/10\/segunda-feira-10-de-tempo-firme-e-maximas-de-25oc-na-regiao-sul\/#breadcrumb\",\"itemListElement\":[{\"@type\":\"ListItem\",\"position\":1,\"name\":\"In\u00edcio\",\"item\":\"https:\/\/sulsc.com\/\"},{\"@type\":\"ListItem\",\"position\":2,\"name\":\"Segunda-feira (10) de tempo firme e m\u00e1ximas de 25\u00baC na regi\u00e3o sul\"}]},{\"@type\":\"WebSite\",\"@id\":\"https:\/\/sulsc.com\/#website\",\"url\":\"https:\/\/sulsc.com\/\",\"name\":\"\",\"description\":\"\",\"potentialAction\":[{\"@type\":\"SearchAction\",\"target\":{\"@type\":\"EntryPoint\",\"urlTemplate\":\"https:\/\/sulsc.com\/?s={search_term_string}\"},\"query-input\":\"required name=search_term_string\"}],\"inLanguage\":\"en-US\"},{\"@type\":\"Person\",\"@id\":\"https:\/\/sulsc.com\/#\/schema\/person\/84d2fc571684f6248ba83092f07750a3\",\"name\":\"Reda\u00e7\u00e3o Sul SC\",\"image\":{\"@type\":\"ImageObject\",\"inLanguage\":\"en-US\",\"@id\":\"https:\/\/sulsc.com\/#\/schema\/person\/image\/e08d7fe2cc4ed596372063bbe852b8d0\",\"url\":\"https:\/\/sulsc.com\/wp-content\/uploads\/2023\/09\/redacao.png\",\"contentUrl\":\"https:\/\/sulsc.com\/wp-content\/uploads\/2023\/09\/redacao.png\",\"caption\":\"Reda\u00e7\u00e3o Sul SC\"},\"description\":\"Foco em um jornalismo imparcial, voltado \u00e0 qualidade dos seus conte\u00fados e, assim, levar informa\u00e7\u00e3o de valor que agregue \u00e0 vida dos leitores. Esta \u00e9 grande miss\u00e3o do Portal de Not\u00edcias Sul SC. N\u00e3o \u00e9 quantidade que muda o mundo, sempre foi e seguir\u00e1 sendo qualidade!\",\"sameAs\":[\"https:\/\/sulsc.com\/\",\"https:\/\/www.facebook.com\/profile.php?id=61559278119680\",\"https:\/\/www.instagram.com\/sulscportal\/?hl=pt-br\",\"https:\/\/twitter.com\/https:\/\/twitter.com\/PortalSulSC\",\"https:\/\/www.youtube.com\/channel\/UCv_BE8GeySluDov2n8qhVmw\"],\"url\":\"https:\/\/sulsc.com\/index.php\/author\/redacao\/\"}]}<\/script>\n<!-- \/ Yoast SEO plugin. -->","yoast_head_json":{"title":"Segunda-feira (10) de tempo firme e m\u00e1ximas de 25\u00baC na regi\u00e3o sul -","robots":{"index":"index","follow":"follow","max-snippet":"max-snippet:-1","max-image-preview":"max-image-preview:large","max-video-preview":"max-video-preview:-1"},"canonical":"https:\/\/sulsc.com\/index.php\/2025\/11\/10\/segunda-feira-10-de-tempo-firme-e-maximas-de-25oc-na-regiao-sul\/","og_locale":"en_US","og_type":"article","og_title":"Segunda-feira (10) de tempo firme e m\u00e1ximas de 25\u00baC na regi\u00e3o sul -","og_description":"Nesta segunda-feira (10), a presen\u00e7a de uma alta press\u00e3o mant\u00e9m o tempo firme e o sol aparece mantendo o c\u00e9u com poucas nuvens, em todas as regi\u00f5es de Santa Catarina. Temperaturas Pela manh\u00e3, as temperaturas ficam entre 10\u00b0C e 15\u00b0C na maioria das \u00e1reas e entre 12\u00b0C e 17\u00b0C no litoral. Apenas nas \u00e1reas serranas &hellip; Segunda-feira (10) de tempo firme e m\u00e1ximas de 25\u00baC na regi\u00e3o sul Read More &raquo;","og_url":"https:\/\/sulsc.com\/index.php\/2025\/11\/10\/segunda-feira-10-de-tempo-firme-e-maximas-de-25oc-na-regiao-sul\/","article_author":"https:\/\/www.facebook.com\/profile.php?id=61559278119680","article_published_time":"2025-11-10T10:18:26+00:00","og_image":[{"width":2560,"height":1151,"url":"http:\/\/sulsc.com\/wp-content\/uploads\/2024\/10\/Tempo-scaled.jpg","type":"image\/jpeg"}],"author":"Reda\u00e7\u00e3o Sul SC","twitter_card":"summary_large_image","twitter_creator":"@https:\/\/twitter.com\/PortalSulSC","twitter_misc":{"Written by":"Reda\u00e7\u00e3o Sul SC","Est. reading time":"2 minutes"},"schema":{"@context":"https:\/\/schema.org","@graph":[{"@type":"WebPage","@id":"https:\/\/sulsc.com\/index.php\/2025\/11\/10\/segunda-feira-10-de-tempo-firme-e-maximas-de-25oc-na-regiao-sul\/","url":"https:\/\/sulsc.com\/index.php\/2025\/11\/10\/segunda-feira-10-de-tempo-firme-e-maximas-de-25oc-na-regiao-sul\/","name":"Segunda-feira (10) de tempo firme e m\u00e1ximas de 25\u00baC na regi\u00e3o sul -","isPartOf":{"@id":"https:\/\/sulsc.com\/#website"},"datePublished":"2025-11-10T10:18:26+00:00","dateModified":"2025-11-10T10:18:26+00:00","author":{"@id":"https:\/\/sulsc.com\/#\/schema\/person\/84d2fc571684f6248ba83092f07750a3"},"breadcrumb":{"@id":"https:\/\/sulsc.com\/index.php\/2025\/11\/10\/segunda-feira-10-de-tempo-firme-e-maximas-de-25oc-na-regiao-sul\/#breadcrumb"},"inLanguage":"en-US","potentialAction":[{"@type":"ReadAction","target":["https:\/\/sulsc.com\/index.php\/2025\/11\/10\/segunda-feira-10-de-tempo-firme-e-maximas-de-25oc-na-regiao-sul\/"]}]},{"@type":"BreadcrumbList","@id":"https:\/\/sulsc.com\/index.php\/2025\/11\/10\/segunda-feira-10-de-tempo-firme-e-maximas-de-25oc-na-regiao-sul\/#breadcrumb","itemListElement":[{"@type":"ListItem","position":1,"name":"In\u00edcio","item":"https:\/\/sulsc.com\/"},{"@type":"ListItem","position":2,"name":"Segunda-feira (10) de tempo firme e m\u00e1ximas de 25\u00baC na regi\u00e3o sul"}]},{"@type":"WebSite","@id":"https:\/\/sulsc.com\/#website","url":"https:\/\/sulsc.com\/","name":"","description":"","potentialAction":[{"@type":"SearchAction","target":{"@type":"EntryPoint","urlTemplate":"https:\/\/sulsc.com\/?s={search_term_string}"},"query-input":"required name=search_term_string"}],"inLanguage":"en-US"},{"@type":"Person","@id":"https:\/\/sulsc.com\/#\/schema\/person\/84d2fc571684f6248ba83092f07750a3","name":"Reda\u00e7\u00e3o Sul SC","image":{"@type":"ImageObject","inLanguage":"en-US","@id":"https:\/\/sulsc.com\/#\/schema\/person\/image\/e08d7fe2cc4ed596372063bbe852b8d0","url":"https:\/\/sulsc.com\/wp-content\/uploads\/2023\/09\/redacao.png","contentUrl":"https:\/\/sulsc.com\/wp-content\/uploads\/2023\/09\/redacao.png","caption":"Reda\u00e7\u00e3o Sul SC"},"description":"Foco em um jornalismo imparcial, voltado \u00e0 qualidade dos seus conte\u00fados e, assim, levar informa\u00e7\u00e3o de valor que agregue \u00e0 vida dos leitores. Esta \u00e9 grande miss\u00e3o do Portal de Not\u00edcias Sul SC. N\u00e3o \u00e9 quantidade que muda o mundo, sempre foi e seguir\u00e1 sendo qualidade!","sameAs":["https:\/\/sulsc.com\/","https:\/\/www.facebook.com\/profile.php?id=61559278119680","https:\/\/www.instagram.com\/sulscportal\/?hl=pt-br","https:\/\/twitter.com\/https:\/\/twitter.com\/PortalSulSC","https:\/\/www.youtube.com\/channel\/UCv_BE8GeySluDov2n8qhVmw"],"url":"https:\/\/sulsc.com\/index.php\/author\/redacao\/"}]}},"authors":[],"_links":{"self":[{"href":"https:\/\/sulsc.com\/index.php\/wp-json\/wp\/v2\/posts\/29450"}],"collection":[{"href":"https:\/\/sulsc.com\/index.php\/wp-json\/wp\/v2\/posts"}],"about":[{"href":"https:\/\/sulsc.com\/index.php\/wp-json\/wp\/v2\/types\/post"}],"author":[{"embeddable":true,"href":"https:\/\/sulsc.com\/index.php\/wp-json\/wp\/v2\/users\/3"}],"replies":[{"embeddable":true,"href":"https:\/\/sulsc.com\/index.php\/wp-json\/wp\/v2\/comments?post=29450"}],"version-history":[{"count":1,"href":"https:\/\/sulsc.com\/index.php\/wp-json\/wp\/v2\/posts\/29450\/revisions"}],"predecessor-version":[{"id":29452,"href":"https:\/\/sulsc.com\/index.php\/wp-json\/wp\/v2\/posts\/29450\/revisions\/29452"}],"wp:featuredmedia":[{"embeddable":true,"href":"https:\/\/sulsc.com\/index.php\/wp-json\/wp\/v2\/media\/16524"}],"wp:attachment":[{"href":"https:\/\/sulsc.com\/index.php\/wp-json\/wp\/v2\/media?parent=29450"}],"wp:term":[{"taxonomy":"category","embeddable":true,"href":"https:\/\/sulsc.com\/index.php\/wp-json\/wp\/v2\/categories?post=29450"},{"taxonomy":"post_tag","embeddable":true,"href":"https:\/\/sulsc.com\/index.php\/wp-json\/wp\/v2\/tags?post=29450"}],"curies":[{"name":"wp","href":"https:\/\/api.w.org\/{rel}","templated":true}]}}