{"id":29482,"date":"2025-11-10T18:00:14","date_gmt":"2025-11-10T21:00:14","guid":{"rendered":"https:\/\/sulsc.com\/?p=29482"},"modified":"2025-11-10T16:22:08","modified_gmt":"2025-11-10T19:22:08","slug":"colisao-entre-dois-automoveis-deixa-uma-pessoa-ferida-em-urussanga","status":"publish","type":"post","link":"https:\/\/sulsc.com\/index.php\/2025\/11\/10\/colisao-entre-dois-automoveis-deixa-uma-pessoa-ferida-em-urussanga\/","title":{"rendered":"Colis\u00e3o entre dois autom\u00f3veis deixa uma pessoa ferida, em Urussanga"},"content":{"rendered":"<p>Um acidente de tr\u00e2nsito foi registrado na manh\u00e3 desta segunda-feira (10), na localidade de Rio Maior, em Urussanga. O Corpo de Bombeiros Militar do munic\u00edpio foi acionado por volta das 10h15, via Central de Opera\u00e7\u00f5es Bombeiro Militar (Cobom) para atender a ocorr\u00eancia na Rodovia SC-108.<\/p>\n<p>Chegando no local, foi confirmada a colis\u00e3o envolvendo dois autom\u00f3veis. Foi atendido o condutor do ve\u00edculo Volkswagem Gol, um homem de 30 anos. Ele foi encontrado sentado na posi\u00e7\u00e3o de condutor, consciente, orientado, com sinais vitais normais, apresentando ferimento corto contuso na regi\u00e3o frontal esquerda do cr\u00e2nio, j\u00e1 em hem\u00f3stase, ou seja, processo de coagula\u00e7\u00e3o que interrompe o sangramento.<\/p>\n<div id=\"metaslider-id-25573\" style=\"width: 100%;\" class=\"ml-slider-3-99-0 metaslider metaslider-flex metaslider-25573 ml-slider has-onhover-arrows ms-theme-default-base has-dots-nav\" role=\"region\" aria-label=\"Meio\" data-width=\"1200\">\n    <div id=\"metaslider_container_25573\">\n        <div id=\"metaslider_25573\">\n            <ul class='slides'>\n                <li style=\"display: block; width: 100%;\" class=\"slide-25684 ms-image \" aria-roledescription=\"slide\" data-date=\"2025-07-24 07:55:40\"><img src=\"https:\/\/sulsc.com\/wp-content\/uploads\/2025\/07\/Marr-2-1000x166.jpg\" height=\"200\" width=\"1200\" alt=\"\" class=\"slider-25573 slide-25684 msDefaultImage\" title=\"Marr 2\" \/><\/li>\n                <li style=\"display: none; width: 100%;\" class=\"slide-32412 ms-image \" aria-roledescription=\"slide\" data-date=\"2026-02-18 13:59:46\"><img src=\"https:\/\/sulsc.com\/wp-content\/uploads\/2026\/02\/40dc1580-cad5-4867-bc58-c4243821ad38-1000x166.jpeg\" height=\"200\" width=\"1200\" alt=\"\" class=\"slider-25573 slide-32412 msDefaultImage\" title=\"40dc1580-cad5-4867-bc58-c4243821ad38\" \/><\/li>\n                <li style=\"display: none; width: 100%;\" class=\"slide-32766 ms-image \" aria-roledescription=\"slide\" data-date=\"2026-03-03 17:22:59\"><img src=\"https:\/\/sulsc.com\/wp-content\/uploads\/2026\/03\/271ce739-f268-41c5-8051-3de1a1750359-1000x166.jpeg\" height=\"200\" width=\"1200\" alt=\"\" class=\"slider-25573 slide-32766 msDefaultImage\" title=\"271ce739-f268-41c5-8051-3de1a1750359\" \/><\/li>\n            <\/ul>\n        <\/div>\n        \n    <\/div>\n<\/div>\n<p>Vale ressaltar que a v\u00edtima n\u00e3o tinha outras queixas ou ferimentos aparentes. Ap\u00f3s procedimentos, o homem foi conduzido ao Hospital Nossa Senhora da Concei\u00e7\u00e3o de Urussanga. O condutor do ve\u00edculo FIAT Palio nada sofreu. A Pol\u00edcia Militar Rodovi\u00e1ria foi acionada e prestou aux\u00edlio no local.<\/p>\n<p><img fetchpriority=\"high\" decoding=\"async\" class=\"alignnone size-full wp-image-29483\" src=\"http:\/\/sulsc.com\/wp-content\/uploads\/2025\/11\/Imagem-do-WhatsApp-de-2025-11-10-as-12.01.01_63c9e021.jpg\" alt=\"\" width=\"1600\" height=\"1200\" srcset=\"https:\/\/sulsc.com\/wp-content\/uploads\/2025\/11\/Imagem-do-WhatsApp-de-2025-11-10-as-12.01.01_63c9e021.jpg 1600w, https:\/\/sulsc.com\/wp-content\/uploads\/2025\/11\/Imagem-do-WhatsApp-de-2025-11-10-as-12.01.01_63c9e021-300x225.jpg 300w, https:\/\/sulsc.com\/wp-content\/uploads\/2025\/11\/Imagem-do-WhatsApp-de-2025-11-10-as-12.01.01_63c9e021-1024x768.jpg 1024w, https:\/\/sulsc.com\/wp-content\/uploads\/2025\/11\/Imagem-do-WhatsApp-de-2025-11-10-as-12.01.01_63c9e021-768x576.jpg 768w, https:\/\/sulsc.com\/wp-content\/uploads\/2025\/11\/Imagem-do-WhatsApp-de-2025-11-10-as-12.01.01_63c9e021-1536x1152.jpg 1536w\" sizes=\"(max-width: 1600px) 100vw, 1600px\" \/><\/p>\n","protected":false},"excerpt":{"rendered":"<p>Um acidente de tr\u00e2nsito foi registrado na manh\u00e3 desta segunda-feira (10), na localidade de Rio Maior, em Urussanga. O Corpo de Bombeiros Militar do munic\u00edpio foi acionado por volta das 10h15, via Central de Opera\u00e7\u00f5es Bombeiro Militar (Cobom) para atender a ocorr\u00eancia na Rodovia SC-108. Chegando no local, foi confirmada a colis\u00e3o envolvendo dois autom\u00f3veis. &hellip;<\/p>\n<p class=\"read-more\"> <a class=\"\" href=\"https:\/\/sulsc.com\/index.php\/2025\/11\/10\/colisao-entre-dois-automoveis-deixa-uma-pessoa-ferida-em-urussanga\/\"> <span class=\"screen-reader-text\">Colis\u00e3o entre dois autom\u00f3veis deixa uma pessoa ferida, em Urussanga<\/span> Read More &raquo;<\/a><\/p>\n","protected":false},"author":3,"featured_media":29483,"comment_status":"open","ping_status":"open","sticky":false,"template":"","format":"standard","meta":{"site-sidebar-layout":"default","site-content-layout":"","ast-site-content-layout":"default","site-content-style":"default","site-sidebar-style":"default","ast-global-header-display":"","ast-banner-title-visibility":"","ast-main-header-display":"","ast-hfb-above-header-display":"","ast-hfb-below-header-display":"","ast-hfb-mobile-header-display":"","site-post-title":"","ast-breadcrumbs-content":"","ast-featured-img":"","footer-sml-layout":"","theme-transparent-header-meta":"default","adv-header-id-meta":"","stick-header-meta":"","header-above-stick-meta":"","header-main-stick-meta":"","header-below-stick-meta":"","astra-migrate-meta-layouts":"set","footnotes":""},"categories":[8,12],"tags":[2691,680,2139],"yoast_head":"<!-- This site is optimized with the Yoast SEO plugin v21.4 - https:\/\/yoast.com\/wordpress\/plugins\/seo\/ -->\n<title>Colis\u00e3o entre dois autom\u00f3veis deixa uma pessoa ferida, em Urussanga -<\/title>\n<meta name=\"robots\" content=\"index, follow, max-snippet:-1, max-image-preview:large, max-video-preview:-1\" \/>\n<link rel=\"canonical\" href=\"https:\/\/sulsc.com\/index.php\/2025\/11\/10\/colisao-entre-dois-automoveis-deixa-uma-pessoa-ferida-em-urussanga\/\" \/>\n<meta property=\"og:locale\" content=\"en_US\" \/>\n<meta property=\"og:type\" content=\"article\" \/>\n<meta property=\"og:title\" content=\"Colis\u00e3o entre dois autom\u00f3veis deixa uma pessoa ferida, em Urussanga -\" \/>\n<meta property=\"og:description\" content=\"Um acidente de tr\u00e2nsito foi registrado na manh\u00e3 desta segunda-feira (10), na localidade de Rio Maior, em Urussanga. O Corpo de Bombeiros Militar do munic\u00edpio foi acionado por volta das 10h15, via Central de Opera\u00e7\u00f5es Bombeiro Militar (Cobom) para atender a ocorr\u00eancia na Rodovia SC-108. Chegando no local, foi confirmada a colis\u00e3o envolvendo dois autom\u00f3veis. &hellip; Colis\u00e3o entre dois autom\u00f3veis deixa uma pessoa ferida, em Urussanga Read More &raquo;\" \/>\n<meta property=\"og:url\" content=\"https:\/\/sulsc.com\/index.php\/2025\/11\/10\/colisao-entre-dois-automoveis-deixa-uma-pessoa-ferida-em-urussanga\/\" \/>\n<meta property=\"article:author\" content=\"https:\/\/www.facebook.com\/profile.php?id=61559278119680\" \/>\n<meta property=\"article:published_time\" content=\"2025-11-10T21:00:14+00:00\" \/>\n<meta property=\"article:modified_time\" content=\"2025-11-10T19:22:08+00:00\" \/>\n<meta property=\"og:image\" content=\"https:\/\/sulsc.com\/wp-content\/uploads\/2025\/11\/Imagem-do-WhatsApp-de-2025-11-10-as-12.01.01_63c9e021.jpg\" \/>\n\t<meta property=\"og:image:width\" content=\"1600\" \/>\n\t<meta property=\"og:image:height\" content=\"1200\" \/>\n\t<meta property=\"og:image:type\" content=\"image\/jpeg\" \/>\n<meta name=\"author\" content=\"Reda\u00e7\u00e3o Sul SC\" \/>\n<meta name=\"twitter:card\" content=\"summary_large_image\" \/>\n<meta name=\"twitter:creator\" content=\"@https:\/\/twitter.com\/PortalSulSC\" \/>\n<meta name=\"twitter:label1\" content=\"Written by\" \/>\n\t<meta name=\"twitter:data1\" content=\"Reda\u00e7\u00e3o Sul SC\" \/>\n\t<meta name=\"twitter:label2\" content=\"Est. reading time\" \/>\n\t<meta name=\"twitter:data2\" content=\"1 minute\" \/>\n<script type=\"application\/ld+json\" class=\"yoast-schema-graph\">{\"@context\":\"https:\/\/schema.org\",\"@graph\":[{\"@type\":\"WebPage\",\"@id\":\"https:\/\/sulsc.com\/index.php\/2025\/11\/10\/colisao-entre-dois-automoveis-deixa-uma-pessoa-ferida-em-urussanga\/\",\"url\":\"https:\/\/sulsc.com\/index.php\/2025\/11\/10\/colisao-entre-dois-automoveis-deixa-uma-pessoa-ferida-em-urussanga\/\",\"name\":\"Colis\u00e3o entre dois autom\u00f3veis deixa uma pessoa ferida, em Urussanga -\",\"isPartOf\":{\"@id\":\"https:\/\/sulsc.com\/#website\"},\"datePublished\":\"2025-11-10T21:00:14+00:00\",\"dateModified\":\"2025-11-10T19:22:08+00:00\",\"author\":{\"@id\":\"https:\/\/sulsc.com\/#\/schema\/person\/84d2fc571684f6248ba83092f07750a3\"},\"breadcrumb\":{\"@id\":\"https:\/\/sulsc.com\/index.php\/2025\/11\/10\/colisao-entre-dois-automoveis-deixa-uma-pessoa-ferida-em-urussanga\/#breadcrumb\"},\"inLanguage\":\"en-US\",\"potentialAction\":[{\"@type\":\"ReadAction\",\"target\":[\"https:\/\/sulsc.com\/index.php\/2025\/11\/10\/colisao-entre-dois-automoveis-deixa-uma-pessoa-ferida-em-urussanga\/\"]}]},{\"@type\":\"BreadcrumbList\",\"@id\":\"https:\/\/sulsc.com\/index.php\/2025\/11\/10\/colisao-entre-dois-automoveis-deixa-uma-pessoa-ferida-em-urussanga\/#breadcrumb\",\"itemListElement\":[{\"@type\":\"ListItem\",\"position\":1,\"name\":\"In\u00edcio\",\"item\":\"https:\/\/sulsc.com\/\"},{\"@type\":\"ListItem\",\"position\":2,\"name\":\"Colis\u00e3o entre dois autom\u00f3veis deixa uma pessoa ferida, em Urussanga\"}]},{\"@type\":\"WebSite\",\"@id\":\"https:\/\/sulsc.com\/#website\",\"url\":\"https:\/\/sulsc.com\/\",\"name\":\"\",\"description\":\"\",\"potentialAction\":[{\"@type\":\"SearchAction\",\"target\":{\"@type\":\"EntryPoint\",\"urlTemplate\":\"https:\/\/sulsc.com\/?s={search_term_string}\"},\"query-input\":\"required name=search_term_string\"}],\"inLanguage\":\"en-US\"},{\"@type\":\"Person\",\"@id\":\"https:\/\/sulsc.com\/#\/schema\/person\/84d2fc571684f6248ba83092f07750a3\",\"name\":\"Reda\u00e7\u00e3o Sul SC\",\"image\":{\"@type\":\"ImageObject\",\"inLanguage\":\"en-US\",\"@id\":\"https:\/\/sulsc.com\/#\/schema\/person\/image\/e08d7fe2cc4ed596372063bbe852b8d0\",\"url\":\"https:\/\/sulsc.com\/wp-content\/uploads\/2023\/09\/redacao.png\",\"contentUrl\":\"https:\/\/sulsc.com\/wp-content\/uploads\/2023\/09\/redacao.png\",\"caption\":\"Reda\u00e7\u00e3o Sul SC\"},\"description\":\"Foco em um jornalismo imparcial, voltado \u00e0 qualidade dos seus conte\u00fados e, assim, levar informa\u00e7\u00e3o de valor que agregue \u00e0 vida dos leitores. Esta \u00e9 grande miss\u00e3o do Portal de Not\u00edcias Sul SC. N\u00e3o \u00e9 quantidade que muda o mundo, sempre foi e seguir\u00e1 sendo qualidade!\",\"sameAs\":[\"https:\/\/sulsc.com\/\",\"https:\/\/www.facebook.com\/profile.php?id=61559278119680\",\"https:\/\/www.instagram.com\/sulscportal\/?hl=pt-br\",\"https:\/\/twitter.com\/https:\/\/twitter.com\/PortalSulSC\",\"https:\/\/www.youtube.com\/channel\/UCv_BE8GeySluDov2n8qhVmw\"],\"url\":\"https:\/\/sulsc.com\/index.php\/author\/redacao\/\"}]}<\/script>\n<!-- \/ Yoast SEO plugin. -->","yoast_head_json":{"title":"Colis\u00e3o entre dois autom\u00f3veis deixa uma pessoa ferida, em Urussanga -","robots":{"index":"index","follow":"follow","max-snippet":"max-snippet:-1","max-image-preview":"max-image-preview:large","max-video-preview":"max-video-preview:-1"},"canonical":"https:\/\/sulsc.com\/index.php\/2025\/11\/10\/colisao-entre-dois-automoveis-deixa-uma-pessoa-ferida-em-urussanga\/","og_locale":"en_US","og_type":"article","og_title":"Colis\u00e3o entre dois autom\u00f3veis deixa uma pessoa ferida, em Urussanga -","og_description":"Um acidente de tr\u00e2nsito foi registrado na manh\u00e3 desta segunda-feira (10), na localidade de Rio Maior, em Urussanga. O Corpo de Bombeiros Militar do munic\u00edpio foi acionado por volta das 10h15, via Central de Opera\u00e7\u00f5es Bombeiro Militar (Cobom) para atender a ocorr\u00eancia na Rodovia SC-108. Chegando no local, foi confirmada a colis\u00e3o envolvendo dois autom\u00f3veis. &hellip; Colis\u00e3o entre dois autom\u00f3veis deixa uma pessoa ferida, em Urussanga Read More &raquo;","og_url":"https:\/\/sulsc.com\/index.php\/2025\/11\/10\/colisao-entre-dois-automoveis-deixa-uma-pessoa-ferida-em-urussanga\/","article_author":"https:\/\/www.facebook.com\/profile.php?id=61559278119680","article_published_time":"2025-11-10T21:00:14+00:00","article_modified_time":"2025-11-10T19:22:08+00:00","og_image":[{"width":1600,"height":1200,"url":"https:\/\/sulsc.com\/wp-content\/uploads\/2025\/11\/Imagem-do-WhatsApp-de-2025-11-10-as-12.01.01_63c9e021.jpg","type":"image\/jpeg"}],"author":"Reda\u00e7\u00e3o Sul SC","twitter_card":"summary_large_image","twitter_creator":"@https:\/\/twitter.com\/PortalSulSC","twitter_misc":{"Written by":"Reda\u00e7\u00e3o Sul SC","Est. reading time":"1 minute"},"schema":{"@context":"https:\/\/schema.org","@graph":[{"@type":"WebPage","@id":"https:\/\/sulsc.com\/index.php\/2025\/11\/10\/colisao-entre-dois-automoveis-deixa-uma-pessoa-ferida-em-urussanga\/","url":"https:\/\/sulsc.com\/index.php\/2025\/11\/10\/colisao-entre-dois-automoveis-deixa-uma-pessoa-ferida-em-urussanga\/","name":"Colis\u00e3o entre dois autom\u00f3veis deixa uma pessoa ferida, em Urussanga -","isPartOf":{"@id":"https:\/\/sulsc.com\/#website"},"datePublished":"2025-11-10T21:00:14+00:00","dateModified":"2025-11-10T19:22:08+00:00","author":{"@id":"https:\/\/sulsc.com\/#\/schema\/person\/84d2fc571684f6248ba83092f07750a3"},"breadcrumb":{"@id":"https:\/\/sulsc.com\/index.php\/2025\/11\/10\/colisao-entre-dois-automoveis-deixa-uma-pessoa-ferida-em-urussanga\/#breadcrumb"},"inLanguage":"en-US","potentialAction":[{"@type":"ReadAction","target":["https:\/\/sulsc.com\/index.php\/2025\/11\/10\/colisao-entre-dois-automoveis-deixa-uma-pessoa-ferida-em-urussanga\/"]}]},{"@type":"BreadcrumbList","@id":"https:\/\/sulsc.com\/index.php\/2025\/11\/10\/colisao-entre-dois-automoveis-deixa-uma-pessoa-ferida-em-urussanga\/#breadcrumb","itemListElement":[{"@type":"ListItem","position":1,"name":"In\u00edcio","item":"https:\/\/sulsc.com\/"},{"@type":"ListItem","position":2,"name":"Colis\u00e3o entre dois autom\u00f3veis deixa uma pessoa ferida, em Urussanga"}]},{"@type":"WebSite","@id":"https:\/\/sulsc.com\/#website","url":"https:\/\/sulsc.com\/","name":"","description":"","potentialAction":[{"@type":"SearchAction","target":{"@type":"EntryPoint","urlTemplate":"https:\/\/sulsc.com\/?s={search_term_string}"},"query-input":"required name=search_term_string"}],"inLanguage":"en-US"},{"@type":"Person","@id":"https:\/\/sulsc.com\/#\/schema\/person\/84d2fc571684f6248ba83092f07750a3","name":"Reda\u00e7\u00e3o Sul SC","image":{"@type":"ImageObject","inLanguage":"en-US","@id":"https:\/\/sulsc.com\/#\/schema\/person\/image\/e08d7fe2cc4ed596372063bbe852b8d0","url":"https:\/\/sulsc.com\/wp-content\/uploads\/2023\/09\/redacao.png","contentUrl":"https:\/\/sulsc.com\/wp-content\/uploads\/2023\/09\/redacao.png","caption":"Reda\u00e7\u00e3o Sul SC"},"description":"Foco em um jornalismo imparcial, voltado \u00e0 qualidade dos seus conte\u00fados e, assim, levar informa\u00e7\u00e3o de valor que agregue \u00e0 vida dos leitores. Esta \u00e9 grande miss\u00e3o do Portal de Not\u00edcias Sul SC. N\u00e3o \u00e9 quantidade que muda o mundo, sempre foi e seguir\u00e1 sendo qualidade!","sameAs":["https:\/\/sulsc.com\/","https:\/\/www.facebook.com\/profile.php?id=61559278119680","https:\/\/www.instagram.com\/sulscportal\/?hl=pt-br","https:\/\/twitter.com\/https:\/\/twitter.com\/PortalSulSC","https:\/\/www.youtube.com\/channel\/UCv_BE8GeySluDov2n8qhVmw"],"url":"https:\/\/sulsc.com\/index.php\/author\/redacao\/"}]}},"authors":[],"_links":{"self":[{"href":"https:\/\/sulsc.com\/index.php\/wp-json\/wp\/v2\/posts\/29482"}],"collection":[{"href":"https:\/\/sulsc.com\/index.php\/wp-json\/wp\/v2\/posts"}],"about":[{"href":"https:\/\/sulsc.com\/index.php\/wp-json\/wp\/v2\/types\/post"}],"author":[{"embeddable":true,"href":"https:\/\/sulsc.com\/index.php\/wp-json\/wp\/v2\/users\/3"}],"replies":[{"embeddable":true,"href":"https:\/\/sulsc.com\/index.php\/wp-json\/wp\/v2\/comments?post=29482"}],"version-history":[{"count":1,"href":"https:\/\/sulsc.com\/index.php\/wp-json\/wp\/v2\/posts\/29482\/revisions"}],"predecessor-version":[{"id":29484,"href":"https:\/\/sulsc.com\/index.php\/wp-json\/wp\/v2\/posts\/29482\/revisions\/29484"}],"wp:featuredmedia":[{"embeddable":true,"href":"https:\/\/sulsc.com\/index.php\/wp-json\/wp\/v2\/media\/29483"}],"wp:attachment":[{"href":"https:\/\/sulsc.com\/index.php\/wp-json\/wp\/v2\/media?parent=29482"}],"wp:term":[{"taxonomy":"category","embeddable":true,"href":"https:\/\/sulsc.com\/index.php\/wp-json\/wp\/v2\/categories?post=29482"},{"taxonomy":"post_tag","embeddable":true,"href":"https:\/\/sulsc.com\/index.php\/wp-json\/wp\/v2\/tags?post=29482"}],"curies":[{"name":"wp","href":"https:\/\/api.w.org\/{rel}","templated":true}]}}