{"id":2955,"date":"2023-10-27T07:30:01","date_gmt":"2023-10-27T10:30:01","guid":{"rendered":"https:\/\/sulsc.com\/?p=2955"},"modified":"2023-10-27T06:20:37","modified_gmt":"2023-10-27T09:20:37","slug":"sexta-feira-27-com-tempo-firme-em-sc","status":"publish","type":"post","link":"https:\/\/sulsc.com\/index.php\/2023\/10\/27\/sexta-feira-27-com-tempo-firme-em-sc\/","title":{"rendered":"Sexta-feira (27) com tempo firme em SC"},"content":{"rendered":"<p>A madrugada desta sexta (27) seguiu com tempo firme e varia\u00e7\u00e3o de nuvens nas \u00faltimas horas. Os ventos sopram com intensidade fraca a moderada, sem dire\u00e7\u00e3o definida. No momento, s\u00e3o observados temporais nas regi\u00f5es entre o Paraguai e norte de Argentina, a tend\u00eancia \u00e9 que este sistema avance no decorrer das pr\u00f3ximas horas, podendo atingir o Grande Oeste do estado.<\/p>\n<p>A imagem do sat\u00e9lite GOES-16 mostra nuvens de tempestades no Paraguai, com as cores amarelo, vermelho e preto indicando nuvens mais profundas. As cores verde e azuis indicam nebulosidade e muitas vezes aparece apenas chuva fraca.<\/p>\n<p><img fetchpriority=\"high\" decoding=\"async\" class=\"alignnone size-full wp-image-2956\" src=\"http:\/\/sulsc.com\/wp-content\/uploads\/2023\/10\/Capturar-37.png\" alt=\"\" width=\"587\" height=\"602\" srcset=\"https:\/\/sulsc.com\/wp-content\/uploads\/2023\/10\/Capturar-37.png 587w, https:\/\/sulsc.com\/wp-content\/uploads\/2023\/10\/Capturar-37-293x300.png 293w\" sizes=\"(max-width: 587px) 100vw, 587px\" \/><\/p>\n<p>Fonte: Defesa Civil<\/p>\n","protected":false},"excerpt":{"rendered":"<p>A madrugada desta sexta (27) seguiu com tempo firme e varia\u00e7\u00e3o de nuvens nas \u00faltimas horas. Os ventos sopram com intensidade fraca a moderada, sem dire\u00e7\u00e3o definida. No momento, s\u00e3o observados temporais nas regi\u00f5es entre o Paraguai e norte de Argentina, a tend\u00eancia \u00e9 que este sistema avance no decorrer das pr\u00f3ximas horas, podendo atingir &hellip;<\/p>\n<p class=\"read-more\"> <a class=\"\" href=\"https:\/\/sulsc.com\/index.php\/2023\/10\/27\/sexta-feira-27-com-tempo-firme-em-sc\/\"> <span class=\"screen-reader-text\">Sexta-feira (27) com tempo firme em SC<\/span> Read More &raquo;<\/a><\/p>\n","protected":false},"author":3,"featured_media":2957,"comment_status":"open","ping_status":"open","sticky":false,"template":"","format":"standard","meta":{"site-sidebar-layout":"default","site-content-layout":"","ast-site-content-layout":"default","site-content-style":"default","site-sidebar-style":"default","ast-global-header-display":"","ast-banner-title-visibility":"","ast-main-header-display":"","ast-hfb-above-header-display":"","ast-hfb-below-header-display":"","ast-hfb-mobile-header-display":"","site-post-title":"","ast-breadcrumbs-content":"","ast-featured-img":"","footer-sml-layout":"","theme-transparent-header-meta":"default","adv-header-id-meta":"","stick-header-meta":"","header-above-stick-meta":"","header-main-stick-meta":"","header-below-stick-meta":"","astra-migrate-meta-layouts":"set","footnotes":""},"categories":[1,38],"tags":[],"yoast_head":"<!-- This site is optimized with the Yoast SEO plugin v21.4 - https:\/\/yoast.com\/wordpress\/plugins\/seo\/ -->\n<title>Sexta-feira (27) com tempo firme em SC -<\/title>\n<meta name=\"robots\" content=\"index, follow, max-snippet:-1, max-image-preview:large, max-video-preview:-1\" \/>\n<link rel=\"canonical\" href=\"https:\/\/sulsc.com\/index.php\/2023\/10\/27\/sexta-feira-27-com-tempo-firme-em-sc\/\" \/>\n<meta property=\"og:locale\" content=\"en_US\" \/>\n<meta property=\"og:type\" content=\"article\" \/>\n<meta property=\"og:title\" content=\"Sexta-feira (27) com tempo firme em SC -\" \/>\n<meta property=\"og:description\" content=\"A madrugada desta sexta (27) seguiu com tempo firme e varia\u00e7\u00e3o de nuvens nas \u00faltimas horas. Os ventos sopram com intensidade fraca a moderada, sem dire\u00e7\u00e3o definida. No momento, s\u00e3o observados temporais nas regi\u00f5es entre o Paraguai e norte de Argentina, a tend\u00eancia \u00e9 que este sistema avance no decorrer das pr\u00f3ximas horas, podendo atingir &hellip; Sexta-feira (27) com tempo firme em SC Read More &raquo;\" \/>\n<meta property=\"og:url\" content=\"https:\/\/sulsc.com\/index.php\/2023\/10\/27\/sexta-feira-27-com-tempo-firme-em-sc\/\" \/>\n<meta property=\"article:author\" content=\"https:\/\/www.facebook.com\/profile.php?id=61559278119680\" \/>\n<meta property=\"article:published_time\" content=\"2023-10-27T10:30:01+00:00\" \/>\n<meta property=\"article:modified_time\" content=\"2023-10-27T09:20:37+00:00\" \/>\n<meta property=\"og:image\" content=\"https:\/\/sulsc.com\/wp-content\/uploads\/2023\/10\/ceu-com-poucas-nuvens-scaled.jpg\" \/>\n\t<meta property=\"og:image:width\" content=\"2560\" \/>\n\t<meta property=\"og:image:height\" content=\"1709\" \/>\n\t<meta property=\"og:image:type\" content=\"image\/jpeg\" \/>\n<meta name=\"author\" content=\"Reda\u00e7\u00e3o Sul SC\" \/>\n<meta name=\"twitter:card\" content=\"summary_large_image\" \/>\n<meta name=\"twitter:creator\" content=\"@https:\/\/twitter.com\/PortalSulSC\" \/>\n<meta name=\"twitter:label1\" content=\"Written by\" \/>\n\t<meta name=\"twitter:data1\" content=\"Reda\u00e7\u00e3o Sul SC\" \/>\n\t<meta name=\"twitter:label2\" content=\"Est. reading time\" \/>\n\t<meta name=\"twitter:data2\" content=\"1 minute\" \/>\n<script type=\"application\/ld+json\" class=\"yoast-schema-graph\">{\"@context\":\"https:\/\/schema.org\",\"@graph\":[{\"@type\":\"WebPage\",\"@id\":\"https:\/\/sulsc.com\/index.php\/2023\/10\/27\/sexta-feira-27-com-tempo-firme-em-sc\/\",\"url\":\"https:\/\/sulsc.com\/index.php\/2023\/10\/27\/sexta-feira-27-com-tempo-firme-em-sc\/\",\"name\":\"Sexta-feira (27) com tempo firme em SC -\",\"isPartOf\":{\"@id\":\"https:\/\/sulsc.com\/#website\"},\"datePublished\":\"2023-10-27T10:30:01+00:00\",\"dateModified\":\"2023-10-27T09:20:37+00:00\",\"author\":{\"@id\":\"https:\/\/sulsc.com\/#\/schema\/person\/84d2fc571684f6248ba83092f07750a3\"},\"breadcrumb\":{\"@id\":\"https:\/\/sulsc.com\/index.php\/2023\/10\/27\/sexta-feira-27-com-tempo-firme-em-sc\/#breadcrumb\"},\"inLanguage\":\"en-US\",\"potentialAction\":[{\"@type\":\"ReadAction\",\"target\":[\"https:\/\/sulsc.com\/index.php\/2023\/10\/27\/sexta-feira-27-com-tempo-firme-em-sc\/\"]}]},{\"@type\":\"BreadcrumbList\",\"@id\":\"https:\/\/sulsc.com\/index.php\/2023\/10\/27\/sexta-feira-27-com-tempo-firme-em-sc\/#breadcrumb\",\"itemListElement\":[{\"@type\":\"ListItem\",\"position\":1,\"name\":\"In\u00edcio\",\"item\":\"https:\/\/sulsc.com\/\"},{\"@type\":\"ListItem\",\"position\":2,\"name\":\"Sexta-feira (27) com tempo firme em SC\"}]},{\"@type\":\"WebSite\",\"@id\":\"https:\/\/sulsc.com\/#website\",\"url\":\"https:\/\/sulsc.com\/\",\"name\":\"\",\"description\":\"\",\"potentialAction\":[{\"@type\":\"SearchAction\",\"target\":{\"@type\":\"EntryPoint\",\"urlTemplate\":\"https:\/\/sulsc.com\/?s={search_term_string}\"},\"query-input\":\"required name=search_term_string\"}],\"inLanguage\":\"en-US\"},{\"@type\":\"Person\",\"@id\":\"https:\/\/sulsc.com\/#\/schema\/person\/84d2fc571684f6248ba83092f07750a3\",\"name\":\"Reda\u00e7\u00e3o Sul SC\",\"image\":{\"@type\":\"ImageObject\",\"inLanguage\":\"en-US\",\"@id\":\"https:\/\/sulsc.com\/#\/schema\/person\/image\/e08d7fe2cc4ed596372063bbe852b8d0\",\"url\":\"https:\/\/sulsc.com\/wp-content\/uploads\/2023\/09\/redacao.png\",\"contentUrl\":\"https:\/\/sulsc.com\/wp-content\/uploads\/2023\/09\/redacao.png\",\"caption\":\"Reda\u00e7\u00e3o Sul SC\"},\"description\":\"Foco em um jornalismo imparcial, voltado \u00e0 qualidade dos seus conte\u00fados e, assim, levar informa\u00e7\u00e3o de valor que agregue \u00e0 vida dos leitores. Esta \u00e9 grande miss\u00e3o do Portal de Not\u00edcias Sul SC. N\u00e3o \u00e9 quantidade que muda o mundo, sempre foi e seguir\u00e1 sendo qualidade!\",\"sameAs\":[\"https:\/\/sulsc.com\/\",\"https:\/\/www.facebook.com\/profile.php?id=61559278119680\",\"https:\/\/www.instagram.com\/sulscportal\/?hl=pt-br\",\"https:\/\/twitter.com\/https:\/\/twitter.com\/PortalSulSC\",\"https:\/\/www.youtube.com\/channel\/UCv_BE8GeySluDov2n8qhVmw\"],\"url\":\"https:\/\/sulsc.com\/index.php\/author\/redacao\/\"}]}<\/script>\n<!-- \/ Yoast SEO plugin. -->","yoast_head_json":{"title":"Sexta-feira (27) com tempo firme em SC -","robots":{"index":"index","follow":"follow","max-snippet":"max-snippet:-1","max-image-preview":"max-image-preview:large","max-video-preview":"max-video-preview:-1"},"canonical":"https:\/\/sulsc.com\/index.php\/2023\/10\/27\/sexta-feira-27-com-tempo-firme-em-sc\/","og_locale":"en_US","og_type":"article","og_title":"Sexta-feira (27) com tempo firme em SC -","og_description":"A madrugada desta sexta (27) seguiu com tempo firme e varia\u00e7\u00e3o de nuvens nas \u00faltimas horas. Os ventos sopram com intensidade fraca a moderada, sem dire\u00e7\u00e3o definida. No momento, s\u00e3o observados temporais nas regi\u00f5es entre o Paraguai e norte de Argentina, a tend\u00eancia \u00e9 que este sistema avance no decorrer das pr\u00f3ximas horas, podendo atingir &hellip; Sexta-feira (27) com tempo firme em SC Read More &raquo;","og_url":"https:\/\/sulsc.com\/index.php\/2023\/10\/27\/sexta-feira-27-com-tempo-firme-em-sc\/","article_author":"https:\/\/www.facebook.com\/profile.php?id=61559278119680","article_published_time":"2023-10-27T10:30:01+00:00","article_modified_time":"2023-10-27T09:20:37+00:00","og_image":[{"width":2560,"height":1709,"url":"https:\/\/sulsc.com\/wp-content\/uploads\/2023\/10\/ceu-com-poucas-nuvens-scaled.jpg","type":"image\/jpeg"}],"author":"Reda\u00e7\u00e3o Sul SC","twitter_card":"summary_large_image","twitter_creator":"@https:\/\/twitter.com\/PortalSulSC","twitter_misc":{"Written by":"Reda\u00e7\u00e3o Sul SC","Est. reading time":"1 minute"},"schema":{"@context":"https:\/\/schema.org","@graph":[{"@type":"WebPage","@id":"https:\/\/sulsc.com\/index.php\/2023\/10\/27\/sexta-feira-27-com-tempo-firme-em-sc\/","url":"https:\/\/sulsc.com\/index.php\/2023\/10\/27\/sexta-feira-27-com-tempo-firme-em-sc\/","name":"Sexta-feira (27) com tempo firme em SC -","isPartOf":{"@id":"https:\/\/sulsc.com\/#website"},"datePublished":"2023-10-27T10:30:01+00:00","dateModified":"2023-10-27T09:20:37+00:00","author":{"@id":"https:\/\/sulsc.com\/#\/schema\/person\/84d2fc571684f6248ba83092f07750a3"},"breadcrumb":{"@id":"https:\/\/sulsc.com\/index.php\/2023\/10\/27\/sexta-feira-27-com-tempo-firme-em-sc\/#breadcrumb"},"inLanguage":"en-US","potentialAction":[{"@type":"ReadAction","target":["https:\/\/sulsc.com\/index.php\/2023\/10\/27\/sexta-feira-27-com-tempo-firme-em-sc\/"]}]},{"@type":"BreadcrumbList","@id":"https:\/\/sulsc.com\/index.php\/2023\/10\/27\/sexta-feira-27-com-tempo-firme-em-sc\/#breadcrumb","itemListElement":[{"@type":"ListItem","position":1,"name":"In\u00edcio","item":"https:\/\/sulsc.com\/"},{"@type":"ListItem","position":2,"name":"Sexta-feira (27) com tempo firme em SC"}]},{"@type":"WebSite","@id":"https:\/\/sulsc.com\/#website","url":"https:\/\/sulsc.com\/","name":"","description":"","potentialAction":[{"@type":"SearchAction","target":{"@type":"EntryPoint","urlTemplate":"https:\/\/sulsc.com\/?s={search_term_string}"},"query-input":"required name=search_term_string"}],"inLanguage":"en-US"},{"@type":"Person","@id":"https:\/\/sulsc.com\/#\/schema\/person\/84d2fc571684f6248ba83092f07750a3","name":"Reda\u00e7\u00e3o Sul SC","image":{"@type":"ImageObject","inLanguage":"en-US","@id":"https:\/\/sulsc.com\/#\/schema\/person\/image\/e08d7fe2cc4ed596372063bbe852b8d0","url":"https:\/\/sulsc.com\/wp-content\/uploads\/2023\/09\/redacao.png","contentUrl":"https:\/\/sulsc.com\/wp-content\/uploads\/2023\/09\/redacao.png","caption":"Reda\u00e7\u00e3o Sul SC"},"description":"Foco em um jornalismo imparcial, voltado \u00e0 qualidade dos seus conte\u00fados e, assim, levar informa\u00e7\u00e3o de valor que agregue \u00e0 vida dos leitores. Esta \u00e9 grande miss\u00e3o do Portal de Not\u00edcias Sul SC. N\u00e3o \u00e9 quantidade que muda o mundo, sempre foi e seguir\u00e1 sendo qualidade!","sameAs":["https:\/\/sulsc.com\/","https:\/\/www.facebook.com\/profile.php?id=61559278119680","https:\/\/www.instagram.com\/sulscportal\/?hl=pt-br","https:\/\/twitter.com\/https:\/\/twitter.com\/PortalSulSC","https:\/\/www.youtube.com\/channel\/UCv_BE8GeySluDov2n8qhVmw"],"url":"https:\/\/sulsc.com\/index.php\/author\/redacao\/"}]}},"authors":[],"_links":{"self":[{"href":"https:\/\/sulsc.com\/index.php\/wp-json\/wp\/v2\/posts\/2955"}],"collection":[{"href":"https:\/\/sulsc.com\/index.php\/wp-json\/wp\/v2\/posts"}],"about":[{"href":"https:\/\/sulsc.com\/index.php\/wp-json\/wp\/v2\/types\/post"}],"author":[{"embeddable":true,"href":"https:\/\/sulsc.com\/index.php\/wp-json\/wp\/v2\/users\/3"}],"replies":[{"embeddable":true,"href":"https:\/\/sulsc.com\/index.php\/wp-json\/wp\/v2\/comments?post=2955"}],"version-history":[{"count":1,"href":"https:\/\/sulsc.com\/index.php\/wp-json\/wp\/v2\/posts\/2955\/revisions"}],"predecessor-version":[{"id":2958,"href":"https:\/\/sulsc.com\/index.php\/wp-json\/wp\/v2\/posts\/2955\/revisions\/2958"}],"wp:featuredmedia":[{"embeddable":true,"href":"https:\/\/sulsc.com\/index.php\/wp-json\/wp\/v2\/media\/2957"}],"wp:attachment":[{"href":"https:\/\/sulsc.com\/index.php\/wp-json\/wp\/v2\/media?parent=2955"}],"wp:term":[{"taxonomy":"category","embeddable":true,"href":"https:\/\/sulsc.com\/index.php\/wp-json\/wp\/v2\/categories?post=2955"},{"taxonomy":"post_tag","embeddable":true,"href":"https:\/\/sulsc.com\/index.php\/wp-json\/wp\/v2\/tags?post=2955"}],"curies":[{"name":"wp","href":"https:\/\/api.w.org\/{rel}","templated":true}]}}