{"id":29556,"date":"2025-11-12T10:00:55","date_gmt":"2025-11-12T13:00:55","guid":{"rendered":"https:\/\/sulsc.com\/?p=29556"},"modified":"2025-11-12T09:33:35","modified_gmt":"2025-11-12T12:33:35","slug":"homem-e-preso-em-jaguaruna-por-estupro-de-vulneravel","status":"publish","type":"post","link":"https:\/\/sulsc.com\/index.php\/2025\/11\/12\/homem-e-preso-em-jaguaruna-por-estupro-de-vulneravel\/","title":{"rendered":"Homem \u00e9 preso em Jaguaruna por estupro de vulner\u00e1vel"},"content":{"rendered":"<p>Um mandado de pris\u00e3o pelo crime de estupro de vulner\u00e1vel foi cumprido, na manh\u00e3 dessa ter\u00e7a-feira (11), na localidade de Balne\u00e1rio Esplanada, em Jaguaruna. A Pol\u00edcia Militar foi acionada via Centro de Opera\u00e7\u00f5es da Pol\u00edcia Militar (<span style=\"font-size: 16px;\">Copom), por volta das 11h10.<\/span><\/p>\n<p>Na a\u00e7\u00e3o os policiais foram averiguar um homem de 49 anos, que estaria na resid\u00eancia de sua m\u00e3e. A informa\u00e7\u00e3o \u00e9 de que esse homem, estaria com um mandado de pris\u00e3o em seu desfavor, pelo crime de estupro de vulner\u00e1vel. No local, ao passar em frente a resid\u00eancia informada, ao ver a viatura policial, saiu correndo de dentro da resid\u00eancia para os fundos, passando por v\u00e1rios terrenos vazios.<\/p>\n<div id=\"metaslider-id-25573\" style=\"width: 100%;\" class=\"ml-slider-3-99-0 metaslider metaslider-flex metaslider-25573 ml-slider has-onhover-arrows ms-theme-default-base has-dots-nav\" role=\"region\" aria-label=\"Meio\" data-width=\"1200\">\n    <div id=\"metaslider_container_25573\">\n        <div id=\"metaslider_25573\">\n            <ul class='slides'>\n                <li style=\"display: block; width: 100%;\" class=\"slide-25684 ms-image \" aria-roledescription=\"slide\" data-date=\"2025-07-24 07:55:40\"><img src=\"https:\/\/sulsc.com\/wp-content\/uploads\/2025\/07\/Marr-2-1000x166.jpg\" height=\"200\" width=\"1200\" alt=\"\" class=\"slider-25573 slide-25684 msDefaultImage\" title=\"Marr 2\" \/><\/li>\n                <li style=\"display: none; width: 100%;\" class=\"slide-32412 ms-image \" aria-roledescription=\"slide\" data-date=\"2026-02-18 13:59:46\"><img src=\"https:\/\/sulsc.com\/wp-content\/uploads\/2026\/02\/40dc1580-cad5-4867-bc58-c4243821ad38-1000x166.jpeg\" height=\"200\" width=\"1200\" alt=\"\" class=\"slider-25573 slide-32412 msDefaultImage\" title=\"40dc1580-cad5-4867-bc58-c4243821ad38\" \/><\/li>\n                <li style=\"display: none; width: 100%;\" class=\"slide-32766 ms-image \" aria-roledescription=\"slide\" data-date=\"2026-03-03 17:22:59\"><img src=\"https:\/\/sulsc.com\/wp-content\/uploads\/2026\/03\/271ce739-f268-41c5-8051-3de1a1750359-1000x166.jpeg\" height=\"200\" width=\"1200\" alt=\"\" class=\"slider-25573 slide-32766 msDefaultImage\" title=\"271ce739-f268-41c5-8051-3de1a1750359\" \/><\/li>\n            <\/ul>\n        <\/div>\n        \n    <\/div>\n<\/div>\n<p>Os militares fizeram o acompanhamento a p\u00e9 e abordar\u00e3o algumas ruas para tr\u00e1s da resid\u00eancia de onde estava. O criminoso foi informado sobre o Mandado de Pris\u00e3o e foi conduzido at\u00e9 o pres\u00eddio de Tubar\u00e3o.<\/p>\n<p><img fetchpriority=\"high\" decoding=\"async\" class=\"alignnone size-full wp-image-1193\" src=\"http:\/\/sulsc.com\/wp-content\/uploads\/2023\/09\/algemado.jpg\" alt=\"\" width=\"626\" height=\"417\" srcset=\"https:\/\/sulsc.com\/wp-content\/uploads\/2023\/09\/algemado.jpg 626w, https:\/\/sulsc.com\/wp-content\/uploads\/2023\/09\/algemado-300x200.jpg 300w\" sizes=\"(max-width: 626px) 100vw, 626px\" \/><\/p>\n","protected":false},"excerpt":{"rendered":"<p>Um mandado de pris\u00e3o pelo crime de estupro de vulner\u00e1vel foi cumprido, na manh\u00e3 dessa ter\u00e7a-feira (11), na localidade de Balne\u00e1rio Esplanada, em Jaguaruna. A Pol\u00edcia Militar foi acionada via Centro de Opera\u00e7\u00f5es da Pol\u00edcia Militar (Copom), por volta das 11h10. Na a\u00e7\u00e3o os policiais foram averiguar um homem de 49 anos, que estaria na &hellip;<\/p>\n<p class=\"read-more\"> <a class=\"\" href=\"https:\/\/sulsc.com\/index.php\/2025\/11\/12\/homem-e-preso-em-jaguaruna-por-estupro-de-vulneravel\/\"> <span class=\"screen-reader-text\">Homem \u00e9 preso em Jaguaruna por estupro de vulner\u00e1vel<\/span> Read More &raquo;<\/a><\/p>\n","protected":false},"author":3,"featured_media":1193,"comment_status":"open","ping_status":"open","sticky":false,"template":"","format":"standard","meta":{"site-sidebar-layout":"default","site-content-layout":"","ast-site-content-layout":"default","site-content-style":"default","site-sidebar-style":"default","ast-global-header-display":"","ast-banner-title-visibility":"","ast-main-header-display":"","ast-hfb-above-header-display":"","ast-hfb-below-header-display":"","ast-hfb-mobile-header-display":"","site-post-title":"","ast-breadcrumbs-content":"","ast-featured-img":"","footer-sml-layout":"","theme-transparent-header-meta":"default","adv-header-id-meta":"","stick-header-meta":"","header-above-stick-meta":"","header-main-stick-meta":"","header-below-stick-meta":"","astra-migrate-meta-layouts":"set","footnotes":""},"categories":[2105,8,12],"tags":[345],"yoast_head":"<!-- This site is optimized with the Yoast SEO plugin v21.4 - https:\/\/yoast.com\/wordpress\/plugins\/seo\/ -->\n<title>Homem \u00e9 preso em Jaguaruna por estupro de vulner\u00e1vel -<\/title>\n<meta name=\"robots\" content=\"index, follow, max-snippet:-1, max-image-preview:large, max-video-preview:-1\" \/>\n<link rel=\"canonical\" href=\"https:\/\/sulsc.com\/index.php\/2025\/11\/12\/homem-e-preso-em-jaguaruna-por-estupro-de-vulneravel\/\" \/>\n<meta property=\"og:locale\" content=\"en_US\" \/>\n<meta property=\"og:type\" content=\"article\" \/>\n<meta property=\"og:title\" content=\"Homem \u00e9 preso em Jaguaruna por estupro de vulner\u00e1vel -\" \/>\n<meta property=\"og:description\" content=\"Um mandado de pris\u00e3o pelo crime de estupro de vulner\u00e1vel foi cumprido, na manh\u00e3 dessa ter\u00e7a-feira (11), na localidade de Balne\u00e1rio Esplanada, em Jaguaruna. A Pol\u00edcia Militar foi acionada via Centro de Opera\u00e7\u00f5es da Pol\u00edcia Militar (Copom), por volta das 11h10. Na a\u00e7\u00e3o os policiais foram averiguar um homem de 49 anos, que estaria na &hellip; Homem \u00e9 preso em Jaguaruna por estupro de vulner\u00e1vel Read More &raquo;\" \/>\n<meta property=\"og:url\" content=\"https:\/\/sulsc.com\/index.php\/2025\/11\/12\/homem-e-preso-em-jaguaruna-por-estupro-de-vulneravel\/\" \/>\n<meta property=\"article:author\" content=\"https:\/\/www.facebook.com\/profile.php?id=61559278119680\" \/>\n<meta property=\"article:published_time\" content=\"2025-11-12T13:00:55+00:00\" \/>\n<meta property=\"article:modified_time\" content=\"2025-11-12T12:33:35+00:00\" \/>\n<meta property=\"og:image\" content=\"https:\/\/sulsc.com\/wp-content\/uploads\/2023\/09\/algemado.jpg\" \/>\n\t<meta property=\"og:image:width\" content=\"626\" \/>\n\t<meta property=\"og:image:height\" content=\"417\" \/>\n\t<meta property=\"og:image:type\" content=\"image\/jpeg\" \/>\n<meta name=\"author\" content=\"Reda\u00e7\u00e3o Sul SC\" \/>\n<meta name=\"twitter:card\" content=\"summary_large_image\" \/>\n<meta name=\"twitter:creator\" content=\"@https:\/\/twitter.com\/PortalSulSC\" \/>\n<meta name=\"twitter:label1\" content=\"Written by\" \/>\n\t<meta name=\"twitter:data1\" content=\"Reda\u00e7\u00e3o Sul SC\" \/>\n\t<meta name=\"twitter:label2\" content=\"Est. reading time\" \/>\n\t<meta name=\"twitter:data2\" content=\"1 minute\" \/>\n<script type=\"application\/ld+json\" class=\"yoast-schema-graph\">{\"@context\":\"https:\/\/schema.org\",\"@graph\":[{\"@type\":\"WebPage\",\"@id\":\"https:\/\/sulsc.com\/index.php\/2025\/11\/12\/homem-e-preso-em-jaguaruna-por-estupro-de-vulneravel\/\",\"url\":\"https:\/\/sulsc.com\/index.php\/2025\/11\/12\/homem-e-preso-em-jaguaruna-por-estupro-de-vulneravel\/\",\"name\":\"Homem \u00e9 preso em Jaguaruna por estupro de vulner\u00e1vel -\",\"isPartOf\":{\"@id\":\"https:\/\/sulsc.com\/#website\"},\"datePublished\":\"2025-11-12T13:00:55+00:00\",\"dateModified\":\"2025-11-12T12:33:35+00:00\",\"author\":{\"@id\":\"https:\/\/sulsc.com\/#\/schema\/person\/84d2fc571684f6248ba83092f07750a3\"},\"breadcrumb\":{\"@id\":\"https:\/\/sulsc.com\/index.php\/2025\/11\/12\/homem-e-preso-em-jaguaruna-por-estupro-de-vulneravel\/#breadcrumb\"},\"inLanguage\":\"en-US\",\"potentialAction\":[{\"@type\":\"ReadAction\",\"target\":[\"https:\/\/sulsc.com\/index.php\/2025\/11\/12\/homem-e-preso-em-jaguaruna-por-estupro-de-vulneravel\/\"]}]},{\"@type\":\"BreadcrumbList\",\"@id\":\"https:\/\/sulsc.com\/index.php\/2025\/11\/12\/homem-e-preso-em-jaguaruna-por-estupro-de-vulneravel\/#breadcrumb\",\"itemListElement\":[{\"@type\":\"ListItem\",\"position\":1,\"name\":\"In\u00edcio\",\"item\":\"https:\/\/sulsc.com\/\"},{\"@type\":\"ListItem\",\"position\":2,\"name\":\"Homem \u00e9 preso em Jaguaruna por estupro de vulner\u00e1vel\"}]},{\"@type\":\"WebSite\",\"@id\":\"https:\/\/sulsc.com\/#website\",\"url\":\"https:\/\/sulsc.com\/\",\"name\":\"\",\"description\":\"\",\"potentialAction\":[{\"@type\":\"SearchAction\",\"target\":{\"@type\":\"EntryPoint\",\"urlTemplate\":\"https:\/\/sulsc.com\/?s={search_term_string}\"},\"query-input\":\"required name=search_term_string\"}],\"inLanguage\":\"en-US\"},{\"@type\":\"Person\",\"@id\":\"https:\/\/sulsc.com\/#\/schema\/person\/84d2fc571684f6248ba83092f07750a3\",\"name\":\"Reda\u00e7\u00e3o Sul SC\",\"image\":{\"@type\":\"ImageObject\",\"inLanguage\":\"en-US\",\"@id\":\"https:\/\/sulsc.com\/#\/schema\/person\/image\/e08d7fe2cc4ed596372063bbe852b8d0\",\"url\":\"https:\/\/sulsc.com\/wp-content\/uploads\/2023\/09\/redacao.png\",\"contentUrl\":\"https:\/\/sulsc.com\/wp-content\/uploads\/2023\/09\/redacao.png\",\"caption\":\"Reda\u00e7\u00e3o Sul SC\"},\"description\":\"Foco em um jornalismo imparcial, voltado \u00e0 qualidade dos seus conte\u00fados e, assim, levar informa\u00e7\u00e3o de valor que agregue \u00e0 vida dos leitores. Esta \u00e9 grande miss\u00e3o do Portal de Not\u00edcias Sul SC. N\u00e3o \u00e9 quantidade que muda o mundo, sempre foi e seguir\u00e1 sendo qualidade!\",\"sameAs\":[\"https:\/\/sulsc.com\/\",\"https:\/\/www.facebook.com\/profile.php?id=61559278119680\",\"https:\/\/www.instagram.com\/sulscportal\/?hl=pt-br\",\"https:\/\/twitter.com\/https:\/\/twitter.com\/PortalSulSC\",\"https:\/\/www.youtube.com\/channel\/UCv_BE8GeySluDov2n8qhVmw\"],\"url\":\"https:\/\/sulsc.com\/index.php\/author\/redacao\/\"}]}<\/script>\n<!-- \/ Yoast SEO plugin. -->","yoast_head_json":{"title":"Homem \u00e9 preso em Jaguaruna por estupro de vulner\u00e1vel -","robots":{"index":"index","follow":"follow","max-snippet":"max-snippet:-1","max-image-preview":"max-image-preview:large","max-video-preview":"max-video-preview:-1"},"canonical":"https:\/\/sulsc.com\/index.php\/2025\/11\/12\/homem-e-preso-em-jaguaruna-por-estupro-de-vulneravel\/","og_locale":"en_US","og_type":"article","og_title":"Homem \u00e9 preso em Jaguaruna por estupro de vulner\u00e1vel -","og_description":"Um mandado de pris\u00e3o pelo crime de estupro de vulner\u00e1vel foi cumprido, na manh\u00e3 dessa ter\u00e7a-feira (11), na localidade de Balne\u00e1rio Esplanada, em Jaguaruna. A Pol\u00edcia Militar foi acionada via Centro de Opera\u00e7\u00f5es da Pol\u00edcia Militar (Copom), por volta das 11h10. Na a\u00e7\u00e3o os policiais foram averiguar um homem de 49 anos, que estaria na &hellip; Homem \u00e9 preso em Jaguaruna por estupro de vulner\u00e1vel Read More &raquo;","og_url":"https:\/\/sulsc.com\/index.php\/2025\/11\/12\/homem-e-preso-em-jaguaruna-por-estupro-de-vulneravel\/","article_author":"https:\/\/www.facebook.com\/profile.php?id=61559278119680","article_published_time":"2025-11-12T13:00:55+00:00","article_modified_time":"2025-11-12T12:33:35+00:00","og_image":[{"width":626,"height":417,"url":"https:\/\/sulsc.com\/wp-content\/uploads\/2023\/09\/algemado.jpg","type":"image\/jpeg"}],"author":"Reda\u00e7\u00e3o Sul SC","twitter_card":"summary_large_image","twitter_creator":"@https:\/\/twitter.com\/PortalSulSC","twitter_misc":{"Written by":"Reda\u00e7\u00e3o Sul SC","Est. reading time":"1 minute"},"schema":{"@context":"https:\/\/schema.org","@graph":[{"@type":"WebPage","@id":"https:\/\/sulsc.com\/index.php\/2025\/11\/12\/homem-e-preso-em-jaguaruna-por-estupro-de-vulneravel\/","url":"https:\/\/sulsc.com\/index.php\/2025\/11\/12\/homem-e-preso-em-jaguaruna-por-estupro-de-vulneravel\/","name":"Homem \u00e9 preso em Jaguaruna por estupro de vulner\u00e1vel -","isPartOf":{"@id":"https:\/\/sulsc.com\/#website"},"datePublished":"2025-11-12T13:00:55+00:00","dateModified":"2025-11-12T12:33:35+00:00","author":{"@id":"https:\/\/sulsc.com\/#\/schema\/person\/84d2fc571684f6248ba83092f07750a3"},"breadcrumb":{"@id":"https:\/\/sulsc.com\/index.php\/2025\/11\/12\/homem-e-preso-em-jaguaruna-por-estupro-de-vulneravel\/#breadcrumb"},"inLanguage":"en-US","potentialAction":[{"@type":"ReadAction","target":["https:\/\/sulsc.com\/index.php\/2025\/11\/12\/homem-e-preso-em-jaguaruna-por-estupro-de-vulneravel\/"]}]},{"@type":"BreadcrumbList","@id":"https:\/\/sulsc.com\/index.php\/2025\/11\/12\/homem-e-preso-em-jaguaruna-por-estupro-de-vulneravel\/#breadcrumb","itemListElement":[{"@type":"ListItem","position":1,"name":"In\u00edcio","item":"https:\/\/sulsc.com\/"},{"@type":"ListItem","position":2,"name":"Homem \u00e9 preso em Jaguaruna por estupro de vulner\u00e1vel"}]},{"@type":"WebSite","@id":"https:\/\/sulsc.com\/#website","url":"https:\/\/sulsc.com\/","name":"","description":"","potentialAction":[{"@type":"SearchAction","target":{"@type":"EntryPoint","urlTemplate":"https:\/\/sulsc.com\/?s={search_term_string}"},"query-input":"required name=search_term_string"}],"inLanguage":"en-US"},{"@type":"Person","@id":"https:\/\/sulsc.com\/#\/schema\/person\/84d2fc571684f6248ba83092f07750a3","name":"Reda\u00e7\u00e3o Sul SC","image":{"@type":"ImageObject","inLanguage":"en-US","@id":"https:\/\/sulsc.com\/#\/schema\/person\/image\/e08d7fe2cc4ed596372063bbe852b8d0","url":"https:\/\/sulsc.com\/wp-content\/uploads\/2023\/09\/redacao.png","contentUrl":"https:\/\/sulsc.com\/wp-content\/uploads\/2023\/09\/redacao.png","caption":"Reda\u00e7\u00e3o Sul SC"},"description":"Foco em um jornalismo imparcial, voltado \u00e0 qualidade dos seus conte\u00fados e, assim, levar informa\u00e7\u00e3o de valor que agregue \u00e0 vida dos leitores. Esta \u00e9 grande miss\u00e3o do Portal de Not\u00edcias Sul SC. N\u00e3o \u00e9 quantidade que muda o mundo, sempre foi e seguir\u00e1 sendo qualidade!","sameAs":["https:\/\/sulsc.com\/","https:\/\/www.facebook.com\/profile.php?id=61559278119680","https:\/\/www.instagram.com\/sulscportal\/?hl=pt-br","https:\/\/twitter.com\/https:\/\/twitter.com\/PortalSulSC","https:\/\/www.youtube.com\/channel\/UCv_BE8GeySluDov2n8qhVmw"],"url":"https:\/\/sulsc.com\/index.php\/author\/redacao\/"}]}},"authors":[],"_links":{"self":[{"href":"https:\/\/sulsc.com\/index.php\/wp-json\/wp\/v2\/posts\/29556"}],"collection":[{"href":"https:\/\/sulsc.com\/index.php\/wp-json\/wp\/v2\/posts"}],"about":[{"href":"https:\/\/sulsc.com\/index.php\/wp-json\/wp\/v2\/types\/post"}],"author":[{"embeddable":true,"href":"https:\/\/sulsc.com\/index.php\/wp-json\/wp\/v2\/users\/3"}],"replies":[{"embeddable":true,"href":"https:\/\/sulsc.com\/index.php\/wp-json\/wp\/v2\/comments?post=29556"}],"version-history":[{"count":1,"href":"https:\/\/sulsc.com\/index.php\/wp-json\/wp\/v2\/posts\/29556\/revisions"}],"predecessor-version":[{"id":29560,"href":"https:\/\/sulsc.com\/index.php\/wp-json\/wp\/v2\/posts\/29556\/revisions\/29560"}],"wp:featuredmedia":[{"embeddable":true,"href":"https:\/\/sulsc.com\/index.php\/wp-json\/wp\/v2\/media\/1193"}],"wp:attachment":[{"href":"https:\/\/sulsc.com\/index.php\/wp-json\/wp\/v2\/media?parent=29556"}],"wp:term":[{"taxonomy":"category","embeddable":true,"href":"https:\/\/sulsc.com\/index.php\/wp-json\/wp\/v2\/categories?post=29556"},{"taxonomy":"post_tag","embeddable":true,"href":"https:\/\/sulsc.com\/index.php\/wp-json\/wp\/v2\/tags?post=29556"}],"curies":[{"name":"wp","href":"https:\/\/api.w.org\/{rel}","templated":true}]}}