{"id":29596,"date":"2025-11-13T07:31:55","date_gmt":"2025-11-13T10:31:55","guid":{"rendered":"https:\/\/sulsc.com\/?p=29596"},"modified":"2025-11-13T08:08:41","modified_gmt":"2025-11-13T11:08:41","slug":"mulher-e-agredida-por-estagiaria-em-cei-em-braco-do-norte","status":"publish","type":"post","link":"https:\/\/sulsc.com\/index.php\/2025\/11\/13\/mulher-e-agredida-por-estagiaria-em-cei-em-braco-do-norte\/","title":{"rendered":"Mulher \u00e9 agredida por estagi\u00e1ria em CEI, em Bra\u00e7o do Norte"},"content":{"rendered":"<p>Um crime de amea\u00e7a e vias de fato foi registrado no in\u00edcio da tarde dessa quarta-feira (12), em Bra\u00e7o do Norte. A guarni\u00e7\u00e3o Pol\u00edcia Militar foi acionada, por volta das 12h30, para atender ocorr\u00eancia.<\/p>\n<p>A solicitante relatou estar no CEI para realizar a rematr\u00edcula de sua filha, quando foi agredida por uma estagi\u00e1ria da institui\u00e7\u00e3o. Contou tamb\u00e9m que ambas entraram em luta corporal, sendo separadas pelo seguran\u00e7a do CEI e pela diretora do estabelecimento, que tamb\u00e9m foi testemunha do ocorrido.<\/p>\n<div id=\"metaslider-id-25573\" style=\"width: 100%;\" class=\"ml-slider-3-99-0 metaslider metaslider-flex metaslider-25573 ml-slider has-onhover-arrows ms-theme-default-base has-dots-nav\" role=\"region\" aria-label=\"Meio\" data-width=\"1200\">\n    <div id=\"metaslider_container_25573\">\n        <div id=\"metaslider_25573\">\n            <ul class='slides'>\n                <li style=\"display: block; width: 100%;\" class=\"slide-25684 ms-image \" aria-roledescription=\"slide\" data-date=\"2025-07-24 07:55:40\"><img src=\"https:\/\/sulsc.com\/wp-content\/uploads\/2025\/07\/Marr-2-1000x166.jpg\" height=\"200\" width=\"1200\" alt=\"\" class=\"slider-25573 slide-25684 msDefaultImage\" title=\"Marr 2\" \/><\/li>\n                <li style=\"display: none; width: 100%;\" class=\"slide-32412 ms-image \" aria-roledescription=\"slide\" data-date=\"2026-02-18 13:59:46\"><img src=\"https:\/\/sulsc.com\/wp-content\/uploads\/2026\/02\/40dc1580-cad5-4867-bc58-c4243821ad38-1000x166.jpeg\" height=\"200\" width=\"1200\" alt=\"\" class=\"slider-25573 slide-32412 msDefaultImage\" title=\"40dc1580-cad5-4867-bc58-c4243821ad38\" \/><\/li>\n                <li style=\"display: none; width: 100%;\" class=\"slide-32766 ms-image \" aria-roledescription=\"slide\" data-date=\"2026-03-03 17:22:59\"><img src=\"https:\/\/sulsc.com\/wp-content\/uploads\/2026\/03\/271ce739-f268-41c5-8051-3de1a1750359-1000x166.jpeg\" height=\"200\" width=\"1200\" alt=\"\" class=\"slider-25573 slide-32766 msDefaultImage\" title=\"271ce739-f268-41c5-8051-3de1a1750359\" \/><\/li>\n            <\/ul>\n        <\/div>\n        \n    <\/div>\n<\/div>\n<p>A v\u00edtima acredita que a motiva\u00e7\u00e3o do conflito esteja relacionada ao fato de que ela trabalha como cuidadora de crian\u00e7as em resid\u00eancia, ramo profissional semelhante ao da m\u00e3e da agressora, e que a agress\u00e3o possa ter sido motivada por ci\u00fames.<\/p>\n<p>A v\u00edtima contou ainda que a suposta agressora amea\u00e7ou de morte, afirmando que iria esfaque\u00e1-la. Diante dos fatos, a guarni\u00e7\u00e3o lavrou o presente boletim de ocorr\u00eancia e orientou a v\u00edtima. Vale ressaltar que ap\u00f3s o incidente, a acusada de agress\u00e3o deixou o local.<\/p>\n<p><img fetchpriority=\"high\" decoding=\"async\" class=\"size-full wp-image-29252\" src=\"http:\/\/sulsc.com\/wp-content\/uploads\/2025\/11\/agressao-7-scaled.jpg\" alt=\"\" width=\"2560\" height=\"1709\" srcset=\"https:\/\/sulsc.com\/wp-content\/uploads\/2025\/11\/agressao-7-scaled.jpg 2560w, https:\/\/sulsc.com\/wp-content\/uploads\/2025\/11\/agressao-7-300x200.jpg 300w, https:\/\/sulsc.com\/wp-content\/uploads\/2025\/11\/agressao-7-1024x683.jpg 1024w, https:\/\/sulsc.com\/wp-content\/uploads\/2025\/11\/agressao-7-768x513.jpg 768w, https:\/\/sulsc.com\/wp-content\/uploads\/2025\/11\/agressao-7-1536x1025.jpg 1536w, https:\/\/sulsc.com\/wp-content\/uploads\/2025\/11\/agressao-7-2048x1367.jpg 2048w\" sizes=\"(max-width: 2560px) 100vw, 2560px\" \/><\/p>\n","protected":false},"excerpt":{"rendered":"<p>Um crime de amea\u00e7a e vias de fato foi registrado no in\u00edcio da tarde dessa quarta-feira (12), em Bra\u00e7o do Norte. A guarni\u00e7\u00e3o Pol\u00edcia Militar foi acionada, por volta das 12h30, para atender ocorr\u00eancia. A solicitante relatou estar no CEI para realizar a rematr\u00edcula de sua filha, quando foi agredida por uma estagi\u00e1ria da institui\u00e7\u00e3o. &hellip;<\/p>\n<p class=\"read-more\"> <a class=\"\" href=\"https:\/\/sulsc.com\/index.php\/2025\/11\/13\/mulher-e-agredida-por-estagiaria-em-cei-em-braco-do-norte\/\"> <span class=\"screen-reader-text\">Mulher \u00e9 agredida por estagi\u00e1ria em CEI, em Bra\u00e7o do Norte<\/span> Read More &raquo;<\/a><\/p>\n","protected":false},"author":3,"featured_media":29254,"comment_status":"open","ping_status":"open","sticky":false,"template":"","format":"standard","meta":{"site-sidebar-layout":"default","site-content-layout":"","ast-site-content-layout":"default","site-content-style":"default","site-sidebar-style":"default","ast-global-header-display":"","ast-banner-title-visibility":"","ast-main-header-display":"","ast-hfb-above-header-display":"","ast-hfb-below-header-display":"","ast-hfb-mobile-header-display":"","site-post-title":"","ast-breadcrumbs-content":"","ast-featured-img":"","footer-sml-layout":"","theme-transparent-header-meta":"default","adv-header-id-meta":"","stick-header-meta":"","header-above-stick-meta":"","header-main-stick-meta":"","header-below-stick-meta":"","astra-migrate-meta-layouts":"set","footnotes":""},"categories":[2282,8,12],"tags":[329,1014],"yoast_head":"<!-- This site is optimized with the Yoast SEO plugin v21.4 - https:\/\/yoast.com\/wordpress\/plugins\/seo\/ -->\n<title>Mulher \u00e9 agredida por estagi\u00e1ria em CEI, em Bra\u00e7o do Norte -<\/title>\n<meta name=\"robots\" content=\"index, follow, max-snippet:-1, max-image-preview:large, max-video-preview:-1\" \/>\n<link rel=\"canonical\" href=\"https:\/\/sulsc.com\/index.php\/2025\/11\/13\/mulher-e-agredida-por-estagiaria-em-cei-em-braco-do-norte\/\" \/>\n<meta property=\"og:locale\" content=\"en_US\" \/>\n<meta property=\"og:type\" content=\"article\" \/>\n<meta property=\"og:title\" content=\"Mulher \u00e9 agredida por estagi\u00e1ria em CEI, em Bra\u00e7o do Norte -\" \/>\n<meta property=\"og:description\" content=\"Um crime de amea\u00e7a e vias de fato foi registrado no in\u00edcio da tarde dessa quarta-feira (12), em Bra\u00e7o do Norte. A guarni\u00e7\u00e3o Pol\u00edcia Militar foi acionada, por volta das 12h30, para atender ocorr\u00eancia. A solicitante relatou estar no CEI para realizar a rematr\u00edcula de sua filha, quando foi agredida por uma estagi\u00e1ria da institui\u00e7\u00e3o. &hellip; Mulher \u00e9 agredida por estagi\u00e1ria em CEI, em Bra\u00e7o do Norte Read More &raquo;\" \/>\n<meta property=\"og:url\" content=\"https:\/\/sulsc.com\/index.php\/2025\/11\/13\/mulher-e-agredida-por-estagiaria-em-cei-em-braco-do-norte\/\" \/>\n<meta property=\"article:author\" content=\"https:\/\/www.facebook.com\/profile.php?id=61559278119680\" \/>\n<meta property=\"article:published_time\" content=\"2025-11-13T10:31:55+00:00\" \/>\n<meta property=\"article:modified_time\" content=\"2025-11-13T11:08:41+00:00\" \/>\n<meta property=\"og:image\" content=\"http:\/\/sulsc.com\/wp-content\/uploads\/2025\/11\/agressao-3.jpg\" \/>\n\t<meta property=\"og:image:width\" content=\"1872\" \/>\n\t<meta property=\"og:image:height\" content=\"1248\" \/>\n\t<meta property=\"og:image:type\" content=\"image\/jpeg\" \/>\n<meta name=\"author\" content=\"Reda\u00e7\u00e3o Sul SC\" \/>\n<meta name=\"twitter:card\" content=\"summary_large_image\" \/>\n<meta name=\"twitter:creator\" content=\"@https:\/\/twitter.com\/PortalSulSC\" \/>\n<meta name=\"twitter:label1\" content=\"Written by\" \/>\n\t<meta name=\"twitter:data1\" content=\"Reda\u00e7\u00e3o Sul SC\" \/>\n\t<meta name=\"twitter:label2\" content=\"Est. reading time\" \/>\n\t<meta name=\"twitter:data2\" content=\"1 minute\" \/>\n<script type=\"application\/ld+json\" class=\"yoast-schema-graph\">{\"@context\":\"https:\/\/schema.org\",\"@graph\":[{\"@type\":\"WebPage\",\"@id\":\"https:\/\/sulsc.com\/index.php\/2025\/11\/13\/mulher-e-agredida-por-estagiaria-em-cei-em-braco-do-norte\/\",\"url\":\"https:\/\/sulsc.com\/index.php\/2025\/11\/13\/mulher-e-agredida-por-estagiaria-em-cei-em-braco-do-norte\/\",\"name\":\"Mulher \u00e9 agredida por estagi\u00e1ria em CEI, em Bra\u00e7o do Norte -\",\"isPartOf\":{\"@id\":\"https:\/\/sulsc.com\/#website\"},\"datePublished\":\"2025-11-13T10:31:55+00:00\",\"dateModified\":\"2025-11-13T11:08:41+00:00\",\"author\":{\"@id\":\"https:\/\/sulsc.com\/#\/schema\/person\/84d2fc571684f6248ba83092f07750a3\"},\"breadcrumb\":{\"@id\":\"https:\/\/sulsc.com\/index.php\/2025\/11\/13\/mulher-e-agredida-por-estagiaria-em-cei-em-braco-do-norte\/#breadcrumb\"},\"inLanguage\":\"en-US\",\"potentialAction\":[{\"@type\":\"ReadAction\",\"target\":[\"https:\/\/sulsc.com\/index.php\/2025\/11\/13\/mulher-e-agredida-por-estagiaria-em-cei-em-braco-do-norte\/\"]}]},{\"@type\":\"BreadcrumbList\",\"@id\":\"https:\/\/sulsc.com\/index.php\/2025\/11\/13\/mulher-e-agredida-por-estagiaria-em-cei-em-braco-do-norte\/#breadcrumb\",\"itemListElement\":[{\"@type\":\"ListItem\",\"position\":1,\"name\":\"In\u00edcio\",\"item\":\"https:\/\/sulsc.com\/\"},{\"@type\":\"ListItem\",\"position\":2,\"name\":\"Mulher \u00e9 agredida por estagi\u00e1ria em CEI, em Bra\u00e7o do Norte\"}]},{\"@type\":\"WebSite\",\"@id\":\"https:\/\/sulsc.com\/#website\",\"url\":\"https:\/\/sulsc.com\/\",\"name\":\"\",\"description\":\"\",\"potentialAction\":[{\"@type\":\"SearchAction\",\"target\":{\"@type\":\"EntryPoint\",\"urlTemplate\":\"https:\/\/sulsc.com\/?s={search_term_string}\"},\"query-input\":\"required name=search_term_string\"}],\"inLanguage\":\"en-US\"},{\"@type\":\"Person\",\"@id\":\"https:\/\/sulsc.com\/#\/schema\/person\/84d2fc571684f6248ba83092f07750a3\",\"name\":\"Reda\u00e7\u00e3o Sul SC\",\"image\":{\"@type\":\"ImageObject\",\"inLanguage\":\"en-US\",\"@id\":\"https:\/\/sulsc.com\/#\/schema\/person\/image\/e08d7fe2cc4ed596372063bbe852b8d0\",\"url\":\"https:\/\/sulsc.com\/wp-content\/uploads\/2023\/09\/redacao.png\",\"contentUrl\":\"https:\/\/sulsc.com\/wp-content\/uploads\/2023\/09\/redacao.png\",\"caption\":\"Reda\u00e7\u00e3o Sul SC\"},\"description\":\"Foco em um jornalismo imparcial, voltado \u00e0 qualidade dos seus conte\u00fados e, assim, levar informa\u00e7\u00e3o de valor que agregue \u00e0 vida dos leitores. Esta \u00e9 grande miss\u00e3o do Portal de Not\u00edcias Sul SC. N\u00e3o \u00e9 quantidade que muda o mundo, sempre foi e seguir\u00e1 sendo qualidade!\",\"sameAs\":[\"https:\/\/sulsc.com\/\",\"https:\/\/www.facebook.com\/profile.php?id=61559278119680\",\"https:\/\/www.instagram.com\/sulscportal\/?hl=pt-br\",\"https:\/\/twitter.com\/https:\/\/twitter.com\/PortalSulSC\",\"https:\/\/www.youtube.com\/channel\/UCv_BE8GeySluDov2n8qhVmw\"],\"url\":\"https:\/\/sulsc.com\/index.php\/author\/redacao\/\"}]}<\/script>\n<!-- \/ Yoast SEO plugin. -->","yoast_head_json":{"title":"Mulher \u00e9 agredida por estagi\u00e1ria em CEI, em Bra\u00e7o do Norte -","robots":{"index":"index","follow":"follow","max-snippet":"max-snippet:-1","max-image-preview":"max-image-preview:large","max-video-preview":"max-video-preview:-1"},"canonical":"https:\/\/sulsc.com\/index.php\/2025\/11\/13\/mulher-e-agredida-por-estagiaria-em-cei-em-braco-do-norte\/","og_locale":"en_US","og_type":"article","og_title":"Mulher \u00e9 agredida por estagi\u00e1ria em CEI, em Bra\u00e7o do Norte -","og_description":"Um crime de amea\u00e7a e vias de fato foi registrado no in\u00edcio da tarde dessa quarta-feira (12), em Bra\u00e7o do Norte. A guarni\u00e7\u00e3o Pol\u00edcia Militar foi acionada, por volta das 12h30, para atender ocorr\u00eancia. A solicitante relatou estar no CEI para realizar a rematr\u00edcula de sua filha, quando foi agredida por uma estagi\u00e1ria da institui\u00e7\u00e3o. &hellip; Mulher \u00e9 agredida por estagi\u00e1ria em CEI, em Bra\u00e7o do Norte Read More &raquo;","og_url":"https:\/\/sulsc.com\/index.php\/2025\/11\/13\/mulher-e-agredida-por-estagiaria-em-cei-em-braco-do-norte\/","article_author":"https:\/\/www.facebook.com\/profile.php?id=61559278119680","article_published_time":"2025-11-13T10:31:55+00:00","article_modified_time":"2025-11-13T11:08:41+00:00","og_image":[{"width":1872,"height":1248,"url":"http:\/\/sulsc.com\/wp-content\/uploads\/2025\/11\/agressao-3.jpg","type":"image\/jpeg"}],"author":"Reda\u00e7\u00e3o Sul SC","twitter_card":"summary_large_image","twitter_creator":"@https:\/\/twitter.com\/PortalSulSC","twitter_misc":{"Written by":"Reda\u00e7\u00e3o Sul SC","Est. reading time":"1 minute"},"schema":{"@context":"https:\/\/schema.org","@graph":[{"@type":"WebPage","@id":"https:\/\/sulsc.com\/index.php\/2025\/11\/13\/mulher-e-agredida-por-estagiaria-em-cei-em-braco-do-norte\/","url":"https:\/\/sulsc.com\/index.php\/2025\/11\/13\/mulher-e-agredida-por-estagiaria-em-cei-em-braco-do-norte\/","name":"Mulher \u00e9 agredida por estagi\u00e1ria em CEI, em Bra\u00e7o do Norte -","isPartOf":{"@id":"https:\/\/sulsc.com\/#website"},"datePublished":"2025-11-13T10:31:55+00:00","dateModified":"2025-11-13T11:08:41+00:00","author":{"@id":"https:\/\/sulsc.com\/#\/schema\/person\/84d2fc571684f6248ba83092f07750a3"},"breadcrumb":{"@id":"https:\/\/sulsc.com\/index.php\/2025\/11\/13\/mulher-e-agredida-por-estagiaria-em-cei-em-braco-do-norte\/#breadcrumb"},"inLanguage":"en-US","potentialAction":[{"@type":"ReadAction","target":["https:\/\/sulsc.com\/index.php\/2025\/11\/13\/mulher-e-agredida-por-estagiaria-em-cei-em-braco-do-norte\/"]}]},{"@type":"BreadcrumbList","@id":"https:\/\/sulsc.com\/index.php\/2025\/11\/13\/mulher-e-agredida-por-estagiaria-em-cei-em-braco-do-norte\/#breadcrumb","itemListElement":[{"@type":"ListItem","position":1,"name":"In\u00edcio","item":"https:\/\/sulsc.com\/"},{"@type":"ListItem","position":2,"name":"Mulher \u00e9 agredida por estagi\u00e1ria em CEI, em Bra\u00e7o do Norte"}]},{"@type":"WebSite","@id":"https:\/\/sulsc.com\/#website","url":"https:\/\/sulsc.com\/","name":"","description":"","potentialAction":[{"@type":"SearchAction","target":{"@type":"EntryPoint","urlTemplate":"https:\/\/sulsc.com\/?s={search_term_string}"},"query-input":"required name=search_term_string"}],"inLanguage":"en-US"},{"@type":"Person","@id":"https:\/\/sulsc.com\/#\/schema\/person\/84d2fc571684f6248ba83092f07750a3","name":"Reda\u00e7\u00e3o Sul SC","image":{"@type":"ImageObject","inLanguage":"en-US","@id":"https:\/\/sulsc.com\/#\/schema\/person\/image\/e08d7fe2cc4ed596372063bbe852b8d0","url":"https:\/\/sulsc.com\/wp-content\/uploads\/2023\/09\/redacao.png","contentUrl":"https:\/\/sulsc.com\/wp-content\/uploads\/2023\/09\/redacao.png","caption":"Reda\u00e7\u00e3o Sul SC"},"description":"Foco em um jornalismo imparcial, voltado \u00e0 qualidade dos seus conte\u00fados e, assim, levar informa\u00e7\u00e3o de valor que agregue \u00e0 vida dos leitores. Esta \u00e9 grande miss\u00e3o do Portal de Not\u00edcias Sul SC. N\u00e3o \u00e9 quantidade que muda o mundo, sempre foi e seguir\u00e1 sendo qualidade!","sameAs":["https:\/\/sulsc.com\/","https:\/\/www.facebook.com\/profile.php?id=61559278119680","https:\/\/www.instagram.com\/sulscportal\/?hl=pt-br","https:\/\/twitter.com\/https:\/\/twitter.com\/PortalSulSC","https:\/\/www.youtube.com\/channel\/UCv_BE8GeySluDov2n8qhVmw"],"url":"https:\/\/sulsc.com\/index.php\/author\/redacao\/"}]}},"authors":[],"_links":{"self":[{"href":"https:\/\/sulsc.com\/index.php\/wp-json\/wp\/v2\/posts\/29596"}],"collection":[{"href":"https:\/\/sulsc.com\/index.php\/wp-json\/wp\/v2\/posts"}],"about":[{"href":"https:\/\/sulsc.com\/index.php\/wp-json\/wp\/v2\/types\/post"}],"author":[{"embeddable":true,"href":"https:\/\/sulsc.com\/index.php\/wp-json\/wp\/v2\/users\/3"}],"replies":[{"embeddable":true,"href":"https:\/\/sulsc.com\/index.php\/wp-json\/wp\/v2\/comments?post=29596"}],"version-history":[{"count":2,"href":"https:\/\/sulsc.com\/index.php\/wp-json\/wp\/v2\/posts\/29596\/revisions"}],"predecessor-version":[{"id":29600,"href":"https:\/\/sulsc.com\/index.php\/wp-json\/wp\/v2\/posts\/29596\/revisions\/29600"}],"wp:featuredmedia":[{"embeddable":true,"href":"https:\/\/sulsc.com\/index.php\/wp-json\/wp\/v2\/media\/29254"}],"wp:attachment":[{"href":"https:\/\/sulsc.com\/index.php\/wp-json\/wp\/v2\/media?parent=29596"}],"wp:term":[{"taxonomy":"category","embeddable":true,"href":"https:\/\/sulsc.com\/index.php\/wp-json\/wp\/v2\/categories?post=29596"},{"taxonomy":"post_tag","embeddable":true,"href":"https:\/\/sulsc.com\/index.php\/wp-json\/wp\/v2\/tags?post=29596"}],"curies":[{"name":"wp","href":"https:\/\/api.w.org\/{rel}","templated":true}]}}