{"id":29602,"date":"2025-11-13T08:40:30","date_gmt":"2025-11-13T11:40:30","guid":{"rendered":"https:\/\/sulsc.com\/?p=29602"},"modified":"2025-11-13T08:35:46","modified_gmt":"2025-11-13T11:35:46","slug":"homem-e-preso-por-estelionato-em-sao-ludgero","status":"publish","type":"post","link":"https:\/\/sulsc.com\/index.php\/2025\/11\/13\/homem-e-preso-por-estelionato-em-sao-ludgero\/","title":{"rendered":"Homem \u00e9 preso por estelionato em S\u00e3o Ludgero"},"content":{"rendered":"<p>Um crime de estelionato foi registrado na\u00a0 manh\u00e3 dessa quarta-feira (12), em S\u00e3o Ludgero. A guarni\u00e7\u00e3o da Pol\u00edcia Militar foi acionada por volta das 11h, via Central de Opera\u00e7\u00f5es da Pol\u00edcia Militar (Copom), para atender a uma ocorr\u00eancia no Bairro Evolu\u00e7\u00e3o.<\/p>\n<p>No local, os militares conversaram com o solicitante. Ele contou que possui um cheque emitido por outro cidad\u00e3o, no valor de R$ 23 mil, com data de emiss\u00e3o do dia corrente. E que ao tentar compensar o cheque no banco, foi constatado que n\u00e3o havia fundos dispon\u00edveis.<\/p>\n<p>Disse ainda que, ao procurar o emitente do cheque para resolver a situa\u00e7\u00e3o do pagamento, ele afirmou que n\u00e3o o realizaria. A guarni\u00e7\u00e3o ent\u00e3o procedeu ao contato com o emitente do cheque, o qual relatou ter negociado um ve\u00edculo com um terceiro indiv\u00edduo, identificado apenas como procedente de Orleans, e que entregou o referido cheque como forma de pagamento.<\/p>\n<div id=\"metaslider-id-25573\" style=\"width: 100%;\" class=\"ml-slider-3-99-0 metaslider metaslider-flex metaslider-25573 ml-slider has-onhover-arrows ms-theme-default-base has-dots-nav\" role=\"region\" aria-label=\"Meio\" data-width=\"1200\">\n    <div id=\"metaslider_container_25573\">\n        <div id=\"metaslider_25573\">\n            <ul class='slides'>\n                <li style=\"display: block; width: 100%;\" class=\"slide-25684 ms-image \" aria-roledescription=\"slide\" data-date=\"2025-07-24 07:55:40\"><img src=\"https:\/\/sulsc.com\/wp-content\/uploads\/2025\/07\/Marr-2-1000x166.jpg\" height=\"200\" width=\"1200\" alt=\"\" class=\"slider-25573 slide-25684 msDefaultImage\" title=\"Marr 2\" \/><\/li>\n                <li style=\"display: none; width: 100%;\" class=\"slide-32412 ms-image \" aria-roledescription=\"slide\" data-date=\"2026-02-18 13:59:46\"><img src=\"https:\/\/sulsc.com\/wp-content\/uploads\/2026\/02\/40dc1580-cad5-4867-bc58-c4243821ad38-1000x166.jpeg\" height=\"200\" width=\"1200\" alt=\"\" class=\"slider-25573 slide-32412 msDefaultImage\" title=\"40dc1580-cad5-4867-bc58-c4243821ad38\" \/><\/li>\n                <li style=\"display: none; width: 100%;\" class=\"slide-32766 ms-image \" aria-roledescription=\"slide\" data-date=\"2026-03-03 17:22:59\"><img src=\"https:\/\/sulsc.com\/wp-content\/uploads\/2026\/03\/271ce739-f268-41c5-8051-3de1a1750359-1000x166.jpeg\" height=\"200\" width=\"1200\" alt=\"\" class=\"slider-25573 slide-32766 msDefaultImage\" title=\"271ce739-f268-41c5-8051-3de1a1750359\" \/><\/li>\n            <\/ul>\n        <\/div>\n        \n    <\/div>\n<\/div>\n<p>Entretanto, devido a um desacordo comercial, o acusado decidiu deixar a conta sem saldo. Al\u00e9m disso, afirmou ainda que n\u00e3o ter negociado diretamente com a v\u00edtima, motivo pelo qual n\u00e3o efetuaria o pagamento a ele.<\/p>\n<p>Diante dos fatos, a guarni\u00e7\u00e3o deu voz de pris\u00e3o ao suspeito pelo crime de estelionato, artigo 171 do C\u00f3digo Penal. Vale ressaltar que ele foi conduzindo sem o uso de algemas, no banco traseiro da viatura, at\u00e9 a Delegacia de Pol\u00edcia Civil de S\u00e3o Ludgero, para os devidos procedimentos legais.<\/p>\n<p><img fetchpriority=\"high\" decoding=\"async\" class=\"alignnone size-full wp-image-2017\" src=\"http:\/\/sulsc.com\/wp-content\/uploads\/2023\/10\/giroflex-3.jpg\" alt=\"\" width=\"714\" height=\"480\" srcset=\"https:\/\/sulsc.com\/wp-content\/uploads\/2023\/10\/giroflex-3.jpg 714w, https:\/\/sulsc.com\/wp-content\/uploads\/2023\/10\/giroflex-3-300x202.jpg 300w\" sizes=\"(max-width: 714px) 100vw, 714px\" \/><\/p>\n","protected":false},"excerpt":{"rendered":"<p>Um crime de estelionato foi registrado na\u00a0 manh\u00e3 dessa quarta-feira (12), em S\u00e3o Ludgero. A guarni\u00e7\u00e3o da Pol\u00edcia Militar foi acionada por volta das 11h, via Central de Opera\u00e7\u00f5es da Pol\u00edcia Militar (Copom), para atender a uma ocorr\u00eancia no Bairro Evolu\u00e7\u00e3o. No local, os militares conversaram com o solicitante. Ele contou que possui um cheque &hellip;<\/p>\n<p class=\"read-more\"> <a class=\"\" href=\"https:\/\/sulsc.com\/index.php\/2025\/11\/13\/homem-e-preso-por-estelionato-em-sao-ludgero\/\"> <span class=\"screen-reader-text\">Homem \u00e9 preso por estelionato em S\u00e3o Ludgero<\/span> Read More &raquo;<\/a><\/p>\n","protected":false},"author":3,"featured_media":27046,"comment_status":"open","ping_status":"open","sticky":false,"template":"","format":"standard","meta":{"site-sidebar-layout":"default","site-content-layout":"","ast-site-content-layout":"default","site-content-style":"default","site-sidebar-style":"default","ast-global-header-display":"","ast-banner-title-visibility":"","ast-main-header-display":"","ast-hfb-above-header-display":"","ast-hfb-below-header-display":"","ast-hfb-mobile-header-display":"","site-post-title":"","ast-breadcrumbs-content":"","ast-featured-img":"","footer-sml-layout":"","theme-transparent-header-meta":"default","adv-header-id-meta":"","stick-header-meta":"","header-above-stick-meta":"","header-main-stick-meta":"","header-below-stick-meta":"","astra-migrate-meta-layouts":"set","footnotes":""},"categories":[2653,8,12],"tags":[2552,1312,539],"yoast_head":"<!-- This site is optimized with the Yoast SEO plugin v21.4 - https:\/\/yoast.com\/wordpress\/plugins\/seo\/ -->\n<title>Homem \u00e9 preso por estelionato em S\u00e3o Ludgero -<\/title>\n<meta name=\"robots\" content=\"index, follow, max-snippet:-1, max-image-preview:large, max-video-preview:-1\" \/>\n<link rel=\"canonical\" href=\"https:\/\/sulsc.com\/index.php\/2025\/11\/13\/homem-e-preso-por-estelionato-em-sao-ludgero\/\" \/>\n<meta property=\"og:locale\" content=\"en_US\" \/>\n<meta property=\"og:type\" content=\"article\" \/>\n<meta property=\"og:title\" content=\"Homem \u00e9 preso por estelionato em S\u00e3o Ludgero -\" \/>\n<meta property=\"og:description\" content=\"Um crime de estelionato foi registrado na\u00a0 manh\u00e3 dessa quarta-feira (12), em S\u00e3o Ludgero. A guarni\u00e7\u00e3o da Pol\u00edcia Militar foi acionada por volta das 11h, via Central de Opera\u00e7\u00f5es da Pol\u00edcia Militar (Copom), para atender a uma ocorr\u00eancia no Bairro Evolu\u00e7\u00e3o. No local, os militares conversaram com o solicitante. Ele contou que possui um cheque &hellip; Homem \u00e9 preso por estelionato em S\u00e3o Ludgero Read More &raquo;\" \/>\n<meta property=\"og:url\" content=\"https:\/\/sulsc.com\/index.php\/2025\/11\/13\/homem-e-preso-por-estelionato-em-sao-ludgero\/\" \/>\n<meta property=\"article:author\" content=\"https:\/\/www.facebook.com\/profile.php?id=61559278119680\" \/>\n<meta property=\"article:published_time\" content=\"2025-11-13T11:40:30+00:00\" \/>\n<meta property=\"article:modified_time\" content=\"2025-11-13T11:35:46+00:00\" \/>\n<meta property=\"og:image\" content=\"https:\/\/sulsc.com\/wp-content\/uploads\/2025\/09\/policia-militar-sirene.jpg\" \/>\n\t<meta property=\"og:image:width\" content=\"1200\" \/>\n\t<meta property=\"og:image:height\" content=\"792\" \/>\n\t<meta property=\"og:image:type\" content=\"image\/jpeg\" \/>\n<meta name=\"author\" content=\"Reda\u00e7\u00e3o Sul SC\" \/>\n<meta name=\"twitter:card\" content=\"summary_large_image\" \/>\n<meta name=\"twitter:creator\" content=\"@https:\/\/twitter.com\/PortalSulSC\" \/>\n<meta name=\"twitter:label1\" content=\"Written by\" \/>\n\t<meta name=\"twitter:data1\" content=\"Reda\u00e7\u00e3o Sul SC\" \/>\n\t<meta name=\"twitter:label2\" content=\"Est. reading time\" \/>\n\t<meta name=\"twitter:data2\" content=\"2 minutes\" \/>\n<script type=\"application\/ld+json\" class=\"yoast-schema-graph\">{\"@context\":\"https:\/\/schema.org\",\"@graph\":[{\"@type\":\"WebPage\",\"@id\":\"https:\/\/sulsc.com\/index.php\/2025\/11\/13\/homem-e-preso-por-estelionato-em-sao-ludgero\/\",\"url\":\"https:\/\/sulsc.com\/index.php\/2025\/11\/13\/homem-e-preso-por-estelionato-em-sao-ludgero\/\",\"name\":\"Homem \u00e9 preso por estelionato em S\u00e3o Ludgero -\",\"isPartOf\":{\"@id\":\"https:\/\/sulsc.com\/#website\"},\"datePublished\":\"2025-11-13T11:40:30+00:00\",\"dateModified\":\"2025-11-13T11:35:46+00:00\",\"author\":{\"@id\":\"https:\/\/sulsc.com\/#\/schema\/person\/84d2fc571684f6248ba83092f07750a3\"},\"breadcrumb\":{\"@id\":\"https:\/\/sulsc.com\/index.php\/2025\/11\/13\/homem-e-preso-por-estelionato-em-sao-ludgero\/#breadcrumb\"},\"inLanguage\":\"en-US\",\"potentialAction\":[{\"@type\":\"ReadAction\",\"target\":[\"https:\/\/sulsc.com\/index.php\/2025\/11\/13\/homem-e-preso-por-estelionato-em-sao-ludgero\/\"]}]},{\"@type\":\"BreadcrumbList\",\"@id\":\"https:\/\/sulsc.com\/index.php\/2025\/11\/13\/homem-e-preso-por-estelionato-em-sao-ludgero\/#breadcrumb\",\"itemListElement\":[{\"@type\":\"ListItem\",\"position\":1,\"name\":\"In\u00edcio\",\"item\":\"https:\/\/sulsc.com\/\"},{\"@type\":\"ListItem\",\"position\":2,\"name\":\"Homem \u00e9 preso por estelionato em S\u00e3o Ludgero\"}]},{\"@type\":\"WebSite\",\"@id\":\"https:\/\/sulsc.com\/#website\",\"url\":\"https:\/\/sulsc.com\/\",\"name\":\"\",\"description\":\"\",\"potentialAction\":[{\"@type\":\"SearchAction\",\"target\":{\"@type\":\"EntryPoint\",\"urlTemplate\":\"https:\/\/sulsc.com\/?s={search_term_string}\"},\"query-input\":\"required name=search_term_string\"}],\"inLanguage\":\"en-US\"},{\"@type\":\"Person\",\"@id\":\"https:\/\/sulsc.com\/#\/schema\/person\/84d2fc571684f6248ba83092f07750a3\",\"name\":\"Reda\u00e7\u00e3o Sul SC\",\"image\":{\"@type\":\"ImageObject\",\"inLanguage\":\"en-US\",\"@id\":\"https:\/\/sulsc.com\/#\/schema\/person\/image\/e08d7fe2cc4ed596372063bbe852b8d0\",\"url\":\"https:\/\/sulsc.com\/wp-content\/uploads\/2023\/09\/redacao.png\",\"contentUrl\":\"https:\/\/sulsc.com\/wp-content\/uploads\/2023\/09\/redacao.png\",\"caption\":\"Reda\u00e7\u00e3o Sul SC\"},\"description\":\"Foco em um jornalismo imparcial, voltado \u00e0 qualidade dos seus conte\u00fados e, assim, levar informa\u00e7\u00e3o de valor que agregue \u00e0 vida dos leitores. Esta \u00e9 grande miss\u00e3o do Portal de Not\u00edcias Sul SC. N\u00e3o \u00e9 quantidade que muda o mundo, sempre foi e seguir\u00e1 sendo qualidade!\",\"sameAs\":[\"https:\/\/sulsc.com\/\",\"https:\/\/www.facebook.com\/profile.php?id=61559278119680\",\"https:\/\/www.instagram.com\/sulscportal\/?hl=pt-br\",\"https:\/\/twitter.com\/https:\/\/twitter.com\/PortalSulSC\",\"https:\/\/www.youtube.com\/channel\/UCv_BE8GeySluDov2n8qhVmw\"],\"url\":\"https:\/\/sulsc.com\/index.php\/author\/redacao\/\"}]}<\/script>\n<!-- \/ Yoast SEO plugin. -->","yoast_head_json":{"title":"Homem \u00e9 preso por estelionato em S\u00e3o Ludgero -","robots":{"index":"index","follow":"follow","max-snippet":"max-snippet:-1","max-image-preview":"max-image-preview:large","max-video-preview":"max-video-preview:-1"},"canonical":"https:\/\/sulsc.com\/index.php\/2025\/11\/13\/homem-e-preso-por-estelionato-em-sao-ludgero\/","og_locale":"en_US","og_type":"article","og_title":"Homem \u00e9 preso por estelionato em S\u00e3o Ludgero -","og_description":"Um crime de estelionato foi registrado na\u00a0 manh\u00e3 dessa quarta-feira (12), em S\u00e3o Ludgero. A guarni\u00e7\u00e3o da Pol\u00edcia Militar foi acionada por volta das 11h, via Central de Opera\u00e7\u00f5es da Pol\u00edcia Militar (Copom), para atender a uma ocorr\u00eancia no Bairro Evolu\u00e7\u00e3o. No local, os militares conversaram com o solicitante. Ele contou que possui um cheque &hellip; Homem \u00e9 preso por estelionato em S\u00e3o Ludgero Read More &raquo;","og_url":"https:\/\/sulsc.com\/index.php\/2025\/11\/13\/homem-e-preso-por-estelionato-em-sao-ludgero\/","article_author":"https:\/\/www.facebook.com\/profile.php?id=61559278119680","article_published_time":"2025-11-13T11:40:30+00:00","article_modified_time":"2025-11-13T11:35:46+00:00","og_image":[{"width":1200,"height":792,"url":"https:\/\/sulsc.com\/wp-content\/uploads\/2025\/09\/policia-militar-sirene.jpg","type":"image\/jpeg"}],"author":"Reda\u00e7\u00e3o Sul SC","twitter_card":"summary_large_image","twitter_creator":"@https:\/\/twitter.com\/PortalSulSC","twitter_misc":{"Written by":"Reda\u00e7\u00e3o Sul SC","Est. reading time":"2 minutes"},"schema":{"@context":"https:\/\/schema.org","@graph":[{"@type":"WebPage","@id":"https:\/\/sulsc.com\/index.php\/2025\/11\/13\/homem-e-preso-por-estelionato-em-sao-ludgero\/","url":"https:\/\/sulsc.com\/index.php\/2025\/11\/13\/homem-e-preso-por-estelionato-em-sao-ludgero\/","name":"Homem \u00e9 preso por estelionato em S\u00e3o Ludgero -","isPartOf":{"@id":"https:\/\/sulsc.com\/#website"},"datePublished":"2025-11-13T11:40:30+00:00","dateModified":"2025-11-13T11:35:46+00:00","author":{"@id":"https:\/\/sulsc.com\/#\/schema\/person\/84d2fc571684f6248ba83092f07750a3"},"breadcrumb":{"@id":"https:\/\/sulsc.com\/index.php\/2025\/11\/13\/homem-e-preso-por-estelionato-em-sao-ludgero\/#breadcrumb"},"inLanguage":"en-US","potentialAction":[{"@type":"ReadAction","target":["https:\/\/sulsc.com\/index.php\/2025\/11\/13\/homem-e-preso-por-estelionato-em-sao-ludgero\/"]}]},{"@type":"BreadcrumbList","@id":"https:\/\/sulsc.com\/index.php\/2025\/11\/13\/homem-e-preso-por-estelionato-em-sao-ludgero\/#breadcrumb","itemListElement":[{"@type":"ListItem","position":1,"name":"In\u00edcio","item":"https:\/\/sulsc.com\/"},{"@type":"ListItem","position":2,"name":"Homem \u00e9 preso por estelionato em S\u00e3o Ludgero"}]},{"@type":"WebSite","@id":"https:\/\/sulsc.com\/#website","url":"https:\/\/sulsc.com\/","name":"","description":"","potentialAction":[{"@type":"SearchAction","target":{"@type":"EntryPoint","urlTemplate":"https:\/\/sulsc.com\/?s={search_term_string}"},"query-input":"required name=search_term_string"}],"inLanguage":"en-US"},{"@type":"Person","@id":"https:\/\/sulsc.com\/#\/schema\/person\/84d2fc571684f6248ba83092f07750a3","name":"Reda\u00e7\u00e3o Sul SC","image":{"@type":"ImageObject","inLanguage":"en-US","@id":"https:\/\/sulsc.com\/#\/schema\/person\/image\/e08d7fe2cc4ed596372063bbe852b8d0","url":"https:\/\/sulsc.com\/wp-content\/uploads\/2023\/09\/redacao.png","contentUrl":"https:\/\/sulsc.com\/wp-content\/uploads\/2023\/09\/redacao.png","caption":"Reda\u00e7\u00e3o Sul SC"},"description":"Foco em um jornalismo imparcial, voltado \u00e0 qualidade dos seus conte\u00fados e, assim, levar informa\u00e7\u00e3o de valor que agregue \u00e0 vida dos leitores. Esta \u00e9 grande miss\u00e3o do Portal de Not\u00edcias Sul SC. N\u00e3o \u00e9 quantidade que muda o mundo, sempre foi e seguir\u00e1 sendo qualidade!","sameAs":["https:\/\/sulsc.com\/","https:\/\/www.facebook.com\/profile.php?id=61559278119680","https:\/\/www.instagram.com\/sulscportal\/?hl=pt-br","https:\/\/twitter.com\/https:\/\/twitter.com\/PortalSulSC","https:\/\/www.youtube.com\/channel\/UCv_BE8GeySluDov2n8qhVmw"],"url":"https:\/\/sulsc.com\/index.php\/author\/redacao\/"}]}},"authors":[],"_links":{"self":[{"href":"https:\/\/sulsc.com\/index.php\/wp-json\/wp\/v2\/posts\/29602"}],"collection":[{"href":"https:\/\/sulsc.com\/index.php\/wp-json\/wp\/v2\/posts"}],"about":[{"href":"https:\/\/sulsc.com\/index.php\/wp-json\/wp\/v2\/types\/post"}],"author":[{"embeddable":true,"href":"https:\/\/sulsc.com\/index.php\/wp-json\/wp\/v2\/users\/3"}],"replies":[{"embeddable":true,"href":"https:\/\/sulsc.com\/index.php\/wp-json\/wp\/v2\/comments?post=29602"}],"version-history":[{"count":1,"href":"https:\/\/sulsc.com\/index.php\/wp-json\/wp\/v2\/posts\/29602\/revisions"}],"predecessor-version":[{"id":29603,"href":"https:\/\/sulsc.com\/index.php\/wp-json\/wp\/v2\/posts\/29602\/revisions\/29603"}],"wp:featuredmedia":[{"embeddable":true,"href":"https:\/\/sulsc.com\/index.php\/wp-json\/wp\/v2\/media\/27046"}],"wp:attachment":[{"href":"https:\/\/sulsc.com\/index.php\/wp-json\/wp\/v2\/media?parent=29602"}],"wp:term":[{"taxonomy":"category","embeddable":true,"href":"https:\/\/sulsc.com\/index.php\/wp-json\/wp\/v2\/categories?post=29602"},{"taxonomy":"post_tag","embeddable":true,"href":"https:\/\/sulsc.com\/index.php\/wp-json\/wp\/v2\/tags?post=29602"}],"curies":[{"name":"wp","href":"https:\/\/api.w.org\/{rel}","templated":true}]}}