{"id":2961,"date":"2023-10-27T09:00:58","date_gmt":"2023-10-27T12:00:58","guid":{"rendered":"https:\/\/sulsc.com\/?p=2961"},"modified":"2023-10-27T09:26:47","modified_gmt":"2023-10-27T12:26:47","slug":"homem-efetua-disparo-de-arma-de-fogo-apos-desentendimento-com-vizinho-em-jaguaruna","status":"publish","type":"post","link":"https:\/\/sulsc.com\/index.php\/2023\/10\/27\/homem-efetua-disparo-de-arma-de-fogo-apos-desentendimento-com-vizinho-em-jaguaruna\/","title":{"rendered":"Homem efetua disparo de arma de fogo ap\u00f3s desentendimento com vizinho, em Jaguaruna"},"content":{"rendered":"<p>Um disparo de arma de fogo foi registrado na tarde desta quinta-feira (26), no bairro Morretes, em Jaguaruna. A guarni\u00e7\u00e3o da Pol\u00edcia Militar foi acionada, via Central Regional de Emerg\u00eancias, para a averigua\u00e7\u00e3o, por volta das 15h30, na Rua JA\u00da-466.<\/p>\n<p>No local, a guarni\u00e7\u00e3o conversou com o solicitante. Ele informou que houve um desentendimento entre ele e seu vizinho, e que seu vizinho efetuou alguns disparos de arma de fogo para cima. De posse das informa\u00e7\u00f5es repassadas, a guarni\u00e7\u00e3o cercou o local e efetuou a abordagem do autor dos disparos.<\/p>\n<p>Em revista pessoal, foi encontrado em sua cintura, uma pistola cal. 9mm. J\u00e1 no interior do ve\u00edculo, foram encontradas 104 muni\u00e7\u00f5es recarregadas do mesmo calibre, distribu\u00eddas em quatro caixas. Al\u00e9m disso, tamb\u00e9m foram encontradas algumas c\u00e1psulas vazias.<\/p>\n<p>Os envolvidos, tanto o solicitante de 72 anos quanto o autor dos disparos, de 41 anos, foram encaminhados para a Delegacia de Pol\u00edcia.<\/p>\n<p><img fetchpriority=\"high\" decoding=\"async\" class=\"alignnone size-full wp-image-1653\" src=\"http:\/\/sulsc.com\/wp-content\/uploads\/2023\/10\/giroflex.jpeg\" alt=\"\" width=\"760\" height=\"431\" srcset=\"https:\/\/sulsc.com\/wp-content\/uploads\/2023\/10\/giroflex.jpeg 760w, https:\/\/sulsc.com\/wp-content\/uploads\/2023\/10\/giroflex-300x170.jpeg 300w\" sizes=\"(max-width: 760px) 100vw, 760px\" \/><\/p>\n","protected":false},"excerpt":{"rendered":"<p>Um disparo de arma de fogo foi registrado na tarde desta quinta-feira (26), no bairro Morretes, em Jaguaruna. A guarni\u00e7\u00e3o da Pol\u00edcia Militar foi acionada, via Central Regional de Emerg\u00eancias, para a averigua\u00e7\u00e3o, por volta das 15h30, na Rua JA\u00da-466. No local, a guarni\u00e7\u00e3o conversou com o solicitante. Ele informou que houve um desentendimento entre &hellip;<\/p>\n<p class=\"read-more\"> <a class=\"\" href=\"https:\/\/sulsc.com\/index.php\/2023\/10\/27\/homem-efetua-disparo-de-arma-de-fogo-apos-desentendimento-com-vizinho-em-jaguaruna\/\"> <span class=\"screen-reader-text\">Homem efetua disparo de arma de fogo ap\u00f3s desentendimento com vizinho, em Jaguaruna<\/span> Read More &raquo;<\/a><\/p>\n","protected":false},"author":3,"featured_media":0,"comment_status":"open","ping_status":"open","sticky":false,"template":"","format":"standard","meta":{"site-sidebar-layout":"default","site-content-layout":"","ast-site-content-layout":"default","site-content-style":"default","site-sidebar-style":"default","ast-global-header-display":"","ast-banner-title-visibility":"","ast-main-header-display":"","ast-hfb-above-header-display":"","ast-hfb-below-header-display":"","ast-hfb-mobile-header-display":"","site-post-title":"","ast-breadcrumbs-content":"","ast-featured-img":"","footer-sml-layout":"","theme-transparent-header-meta":"default","adv-header-id-meta":"","stick-header-meta":"","header-above-stick-meta":"","header-main-stick-meta":"","header-below-stick-meta":"","astra-migrate-meta-layouts":"set","footnotes":""},"categories":[8],"tags":[],"yoast_head":"<!-- This site is optimized with the Yoast SEO plugin v21.4 - https:\/\/yoast.com\/wordpress\/plugins\/seo\/ -->\n<title>Homem efetua disparo de arma de fogo ap\u00f3s desentendimento com vizinho, em Jaguaruna -<\/title>\n<meta name=\"robots\" content=\"index, follow, max-snippet:-1, max-image-preview:large, max-video-preview:-1\" \/>\n<link rel=\"canonical\" href=\"https:\/\/sulsc.com\/index.php\/2023\/10\/27\/homem-efetua-disparo-de-arma-de-fogo-apos-desentendimento-com-vizinho-em-jaguaruna\/\" \/>\n<meta property=\"og:locale\" content=\"en_US\" \/>\n<meta property=\"og:type\" content=\"article\" \/>\n<meta property=\"og:title\" content=\"Homem efetua disparo de arma de fogo ap\u00f3s desentendimento com vizinho, em Jaguaruna -\" \/>\n<meta property=\"og:description\" content=\"Um disparo de arma de fogo foi registrado na tarde desta quinta-feira (26), no bairro Morretes, em Jaguaruna. A guarni\u00e7\u00e3o da Pol\u00edcia Militar foi acionada, via Central Regional de Emerg\u00eancias, para a averigua\u00e7\u00e3o, por volta das 15h30, na Rua JA\u00da-466. No local, a guarni\u00e7\u00e3o conversou com o solicitante. Ele informou que houve um desentendimento entre &hellip; Homem efetua disparo de arma de fogo ap\u00f3s desentendimento com vizinho, em Jaguaruna Read More &raquo;\" \/>\n<meta property=\"og:url\" content=\"https:\/\/sulsc.com\/index.php\/2023\/10\/27\/homem-efetua-disparo-de-arma-de-fogo-apos-desentendimento-com-vizinho-em-jaguaruna\/\" \/>\n<meta property=\"article:author\" content=\"https:\/\/www.facebook.com\/profile.php?id=61559278119680\" \/>\n<meta property=\"article:published_time\" content=\"2023-10-27T12:00:58+00:00\" \/>\n<meta property=\"article:modified_time\" content=\"2023-10-27T12:26:47+00:00\" \/>\n<meta property=\"og:image\" content=\"http:\/\/sulsc.com\/wp-content\/uploads\/2023\/10\/arma-de-fogo-02.jpeg\" \/>\n\t<meta property=\"og:image:width\" content=\"550\" \/>\n\t<meta property=\"og:image:height\" content=\"371\" \/>\n\t<meta property=\"og:image:type\" content=\"image\/jpeg\" \/>\n<meta name=\"author\" content=\"Reda\u00e7\u00e3o Sul SC\" \/>\n<meta name=\"twitter:card\" content=\"summary_large_image\" \/>\n<meta name=\"twitter:creator\" content=\"@https:\/\/twitter.com\/PortalSulSC\" \/>\n<meta name=\"twitter:label1\" content=\"Written by\" \/>\n\t<meta name=\"twitter:data1\" content=\"Reda\u00e7\u00e3o Sul SC\" \/>\n\t<meta name=\"twitter:label2\" content=\"Est. reading time\" \/>\n\t<meta name=\"twitter:data2\" content=\"2 minutes\" \/>\n<script type=\"application\/ld+json\" class=\"yoast-schema-graph\">{\"@context\":\"https:\/\/schema.org\",\"@graph\":[{\"@type\":\"WebPage\",\"@id\":\"https:\/\/sulsc.com\/index.php\/2023\/10\/27\/homem-efetua-disparo-de-arma-de-fogo-apos-desentendimento-com-vizinho-em-jaguaruna\/\",\"url\":\"https:\/\/sulsc.com\/index.php\/2023\/10\/27\/homem-efetua-disparo-de-arma-de-fogo-apos-desentendimento-com-vizinho-em-jaguaruna\/\",\"name\":\"Homem efetua disparo de arma de fogo ap\u00f3s desentendimento com vizinho, em Jaguaruna -\",\"isPartOf\":{\"@id\":\"https:\/\/sulsc.com\/#website\"},\"datePublished\":\"2023-10-27T12:00:58+00:00\",\"dateModified\":\"2023-10-27T12:26:47+00:00\",\"author\":{\"@id\":\"https:\/\/sulsc.com\/#\/schema\/person\/84d2fc571684f6248ba83092f07750a3\"},\"breadcrumb\":{\"@id\":\"https:\/\/sulsc.com\/index.php\/2023\/10\/27\/homem-efetua-disparo-de-arma-de-fogo-apos-desentendimento-com-vizinho-em-jaguaruna\/#breadcrumb\"},\"inLanguage\":\"en-US\",\"potentialAction\":[{\"@type\":\"ReadAction\",\"target\":[\"https:\/\/sulsc.com\/index.php\/2023\/10\/27\/homem-efetua-disparo-de-arma-de-fogo-apos-desentendimento-com-vizinho-em-jaguaruna\/\"]}]},{\"@type\":\"BreadcrumbList\",\"@id\":\"https:\/\/sulsc.com\/index.php\/2023\/10\/27\/homem-efetua-disparo-de-arma-de-fogo-apos-desentendimento-com-vizinho-em-jaguaruna\/#breadcrumb\",\"itemListElement\":[{\"@type\":\"ListItem\",\"position\":1,\"name\":\"In\u00edcio\",\"item\":\"https:\/\/sulsc.com\/\"},{\"@type\":\"ListItem\",\"position\":2,\"name\":\"Homem efetua disparo de arma de fogo ap\u00f3s desentendimento com vizinho, em Jaguaruna\"}]},{\"@type\":\"WebSite\",\"@id\":\"https:\/\/sulsc.com\/#website\",\"url\":\"https:\/\/sulsc.com\/\",\"name\":\"\",\"description\":\"\",\"potentialAction\":[{\"@type\":\"SearchAction\",\"target\":{\"@type\":\"EntryPoint\",\"urlTemplate\":\"https:\/\/sulsc.com\/?s={search_term_string}\"},\"query-input\":\"required name=search_term_string\"}],\"inLanguage\":\"en-US\"},{\"@type\":\"Person\",\"@id\":\"https:\/\/sulsc.com\/#\/schema\/person\/84d2fc571684f6248ba83092f07750a3\",\"name\":\"Reda\u00e7\u00e3o Sul SC\",\"image\":{\"@type\":\"ImageObject\",\"inLanguage\":\"en-US\",\"@id\":\"https:\/\/sulsc.com\/#\/schema\/person\/image\/e08d7fe2cc4ed596372063bbe852b8d0\",\"url\":\"https:\/\/sulsc.com\/wp-content\/uploads\/2023\/09\/redacao.png\",\"contentUrl\":\"https:\/\/sulsc.com\/wp-content\/uploads\/2023\/09\/redacao.png\",\"caption\":\"Reda\u00e7\u00e3o Sul SC\"},\"description\":\"Foco em um jornalismo imparcial, voltado \u00e0 qualidade dos seus conte\u00fados e, assim, levar informa\u00e7\u00e3o de valor que agregue \u00e0 vida dos leitores. Esta \u00e9 grande miss\u00e3o do Portal de Not\u00edcias Sul SC. N\u00e3o \u00e9 quantidade que muda o mundo, sempre foi e seguir\u00e1 sendo qualidade!\",\"sameAs\":[\"https:\/\/sulsc.com\/\",\"https:\/\/www.facebook.com\/profile.php?id=61559278119680\",\"https:\/\/www.instagram.com\/sulscportal\/?hl=pt-br\",\"https:\/\/twitter.com\/https:\/\/twitter.com\/PortalSulSC\",\"https:\/\/www.youtube.com\/channel\/UCv_BE8GeySluDov2n8qhVmw\"],\"url\":\"https:\/\/sulsc.com\/index.php\/author\/redacao\/\"}]}<\/script>\n<!-- \/ Yoast SEO plugin. -->","yoast_head_json":{"title":"Homem efetua disparo de arma de fogo ap\u00f3s desentendimento com vizinho, em Jaguaruna -","robots":{"index":"index","follow":"follow","max-snippet":"max-snippet:-1","max-image-preview":"max-image-preview:large","max-video-preview":"max-video-preview:-1"},"canonical":"https:\/\/sulsc.com\/index.php\/2023\/10\/27\/homem-efetua-disparo-de-arma-de-fogo-apos-desentendimento-com-vizinho-em-jaguaruna\/","og_locale":"en_US","og_type":"article","og_title":"Homem efetua disparo de arma de fogo ap\u00f3s desentendimento com vizinho, em Jaguaruna -","og_description":"Um disparo de arma de fogo foi registrado na tarde desta quinta-feira (26), no bairro Morretes, em Jaguaruna. A guarni\u00e7\u00e3o da Pol\u00edcia Militar foi acionada, via Central Regional de Emerg\u00eancias, para a averigua\u00e7\u00e3o, por volta das 15h30, na Rua JA\u00da-466. No local, a guarni\u00e7\u00e3o conversou com o solicitante. Ele informou que houve um desentendimento entre &hellip; Homem efetua disparo de arma de fogo ap\u00f3s desentendimento com vizinho, em Jaguaruna Read More &raquo;","og_url":"https:\/\/sulsc.com\/index.php\/2023\/10\/27\/homem-efetua-disparo-de-arma-de-fogo-apos-desentendimento-com-vizinho-em-jaguaruna\/","article_author":"https:\/\/www.facebook.com\/profile.php?id=61559278119680","article_published_time":"2023-10-27T12:00:58+00:00","article_modified_time":"2023-10-27T12:26:47+00:00","og_image":[{"width":550,"height":371,"url":"http:\/\/sulsc.com\/wp-content\/uploads\/2023\/10\/arma-de-fogo-02.jpeg","type":"image\/jpeg"}],"author":"Reda\u00e7\u00e3o Sul SC","twitter_card":"summary_large_image","twitter_creator":"@https:\/\/twitter.com\/PortalSulSC","twitter_misc":{"Written by":"Reda\u00e7\u00e3o Sul SC","Est. reading time":"2 minutes"},"schema":{"@context":"https:\/\/schema.org","@graph":[{"@type":"WebPage","@id":"https:\/\/sulsc.com\/index.php\/2023\/10\/27\/homem-efetua-disparo-de-arma-de-fogo-apos-desentendimento-com-vizinho-em-jaguaruna\/","url":"https:\/\/sulsc.com\/index.php\/2023\/10\/27\/homem-efetua-disparo-de-arma-de-fogo-apos-desentendimento-com-vizinho-em-jaguaruna\/","name":"Homem efetua disparo de arma de fogo ap\u00f3s desentendimento com vizinho, em Jaguaruna -","isPartOf":{"@id":"https:\/\/sulsc.com\/#website"},"datePublished":"2023-10-27T12:00:58+00:00","dateModified":"2023-10-27T12:26:47+00:00","author":{"@id":"https:\/\/sulsc.com\/#\/schema\/person\/84d2fc571684f6248ba83092f07750a3"},"breadcrumb":{"@id":"https:\/\/sulsc.com\/index.php\/2023\/10\/27\/homem-efetua-disparo-de-arma-de-fogo-apos-desentendimento-com-vizinho-em-jaguaruna\/#breadcrumb"},"inLanguage":"en-US","potentialAction":[{"@type":"ReadAction","target":["https:\/\/sulsc.com\/index.php\/2023\/10\/27\/homem-efetua-disparo-de-arma-de-fogo-apos-desentendimento-com-vizinho-em-jaguaruna\/"]}]},{"@type":"BreadcrumbList","@id":"https:\/\/sulsc.com\/index.php\/2023\/10\/27\/homem-efetua-disparo-de-arma-de-fogo-apos-desentendimento-com-vizinho-em-jaguaruna\/#breadcrumb","itemListElement":[{"@type":"ListItem","position":1,"name":"In\u00edcio","item":"https:\/\/sulsc.com\/"},{"@type":"ListItem","position":2,"name":"Homem efetua disparo de arma de fogo ap\u00f3s desentendimento com vizinho, em Jaguaruna"}]},{"@type":"WebSite","@id":"https:\/\/sulsc.com\/#website","url":"https:\/\/sulsc.com\/","name":"","description":"","potentialAction":[{"@type":"SearchAction","target":{"@type":"EntryPoint","urlTemplate":"https:\/\/sulsc.com\/?s={search_term_string}"},"query-input":"required name=search_term_string"}],"inLanguage":"en-US"},{"@type":"Person","@id":"https:\/\/sulsc.com\/#\/schema\/person\/84d2fc571684f6248ba83092f07750a3","name":"Reda\u00e7\u00e3o Sul SC","image":{"@type":"ImageObject","inLanguage":"en-US","@id":"https:\/\/sulsc.com\/#\/schema\/person\/image\/e08d7fe2cc4ed596372063bbe852b8d0","url":"https:\/\/sulsc.com\/wp-content\/uploads\/2023\/09\/redacao.png","contentUrl":"https:\/\/sulsc.com\/wp-content\/uploads\/2023\/09\/redacao.png","caption":"Reda\u00e7\u00e3o Sul SC"},"description":"Foco em um jornalismo imparcial, voltado \u00e0 qualidade dos seus conte\u00fados e, assim, levar informa\u00e7\u00e3o de valor que agregue \u00e0 vida dos leitores. Esta \u00e9 grande miss\u00e3o do Portal de Not\u00edcias Sul SC. N\u00e3o \u00e9 quantidade que muda o mundo, sempre foi e seguir\u00e1 sendo qualidade!","sameAs":["https:\/\/sulsc.com\/","https:\/\/www.facebook.com\/profile.php?id=61559278119680","https:\/\/www.instagram.com\/sulscportal\/?hl=pt-br","https:\/\/twitter.com\/https:\/\/twitter.com\/PortalSulSC","https:\/\/www.youtube.com\/channel\/UCv_BE8GeySluDov2n8qhVmw"],"url":"https:\/\/sulsc.com\/index.php\/author\/redacao\/"}]}},"authors":[],"_links":{"self":[{"href":"https:\/\/sulsc.com\/index.php\/wp-json\/wp\/v2\/posts\/2961"}],"collection":[{"href":"https:\/\/sulsc.com\/index.php\/wp-json\/wp\/v2\/posts"}],"about":[{"href":"https:\/\/sulsc.com\/index.php\/wp-json\/wp\/v2\/types\/post"}],"author":[{"embeddable":true,"href":"https:\/\/sulsc.com\/index.php\/wp-json\/wp\/v2\/users\/3"}],"replies":[{"embeddable":true,"href":"https:\/\/sulsc.com\/index.php\/wp-json\/wp\/v2\/comments?post=2961"}],"version-history":[{"count":1,"href":"https:\/\/sulsc.com\/index.php\/wp-json\/wp\/v2\/posts\/2961\/revisions"}],"predecessor-version":[{"id":2964,"href":"https:\/\/sulsc.com\/index.php\/wp-json\/wp\/v2\/posts\/2961\/revisions\/2964"}],"wp:attachment":[{"href":"https:\/\/sulsc.com\/index.php\/wp-json\/wp\/v2\/media?parent=2961"}],"wp:term":[{"taxonomy":"category","embeddable":true,"href":"https:\/\/sulsc.com\/index.php\/wp-json\/wp\/v2\/categories?post=2961"},{"taxonomy":"post_tag","embeddable":true,"href":"https:\/\/sulsc.com\/index.php\/wp-json\/wp\/v2\/tags?post=2961"}],"curies":[{"name":"wp","href":"https:\/\/api.w.org\/{rel}","templated":true}]}}