{"id":29652,"date":"2025-11-14T07:52:16","date_gmt":"2025-11-14T10:52:16","guid":{"rendered":"https:\/\/sulsc.com\/?p=29652"},"modified":"2025-11-14T07:52:16","modified_gmt":"2025-11-14T10:52:16","slug":"suspeito-de-executar-vitima-com-45-tiros-e-preso-em-garopaba","status":"publish","type":"post","link":"https:\/\/sulsc.com\/index.php\/2025\/11\/14\/suspeito-de-executar-vitima-com-45-tiros-e-preso-em-garopaba\/","title":{"rendered":"Suspeito de executar vitima com 45 tiros \u00e9 preso em Garopaba"},"content":{"rendered":"<p>A Pol\u00edcia Civil de Santa Catarina, por meio da Delegacia de Pol\u00edcia do Munic\u00edpio de Paulo Lopes, com apoio da Delegacia de Pol\u00edcia da Comarca de Garopaba e da Coordenadoria de Opera\u00e7\u00f5es Especiais (CORE\/PCSC), cumpriu na manh\u00e3 desta quinta-feira (13), mandado de busca, apreens\u00e3o e pris\u00e3o contra um dos suspeitos do homic\u00eddio ocorrido no bairro Penha, em 29 de setembro deste ano.<\/p>\n<p>Na ocasi\u00e3o, a v\u00edtima Jonata Pereira Fernandes foi executada com extrema viol\u00eancia, sendo alvejada por cerca de 45 disparos de arma de fogo calibre 9mm, dos quais 31 atingiram seu corpo. O crime chocou a comunidade e gerou intensa mobiliza\u00e7\u00e3o das for\u00e7as de seguran\u00e7a.<\/p>\n<div id=\"metaslider-id-25573\" style=\"width: 100%;\" class=\"ml-slider-3-99-0 metaslider metaslider-flex metaslider-25573 ml-slider has-onhover-arrows ms-theme-default-base has-dots-nav\" role=\"region\" aria-label=\"Meio\" data-width=\"1200\">\n    <div id=\"metaslider_container_25573\">\n        <div id=\"metaslider_25573\">\n            <ul class='slides'>\n                <li style=\"display: block; width: 100%;\" class=\"slide-25684 ms-image \" aria-roledescription=\"slide\" data-date=\"2025-07-24 07:55:40\"><img src=\"https:\/\/sulsc.com\/wp-content\/uploads\/2025\/07\/Marr-2-1000x166.jpg\" height=\"200\" width=\"1200\" alt=\"\" class=\"slider-25573 slide-25684 msDefaultImage\" title=\"Marr 2\" \/><\/li>\n                <li style=\"display: none; width: 100%;\" class=\"slide-32412 ms-image \" aria-roledescription=\"slide\" data-date=\"2026-02-18 13:59:46\"><img src=\"https:\/\/sulsc.com\/wp-content\/uploads\/2026\/02\/40dc1580-cad5-4867-bc58-c4243821ad38-1000x166.jpeg\" height=\"200\" width=\"1200\" alt=\"\" class=\"slider-25573 slide-32412 msDefaultImage\" title=\"40dc1580-cad5-4867-bc58-c4243821ad38\" \/><\/li>\n                <li style=\"display: none; width: 100%;\" class=\"slide-32766 ms-image \" aria-roledescription=\"slide\" data-date=\"2026-03-03 17:22:59\"><img src=\"https:\/\/sulsc.com\/wp-content\/uploads\/2026\/03\/271ce739-f268-41c5-8051-3de1a1750359-1000x166.jpeg\" height=\"200\" width=\"1200\" alt=\"\" class=\"slider-25573 slide-32766 msDefaultImage\" title=\"271ce739-f268-41c5-8051-3de1a1750359\" \/><\/li>\n            <\/ul>\n        <\/div>\n        \n    <\/div>\n<\/div>\n<p>Ap\u00f3s um trabalho investigativo minucioso conduzido pela Pol\u00edcia Civil de Paulo Lopes, que contou com a colabora\u00e7\u00e3o de policiais militares de Santa Catarina e com o apoio estrat\u00e9gico do setor de intelig\u00eancia da Pol\u00edcia Rodovi\u00e1ria Federal (PRF), foi poss\u00edvel identificar e qualificar um dos suspeitos do crime.<\/p>\n<p>Na manh\u00e3 de hoje, o investigado foi localizado e preso no bairro Monte Verde, em Florian\u00f3polis. Ele foi interrogado pela equipe policial e, ap\u00f3s os procedimentos de praxe, encaminhado ao Pres\u00eddio Estadual da Capital.<\/p>\n<p>&nbsp;<\/p>\n<p><img fetchpriority=\"high\" decoding=\"async\" class=\"aligncenter size-full wp-image-1176\" src=\"http:\/\/sulsc.com\/wp-content\/uploads\/2023\/09\/policia-civil.jpg\" alt=\"\" width=\"950\" height=\"633\" srcset=\"https:\/\/sulsc.com\/wp-content\/uploads\/2023\/09\/policia-civil.jpg 950w, https:\/\/sulsc.com\/wp-content\/uploads\/2023\/09\/policia-civil-300x200.jpg 300w, https:\/\/sulsc.com\/wp-content\/uploads\/2023\/09\/policia-civil-768x512.jpg 768w\" sizes=\"(max-width: 950px) 100vw, 950px\" \/><\/p>\n<p><strong>Foto: PCSC\/Divulga\u00e7\u00e3o\/SulSC<\/strong><\/p>\n<p>A Pol\u00edcia Civil destaca que as investiga\u00e7\u00f5es continuam, com dilig\u00eancias em andamento para identificar e responsabilizar outros envolvidos no homic\u00eddio ocorrido no bairro Penha.<\/p>\n<p>O material apreendido est\u00e1 sendo analisado, e novas per\u00edcias ser\u00e3o realizadas para ampliar o conjunto probat\u00f3rio.<\/p>\n<p>A a\u00e7\u00e3o demonstra o comprometimento da Pol\u00edcia Civil de Santa Catarina em apurar crimes graves e garantir que seus autores sejam responsabilizados, refor\u00e7ando a seguran\u00e7a e a tranquilidade da popula\u00e7\u00e3o de Paulo Lopes e regi\u00e3o.<\/p>\n<p>Fonte: PCSC de Laguna<\/p>\n","protected":false},"excerpt":{"rendered":"<p>A Pol\u00edcia Civil de Santa Catarina, por meio da Delegacia de Pol\u00edcia do Munic\u00edpio de Paulo Lopes, com apoio da Delegacia de Pol\u00edcia da Comarca de Garopaba e da Coordenadoria de Opera\u00e7\u00f5es Especiais (CORE\/PCSC), cumpriu na manh\u00e3 desta quinta-feira (13), mandado de busca, apreens\u00e3o e pris\u00e3o contra um dos suspeitos do homic\u00eddio ocorrido no bairro &hellip;<\/p>\n<p class=\"read-more\"> <a class=\"\" href=\"https:\/\/sulsc.com\/index.php\/2025\/11\/14\/suspeito-de-executar-vitima-com-45-tiros-e-preso-em-garopaba\/\"> <span class=\"screen-reader-text\">Suspeito de executar vitima com 45 tiros \u00e9 preso em Garopaba<\/span> Read More &raquo;<\/a><\/p>\n","protected":false},"author":3,"featured_media":5605,"comment_status":"open","ping_status":"open","sticky":false,"template":"","format":"standard","meta":{"site-sidebar-layout":"default","site-content-layout":"","ast-site-content-layout":"default","site-content-style":"default","site-sidebar-style":"default","ast-global-header-display":"","ast-banner-title-visibility":"","ast-main-header-display":"","ast-hfb-above-header-display":"","ast-hfb-below-header-display":"","ast-hfb-mobile-header-display":"","site-post-title":"","ast-breadcrumbs-content":"","ast-featured-img":"","footer-sml-layout":"","theme-transparent-header-meta":"default","adv-header-id-meta":"","stick-header-meta":"","header-above-stick-meta":"","header-main-stick-meta":"","header-below-stick-meta":"","astra-migrate-meta-layouts":"set","footnotes":""},"categories":[2231,1982,1,8,12],"tags":[722,185],"yoast_head":"<!-- This site is optimized with the Yoast SEO plugin v21.4 - https:\/\/yoast.com\/wordpress\/plugins\/seo\/ -->\n<title>Suspeito de executar vitima com 45 tiros \u00e9 preso em Garopaba -<\/title>\n<meta name=\"robots\" content=\"index, follow, max-snippet:-1, max-image-preview:large, max-video-preview:-1\" \/>\n<link rel=\"canonical\" href=\"https:\/\/sulsc.com\/index.php\/2025\/11\/14\/suspeito-de-executar-vitima-com-45-tiros-e-preso-em-garopaba\/\" \/>\n<meta property=\"og:locale\" content=\"en_US\" \/>\n<meta property=\"og:type\" content=\"article\" \/>\n<meta property=\"og:title\" content=\"Suspeito de executar vitima com 45 tiros \u00e9 preso em Garopaba -\" \/>\n<meta property=\"og:description\" content=\"A Pol\u00edcia Civil de Santa Catarina, por meio da Delegacia de Pol\u00edcia do Munic\u00edpio de Paulo Lopes, com apoio da Delegacia de Pol\u00edcia da Comarca de Garopaba e da Coordenadoria de Opera\u00e7\u00f5es Especiais (CORE\/PCSC), cumpriu na manh\u00e3 desta quinta-feira (13), mandado de busca, apreens\u00e3o e pris\u00e3o contra um dos suspeitos do homic\u00eddio ocorrido no bairro &hellip; Suspeito de executar vitima com 45 tiros \u00e9 preso em Garopaba Read More &raquo;\" \/>\n<meta property=\"og:url\" content=\"https:\/\/sulsc.com\/index.php\/2025\/11\/14\/suspeito-de-executar-vitima-com-45-tiros-e-preso-em-garopaba\/\" \/>\n<meta property=\"article:author\" content=\"https:\/\/www.facebook.com\/profile.php?id=61559278119680\" \/>\n<meta property=\"article:published_time\" content=\"2025-11-14T10:52:16+00:00\" \/>\n<meta property=\"og:image\" content=\"http:\/\/sulsc.com\/wp-content\/uploads\/2023\/12\/policia_civil_20220528_1694566214.jpg\" \/>\n\t<meta property=\"og:image:width\" content=\"620\" \/>\n\t<meta property=\"og:image:height\" content=\"413\" \/>\n\t<meta property=\"og:image:type\" content=\"image\/jpeg\" \/>\n<meta name=\"author\" content=\"Reda\u00e7\u00e3o Sul SC\" \/>\n<meta name=\"twitter:card\" content=\"summary_large_image\" \/>\n<meta name=\"twitter:creator\" content=\"@https:\/\/twitter.com\/PortalSulSC\" \/>\n<meta name=\"twitter:label1\" content=\"Written by\" \/>\n\t<meta name=\"twitter:data1\" content=\"Reda\u00e7\u00e3o Sul SC\" \/>\n\t<meta name=\"twitter:label2\" content=\"Est. reading time\" \/>\n\t<meta name=\"twitter:data2\" content=\"2 minutes\" \/>\n<script type=\"application\/ld+json\" class=\"yoast-schema-graph\">{\"@context\":\"https:\/\/schema.org\",\"@graph\":[{\"@type\":\"WebPage\",\"@id\":\"https:\/\/sulsc.com\/index.php\/2025\/11\/14\/suspeito-de-executar-vitima-com-45-tiros-e-preso-em-garopaba\/\",\"url\":\"https:\/\/sulsc.com\/index.php\/2025\/11\/14\/suspeito-de-executar-vitima-com-45-tiros-e-preso-em-garopaba\/\",\"name\":\"Suspeito de executar vitima com 45 tiros \u00e9 preso em Garopaba -\",\"isPartOf\":{\"@id\":\"https:\/\/sulsc.com\/#website\"},\"datePublished\":\"2025-11-14T10:52:16+00:00\",\"dateModified\":\"2025-11-14T10:52:16+00:00\",\"author\":{\"@id\":\"https:\/\/sulsc.com\/#\/schema\/person\/84d2fc571684f6248ba83092f07750a3\"},\"breadcrumb\":{\"@id\":\"https:\/\/sulsc.com\/index.php\/2025\/11\/14\/suspeito-de-executar-vitima-com-45-tiros-e-preso-em-garopaba\/#breadcrumb\"},\"inLanguage\":\"en-US\",\"potentialAction\":[{\"@type\":\"ReadAction\",\"target\":[\"https:\/\/sulsc.com\/index.php\/2025\/11\/14\/suspeito-de-executar-vitima-com-45-tiros-e-preso-em-garopaba\/\"]}]},{\"@type\":\"BreadcrumbList\",\"@id\":\"https:\/\/sulsc.com\/index.php\/2025\/11\/14\/suspeito-de-executar-vitima-com-45-tiros-e-preso-em-garopaba\/#breadcrumb\",\"itemListElement\":[{\"@type\":\"ListItem\",\"position\":1,\"name\":\"In\u00edcio\",\"item\":\"https:\/\/sulsc.com\/\"},{\"@type\":\"ListItem\",\"position\":2,\"name\":\"Suspeito de executar vitima com 45 tiros \u00e9 preso em Garopaba\"}]},{\"@type\":\"WebSite\",\"@id\":\"https:\/\/sulsc.com\/#website\",\"url\":\"https:\/\/sulsc.com\/\",\"name\":\"\",\"description\":\"\",\"potentialAction\":[{\"@type\":\"SearchAction\",\"target\":{\"@type\":\"EntryPoint\",\"urlTemplate\":\"https:\/\/sulsc.com\/?s={search_term_string}\"},\"query-input\":\"required name=search_term_string\"}],\"inLanguage\":\"en-US\"},{\"@type\":\"Person\",\"@id\":\"https:\/\/sulsc.com\/#\/schema\/person\/84d2fc571684f6248ba83092f07750a3\",\"name\":\"Reda\u00e7\u00e3o Sul SC\",\"image\":{\"@type\":\"ImageObject\",\"inLanguage\":\"en-US\",\"@id\":\"https:\/\/sulsc.com\/#\/schema\/person\/image\/e08d7fe2cc4ed596372063bbe852b8d0\",\"url\":\"https:\/\/sulsc.com\/wp-content\/uploads\/2023\/09\/redacao.png\",\"contentUrl\":\"https:\/\/sulsc.com\/wp-content\/uploads\/2023\/09\/redacao.png\",\"caption\":\"Reda\u00e7\u00e3o Sul SC\"},\"description\":\"Foco em um jornalismo imparcial, voltado \u00e0 qualidade dos seus conte\u00fados e, assim, levar informa\u00e7\u00e3o de valor que agregue \u00e0 vida dos leitores. Esta \u00e9 grande miss\u00e3o do Portal de Not\u00edcias Sul SC. N\u00e3o \u00e9 quantidade que muda o mundo, sempre foi e seguir\u00e1 sendo qualidade!\",\"sameAs\":[\"https:\/\/sulsc.com\/\",\"https:\/\/www.facebook.com\/profile.php?id=61559278119680\",\"https:\/\/www.instagram.com\/sulscportal\/?hl=pt-br\",\"https:\/\/twitter.com\/https:\/\/twitter.com\/PortalSulSC\",\"https:\/\/www.youtube.com\/channel\/UCv_BE8GeySluDov2n8qhVmw\"],\"url\":\"https:\/\/sulsc.com\/index.php\/author\/redacao\/\"}]}<\/script>\n<!-- \/ Yoast SEO plugin. -->","yoast_head_json":{"title":"Suspeito de executar vitima com 45 tiros \u00e9 preso em Garopaba -","robots":{"index":"index","follow":"follow","max-snippet":"max-snippet:-1","max-image-preview":"max-image-preview:large","max-video-preview":"max-video-preview:-1"},"canonical":"https:\/\/sulsc.com\/index.php\/2025\/11\/14\/suspeito-de-executar-vitima-com-45-tiros-e-preso-em-garopaba\/","og_locale":"en_US","og_type":"article","og_title":"Suspeito de executar vitima com 45 tiros \u00e9 preso em Garopaba -","og_description":"A Pol\u00edcia Civil de Santa Catarina, por meio da Delegacia de Pol\u00edcia do Munic\u00edpio de Paulo Lopes, com apoio da Delegacia de Pol\u00edcia da Comarca de Garopaba e da Coordenadoria de Opera\u00e7\u00f5es Especiais (CORE\/PCSC), cumpriu na manh\u00e3 desta quinta-feira (13), mandado de busca, apreens\u00e3o e pris\u00e3o contra um dos suspeitos do homic\u00eddio ocorrido no bairro &hellip; Suspeito de executar vitima com 45 tiros \u00e9 preso em Garopaba Read More &raquo;","og_url":"https:\/\/sulsc.com\/index.php\/2025\/11\/14\/suspeito-de-executar-vitima-com-45-tiros-e-preso-em-garopaba\/","article_author":"https:\/\/www.facebook.com\/profile.php?id=61559278119680","article_published_time":"2025-11-14T10:52:16+00:00","og_image":[{"width":620,"height":413,"url":"http:\/\/sulsc.com\/wp-content\/uploads\/2023\/12\/policia_civil_20220528_1694566214.jpg","type":"image\/jpeg"}],"author":"Reda\u00e7\u00e3o Sul SC","twitter_card":"summary_large_image","twitter_creator":"@https:\/\/twitter.com\/PortalSulSC","twitter_misc":{"Written by":"Reda\u00e7\u00e3o Sul SC","Est. reading time":"2 minutes"},"schema":{"@context":"https:\/\/schema.org","@graph":[{"@type":"WebPage","@id":"https:\/\/sulsc.com\/index.php\/2025\/11\/14\/suspeito-de-executar-vitima-com-45-tiros-e-preso-em-garopaba\/","url":"https:\/\/sulsc.com\/index.php\/2025\/11\/14\/suspeito-de-executar-vitima-com-45-tiros-e-preso-em-garopaba\/","name":"Suspeito de executar vitima com 45 tiros \u00e9 preso em Garopaba -","isPartOf":{"@id":"https:\/\/sulsc.com\/#website"},"datePublished":"2025-11-14T10:52:16+00:00","dateModified":"2025-11-14T10:52:16+00:00","author":{"@id":"https:\/\/sulsc.com\/#\/schema\/person\/84d2fc571684f6248ba83092f07750a3"},"breadcrumb":{"@id":"https:\/\/sulsc.com\/index.php\/2025\/11\/14\/suspeito-de-executar-vitima-com-45-tiros-e-preso-em-garopaba\/#breadcrumb"},"inLanguage":"en-US","potentialAction":[{"@type":"ReadAction","target":["https:\/\/sulsc.com\/index.php\/2025\/11\/14\/suspeito-de-executar-vitima-com-45-tiros-e-preso-em-garopaba\/"]}]},{"@type":"BreadcrumbList","@id":"https:\/\/sulsc.com\/index.php\/2025\/11\/14\/suspeito-de-executar-vitima-com-45-tiros-e-preso-em-garopaba\/#breadcrumb","itemListElement":[{"@type":"ListItem","position":1,"name":"In\u00edcio","item":"https:\/\/sulsc.com\/"},{"@type":"ListItem","position":2,"name":"Suspeito de executar vitima com 45 tiros \u00e9 preso em Garopaba"}]},{"@type":"WebSite","@id":"https:\/\/sulsc.com\/#website","url":"https:\/\/sulsc.com\/","name":"","description":"","potentialAction":[{"@type":"SearchAction","target":{"@type":"EntryPoint","urlTemplate":"https:\/\/sulsc.com\/?s={search_term_string}"},"query-input":"required name=search_term_string"}],"inLanguage":"en-US"},{"@type":"Person","@id":"https:\/\/sulsc.com\/#\/schema\/person\/84d2fc571684f6248ba83092f07750a3","name":"Reda\u00e7\u00e3o Sul SC","image":{"@type":"ImageObject","inLanguage":"en-US","@id":"https:\/\/sulsc.com\/#\/schema\/person\/image\/e08d7fe2cc4ed596372063bbe852b8d0","url":"https:\/\/sulsc.com\/wp-content\/uploads\/2023\/09\/redacao.png","contentUrl":"https:\/\/sulsc.com\/wp-content\/uploads\/2023\/09\/redacao.png","caption":"Reda\u00e7\u00e3o Sul SC"},"description":"Foco em um jornalismo imparcial, voltado \u00e0 qualidade dos seus conte\u00fados e, assim, levar informa\u00e7\u00e3o de valor que agregue \u00e0 vida dos leitores. Esta \u00e9 grande miss\u00e3o do Portal de Not\u00edcias Sul SC. N\u00e3o \u00e9 quantidade que muda o mundo, sempre foi e seguir\u00e1 sendo qualidade!","sameAs":["https:\/\/sulsc.com\/","https:\/\/www.facebook.com\/profile.php?id=61559278119680","https:\/\/www.instagram.com\/sulscportal\/?hl=pt-br","https:\/\/twitter.com\/https:\/\/twitter.com\/PortalSulSC","https:\/\/www.youtube.com\/channel\/UCv_BE8GeySluDov2n8qhVmw"],"url":"https:\/\/sulsc.com\/index.php\/author\/redacao\/"}]}},"authors":[],"_links":{"self":[{"href":"https:\/\/sulsc.com\/index.php\/wp-json\/wp\/v2\/posts\/29652"}],"collection":[{"href":"https:\/\/sulsc.com\/index.php\/wp-json\/wp\/v2\/posts"}],"about":[{"href":"https:\/\/sulsc.com\/index.php\/wp-json\/wp\/v2\/types\/post"}],"author":[{"embeddable":true,"href":"https:\/\/sulsc.com\/index.php\/wp-json\/wp\/v2\/users\/3"}],"replies":[{"embeddable":true,"href":"https:\/\/sulsc.com\/index.php\/wp-json\/wp\/v2\/comments?post=29652"}],"version-history":[{"count":1,"href":"https:\/\/sulsc.com\/index.php\/wp-json\/wp\/v2\/posts\/29652\/revisions"}],"predecessor-version":[{"id":29653,"href":"https:\/\/sulsc.com\/index.php\/wp-json\/wp\/v2\/posts\/29652\/revisions\/29653"}],"wp:featuredmedia":[{"embeddable":true,"href":"https:\/\/sulsc.com\/index.php\/wp-json\/wp\/v2\/media\/5605"}],"wp:attachment":[{"href":"https:\/\/sulsc.com\/index.php\/wp-json\/wp\/v2\/media?parent=29652"}],"wp:term":[{"taxonomy":"category","embeddable":true,"href":"https:\/\/sulsc.com\/index.php\/wp-json\/wp\/v2\/categories?post=29652"},{"taxonomy":"post_tag","embeddable":true,"href":"https:\/\/sulsc.com\/index.php\/wp-json\/wp\/v2\/tags?post=29652"}],"curies":[{"name":"wp","href":"https:\/\/api.w.org\/{rel}","templated":true}]}}