{"id":29663,"date":"2025-11-14T08:13:14","date_gmt":"2025-11-14T11:13:14","guid":{"rendered":"https:\/\/sulsc.com\/?p=29663"},"modified":"2025-11-14T08:13:47","modified_gmt":"2025-11-14T11:13:47","slug":"policia-apreende-tatus-congelados-e-municoes-em-grao-para","status":"publish","type":"post","link":"https:\/\/sulsc.com\/index.php\/2025\/11\/14\/policia-apreende-tatus-congelados-e-municoes-em-grao-para\/","title":{"rendered":"Pol\u00edcia apreende tatus congelados e muni\u00e7\u00f5es em Gr\u00e3o-Par\u00e1"},"content":{"rendered":"<p>Muni\u00e7\u00f5es e cinco tatus congelados foram apreendidos na tarde desta quinta-feira (13), em Gr\u00e3o-Par\u00e1. O alvo da a\u00e7\u00e3o da Pol\u00edcia Civil, que teve apoio da Pol\u00edcia Militar (PM) foi um homem de 49 anos, investigado por crime ambiental.<\/p>\n<p>Na casa dele, os policiais encontraram 50 muni\u00e7\u00f5es de calibre 22 e os animais em um freezer. O suspeito foi preso em flagrante pelos crimes de posse irregular de muni\u00e7\u00e3o e por manter em dep\u00f3sito as esp\u00e9cies de fauna silvestre abatidos.<\/p>\n<p>A legisla\u00e7\u00e3o brasileira prev\u00ea a possibilidade de arbitrar fian\u00e7a. O investigado quitou o valor de R$ 2 mil e responder\u00e1 o processo em liberdade. Os tatus e as muni\u00e7\u00f5es foram recolhidos e os \u00f3rg\u00e3os ambientais comunicados.<\/p>\n<p><img fetchpriority=\"high\" decoding=\"async\" class=\"alignnone size-full wp-image-29664\" src=\"http:\/\/sulsc.com\/wp-content\/uploads\/2025\/11\/Tatus-congelados.jpg\" alt=\"\" width=\"1080\" height=\"720\" srcset=\"https:\/\/sulsc.com\/wp-content\/uploads\/2025\/11\/Tatus-congelados.jpg 1080w, https:\/\/sulsc.com\/wp-content\/uploads\/2025\/11\/Tatus-congelados-300x200.jpg 300w, https:\/\/sulsc.com\/wp-content\/uploads\/2025\/11\/Tatus-congelados-1024x683.jpg 1024w, https:\/\/sulsc.com\/wp-content\/uploads\/2025\/11\/Tatus-congelados-768x512.jpg 768w\" sizes=\"(max-width: 1080px) 100vw, 1080px\" \/><\/p>\n<p><em>Fonte: Engeplus<\/em><\/p>\n","protected":false},"excerpt":{"rendered":"<p>Muni\u00e7\u00f5es e cinco tatus congelados foram apreendidos na tarde desta quinta-feira (13), em Gr\u00e3o-Par\u00e1. O alvo da a\u00e7\u00e3o da Pol\u00edcia Civil, que teve apoio da Pol\u00edcia Militar (PM) foi um homem de 49 anos, investigado por crime ambiental. Na casa dele, os policiais encontraram 50 muni\u00e7\u00f5es de calibre 22 e os animais em um freezer. &hellip;<\/p>\n<p class=\"read-more\"> <a class=\"\" href=\"https:\/\/sulsc.com\/index.php\/2025\/11\/14\/policia-apreende-tatus-congelados-e-municoes-em-grao-para\/\"> <span class=\"screen-reader-text\">Pol\u00edcia apreende tatus congelados e muni\u00e7\u00f5es em Gr\u00e3o-Par\u00e1<\/span> Read More &raquo;<\/a><\/p>\n","protected":false},"author":3,"featured_media":29664,"comment_status":"open","ping_status":"open","sticky":false,"template":"","format":"standard","meta":{"site-sidebar-layout":"default","site-content-layout":"","ast-site-content-layout":"default","site-content-style":"default","site-sidebar-style":"default","ast-global-header-display":"","ast-banner-title-visibility":"","ast-main-header-display":"","ast-hfb-above-header-display":"","ast-hfb-below-header-display":"","ast-hfb-mobile-header-display":"","site-post-title":"","ast-breadcrumbs-content":"","ast-featured-img":"","footer-sml-layout":"","theme-transparent-header-meta":"default","adv-header-id-meta":"","stick-header-meta":"","header-above-stick-meta":"","header-main-stick-meta":"","header-below-stick-meta":"","astra-migrate-meta-layouts":"set","footnotes":""},"categories":[8,12],"tags":[538,2725],"yoast_head":"<!-- This site is optimized with the Yoast SEO plugin v21.4 - https:\/\/yoast.com\/wordpress\/plugins\/seo\/ -->\n<title>Pol\u00edcia apreende tatus congelados e muni\u00e7\u00f5es em Gr\u00e3o-Par\u00e1 -<\/title>\n<meta name=\"robots\" content=\"index, follow, max-snippet:-1, max-image-preview:large, max-video-preview:-1\" \/>\n<link rel=\"canonical\" href=\"https:\/\/sulsc.com\/index.php\/2025\/11\/14\/policia-apreende-tatus-congelados-e-municoes-em-grao-para\/\" \/>\n<meta property=\"og:locale\" content=\"en_US\" \/>\n<meta property=\"og:type\" content=\"article\" \/>\n<meta property=\"og:title\" content=\"Pol\u00edcia apreende tatus congelados e muni\u00e7\u00f5es em Gr\u00e3o-Par\u00e1 -\" \/>\n<meta property=\"og:description\" content=\"Muni\u00e7\u00f5es e cinco tatus congelados foram apreendidos na tarde desta quinta-feira (13), em Gr\u00e3o-Par\u00e1. O alvo da a\u00e7\u00e3o da Pol\u00edcia Civil, que teve apoio da Pol\u00edcia Militar (PM) foi um homem de 49 anos, investigado por crime ambiental. Na casa dele, os policiais encontraram 50 muni\u00e7\u00f5es de calibre 22 e os animais em um freezer. &hellip; Pol\u00edcia apreende tatus congelados e muni\u00e7\u00f5es em Gr\u00e3o-Par\u00e1 Read More &raquo;\" \/>\n<meta property=\"og:url\" content=\"https:\/\/sulsc.com\/index.php\/2025\/11\/14\/policia-apreende-tatus-congelados-e-municoes-em-grao-para\/\" \/>\n<meta property=\"article:author\" content=\"https:\/\/www.facebook.com\/profile.php?id=61559278119680\" \/>\n<meta property=\"article:published_time\" content=\"2025-11-14T11:13:14+00:00\" \/>\n<meta property=\"article:modified_time\" content=\"2025-11-14T11:13:47+00:00\" \/>\n<meta property=\"og:image\" content=\"http:\/\/sulsc.com\/wp-content\/uploads\/2025\/11\/Tatus-congelados.jpg\" \/>\n\t<meta property=\"og:image:width\" content=\"1080\" \/>\n\t<meta property=\"og:image:height\" content=\"720\" \/>\n\t<meta property=\"og:image:type\" content=\"image\/jpeg\" \/>\n<meta name=\"author\" content=\"Reda\u00e7\u00e3o Sul SC\" \/>\n<meta name=\"twitter:card\" content=\"summary_large_image\" \/>\n<meta name=\"twitter:creator\" content=\"@https:\/\/twitter.com\/PortalSulSC\" \/>\n<meta name=\"twitter:label1\" content=\"Written by\" \/>\n\t<meta name=\"twitter:data1\" content=\"Reda\u00e7\u00e3o Sul SC\" \/>\n\t<meta name=\"twitter:label2\" content=\"Est. reading time\" \/>\n\t<meta name=\"twitter:data2\" content=\"1 minute\" \/>\n<script type=\"application\/ld+json\" class=\"yoast-schema-graph\">{\"@context\":\"https:\/\/schema.org\",\"@graph\":[{\"@type\":\"WebPage\",\"@id\":\"https:\/\/sulsc.com\/index.php\/2025\/11\/14\/policia-apreende-tatus-congelados-e-municoes-em-grao-para\/\",\"url\":\"https:\/\/sulsc.com\/index.php\/2025\/11\/14\/policia-apreende-tatus-congelados-e-municoes-em-grao-para\/\",\"name\":\"Pol\u00edcia apreende tatus congelados e muni\u00e7\u00f5es em Gr\u00e3o-Par\u00e1 -\",\"isPartOf\":{\"@id\":\"https:\/\/sulsc.com\/#website\"},\"datePublished\":\"2025-11-14T11:13:14+00:00\",\"dateModified\":\"2025-11-14T11:13:47+00:00\",\"author\":{\"@id\":\"https:\/\/sulsc.com\/#\/schema\/person\/84d2fc571684f6248ba83092f07750a3\"},\"breadcrumb\":{\"@id\":\"https:\/\/sulsc.com\/index.php\/2025\/11\/14\/policia-apreende-tatus-congelados-e-municoes-em-grao-para\/#breadcrumb\"},\"inLanguage\":\"en-US\",\"potentialAction\":[{\"@type\":\"ReadAction\",\"target\":[\"https:\/\/sulsc.com\/index.php\/2025\/11\/14\/policia-apreende-tatus-congelados-e-municoes-em-grao-para\/\"]}]},{\"@type\":\"BreadcrumbList\",\"@id\":\"https:\/\/sulsc.com\/index.php\/2025\/11\/14\/policia-apreende-tatus-congelados-e-municoes-em-grao-para\/#breadcrumb\",\"itemListElement\":[{\"@type\":\"ListItem\",\"position\":1,\"name\":\"In\u00edcio\",\"item\":\"https:\/\/sulsc.com\/\"},{\"@type\":\"ListItem\",\"position\":2,\"name\":\"Pol\u00edcia apreende tatus congelados e muni\u00e7\u00f5es em Gr\u00e3o-Par\u00e1\"}]},{\"@type\":\"WebSite\",\"@id\":\"https:\/\/sulsc.com\/#website\",\"url\":\"https:\/\/sulsc.com\/\",\"name\":\"\",\"description\":\"\",\"potentialAction\":[{\"@type\":\"SearchAction\",\"target\":{\"@type\":\"EntryPoint\",\"urlTemplate\":\"https:\/\/sulsc.com\/?s={search_term_string}\"},\"query-input\":\"required name=search_term_string\"}],\"inLanguage\":\"en-US\"},{\"@type\":\"Person\",\"@id\":\"https:\/\/sulsc.com\/#\/schema\/person\/84d2fc571684f6248ba83092f07750a3\",\"name\":\"Reda\u00e7\u00e3o Sul SC\",\"image\":{\"@type\":\"ImageObject\",\"inLanguage\":\"en-US\",\"@id\":\"https:\/\/sulsc.com\/#\/schema\/person\/image\/e08d7fe2cc4ed596372063bbe852b8d0\",\"url\":\"https:\/\/sulsc.com\/wp-content\/uploads\/2023\/09\/redacao.png\",\"contentUrl\":\"https:\/\/sulsc.com\/wp-content\/uploads\/2023\/09\/redacao.png\",\"caption\":\"Reda\u00e7\u00e3o Sul SC\"},\"description\":\"Foco em um jornalismo imparcial, voltado \u00e0 qualidade dos seus conte\u00fados e, assim, levar informa\u00e7\u00e3o de valor que agregue \u00e0 vida dos leitores. Esta \u00e9 grande miss\u00e3o do Portal de Not\u00edcias Sul SC. N\u00e3o \u00e9 quantidade que muda o mundo, sempre foi e seguir\u00e1 sendo qualidade!\",\"sameAs\":[\"https:\/\/sulsc.com\/\",\"https:\/\/www.facebook.com\/profile.php?id=61559278119680\",\"https:\/\/www.instagram.com\/sulscportal\/?hl=pt-br\",\"https:\/\/twitter.com\/https:\/\/twitter.com\/PortalSulSC\",\"https:\/\/www.youtube.com\/channel\/UCv_BE8GeySluDov2n8qhVmw\"],\"url\":\"https:\/\/sulsc.com\/index.php\/author\/redacao\/\"}]}<\/script>\n<!-- \/ Yoast SEO plugin. -->","yoast_head_json":{"title":"Pol\u00edcia apreende tatus congelados e muni\u00e7\u00f5es em Gr\u00e3o-Par\u00e1 -","robots":{"index":"index","follow":"follow","max-snippet":"max-snippet:-1","max-image-preview":"max-image-preview:large","max-video-preview":"max-video-preview:-1"},"canonical":"https:\/\/sulsc.com\/index.php\/2025\/11\/14\/policia-apreende-tatus-congelados-e-municoes-em-grao-para\/","og_locale":"en_US","og_type":"article","og_title":"Pol\u00edcia apreende tatus congelados e muni\u00e7\u00f5es em Gr\u00e3o-Par\u00e1 -","og_description":"Muni\u00e7\u00f5es e cinco tatus congelados foram apreendidos na tarde desta quinta-feira (13), em Gr\u00e3o-Par\u00e1. O alvo da a\u00e7\u00e3o da Pol\u00edcia Civil, que teve apoio da Pol\u00edcia Militar (PM) foi um homem de 49 anos, investigado por crime ambiental. Na casa dele, os policiais encontraram 50 muni\u00e7\u00f5es de calibre 22 e os animais em um freezer. &hellip; Pol\u00edcia apreende tatus congelados e muni\u00e7\u00f5es em Gr\u00e3o-Par\u00e1 Read More &raquo;","og_url":"https:\/\/sulsc.com\/index.php\/2025\/11\/14\/policia-apreende-tatus-congelados-e-municoes-em-grao-para\/","article_author":"https:\/\/www.facebook.com\/profile.php?id=61559278119680","article_published_time":"2025-11-14T11:13:14+00:00","article_modified_time":"2025-11-14T11:13:47+00:00","og_image":[{"width":1080,"height":720,"url":"http:\/\/sulsc.com\/wp-content\/uploads\/2025\/11\/Tatus-congelados.jpg","type":"image\/jpeg"}],"author":"Reda\u00e7\u00e3o Sul SC","twitter_card":"summary_large_image","twitter_creator":"@https:\/\/twitter.com\/PortalSulSC","twitter_misc":{"Written by":"Reda\u00e7\u00e3o Sul SC","Est. reading time":"1 minute"},"schema":{"@context":"https:\/\/schema.org","@graph":[{"@type":"WebPage","@id":"https:\/\/sulsc.com\/index.php\/2025\/11\/14\/policia-apreende-tatus-congelados-e-municoes-em-grao-para\/","url":"https:\/\/sulsc.com\/index.php\/2025\/11\/14\/policia-apreende-tatus-congelados-e-municoes-em-grao-para\/","name":"Pol\u00edcia apreende tatus congelados e muni\u00e7\u00f5es em Gr\u00e3o-Par\u00e1 -","isPartOf":{"@id":"https:\/\/sulsc.com\/#website"},"datePublished":"2025-11-14T11:13:14+00:00","dateModified":"2025-11-14T11:13:47+00:00","author":{"@id":"https:\/\/sulsc.com\/#\/schema\/person\/84d2fc571684f6248ba83092f07750a3"},"breadcrumb":{"@id":"https:\/\/sulsc.com\/index.php\/2025\/11\/14\/policia-apreende-tatus-congelados-e-municoes-em-grao-para\/#breadcrumb"},"inLanguage":"en-US","potentialAction":[{"@type":"ReadAction","target":["https:\/\/sulsc.com\/index.php\/2025\/11\/14\/policia-apreende-tatus-congelados-e-municoes-em-grao-para\/"]}]},{"@type":"BreadcrumbList","@id":"https:\/\/sulsc.com\/index.php\/2025\/11\/14\/policia-apreende-tatus-congelados-e-municoes-em-grao-para\/#breadcrumb","itemListElement":[{"@type":"ListItem","position":1,"name":"In\u00edcio","item":"https:\/\/sulsc.com\/"},{"@type":"ListItem","position":2,"name":"Pol\u00edcia apreende tatus congelados e muni\u00e7\u00f5es em Gr\u00e3o-Par\u00e1"}]},{"@type":"WebSite","@id":"https:\/\/sulsc.com\/#website","url":"https:\/\/sulsc.com\/","name":"","description":"","potentialAction":[{"@type":"SearchAction","target":{"@type":"EntryPoint","urlTemplate":"https:\/\/sulsc.com\/?s={search_term_string}"},"query-input":"required name=search_term_string"}],"inLanguage":"en-US"},{"@type":"Person","@id":"https:\/\/sulsc.com\/#\/schema\/person\/84d2fc571684f6248ba83092f07750a3","name":"Reda\u00e7\u00e3o Sul SC","image":{"@type":"ImageObject","inLanguage":"en-US","@id":"https:\/\/sulsc.com\/#\/schema\/person\/image\/e08d7fe2cc4ed596372063bbe852b8d0","url":"https:\/\/sulsc.com\/wp-content\/uploads\/2023\/09\/redacao.png","contentUrl":"https:\/\/sulsc.com\/wp-content\/uploads\/2023\/09\/redacao.png","caption":"Reda\u00e7\u00e3o Sul SC"},"description":"Foco em um jornalismo imparcial, voltado \u00e0 qualidade dos seus conte\u00fados e, assim, levar informa\u00e7\u00e3o de valor que agregue \u00e0 vida dos leitores. Esta \u00e9 grande miss\u00e3o do Portal de Not\u00edcias Sul SC. N\u00e3o \u00e9 quantidade que muda o mundo, sempre foi e seguir\u00e1 sendo qualidade!","sameAs":["https:\/\/sulsc.com\/","https:\/\/www.facebook.com\/profile.php?id=61559278119680","https:\/\/www.instagram.com\/sulscportal\/?hl=pt-br","https:\/\/twitter.com\/https:\/\/twitter.com\/PortalSulSC","https:\/\/www.youtube.com\/channel\/UCv_BE8GeySluDov2n8qhVmw"],"url":"https:\/\/sulsc.com\/index.php\/author\/redacao\/"}]}},"authors":[],"_links":{"self":[{"href":"https:\/\/sulsc.com\/index.php\/wp-json\/wp\/v2\/posts\/29663"}],"collection":[{"href":"https:\/\/sulsc.com\/index.php\/wp-json\/wp\/v2\/posts"}],"about":[{"href":"https:\/\/sulsc.com\/index.php\/wp-json\/wp\/v2\/types\/post"}],"author":[{"embeddable":true,"href":"https:\/\/sulsc.com\/index.php\/wp-json\/wp\/v2\/users\/3"}],"replies":[{"embeddable":true,"href":"https:\/\/sulsc.com\/index.php\/wp-json\/wp\/v2\/comments?post=29663"}],"version-history":[{"count":2,"href":"https:\/\/sulsc.com\/index.php\/wp-json\/wp\/v2\/posts\/29663\/revisions"}],"predecessor-version":[{"id":29667,"href":"https:\/\/sulsc.com\/index.php\/wp-json\/wp\/v2\/posts\/29663\/revisions\/29667"}],"wp:featuredmedia":[{"embeddable":true,"href":"https:\/\/sulsc.com\/index.php\/wp-json\/wp\/v2\/media\/29664"}],"wp:attachment":[{"href":"https:\/\/sulsc.com\/index.php\/wp-json\/wp\/v2\/media?parent=29663"}],"wp:term":[{"taxonomy":"category","embeddable":true,"href":"https:\/\/sulsc.com\/index.php\/wp-json\/wp\/v2\/categories?post=29663"},{"taxonomy":"post_tag","embeddable":true,"href":"https:\/\/sulsc.com\/index.php\/wp-json\/wp\/v2\/tags?post=29663"}],"curies":[{"name":"wp","href":"https:\/\/api.w.org\/{rel}","templated":true}]}}