{"id":29679,"date":"2025-11-14T17:00:07","date_gmt":"2025-11-14T20:00:07","guid":{"rendered":"https:\/\/sulsc.com\/?p=29679"},"modified":"2025-11-14T16:29:32","modified_gmt":"2025-11-14T19:29:32","slug":"frente-fria-pode-causar-temporais-e-rajadas-de-vento-em-sc","status":"publish","type":"post","link":"https:\/\/sulsc.com\/index.php\/2025\/11\/14\/frente-fria-pode-causar-temporais-e-rajadas-de-vento-em-sc\/","title":{"rendered":"Frente fria pode causar temporais e rajadas de vento em SC"},"content":{"rendered":"<p>A Defesa Civil de Santa Catarina emitiu alerta para a ocorr\u00eancia de temporais acompanhados por raios, rajadas de vento, chuva intensa e queda de granizo, entre domingo e segunda-feira (16 e 17). Os eventos se dar\u00e3o em raz\u00e3o da aproxima\u00e7\u00e3o e avan\u00e7o de uma frente fria, que est\u00e1 a associada a um ciclone localizado sobre o Oceano Atl\u00e2ntico, entre o Uruguai e o centro da Argentina.<\/p>\n<p>Apesar de ser influ\u00eancia de um ciclone, as condi\u00e7\u00f5es meteorol\u00f3gicas s\u00e3o \u201cbem diferentes do tempo severo registrado na \u00faltima sexta-feira (7), em que o processo de forma\u00e7\u00e3o do ciclone ocorreu sobre a Regi\u00e3o Sul do Brasil\u201d. Na \u00faltima semana, sete mortes foram registradas no Paran\u00e1 e no Rio Grande do Sul ap\u00f3s a passagem de tr\u00eas ciclones.<\/p>\n<div id=\"metaslider-id-25573\" style=\"width: 100%;\" class=\"ml-slider-3-99-0 metaslider metaslider-flex metaslider-25573 ml-slider has-onhover-arrows ms-theme-default-base has-dots-nav\" role=\"region\" aria-label=\"Meio\" data-width=\"1200\">\n    <div id=\"metaslider_container_25573\">\n        <div id=\"metaslider_25573\">\n            <ul class='slides'>\n                <li style=\"display: block; width: 100%;\" class=\"slide-25684 ms-image \" aria-roledescription=\"slide\" data-date=\"2025-07-24 07:55:40\"><img src=\"https:\/\/sulsc.com\/wp-content\/uploads\/2025\/07\/Marr-2-1000x166.jpg\" height=\"200\" width=\"1200\" alt=\"\" class=\"slider-25573 slide-25684 msDefaultImage\" title=\"Marr 2\" \/><\/li>\n                <li style=\"display: none; width: 100%;\" class=\"slide-32412 ms-image \" aria-roledescription=\"slide\" data-date=\"2026-02-18 13:59:46\"><img src=\"https:\/\/sulsc.com\/wp-content\/uploads\/2026\/02\/40dc1580-cad5-4867-bc58-c4243821ad38-1000x166.jpeg\" height=\"200\" width=\"1200\" alt=\"\" class=\"slider-25573 slide-32412 msDefaultImage\" title=\"40dc1580-cad5-4867-bc58-c4243821ad38\" \/><\/li>\n                <li style=\"display: none; width: 100%;\" class=\"slide-32766 ms-image \" aria-roledescription=\"slide\" data-date=\"2026-03-03 17:22:59\"><img src=\"https:\/\/sulsc.com\/wp-content\/uploads\/2026\/03\/271ce739-f268-41c5-8051-3de1a1750359-1000x166.jpeg\" height=\"200\" width=\"1200\" alt=\"\" class=\"slider-25573 slide-32766 msDefaultImage\" title=\"271ce739-f268-41c5-8051-3de1a1750359\" \/><\/li>\n            <\/ul>\n        <\/div>\n        \n    <\/div>\n<\/div>\n<p>Os temporais previstos para este final de semana oferecem risco moderado a alto para destelhamentos, danos na rede el\u00e9trica, queda de galhos e \u00e1rvores, alagamentos e enxurradas pontuais. <span style=\"font-size: 16px;\">O \u00f3rg\u00e3o informa que eles devem ter in\u00edcio na tarde de domingo (16) em \u00e1reas do grande oeste e planaltos de Santa Catarina, devido ao calor e \u00e0 umidade, antes de a frente fria se aproximar.<\/span><\/p>\n<p>\u201cEntre o final da tarde e a noite, com a aproxima\u00e7\u00e3o da frente fria, os temporais ganham for\u00e7a no oeste e sul catarinense, na divisa com o Rio Grande do Sul. Entre a noite de domingo e a madrugada de segunda-feira (17), os temporais se espalham para as demais regi\u00f5es do estado\u201d, informa a Defesa Civil em nota.<\/p>\n<p>Em caso de temporal e rajadas de vento, o \u00f3rg\u00e3o recomenda que durante temporais, busque um local abrigado, longe de janelas e objetos que possam ser arremessados; que em caso de ventos fortes, evite transitar e n\u00e3o se abrigue pr\u00f3ximo a \u00e1rvores, placas, muros e postes de energia; e que em caso de chuva intensa com alagamentos, jamais atravesse ruas alagadas ou pontes e pontilh\u00f5es submersos.<\/p>\n<p><img fetchpriority=\"high\" decoding=\"async\" class=\"alignnone size-full wp-image-4923\" src=\"http:\/\/sulsc.com\/wp-content\/uploads\/2023\/12\/imagem-do-close-up-de-uma-janela-em-um-dia-chuvoso-gotas-de-chuva-rolando-pela-janela-scaled.jpg\" alt=\"\" width=\"2560\" height=\"1707\" srcset=\"https:\/\/sulsc.com\/wp-content\/uploads\/2023\/12\/imagem-do-close-up-de-uma-janela-em-um-dia-chuvoso-gotas-de-chuva-rolando-pela-janela-scaled.jpg 2560w, https:\/\/sulsc.com\/wp-content\/uploads\/2023\/12\/imagem-do-close-up-de-uma-janela-em-um-dia-chuvoso-gotas-de-chuva-rolando-pela-janela-300x200.jpg 300w, https:\/\/sulsc.com\/wp-content\/uploads\/2023\/12\/imagem-do-close-up-de-uma-janela-em-um-dia-chuvoso-gotas-de-chuva-rolando-pela-janela-1024x683.jpg 1024w, https:\/\/sulsc.com\/wp-content\/uploads\/2023\/12\/imagem-do-close-up-de-uma-janela-em-um-dia-chuvoso-gotas-de-chuva-rolando-pela-janela-768x512.jpg 768w, https:\/\/sulsc.com\/wp-content\/uploads\/2023\/12\/imagem-do-close-up-de-uma-janela-em-um-dia-chuvoso-gotas-de-chuva-rolando-pela-janela-1536x1024.jpg 1536w, https:\/\/sulsc.com\/wp-content\/uploads\/2023\/12\/imagem-do-close-up-de-uma-janela-em-um-dia-chuvoso-gotas-de-chuva-rolando-pela-janela-2048x1365.jpg 2048w\" sizes=\"(max-width: 2560px) 100vw, 2560px\" \/><\/p>\n","protected":false},"excerpt":{"rendered":"<p>A Defesa Civil de Santa Catarina emitiu alerta para a ocorr\u00eancia de temporais acompanhados por raios, rajadas de vento, chuva intensa e queda de granizo, entre domingo e segunda-feira (16 e 17). Os eventos se dar\u00e3o em raz\u00e3o da aproxima\u00e7\u00e3o e avan\u00e7o de uma frente fria, que est\u00e1 a associada a um ciclone localizado sobre &hellip;<\/p>\n<p class=\"read-more\"> <a class=\"\" href=\"https:\/\/sulsc.com\/index.php\/2025\/11\/14\/frente-fria-pode-causar-temporais-e-rajadas-de-vento-em-sc\/\"> <span class=\"screen-reader-text\">Frente fria pode causar temporais e rajadas de vento em SC<\/span> Read More &raquo;<\/a><\/p>\n","protected":false},"author":3,"featured_media":3340,"comment_status":"open","ping_status":"open","sticky":false,"template":"","format":"standard","meta":{"site-sidebar-layout":"default","site-content-layout":"","ast-site-content-layout":"default","site-content-style":"default","site-sidebar-style":"default","ast-global-header-display":"","ast-banner-title-visibility":"","ast-main-header-display":"","ast-hfb-above-header-display":"","ast-hfb-below-header-display":"","ast-hfb-mobile-header-display":"","site-post-title":"","ast-breadcrumbs-content":"","ast-featured-img":"","footer-sml-layout":"","theme-transparent-header-meta":"default","adv-header-id-meta":"","stick-header-meta":"","header-above-stick-meta":"","header-main-stick-meta":"","header-below-stick-meta":"","astra-migrate-meta-layouts":"set","footnotes":""},"categories":[14,8,38,12],"tags":[2729,180,90,159],"yoast_head":"<!-- This site is optimized with the Yoast SEO plugin v21.4 - https:\/\/yoast.com\/wordpress\/plugins\/seo\/ -->\n<title>Frente fria pode causar temporais e rajadas de vento em SC -<\/title>\n<meta name=\"robots\" content=\"index, follow, max-snippet:-1, max-image-preview:large, max-video-preview:-1\" \/>\n<link rel=\"canonical\" href=\"https:\/\/sulsc.com\/index.php\/2025\/11\/14\/frente-fria-pode-causar-temporais-e-rajadas-de-vento-em-sc\/\" \/>\n<meta property=\"og:locale\" content=\"en_US\" \/>\n<meta property=\"og:type\" content=\"article\" \/>\n<meta property=\"og:title\" content=\"Frente fria pode causar temporais e rajadas de vento em SC -\" \/>\n<meta property=\"og:description\" content=\"A Defesa Civil de Santa Catarina emitiu alerta para a ocorr\u00eancia de temporais acompanhados por raios, rajadas de vento, chuva intensa e queda de granizo, entre domingo e segunda-feira (16 e 17). Os eventos se dar\u00e3o em raz\u00e3o da aproxima\u00e7\u00e3o e avan\u00e7o de uma frente fria, que est\u00e1 a associada a um ciclone localizado sobre &hellip; Frente fria pode causar temporais e rajadas de vento em SC Read More &raquo;\" \/>\n<meta property=\"og:url\" content=\"https:\/\/sulsc.com\/index.php\/2025\/11\/14\/frente-fria-pode-causar-temporais-e-rajadas-de-vento-em-sc\/\" \/>\n<meta property=\"article:author\" content=\"https:\/\/www.facebook.com\/profile.php?id=61559278119680\" \/>\n<meta property=\"article:published_time\" content=\"2025-11-14T20:00:07+00:00\" \/>\n<meta property=\"article:modified_time\" content=\"2025-11-14T19:29:32+00:00\" \/>\n<meta property=\"og:image\" content=\"https:\/\/sulsc.com\/wp-content\/uploads\/2023\/11\/efeito-de-chuva-isolado-em-fundo-preto-scaled.jpg\" \/>\n\t<meta property=\"og:image:width\" content=\"2560\" \/>\n\t<meta property=\"og:image:height\" content=\"2560\" \/>\n\t<meta property=\"og:image:type\" content=\"image\/jpeg\" \/>\n<meta name=\"author\" content=\"Reda\u00e7\u00e3o Sul SC\" \/>\n<meta name=\"twitter:card\" content=\"summary_large_image\" \/>\n<meta name=\"twitter:creator\" content=\"@https:\/\/twitter.com\/PortalSulSC\" \/>\n<meta name=\"twitter:label1\" content=\"Written by\" \/>\n\t<meta name=\"twitter:data1\" content=\"Reda\u00e7\u00e3o Sul SC\" \/>\n\t<meta name=\"twitter:label2\" content=\"Est. reading time\" \/>\n\t<meta name=\"twitter:data2\" content=\"2 minutes\" \/>\n<script type=\"application\/ld+json\" class=\"yoast-schema-graph\">{\"@context\":\"https:\/\/schema.org\",\"@graph\":[{\"@type\":\"WebPage\",\"@id\":\"https:\/\/sulsc.com\/index.php\/2025\/11\/14\/frente-fria-pode-causar-temporais-e-rajadas-de-vento-em-sc\/\",\"url\":\"https:\/\/sulsc.com\/index.php\/2025\/11\/14\/frente-fria-pode-causar-temporais-e-rajadas-de-vento-em-sc\/\",\"name\":\"Frente fria pode causar temporais e rajadas de vento em SC -\",\"isPartOf\":{\"@id\":\"https:\/\/sulsc.com\/#website\"},\"datePublished\":\"2025-11-14T20:00:07+00:00\",\"dateModified\":\"2025-11-14T19:29:32+00:00\",\"author\":{\"@id\":\"https:\/\/sulsc.com\/#\/schema\/person\/84d2fc571684f6248ba83092f07750a3\"},\"breadcrumb\":{\"@id\":\"https:\/\/sulsc.com\/index.php\/2025\/11\/14\/frente-fria-pode-causar-temporais-e-rajadas-de-vento-em-sc\/#breadcrumb\"},\"inLanguage\":\"en-US\",\"potentialAction\":[{\"@type\":\"ReadAction\",\"target\":[\"https:\/\/sulsc.com\/index.php\/2025\/11\/14\/frente-fria-pode-causar-temporais-e-rajadas-de-vento-em-sc\/\"]}]},{\"@type\":\"BreadcrumbList\",\"@id\":\"https:\/\/sulsc.com\/index.php\/2025\/11\/14\/frente-fria-pode-causar-temporais-e-rajadas-de-vento-em-sc\/#breadcrumb\",\"itemListElement\":[{\"@type\":\"ListItem\",\"position\":1,\"name\":\"In\u00edcio\",\"item\":\"https:\/\/sulsc.com\/\"},{\"@type\":\"ListItem\",\"position\":2,\"name\":\"Frente fria pode causar temporais e rajadas de vento em SC\"}]},{\"@type\":\"WebSite\",\"@id\":\"https:\/\/sulsc.com\/#website\",\"url\":\"https:\/\/sulsc.com\/\",\"name\":\"\",\"description\":\"\",\"potentialAction\":[{\"@type\":\"SearchAction\",\"target\":{\"@type\":\"EntryPoint\",\"urlTemplate\":\"https:\/\/sulsc.com\/?s={search_term_string}\"},\"query-input\":\"required name=search_term_string\"}],\"inLanguage\":\"en-US\"},{\"@type\":\"Person\",\"@id\":\"https:\/\/sulsc.com\/#\/schema\/person\/84d2fc571684f6248ba83092f07750a3\",\"name\":\"Reda\u00e7\u00e3o Sul SC\",\"image\":{\"@type\":\"ImageObject\",\"inLanguage\":\"en-US\",\"@id\":\"https:\/\/sulsc.com\/#\/schema\/person\/image\/e08d7fe2cc4ed596372063bbe852b8d0\",\"url\":\"https:\/\/sulsc.com\/wp-content\/uploads\/2023\/09\/redacao.png\",\"contentUrl\":\"https:\/\/sulsc.com\/wp-content\/uploads\/2023\/09\/redacao.png\",\"caption\":\"Reda\u00e7\u00e3o Sul SC\"},\"description\":\"Foco em um jornalismo imparcial, voltado \u00e0 qualidade dos seus conte\u00fados e, assim, levar informa\u00e7\u00e3o de valor que agregue \u00e0 vida dos leitores. Esta \u00e9 grande miss\u00e3o do Portal de Not\u00edcias Sul SC. N\u00e3o \u00e9 quantidade que muda o mundo, sempre foi e seguir\u00e1 sendo qualidade!\",\"sameAs\":[\"https:\/\/sulsc.com\/\",\"https:\/\/www.facebook.com\/profile.php?id=61559278119680\",\"https:\/\/www.instagram.com\/sulscportal\/?hl=pt-br\",\"https:\/\/twitter.com\/https:\/\/twitter.com\/PortalSulSC\",\"https:\/\/www.youtube.com\/channel\/UCv_BE8GeySluDov2n8qhVmw\"],\"url\":\"https:\/\/sulsc.com\/index.php\/author\/redacao\/\"}]}<\/script>\n<!-- \/ Yoast SEO plugin. -->","yoast_head_json":{"title":"Frente fria pode causar temporais e rajadas de vento em SC -","robots":{"index":"index","follow":"follow","max-snippet":"max-snippet:-1","max-image-preview":"max-image-preview:large","max-video-preview":"max-video-preview:-1"},"canonical":"https:\/\/sulsc.com\/index.php\/2025\/11\/14\/frente-fria-pode-causar-temporais-e-rajadas-de-vento-em-sc\/","og_locale":"en_US","og_type":"article","og_title":"Frente fria pode causar temporais e rajadas de vento em SC -","og_description":"A Defesa Civil de Santa Catarina emitiu alerta para a ocorr\u00eancia de temporais acompanhados por raios, rajadas de vento, chuva intensa e queda de granizo, entre domingo e segunda-feira (16 e 17). Os eventos se dar\u00e3o em raz\u00e3o da aproxima\u00e7\u00e3o e avan\u00e7o de uma frente fria, que est\u00e1 a associada a um ciclone localizado sobre &hellip; Frente fria pode causar temporais e rajadas de vento em SC Read More &raquo;","og_url":"https:\/\/sulsc.com\/index.php\/2025\/11\/14\/frente-fria-pode-causar-temporais-e-rajadas-de-vento-em-sc\/","article_author":"https:\/\/www.facebook.com\/profile.php?id=61559278119680","article_published_time":"2025-11-14T20:00:07+00:00","article_modified_time":"2025-11-14T19:29:32+00:00","og_image":[{"width":2560,"height":2560,"url":"https:\/\/sulsc.com\/wp-content\/uploads\/2023\/11\/efeito-de-chuva-isolado-em-fundo-preto-scaled.jpg","type":"image\/jpeg"}],"author":"Reda\u00e7\u00e3o Sul SC","twitter_card":"summary_large_image","twitter_creator":"@https:\/\/twitter.com\/PortalSulSC","twitter_misc":{"Written by":"Reda\u00e7\u00e3o Sul SC","Est. reading time":"2 minutes"},"schema":{"@context":"https:\/\/schema.org","@graph":[{"@type":"WebPage","@id":"https:\/\/sulsc.com\/index.php\/2025\/11\/14\/frente-fria-pode-causar-temporais-e-rajadas-de-vento-em-sc\/","url":"https:\/\/sulsc.com\/index.php\/2025\/11\/14\/frente-fria-pode-causar-temporais-e-rajadas-de-vento-em-sc\/","name":"Frente fria pode causar temporais e rajadas de vento em SC -","isPartOf":{"@id":"https:\/\/sulsc.com\/#website"},"datePublished":"2025-11-14T20:00:07+00:00","dateModified":"2025-11-14T19:29:32+00:00","author":{"@id":"https:\/\/sulsc.com\/#\/schema\/person\/84d2fc571684f6248ba83092f07750a3"},"breadcrumb":{"@id":"https:\/\/sulsc.com\/index.php\/2025\/11\/14\/frente-fria-pode-causar-temporais-e-rajadas-de-vento-em-sc\/#breadcrumb"},"inLanguage":"en-US","potentialAction":[{"@type":"ReadAction","target":["https:\/\/sulsc.com\/index.php\/2025\/11\/14\/frente-fria-pode-causar-temporais-e-rajadas-de-vento-em-sc\/"]}]},{"@type":"BreadcrumbList","@id":"https:\/\/sulsc.com\/index.php\/2025\/11\/14\/frente-fria-pode-causar-temporais-e-rajadas-de-vento-em-sc\/#breadcrumb","itemListElement":[{"@type":"ListItem","position":1,"name":"In\u00edcio","item":"https:\/\/sulsc.com\/"},{"@type":"ListItem","position":2,"name":"Frente fria pode causar temporais e rajadas de vento em SC"}]},{"@type":"WebSite","@id":"https:\/\/sulsc.com\/#website","url":"https:\/\/sulsc.com\/","name":"","description":"","potentialAction":[{"@type":"SearchAction","target":{"@type":"EntryPoint","urlTemplate":"https:\/\/sulsc.com\/?s={search_term_string}"},"query-input":"required name=search_term_string"}],"inLanguage":"en-US"},{"@type":"Person","@id":"https:\/\/sulsc.com\/#\/schema\/person\/84d2fc571684f6248ba83092f07750a3","name":"Reda\u00e7\u00e3o Sul SC","image":{"@type":"ImageObject","inLanguage":"en-US","@id":"https:\/\/sulsc.com\/#\/schema\/person\/image\/e08d7fe2cc4ed596372063bbe852b8d0","url":"https:\/\/sulsc.com\/wp-content\/uploads\/2023\/09\/redacao.png","contentUrl":"https:\/\/sulsc.com\/wp-content\/uploads\/2023\/09\/redacao.png","caption":"Reda\u00e7\u00e3o Sul SC"},"description":"Foco em um jornalismo imparcial, voltado \u00e0 qualidade dos seus conte\u00fados e, assim, levar informa\u00e7\u00e3o de valor que agregue \u00e0 vida dos leitores. Esta \u00e9 grande miss\u00e3o do Portal de Not\u00edcias Sul SC. N\u00e3o \u00e9 quantidade que muda o mundo, sempre foi e seguir\u00e1 sendo qualidade!","sameAs":["https:\/\/sulsc.com\/","https:\/\/www.facebook.com\/profile.php?id=61559278119680","https:\/\/www.instagram.com\/sulscportal\/?hl=pt-br","https:\/\/twitter.com\/https:\/\/twitter.com\/PortalSulSC","https:\/\/www.youtube.com\/channel\/UCv_BE8GeySluDov2n8qhVmw"],"url":"https:\/\/sulsc.com\/index.php\/author\/redacao\/"}]}},"authors":[],"_links":{"self":[{"href":"https:\/\/sulsc.com\/index.php\/wp-json\/wp\/v2\/posts\/29679"}],"collection":[{"href":"https:\/\/sulsc.com\/index.php\/wp-json\/wp\/v2\/posts"}],"about":[{"href":"https:\/\/sulsc.com\/index.php\/wp-json\/wp\/v2\/types\/post"}],"author":[{"embeddable":true,"href":"https:\/\/sulsc.com\/index.php\/wp-json\/wp\/v2\/users\/3"}],"replies":[{"embeddable":true,"href":"https:\/\/sulsc.com\/index.php\/wp-json\/wp\/v2\/comments?post=29679"}],"version-history":[{"count":1,"href":"https:\/\/sulsc.com\/index.php\/wp-json\/wp\/v2\/posts\/29679\/revisions"}],"predecessor-version":[{"id":29680,"href":"https:\/\/sulsc.com\/index.php\/wp-json\/wp\/v2\/posts\/29679\/revisions\/29680"}],"wp:featuredmedia":[{"embeddable":true,"href":"https:\/\/sulsc.com\/index.php\/wp-json\/wp\/v2\/media\/3340"}],"wp:attachment":[{"href":"https:\/\/sulsc.com\/index.php\/wp-json\/wp\/v2\/media?parent=29679"}],"wp:term":[{"taxonomy":"category","embeddable":true,"href":"https:\/\/sulsc.com\/index.php\/wp-json\/wp\/v2\/categories?post=29679"},{"taxonomy":"post_tag","embeddable":true,"href":"https:\/\/sulsc.com\/index.php\/wp-json\/wp\/v2\/tags?post=29679"}],"curies":[{"name":"wp","href":"https:\/\/api.w.org\/{rel}","templated":true}]}}