{"id":29685,"date":"2025-11-14T21:26:39","date_gmt":"2025-11-15T00:26:39","guid":{"rendered":"https:\/\/sulsc.com\/?p=29685"},"modified":"2025-11-14T21:26:39","modified_gmt":"2025-11-15T00:26:39","slug":"alteracao-no-transito-rua-lauro-muller-passara-por-manutencao-neste-sabado-15","status":"publish","type":"post","link":"https:\/\/sulsc.com\/index.php\/2025\/11\/14\/alteracao-no-transito-rua-lauro-muller-passara-por-manutencao-neste-sabado-15\/","title":{"rendered":"Altera\u00e7\u00e3o no tr\u00e2nsito: rua Lauro M\u00fcller passar\u00e1 por manuten\u00e7\u00e3o neste s\u00e1bado (15)"},"content":{"rendered":"<p>A Tubar\u00e3o Saneamento informa que neste s\u00e1bado (15) realizar\u00e1 servi\u00e7os de nivelamento das tampas de po\u00e7os de visita (tampas de ferro) na rua Lauro M\u00fcller. A a\u00e7\u00e3o ocorrer\u00e1 no trecho compreendido entre as pontes Nereu Ramos e Heriberto H\u00fclse, centro de Tubar\u00e3o.<\/p>\n<p>A interven\u00e7\u00e3o foi programada para o feriado devido ao menor fluxo de ve\u00edculos, garantindo mais seguran\u00e7a aos colaboradores e \u00e0 comunidade, al\u00e9m de reduzir os impactos no tr\u00e2nsito.<\/p>\n<div id=\"metaslider-id-25573\" style=\"width: 100%;\" class=\"ml-slider-3-99-0 metaslider metaslider-flex metaslider-25573 ml-slider has-onhover-arrows ms-theme-default-base has-dots-nav\" role=\"region\" aria-label=\"Meio\" data-width=\"1200\">\n    <div id=\"metaslider_container_25573\">\n        <div id=\"metaslider_25573\">\n            <ul class='slides'>\n                <li style=\"display: block; width: 100%;\" class=\"slide-25684 ms-image \" aria-roledescription=\"slide\" data-date=\"2025-07-24 07:55:40\"><img src=\"https:\/\/sulsc.com\/wp-content\/uploads\/2025\/07\/Marr-2-1000x166.jpg\" height=\"200\" width=\"1200\" alt=\"\" class=\"slider-25573 slide-25684 msDefaultImage\" title=\"Marr 2\" \/><\/li>\n                <li style=\"display: none; width: 100%;\" class=\"slide-32412 ms-image \" aria-roledescription=\"slide\" data-date=\"2026-02-18 13:59:46\"><img src=\"https:\/\/sulsc.com\/wp-content\/uploads\/2026\/02\/40dc1580-cad5-4867-bc58-c4243821ad38-1000x166.jpeg\" height=\"200\" width=\"1200\" alt=\"\" class=\"slider-25573 slide-32412 msDefaultImage\" title=\"40dc1580-cad5-4867-bc58-c4243821ad38\" \/><\/li>\n                <li style=\"display: none; width: 100%;\" class=\"slide-32766 ms-image \" aria-roledescription=\"slide\" data-date=\"2026-03-03 17:22:59\"><img src=\"https:\/\/sulsc.com\/wp-content\/uploads\/2026\/03\/271ce739-f268-41c5-8051-3de1a1750359-1000x166.jpeg\" height=\"200\" width=\"1200\" alt=\"\" class=\"slider-25573 slide-32766 msDefaultImage\" title=\"271ce739-f268-41c5-8051-3de1a1750359\" \/><\/li>\n            <\/ul>\n        <\/div>\n        \n    <\/div>\n<\/div>\n<p>Em caso de chuva ou outras interfer\u00eancias, a programa\u00e7\u00e3o poder\u00e1 sofrer altera\u00e7\u00f5es. A Tubar\u00e3o Saneamento orienta que a aten\u00e7\u00e3o seja redobrada \u00e0 sinaliza\u00e7\u00e3o durante todo o per\u00edodo da manuten\u00e7\u00e3o.\u00a0Para mais informa\u00e7\u00f5es, o atendimento est\u00e1 dispon\u00edvel pelos telefones 0800 648 9596 e (48) 3052-7400.<\/p>\n<p><img fetchpriority=\"high\" decoding=\"async\" class=\"alignnone size-full wp-image-967\" src=\"http:\/\/sulsc.com\/wp-content\/uploads\/2023\/09\/Obras-Tubarao-Saneamento.jpeg\" alt=\"\" width=\"640\" height=\"480\" srcset=\"https:\/\/sulsc.com\/wp-content\/uploads\/2023\/09\/Obras-Tubarao-Saneamento.jpeg 640w, https:\/\/sulsc.com\/wp-content\/uploads\/2023\/09\/Obras-Tubarao-Saneamento-300x225.jpeg 300w\" sizes=\"(max-width: 640px) 100vw, 640px\" \/><\/p>\n","protected":false},"excerpt":{"rendered":"<p>A Tubar\u00e3o Saneamento informa que neste s\u00e1bado (15) realizar\u00e1 servi\u00e7os de nivelamento das tampas de po\u00e7os de visita (tampas de ferro) na rua Lauro M\u00fcller. A a\u00e7\u00e3o ocorrer\u00e1 no trecho compreendido entre as pontes Nereu Ramos e Heriberto H\u00fclse, centro de Tubar\u00e3o. A interven\u00e7\u00e3o foi programada para o feriado devido ao menor fluxo de ve\u00edculos, &hellip;<\/p>\n<p class=\"read-more\"> <a class=\"\" href=\"https:\/\/sulsc.com\/index.php\/2025\/11\/14\/alteracao-no-transito-rua-lauro-muller-passara-por-manutencao-neste-sabado-15\/\"> <span class=\"screen-reader-text\">Altera\u00e7\u00e3o no tr\u00e2nsito: rua Lauro M\u00fcller passar\u00e1 por manuten\u00e7\u00e3o neste s\u00e1bado (15)<\/span> Read More &raquo;<\/a><\/p>\n","protected":false},"author":3,"featured_media":967,"comment_status":"open","ping_status":"open","sticky":false,"template":"","format":"standard","meta":{"site-sidebar-layout":"default","site-content-layout":"","ast-site-content-layout":"default","site-content-style":"default","site-sidebar-style":"default","ast-global-header-display":"","ast-banner-title-visibility":"","ast-main-header-display":"","ast-hfb-above-header-display":"","ast-hfb-below-header-display":"","ast-hfb-mobile-header-display":"","site-post-title":"","ast-breadcrumbs-content":"","ast-featured-img":"","footer-sml-layout":"","theme-transparent-header-meta":"default","adv-header-id-meta":"","stick-header-meta":"","header-above-stick-meta":"","header-main-stick-meta":"","header-below-stick-meta":"","astra-migrate-meta-layouts":"set","footnotes":""},"categories":[2321,10,21,12],"tags":[274,312],"yoast_head":"<!-- This site is optimized with the Yoast SEO plugin v21.4 - https:\/\/yoast.com\/wordpress\/plugins\/seo\/ -->\n<title>Altera\u00e7\u00e3o no tr\u00e2nsito: rua Lauro M\u00fcller passar\u00e1 por manuten\u00e7\u00e3o neste s\u00e1bado (15) -<\/title>\n<meta name=\"robots\" content=\"index, follow, max-snippet:-1, max-image-preview:large, max-video-preview:-1\" \/>\n<link rel=\"canonical\" href=\"https:\/\/sulsc.com\/index.php\/2025\/11\/14\/alteracao-no-transito-rua-lauro-muller-passara-por-manutencao-neste-sabado-15\/\" \/>\n<meta property=\"og:locale\" content=\"en_US\" \/>\n<meta property=\"og:type\" content=\"article\" \/>\n<meta property=\"og:title\" content=\"Altera\u00e7\u00e3o no tr\u00e2nsito: rua Lauro M\u00fcller passar\u00e1 por manuten\u00e7\u00e3o neste s\u00e1bado (15) -\" \/>\n<meta property=\"og:description\" content=\"A Tubar\u00e3o Saneamento informa que neste s\u00e1bado (15) realizar\u00e1 servi\u00e7os de nivelamento das tampas de po\u00e7os de visita (tampas de ferro) na rua Lauro M\u00fcller. A a\u00e7\u00e3o ocorrer\u00e1 no trecho compreendido entre as pontes Nereu Ramos e Heriberto H\u00fclse, centro de Tubar\u00e3o. A interven\u00e7\u00e3o foi programada para o feriado devido ao menor fluxo de ve\u00edculos, &hellip; Altera\u00e7\u00e3o no tr\u00e2nsito: rua Lauro M\u00fcller passar\u00e1 por manuten\u00e7\u00e3o neste s\u00e1bado (15) Read More &raquo;\" \/>\n<meta property=\"og:url\" content=\"https:\/\/sulsc.com\/index.php\/2025\/11\/14\/alteracao-no-transito-rua-lauro-muller-passara-por-manutencao-neste-sabado-15\/\" \/>\n<meta property=\"article:author\" content=\"https:\/\/www.facebook.com\/profile.php?id=61559278119680\" \/>\n<meta property=\"article:published_time\" content=\"2025-11-15T00:26:39+00:00\" \/>\n<meta property=\"og:image\" content=\"http:\/\/sulsc.com\/wp-content\/uploads\/2023\/09\/Obras-Tubarao-Saneamento.jpeg\" \/>\n\t<meta property=\"og:image:width\" content=\"640\" \/>\n\t<meta property=\"og:image:height\" content=\"480\" \/>\n\t<meta property=\"og:image:type\" content=\"image\/jpeg\" \/>\n<meta name=\"author\" content=\"Reda\u00e7\u00e3o Sul SC\" \/>\n<meta name=\"twitter:card\" content=\"summary_large_image\" \/>\n<meta name=\"twitter:creator\" content=\"@https:\/\/twitter.com\/PortalSulSC\" \/>\n<meta name=\"twitter:label1\" content=\"Written by\" \/>\n\t<meta name=\"twitter:data1\" content=\"Reda\u00e7\u00e3o Sul SC\" \/>\n\t<meta name=\"twitter:label2\" content=\"Est. reading time\" \/>\n\t<meta name=\"twitter:data2\" content=\"1 minute\" \/>\n<script type=\"application\/ld+json\" class=\"yoast-schema-graph\">{\"@context\":\"https:\/\/schema.org\",\"@graph\":[{\"@type\":\"WebPage\",\"@id\":\"https:\/\/sulsc.com\/index.php\/2025\/11\/14\/alteracao-no-transito-rua-lauro-muller-passara-por-manutencao-neste-sabado-15\/\",\"url\":\"https:\/\/sulsc.com\/index.php\/2025\/11\/14\/alteracao-no-transito-rua-lauro-muller-passara-por-manutencao-neste-sabado-15\/\",\"name\":\"Altera\u00e7\u00e3o no tr\u00e2nsito: rua Lauro M\u00fcller passar\u00e1 por manuten\u00e7\u00e3o neste s\u00e1bado (15) -\",\"isPartOf\":{\"@id\":\"https:\/\/sulsc.com\/#website\"},\"datePublished\":\"2025-11-15T00:26:39+00:00\",\"dateModified\":\"2025-11-15T00:26:39+00:00\",\"author\":{\"@id\":\"https:\/\/sulsc.com\/#\/schema\/person\/84d2fc571684f6248ba83092f07750a3\"},\"breadcrumb\":{\"@id\":\"https:\/\/sulsc.com\/index.php\/2025\/11\/14\/alteracao-no-transito-rua-lauro-muller-passara-por-manutencao-neste-sabado-15\/#breadcrumb\"},\"inLanguage\":\"en-US\",\"potentialAction\":[{\"@type\":\"ReadAction\",\"target\":[\"https:\/\/sulsc.com\/index.php\/2025\/11\/14\/alteracao-no-transito-rua-lauro-muller-passara-por-manutencao-neste-sabado-15\/\"]}]},{\"@type\":\"BreadcrumbList\",\"@id\":\"https:\/\/sulsc.com\/index.php\/2025\/11\/14\/alteracao-no-transito-rua-lauro-muller-passara-por-manutencao-neste-sabado-15\/#breadcrumb\",\"itemListElement\":[{\"@type\":\"ListItem\",\"position\":1,\"name\":\"In\u00edcio\",\"item\":\"https:\/\/sulsc.com\/\"},{\"@type\":\"ListItem\",\"position\":2,\"name\":\"Altera\u00e7\u00e3o no tr\u00e2nsito: rua Lauro M\u00fcller passar\u00e1 por manuten\u00e7\u00e3o neste s\u00e1bado (15)\"}]},{\"@type\":\"WebSite\",\"@id\":\"https:\/\/sulsc.com\/#website\",\"url\":\"https:\/\/sulsc.com\/\",\"name\":\"\",\"description\":\"\",\"potentialAction\":[{\"@type\":\"SearchAction\",\"target\":{\"@type\":\"EntryPoint\",\"urlTemplate\":\"https:\/\/sulsc.com\/?s={search_term_string}\"},\"query-input\":\"required name=search_term_string\"}],\"inLanguage\":\"en-US\"},{\"@type\":\"Person\",\"@id\":\"https:\/\/sulsc.com\/#\/schema\/person\/84d2fc571684f6248ba83092f07750a3\",\"name\":\"Reda\u00e7\u00e3o Sul SC\",\"image\":{\"@type\":\"ImageObject\",\"inLanguage\":\"en-US\",\"@id\":\"https:\/\/sulsc.com\/#\/schema\/person\/image\/e08d7fe2cc4ed596372063bbe852b8d0\",\"url\":\"https:\/\/sulsc.com\/wp-content\/uploads\/2023\/09\/redacao.png\",\"contentUrl\":\"https:\/\/sulsc.com\/wp-content\/uploads\/2023\/09\/redacao.png\",\"caption\":\"Reda\u00e7\u00e3o Sul SC\"},\"description\":\"Foco em um jornalismo imparcial, voltado \u00e0 qualidade dos seus conte\u00fados e, assim, levar informa\u00e7\u00e3o de valor que agregue \u00e0 vida dos leitores. Esta \u00e9 grande miss\u00e3o do Portal de Not\u00edcias Sul SC. N\u00e3o \u00e9 quantidade que muda o mundo, sempre foi e seguir\u00e1 sendo qualidade!\",\"sameAs\":[\"https:\/\/sulsc.com\/\",\"https:\/\/www.facebook.com\/profile.php?id=61559278119680\",\"https:\/\/www.instagram.com\/sulscportal\/?hl=pt-br\",\"https:\/\/twitter.com\/https:\/\/twitter.com\/PortalSulSC\",\"https:\/\/www.youtube.com\/channel\/UCv_BE8GeySluDov2n8qhVmw\"],\"url\":\"https:\/\/sulsc.com\/index.php\/author\/redacao\/\"}]}<\/script>\n<!-- \/ Yoast SEO plugin. -->","yoast_head_json":{"title":"Altera\u00e7\u00e3o no tr\u00e2nsito: rua Lauro M\u00fcller passar\u00e1 por manuten\u00e7\u00e3o neste s\u00e1bado (15) -","robots":{"index":"index","follow":"follow","max-snippet":"max-snippet:-1","max-image-preview":"max-image-preview:large","max-video-preview":"max-video-preview:-1"},"canonical":"https:\/\/sulsc.com\/index.php\/2025\/11\/14\/alteracao-no-transito-rua-lauro-muller-passara-por-manutencao-neste-sabado-15\/","og_locale":"en_US","og_type":"article","og_title":"Altera\u00e7\u00e3o no tr\u00e2nsito: rua Lauro M\u00fcller passar\u00e1 por manuten\u00e7\u00e3o neste s\u00e1bado (15) -","og_description":"A Tubar\u00e3o Saneamento informa que neste s\u00e1bado (15) realizar\u00e1 servi\u00e7os de nivelamento das tampas de po\u00e7os de visita (tampas de ferro) na rua Lauro M\u00fcller. A a\u00e7\u00e3o ocorrer\u00e1 no trecho compreendido entre as pontes Nereu Ramos e Heriberto H\u00fclse, centro de Tubar\u00e3o. A interven\u00e7\u00e3o foi programada para o feriado devido ao menor fluxo de ve\u00edculos, &hellip; Altera\u00e7\u00e3o no tr\u00e2nsito: rua Lauro M\u00fcller passar\u00e1 por manuten\u00e7\u00e3o neste s\u00e1bado (15) Read More &raquo;","og_url":"https:\/\/sulsc.com\/index.php\/2025\/11\/14\/alteracao-no-transito-rua-lauro-muller-passara-por-manutencao-neste-sabado-15\/","article_author":"https:\/\/www.facebook.com\/profile.php?id=61559278119680","article_published_time":"2025-11-15T00:26:39+00:00","og_image":[{"width":640,"height":480,"url":"http:\/\/sulsc.com\/wp-content\/uploads\/2023\/09\/Obras-Tubarao-Saneamento.jpeg","type":"image\/jpeg"}],"author":"Reda\u00e7\u00e3o Sul SC","twitter_card":"summary_large_image","twitter_creator":"@https:\/\/twitter.com\/PortalSulSC","twitter_misc":{"Written by":"Reda\u00e7\u00e3o Sul SC","Est. reading time":"1 minute"},"schema":{"@context":"https:\/\/schema.org","@graph":[{"@type":"WebPage","@id":"https:\/\/sulsc.com\/index.php\/2025\/11\/14\/alteracao-no-transito-rua-lauro-muller-passara-por-manutencao-neste-sabado-15\/","url":"https:\/\/sulsc.com\/index.php\/2025\/11\/14\/alteracao-no-transito-rua-lauro-muller-passara-por-manutencao-neste-sabado-15\/","name":"Altera\u00e7\u00e3o no tr\u00e2nsito: rua Lauro M\u00fcller passar\u00e1 por manuten\u00e7\u00e3o neste s\u00e1bado (15) -","isPartOf":{"@id":"https:\/\/sulsc.com\/#website"},"datePublished":"2025-11-15T00:26:39+00:00","dateModified":"2025-11-15T00:26:39+00:00","author":{"@id":"https:\/\/sulsc.com\/#\/schema\/person\/84d2fc571684f6248ba83092f07750a3"},"breadcrumb":{"@id":"https:\/\/sulsc.com\/index.php\/2025\/11\/14\/alteracao-no-transito-rua-lauro-muller-passara-por-manutencao-neste-sabado-15\/#breadcrumb"},"inLanguage":"en-US","potentialAction":[{"@type":"ReadAction","target":["https:\/\/sulsc.com\/index.php\/2025\/11\/14\/alteracao-no-transito-rua-lauro-muller-passara-por-manutencao-neste-sabado-15\/"]}]},{"@type":"BreadcrumbList","@id":"https:\/\/sulsc.com\/index.php\/2025\/11\/14\/alteracao-no-transito-rua-lauro-muller-passara-por-manutencao-neste-sabado-15\/#breadcrumb","itemListElement":[{"@type":"ListItem","position":1,"name":"In\u00edcio","item":"https:\/\/sulsc.com\/"},{"@type":"ListItem","position":2,"name":"Altera\u00e7\u00e3o no tr\u00e2nsito: rua Lauro M\u00fcller passar\u00e1 por manuten\u00e7\u00e3o neste s\u00e1bado (15)"}]},{"@type":"WebSite","@id":"https:\/\/sulsc.com\/#website","url":"https:\/\/sulsc.com\/","name":"","description":"","potentialAction":[{"@type":"SearchAction","target":{"@type":"EntryPoint","urlTemplate":"https:\/\/sulsc.com\/?s={search_term_string}"},"query-input":"required name=search_term_string"}],"inLanguage":"en-US"},{"@type":"Person","@id":"https:\/\/sulsc.com\/#\/schema\/person\/84d2fc571684f6248ba83092f07750a3","name":"Reda\u00e7\u00e3o Sul SC","image":{"@type":"ImageObject","inLanguage":"en-US","@id":"https:\/\/sulsc.com\/#\/schema\/person\/image\/e08d7fe2cc4ed596372063bbe852b8d0","url":"https:\/\/sulsc.com\/wp-content\/uploads\/2023\/09\/redacao.png","contentUrl":"https:\/\/sulsc.com\/wp-content\/uploads\/2023\/09\/redacao.png","caption":"Reda\u00e7\u00e3o Sul SC"},"description":"Foco em um jornalismo imparcial, voltado \u00e0 qualidade dos seus conte\u00fados e, assim, levar informa\u00e7\u00e3o de valor que agregue \u00e0 vida dos leitores. Esta \u00e9 grande miss\u00e3o do Portal de Not\u00edcias Sul SC. N\u00e3o \u00e9 quantidade que muda o mundo, sempre foi e seguir\u00e1 sendo qualidade!","sameAs":["https:\/\/sulsc.com\/","https:\/\/www.facebook.com\/profile.php?id=61559278119680","https:\/\/www.instagram.com\/sulscportal\/?hl=pt-br","https:\/\/twitter.com\/https:\/\/twitter.com\/PortalSulSC","https:\/\/www.youtube.com\/channel\/UCv_BE8GeySluDov2n8qhVmw"],"url":"https:\/\/sulsc.com\/index.php\/author\/redacao\/"}]}},"authors":[],"_links":{"self":[{"href":"https:\/\/sulsc.com\/index.php\/wp-json\/wp\/v2\/posts\/29685"}],"collection":[{"href":"https:\/\/sulsc.com\/index.php\/wp-json\/wp\/v2\/posts"}],"about":[{"href":"https:\/\/sulsc.com\/index.php\/wp-json\/wp\/v2\/types\/post"}],"author":[{"embeddable":true,"href":"https:\/\/sulsc.com\/index.php\/wp-json\/wp\/v2\/users\/3"}],"replies":[{"embeddable":true,"href":"https:\/\/sulsc.com\/index.php\/wp-json\/wp\/v2\/comments?post=29685"}],"version-history":[{"count":1,"href":"https:\/\/sulsc.com\/index.php\/wp-json\/wp\/v2\/posts\/29685\/revisions"}],"predecessor-version":[{"id":29686,"href":"https:\/\/sulsc.com\/index.php\/wp-json\/wp\/v2\/posts\/29685\/revisions\/29686"}],"wp:featuredmedia":[{"embeddable":true,"href":"https:\/\/sulsc.com\/index.php\/wp-json\/wp\/v2\/media\/967"}],"wp:attachment":[{"href":"https:\/\/sulsc.com\/index.php\/wp-json\/wp\/v2\/media?parent=29685"}],"wp:term":[{"taxonomy":"category","embeddable":true,"href":"https:\/\/sulsc.com\/index.php\/wp-json\/wp\/v2\/categories?post=29685"},{"taxonomy":"post_tag","embeddable":true,"href":"https:\/\/sulsc.com\/index.php\/wp-json\/wp\/v2\/tags?post=29685"}],"curies":[{"name":"wp","href":"https:\/\/api.w.org\/{rel}","templated":true}]}}