{"id":29690,"date":"2025-11-15T08:02:23","date_gmt":"2025-11-15T11:02:23","guid":{"rendered":"https:\/\/sulsc.com\/?p=29690"},"modified":"2025-11-15T08:02:23","modified_gmt":"2025-11-15T11:02:23","slug":"sabado-de-sol-com-temperaturas-chegando-aos-30oc","status":"publish","type":"post","link":"https:\/\/sulsc.com\/index.php\/2025\/11\/15\/sabado-de-sol-com-temperaturas-chegando-aos-30oc\/","title":{"rendered":"S\u00e1bado de sol com temperaturas chegando aos 30\u00baC"},"content":{"rendered":"<p>O s\u00e1bado (15) come\u00e7a com predom\u00ednio de sol na maior parte do estado. No Grande Oeste e em parte dos Planaltos, a instabilidade retorna a partir da tarde, na forma de pancadas de chuva e temporais isolados.\u00a0\u00a0No Litoral e Vale do Itaja\u00ed, a nebulosidade aumenta ao final do dia, quando n\u00e3o se descarta a ocorr\u00eancia de chuva fraca e isolada.<\/p>\n<p><strong>Temperaturas<\/strong><\/p>\n<p>No amanhecer, temperaturas m\u00ednimas entre 10\u00b0C e 14\u00b0C nos planaltos e de 14\u00b0C a 19\u00b0C nas demais regi\u00f5es. \u00c0 tarde, as m\u00e1ximas se aproximam dos 28\u00b0C\/30\u00b0C no Grande Oeste e Litoral Sul e variam de 23 a 27\u00b0C no restante do estado.<\/p>\n<p><img fetchpriority=\"high\" decoding=\"async\" class=\"aligncenter size-full wp-image-29691\" src=\"http:\/\/sulsc.com\/wp-content\/uploads\/2025\/11\/image-203-1024x699-1.png\" alt=\"\" width=\"1024\" height=\"699\" srcset=\"https:\/\/sulsc.com\/wp-content\/uploads\/2025\/11\/image-203-1024x699-1.png 1024w, https:\/\/sulsc.com\/wp-content\/uploads\/2025\/11\/image-203-1024x699-1-300x205.png 300w, https:\/\/sulsc.com\/wp-content\/uploads\/2025\/11\/image-203-1024x699-1-768x524.png 768w\" sizes=\"(max-width: 1024px) 100vw, 1024px\" \/><\/p>\n<p><img decoding=\"async\" class=\"aligncenter size-full wp-image-22836\" src=\"http:\/\/sulsc.com\/wp-content\/uploads\/2025\/04\/Tempo-2.png\" alt=\"\" width=\"1024\" height=\"189\" srcset=\"https:\/\/sulsc.com\/wp-content\/uploads\/2025\/04\/Tempo-2.png 1024w, https:\/\/sulsc.com\/wp-content\/uploads\/2025\/04\/Tempo-2-300x55.png 300w, https:\/\/sulsc.com\/wp-content\/uploads\/2025\/04\/Tempo-2-768x142.png 768w\" sizes=\"(max-width: 1024px) 100vw, 1024px\" \/><\/p>\n<p><strong>Ventos:<\/strong> nordeste, fraco a moderado, com rajadas mais intensas no Sul de SC e Grande Florian\u00f3polis.<\/p>\n<p><strong>Sistema predominante:<\/strong> centro de alta press\u00e3o em alto-mar.<\/p>\n<div id=\"metaslider-id-25573\" style=\"width: 100%;\" class=\"ml-slider-3-99-0 metaslider metaslider-flex metaslider-25573 ml-slider has-onhover-arrows ms-theme-default-base has-dots-nav\" role=\"region\" aria-label=\"Meio\" data-width=\"1200\">\n    <div id=\"metaslider_container_25573\">\n        <div id=\"metaslider_25573\">\n            <ul class='slides'>\n                <li style=\"display: block; width: 100%;\" class=\"slide-25684 ms-image \" aria-roledescription=\"slide\" data-date=\"2025-07-24 07:55:40\"><img src=\"https:\/\/sulsc.com\/wp-content\/uploads\/2025\/07\/Marr-2-1000x166.jpg\" height=\"200\" width=\"1200\" alt=\"\" class=\"slider-25573 slide-25684 msDefaultImage\" title=\"Marr 2\" \/><\/li>\n                <li style=\"display: none; width: 100%;\" class=\"slide-32412 ms-image \" aria-roledescription=\"slide\" data-date=\"2026-02-18 13:59:46\"><img src=\"https:\/\/sulsc.com\/wp-content\/uploads\/2026\/02\/40dc1580-cad5-4867-bc58-c4243821ad38-1000x166.jpeg\" height=\"200\" width=\"1200\" alt=\"\" class=\"slider-25573 slide-32412 msDefaultImage\" title=\"40dc1580-cad5-4867-bc58-c4243821ad38\" \/><\/li>\n                <li style=\"display: none; width: 100%;\" class=\"slide-32766 ms-image \" aria-roledescription=\"slide\" data-date=\"2026-03-03 17:22:59\"><img src=\"https:\/\/sulsc.com\/wp-content\/uploads\/2026\/03\/271ce739-f268-41c5-8051-3de1a1750359-1000x166.jpeg\" height=\"200\" width=\"1200\" alt=\"\" class=\"slider-25573 slide-32766 msDefaultImage\" title=\"271ce739-f268-41c5-8051-3de1a1750359\" \/><\/li>\n            <\/ul>\n        <\/div>\n        \n    <\/div>\n<\/div>\n<p><strong>Amanh\u00e3 domingo (16),<\/strong> do Extremo Oeste ao Meio-Oeste, c\u00e9u encoberto com pancadas de chuva e trovoada, no decorrer do dia, com a aproxima\u00e7\u00e3o de uma nova frente fria, que favorece maiores volumes de chuva nessas \u00e1reas. Nas demais regi\u00f5es, sol entre nuvens com pancadas de chuva entre a tarde e noite. Risco de temporais isolados do oeste ao sul, \u00e0 tarde, e em todo o estado \u00e0 noite. O dia no litoral ser\u00e1 com temperaturas pr\u00f3ximas dos 30\u00baC no litoral.<\/p>\n<p>Fonte: Defesa Civiul-SC\/Epagri-Ciram<\/p>\n","protected":false},"excerpt":{"rendered":"<p>O s\u00e1bado (15) come\u00e7a com predom\u00ednio de sol na maior parte do estado. No Grande Oeste e em parte dos Planaltos, a instabilidade retorna a partir da tarde, na forma de pancadas de chuva e temporais isolados.\u00a0\u00a0No Litoral e Vale do Itaja\u00ed, a nebulosidade aumenta ao final do dia, quando n\u00e3o se descarta a ocorr\u00eancia &hellip;<\/p>\n<p class=\"read-more\"> <a class=\"\" href=\"https:\/\/sulsc.com\/index.php\/2025\/11\/15\/sabado-de-sol-com-temperaturas-chegando-aos-30oc\/\"> <span class=\"screen-reader-text\">S\u00e1bado de sol com temperaturas chegando aos 30\u00baC<\/span> Read More &raquo;<\/a><\/p>\n","protected":false},"author":3,"featured_media":29692,"comment_status":"open","ping_status":"open","sticky":false,"template":"","format":"standard","meta":{"site-sidebar-layout":"default","site-content-layout":"","ast-site-content-layout":"default","site-content-style":"default","site-sidebar-style":"default","ast-global-header-display":"","ast-banner-title-visibility":"","ast-main-header-display":"","ast-hfb-above-header-display":"","ast-hfb-below-header-display":"","ast-hfb-mobile-header-display":"","site-post-title":"","ast-breadcrumbs-content":"","ast-featured-img":"","footer-sml-layout":"","theme-transparent-header-meta":"default","adv-header-id-meta":"","stick-header-meta":"","header-above-stick-meta":"","header-main-stick-meta":"","header-below-stick-meta":"","astra-migrate-meta-layouts":"set","footnotes":""},"categories":[2354,2231,38,12],"tags":[90,1013],"yoast_head":"<!-- This site is optimized with the Yoast SEO plugin v21.4 - https:\/\/yoast.com\/wordpress\/plugins\/seo\/ -->\n<title>S\u00e1bado de sol com temperaturas chegando aos 30\u00baC -<\/title>\n<meta name=\"robots\" content=\"index, follow, max-snippet:-1, max-image-preview:large, max-video-preview:-1\" \/>\n<link rel=\"canonical\" href=\"https:\/\/sulsc.com\/index.php\/2025\/11\/15\/sabado-de-sol-com-temperaturas-chegando-aos-30oc\/\" \/>\n<meta property=\"og:locale\" content=\"en_US\" \/>\n<meta property=\"og:type\" content=\"article\" \/>\n<meta property=\"og:title\" content=\"S\u00e1bado de sol com temperaturas chegando aos 30\u00baC -\" \/>\n<meta property=\"og:description\" content=\"O s\u00e1bado (15) come\u00e7a com predom\u00ednio de sol na maior parte do estado. No Grande Oeste e em parte dos Planaltos, a instabilidade retorna a partir da tarde, na forma de pancadas de chuva e temporais isolados.\u00a0\u00a0No Litoral e Vale do Itaja\u00ed, a nebulosidade aumenta ao final do dia, quando n\u00e3o se descarta a ocorr\u00eancia &hellip; S\u00e1bado de sol com temperaturas chegando aos 30\u00baC Read More &raquo;\" \/>\n<meta property=\"og:url\" content=\"https:\/\/sulsc.com\/index.php\/2025\/11\/15\/sabado-de-sol-com-temperaturas-chegando-aos-30oc\/\" \/>\n<meta property=\"article:author\" content=\"https:\/\/www.facebook.com\/profile.php?id=61559278119680\" \/>\n<meta property=\"article:published_time\" content=\"2025-11-15T11:02:23+00:00\" \/>\n<meta property=\"og:image\" content=\"http:\/\/sulsc.com\/wp-content\/uploads\/2025\/11\/0fa1ff97-11b7-4d77-bb42-44536d2cbb16.jpeg\" \/>\n\t<meta property=\"og:image:width\" content=\"1600\" \/>\n\t<meta property=\"og:image:height\" content=\"720\" \/>\n\t<meta property=\"og:image:type\" content=\"image\/jpeg\" \/>\n<meta name=\"author\" content=\"Reda\u00e7\u00e3o Sul SC\" \/>\n<meta name=\"twitter:card\" content=\"summary_large_image\" \/>\n<meta name=\"twitter:creator\" content=\"@https:\/\/twitter.com\/PortalSulSC\" \/>\n<meta name=\"twitter:label1\" content=\"Written by\" \/>\n\t<meta name=\"twitter:data1\" content=\"Reda\u00e7\u00e3o Sul SC\" \/>\n\t<meta name=\"twitter:label2\" content=\"Est. reading time\" \/>\n\t<meta name=\"twitter:data2\" content=\"2 minutes\" \/>\n<script type=\"application\/ld+json\" class=\"yoast-schema-graph\">{\"@context\":\"https:\/\/schema.org\",\"@graph\":[{\"@type\":\"WebPage\",\"@id\":\"https:\/\/sulsc.com\/index.php\/2025\/11\/15\/sabado-de-sol-com-temperaturas-chegando-aos-30oc\/\",\"url\":\"https:\/\/sulsc.com\/index.php\/2025\/11\/15\/sabado-de-sol-com-temperaturas-chegando-aos-30oc\/\",\"name\":\"S\u00e1bado de sol com temperaturas chegando aos 30\u00baC -\",\"isPartOf\":{\"@id\":\"https:\/\/sulsc.com\/#website\"},\"datePublished\":\"2025-11-15T11:02:23+00:00\",\"dateModified\":\"2025-11-15T11:02:23+00:00\",\"author\":{\"@id\":\"https:\/\/sulsc.com\/#\/schema\/person\/84d2fc571684f6248ba83092f07750a3\"},\"breadcrumb\":{\"@id\":\"https:\/\/sulsc.com\/index.php\/2025\/11\/15\/sabado-de-sol-com-temperaturas-chegando-aos-30oc\/#breadcrumb\"},\"inLanguage\":\"en-US\",\"potentialAction\":[{\"@type\":\"ReadAction\",\"target\":[\"https:\/\/sulsc.com\/index.php\/2025\/11\/15\/sabado-de-sol-com-temperaturas-chegando-aos-30oc\/\"]}]},{\"@type\":\"BreadcrumbList\",\"@id\":\"https:\/\/sulsc.com\/index.php\/2025\/11\/15\/sabado-de-sol-com-temperaturas-chegando-aos-30oc\/#breadcrumb\",\"itemListElement\":[{\"@type\":\"ListItem\",\"position\":1,\"name\":\"In\u00edcio\",\"item\":\"https:\/\/sulsc.com\/\"},{\"@type\":\"ListItem\",\"position\":2,\"name\":\"S\u00e1bado de sol com temperaturas chegando aos 30\u00baC\"}]},{\"@type\":\"WebSite\",\"@id\":\"https:\/\/sulsc.com\/#website\",\"url\":\"https:\/\/sulsc.com\/\",\"name\":\"\",\"description\":\"\",\"potentialAction\":[{\"@type\":\"SearchAction\",\"target\":{\"@type\":\"EntryPoint\",\"urlTemplate\":\"https:\/\/sulsc.com\/?s={search_term_string}\"},\"query-input\":\"required name=search_term_string\"}],\"inLanguage\":\"en-US\"},{\"@type\":\"Person\",\"@id\":\"https:\/\/sulsc.com\/#\/schema\/person\/84d2fc571684f6248ba83092f07750a3\",\"name\":\"Reda\u00e7\u00e3o Sul SC\",\"image\":{\"@type\":\"ImageObject\",\"inLanguage\":\"en-US\",\"@id\":\"https:\/\/sulsc.com\/#\/schema\/person\/image\/e08d7fe2cc4ed596372063bbe852b8d0\",\"url\":\"https:\/\/sulsc.com\/wp-content\/uploads\/2023\/09\/redacao.png\",\"contentUrl\":\"https:\/\/sulsc.com\/wp-content\/uploads\/2023\/09\/redacao.png\",\"caption\":\"Reda\u00e7\u00e3o Sul SC\"},\"description\":\"Foco em um jornalismo imparcial, voltado \u00e0 qualidade dos seus conte\u00fados e, assim, levar informa\u00e7\u00e3o de valor que agregue \u00e0 vida dos leitores. Esta \u00e9 grande miss\u00e3o do Portal de Not\u00edcias Sul SC. N\u00e3o \u00e9 quantidade que muda o mundo, sempre foi e seguir\u00e1 sendo qualidade!\",\"sameAs\":[\"https:\/\/sulsc.com\/\",\"https:\/\/www.facebook.com\/profile.php?id=61559278119680\",\"https:\/\/www.instagram.com\/sulscportal\/?hl=pt-br\",\"https:\/\/twitter.com\/https:\/\/twitter.com\/PortalSulSC\",\"https:\/\/www.youtube.com\/channel\/UCv_BE8GeySluDov2n8qhVmw\"],\"url\":\"https:\/\/sulsc.com\/index.php\/author\/redacao\/\"}]}<\/script>\n<!-- \/ Yoast SEO plugin. -->","yoast_head_json":{"title":"S\u00e1bado de sol com temperaturas chegando aos 30\u00baC -","robots":{"index":"index","follow":"follow","max-snippet":"max-snippet:-1","max-image-preview":"max-image-preview:large","max-video-preview":"max-video-preview:-1"},"canonical":"https:\/\/sulsc.com\/index.php\/2025\/11\/15\/sabado-de-sol-com-temperaturas-chegando-aos-30oc\/","og_locale":"en_US","og_type":"article","og_title":"S\u00e1bado de sol com temperaturas chegando aos 30\u00baC -","og_description":"O s\u00e1bado (15) come\u00e7a com predom\u00ednio de sol na maior parte do estado. No Grande Oeste e em parte dos Planaltos, a instabilidade retorna a partir da tarde, na forma de pancadas de chuva e temporais isolados.\u00a0\u00a0No Litoral e Vale do Itaja\u00ed, a nebulosidade aumenta ao final do dia, quando n\u00e3o se descarta a ocorr\u00eancia &hellip; S\u00e1bado de sol com temperaturas chegando aos 30\u00baC Read More &raquo;","og_url":"https:\/\/sulsc.com\/index.php\/2025\/11\/15\/sabado-de-sol-com-temperaturas-chegando-aos-30oc\/","article_author":"https:\/\/www.facebook.com\/profile.php?id=61559278119680","article_published_time":"2025-11-15T11:02:23+00:00","og_image":[{"width":1600,"height":720,"url":"http:\/\/sulsc.com\/wp-content\/uploads\/2025\/11\/0fa1ff97-11b7-4d77-bb42-44536d2cbb16.jpeg","type":"image\/jpeg"}],"author":"Reda\u00e7\u00e3o Sul SC","twitter_card":"summary_large_image","twitter_creator":"@https:\/\/twitter.com\/PortalSulSC","twitter_misc":{"Written by":"Reda\u00e7\u00e3o Sul SC","Est. reading time":"2 minutes"},"schema":{"@context":"https:\/\/schema.org","@graph":[{"@type":"WebPage","@id":"https:\/\/sulsc.com\/index.php\/2025\/11\/15\/sabado-de-sol-com-temperaturas-chegando-aos-30oc\/","url":"https:\/\/sulsc.com\/index.php\/2025\/11\/15\/sabado-de-sol-com-temperaturas-chegando-aos-30oc\/","name":"S\u00e1bado de sol com temperaturas chegando aos 30\u00baC -","isPartOf":{"@id":"https:\/\/sulsc.com\/#website"},"datePublished":"2025-11-15T11:02:23+00:00","dateModified":"2025-11-15T11:02:23+00:00","author":{"@id":"https:\/\/sulsc.com\/#\/schema\/person\/84d2fc571684f6248ba83092f07750a3"},"breadcrumb":{"@id":"https:\/\/sulsc.com\/index.php\/2025\/11\/15\/sabado-de-sol-com-temperaturas-chegando-aos-30oc\/#breadcrumb"},"inLanguage":"en-US","potentialAction":[{"@type":"ReadAction","target":["https:\/\/sulsc.com\/index.php\/2025\/11\/15\/sabado-de-sol-com-temperaturas-chegando-aos-30oc\/"]}]},{"@type":"BreadcrumbList","@id":"https:\/\/sulsc.com\/index.php\/2025\/11\/15\/sabado-de-sol-com-temperaturas-chegando-aos-30oc\/#breadcrumb","itemListElement":[{"@type":"ListItem","position":1,"name":"In\u00edcio","item":"https:\/\/sulsc.com\/"},{"@type":"ListItem","position":2,"name":"S\u00e1bado de sol com temperaturas chegando aos 30\u00baC"}]},{"@type":"WebSite","@id":"https:\/\/sulsc.com\/#website","url":"https:\/\/sulsc.com\/","name":"","description":"","potentialAction":[{"@type":"SearchAction","target":{"@type":"EntryPoint","urlTemplate":"https:\/\/sulsc.com\/?s={search_term_string}"},"query-input":"required name=search_term_string"}],"inLanguage":"en-US"},{"@type":"Person","@id":"https:\/\/sulsc.com\/#\/schema\/person\/84d2fc571684f6248ba83092f07750a3","name":"Reda\u00e7\u00e3o Sul SC","image":{"@type":"ImageObject","inLanguage":"en-US","@id":"https:\/\/sulsc.com\/#\/schema\/person\/image\/e08d7fe2cc4ed596372063bbe852b8d0","url":"https:\/\/sulsc.com\/wp-content\/uploads\/2023\/09\/redacao.png","contentUrl":"https:\/\/sulsc.com\/wp-content\/uploads\/2023\/09\/redacao.png","caption":"Reda\u00e7\u00e3o Sul SC"},"description":"Foco em um jornalismo imparcial, voltado \u00e0 qualidade dos seus conte\u00fados e, assim, levar informa\u00e7\u00e3o de valor que agregue \u00e0 vida dos leitores. Esta \u00e9 grande miss\u00e3o do Portal de Not\u00edcias Sul SC. N\u00e3o \u00e9 quantidade que muda o mundo, sempre foi e seguir\u00e1 sendo qualidade!","sameAs":["https:\/\/sulsc.com\/","https:\/\/www.facebook.com\/profile.php?id=61559278119680","https:\/\/www.instagram.com\/sulscportal\/?hl=pt-br","https:\/\/twitter.com\/https:\/\/twitter.com\/PortalSulSC","https:\/\/www.youtube.com\/channel\/UCv_BE8GeySluDov2n8qhVmw"],"url":"https:\/\/sulsc.com\/index.php\/author\/redacao\/"}]}},"authors":[],"_links":{"self":[{"href":"https:\/\/sulsc.com\/index.php\/wp-json\/wp\/v2\/posts\/29690"}],"collection":[{"href":"https:\/\/sulsc.com\/index.php\/wp-json\/wp\/v2\/posts"}],"about":[{"href":"https:\/\/sulsc.com\/index.php\/wp-json\/wp\/v2\/types\/post"}],"author":[{"embeddable":true,"href":"https:\/\/sulsc.com\/index.php\/wp-json\/wp\/v2\/users\/3"}],"replies":[{"embeddable":true,"href":"https:\/\/sulsc.com\/index.php\/wp-json\/wp\/v2\/comments?post=29690"}],"version-history":[{"count":1,"href":"https:\/\/sulsc.com\/index.php\/wp-json\/wp\/v2\/posts\/29690\/revisions"}],"predecessor-version":[{"id":29693,"href":"https:\/\/sulsc.com\/index.php\/wp-json\/wp\/v2\/posts\/29690\/revisions\/29693"}],"wp:featuredmedia":[{"embeddable":true,"href":"https:\/\/sulsc.com\/index.php\/wp-json\/wp\/v2\/media\/29692"}],"wp:attachment":[{"href":"https:\/\/sulsc.com\/index.php\/wp-json\/wp\/v2\/media?parent=29690"}],"wp:term":[{"taxonomy":"category","embeddable":true,"href":"https:\/\/sulsc.com\/index.php\/wp-json\/wp\/v2\/categories?post=29690"},{"taxonomy":"post_tag","embeddable":true,"href":"https:\/\/sulsc.com\/index.php\/wp-json\/wp\/v2\/tags?post=29690"}],"curies":[{"name":"wp","href":"https:\/\/api.w.org\/{rel}","templated":true}]}}