{"id":29694,"date":"2025-11-15T08:10:37","date_gmt":"2025-11-15T11:10:37","guid":{"rendered":"https:\/\/sulsc.com\/?p=29694"},"modified":"2025-11-15T08:10:37","modified_gmt":"2025-11-15T11:10:37","slug":"homem-envolvido-em-assalto-com-arma-de-fogo-em-criciuma-e-capturado-pela-policia-civil","status":"publish","type":"post","link":"https:\/\/sulsc.com\/index.php\/2025\/11\/15\/homem-envolvido-em-assalto-com-arma-de-fogo-em-criciuma-e-capturado-pela-policia-civil\/","title":{"rendered":"Homem envolvido em assalto com arma de fogo em Crici\u00fama \u00e9 capturado pela Policia Civil"},"content":{"rendered":"<p>A\u00a0Delegacia de Repress\u00e3o a Roubos (DRR\/DIC Crici\u00fama), com refor\u00e7o de outras unidades e do SAER, localizou e prendeu na manh\u00e3 desta sexta-feira (14), um homem de 18 anos, envolvido em um assalto com\u00a0 arma de fogo, em um estacionamento rotativo de Crici\u00fama. A pris\u00e3o ocorreu no \u00e2mbito da Opera\u00e7\u00e3o \u201cRotativo\u201d. O investigado foi localizado e detido em sua resid\u00eancia no bairro Boa Vista, em Crici\u00fama.<\/p>\n<div id=\"metaslider-id-25573\" style=\"width: 100%;\" class=\"ml-slider-3-99-0 metaslider metaslider-flex metaslider-25573 ml-slider has-onhover-arrows ms-theme-default-base has-dots-nav\" role=\"region\" aria-label=\"Meio\" data-width=\"1200\">\n    <div id=\"metaslider_container_25573\">\n        <div id=\"metaslider_25573\">\n            <ul class='slides'>\n                <li style=\"display: block; width: 100%;\" class=\"slide-25684 ms-image \" aria-roledescription=\"slide\" data-date=\"2025-07-24 07:55:40\"><img src=\"https:\/\/sulsc.com\/wp-content\/uploads\/2025\/07\/Marr-2-1000x166.jpg\" height=\"200\" width=\"1200\" alt=\"\" class=\"slider-25573 slide-25684 msDefaultImage\" title=\"Marr 2\" \/><\/li>\n                <li style=\"display: none; width: 100%;\" class=\"slide-32412 ms-image \" aria-roledescription=\"slide\" data-date=\"2026-02-18 13:59:46\"><img src=\"https:\/\/sulsc.com\/wp-content\/uploads\/2026\/02\/40dc1580-cad5-4867-bc58-c4243821ad38-1000x166.jpeg\" height=\"200\" width=\"1200\" alt=\"\" class=\"slider-25573 slide-32412 msDefaultImage\" title=\"40dc1580-cad5-4867-bc58-c4243821ad38\" \/><\/li>\n                <li style=\"display: none; width: 100%;\" class=\"slide-32766 ms-image \" aria-roledescription=\"slide\" data-date=\"2026-03-03 17:22:59\"><img src=\"https:\/\/sulsc.com\/wp-content\/uploads\/2026\/03\/271ce739-f268-41c5-8051-3de1a1750359-1000x166.jpeg\" height=\"200\" width=\"1200\" alt=\"\" class=\"slider-25573 slide-32766 msDefaultImage\" title=\"271ce739-f268-41c5-8051-3de1a1750359\" \/><\/li>\n            <\/ul>\n        <\/div>\n        \n    <\/div>\n<\/div>\n<p>A investiga\u00e7\u00e3o apura o roubo de uma empresa de estacionamento rotativo na regi\u00e3o central de Crici\u00fama, em outubro. Os criminosos armados invadiram o local e mediante grave amea\u00e7a, subtra\u00edram um ve\u00edculo de cliente e objetos do funcion\u00e1rio rendido. O carro roubado foi localizado e recuperado poucas horas depois, em Palho\u00e7a. Uma pessoa foi presa em flagrante por recepta\u00e7\u00e3o.<\/p>\n<p><img fetchpriority=\"high\" decoding=\"async\" class=\"aligncenter size-full wp-image-29695\" src=\"http:\/\/sulsc.com\/wp-content\/uploads\/2025\/11\/WhatsApp-Image-2025-11-14-at-14.55.02-1.jpeg\" alt=\"\" width=\"750\" height=\"831\" srcset=\"https:\/\/sulsc.com\/wp-content\/uploads\/2025\/11\/WhatsApp-Image-2025-11-14-at-14.55.02-1.jpeg 750w, https:\/\/sulsc.com\/wp-content\/uploads\/2025\/11\/WhatsApp-Image-2025-11-14-at-14.55.02-1-271x300.jpeg 271w\" sizes=\"(max-width: 750px) 100vw, 750px\" \/><\/p>\n<p><strong>Foto: PCSC\/Divulga\u00e7\u00e3o\/SulSC<\/strong><\/p>\n<p>O trabalho dos investigadores resultou na identifica\u00e7\u00e3o de um dos autores, ele foi interrogado e encaminhado ao Pres\u00eddio. A investiga\u00e7\u00e3o prossegue para identifica\u00e7\u00e3o completa do grupo criminoso.<\/p>\n","protected":false},"excerpt":{"rendered":"<p>A\u00a0Delegacia de Repress\u00e3o a Roubos (DRR\/DIC Crici\u00fama), com refor\u00e7o de outras unidades e do SAER, localizou e prendeu na manh\u00e3 desta sexta-feira (14), um homem de 18 anos, envolvido em um assalto com\u00a0 arma de fogo, em um estacionamento rotativo de Crici\u00fama. A pris\u00e3o ocorreu no \u00e2mbito da Opera\u00e7\u00e3o \u201cRotativo\u201d. O investigado foi localizado e &hellip;<\/p>\n<p class=\"read-more\"> <a class=\"\" href=\"https:\/\/sulsc.com\/index.php\/2025\/11\/15\/homem-envolvido-em-assalto-com-arma-de-fogo-em-criciuma-e-capturado-pela-policia-civil\/\"> <span class=\"screen-reader-text\">Homem envolvido em assalto com arma de fogo em Crici\u00fama \u00e9 capturado pela Policia Civil<\/span> Read More &raquo;<\/a><\/p>\n","protected":false},"author":3,"featured_media":29695,"comment_status":"open","ping_status":"open","sticky":false,"template":"","format":"standard","meta":{"site-sidebar-layout":"default","site-content-layout":"","ast-site-content-layout":"default","site-content-style":"default","site-sidebar-style":"default","ast-global-header-display":"","ast-banner-title-visibility":"","ast-main-header-display":"","ast-hfb-above-header-display":"","ast-hfb-below-header-display":"","ast-hfb-mobile-header-display":"","site-post-title":"","ast-breadcrumbs-content":"","ast-featured-img":"","footer-sml-layout":"","theme-transparent-header-meta":"default","adv-header-id-meta":"","stick-header-meta":"","header-above-stick-meta":"","header-main-stick-meta":"","header-below-stick-meta":"","astra-migrate-meta-layouts":"set","footnotes":""},"categories":[2354,2231,23,14,8,12],"tags":[2305,521],"yoast_head":"<!-- This site is optimized with the Yoast SEO plugin v21.4 - https:\/\/yoast.com\/wordpress\/plugins\/seo\/ -->\n<title>Homem envolvido em assalto com arma de fogo em Crici\u00fama \u00e9 capturado pela Policia Civil -<\/title>\n<meta name=\"robots\" content=\"index, follow, max-snippet:-1, max-image-preview:large, max-video-preview:-1\" \/>\n<link rel=\"canonical\" href=\"https:\/\/sulsc.com\/index.php\/2025\/11\/15\/homem-envolvido-em-assalto-com-arma-de-fogo-em-criciuma-e-capturado-pela-policia-civil\/\" \/>\n<meta property=\"og:locale\" content=\"en_US\" \/>\n<meta property=\"og:type\" content=\"article\" \/>\n<meta property=\"og:title\" content=\"Homem envolvido em assalto com arma de fogo em Crici\u00fama \u00e9 capturado pela Policia Civil -\" \/>\n<meta property=\"og:description\" content=\"A\u00a0Delegacia de Repress\u00e3o a Roubos (DRR\/DIC Crici\u00fama), com refor\u00e7o de outras unidades e do SAER, localizou e prendeu na manh\u00e3 desta sexta-feira (14), um homem de 18 anos, envolvido em um assalto com\u00a0 arma de fogo, em um estacionamento rotativo de Crici\u00fama. A pris\u00e3o ocorreu no \u00e2mbito da Opera\u00e7\u00e3o \u201cRotativo\u201d. O investigado foi localizado e &hellip; Homem envolvido em assalto com arma de fogo em Crici\u00fama \u00e9 capturado pela Policia Civil Read More &raquo;\" \/>\n<meta property=\"og:url\" content=\"https:\/\/sulsc.com\/index.php\/2025\/11\/15\/homem-envolvido-em-assalto-com-arma-de-fogo-em-criciuma-e-capturado-pela-policia-civil\/\" \/>\n<meta property=\"article:author\" content=\"https:\/\/www.facebook.com\/profile.php?id=61559278119680\" \/>\n<meta property=\"article:published_time\" content=\"2025-11-15T11:10:37+00:00\" \/>\n<meta property=\"og:image\" content=\"http:\/\/sulsc.com\/wp-content\/uploads\/2025\/11\/WhatsApp-Image-2025-11-14-at-14.55.02-1.jpeg\" \/>\n\t<meta property=\"og:image:width\" content=\"750\" \/>\n\t<meta property=\"og:image:height\" content=\"831\" \/>\n\t<meta property=\"og:image:type\" content=\"image\/jpeg\" \/>\n<meta name=\"author\" content=\"Reda\u00e7\u00e3o Sul SC\" \/>\n<meta name=\"twitter:card\" content=\"summary_large_image\" \/>\n<meta name=\"twitter:creator\" content=\"@https:\/\/twitter.com\/PortalSulSC\" \/>\n<meta name=\"twitter:label1\" content=\"Written by\" \/>\n\t<meta name=\"twitter:data1\" content=\"Reda\u00e7\u00e3o Sul SC\" \/>\n\t<meta name=\"twitter:label2\" content=\"Est. reading time\" \/>\n\t<meta name=\"twitter:data2\" content=\"1 minute\" \/>\n<script type=\"application\/ld+json\" class=\"yoast-schema-graph\">{\"@context\":\"https:\/\/schema.org\",\"@graph\":[{\"@type\":\"WebPage\",\"@id\":\"https:\/\/sulsc.com\/index.php\/2025\/11\/15\/homem-envolvido-em-assalto-com-arma-de-fogo-em-criciuma-e-capturado-pela-policia-civil\/\",\"url\":\"https:\/\/sulsc.com\/index.php\/2025\/11\/15\/homem-envolvido-em-assalto-com-arma-de-fogo-em-criciuma-e-capturado-pela-policia-civil\/\",\"name\":\"Homem envolvido em assalto com arma de fogo em Crici\u00fama \u00e9 capturado pela Policia Civil -\",\"isPartOf\":{\"@id\":\"https:\/\/sulsc.com\/#website\"},\"datePublished\":\"2025-11-15T11:10:37+00:00\",\"dateModified\":\"2025-11-15T11:10:37+00:00\",\"author\":{\"@id\":\"https:\/\/sulsc.com\/#\/schema\/person\/84d2fc571684f6248ba83092f07750a3\"},\"breadcrumb\":{\"@id\":\"https:\/\/sulsc.com\/index.php\/2025\/11\/15\/homem-envolvido-em-assalto-com-arma-de-fogo-em-criciuma-e-capturado-pela-policia-civil\/#breadcrumb\"},\"inLanguage\":\"en-US\",\"potentialAction\":[{\"@type\":\"ReadAction\",\"target\":[\"https:\/\/sulsc.com\/index.php\/2025\/11\/15\/homem-envolvido-em-assalto-com-arma-de-fogo-em-criciuma-e-capturado-pela-policia-civil\/\"]}]},{\"@type\":\"BreadcrumbList\",\"@id\":\"https:\/\/sulsc.com\/index.php\/2025\/11\/15\/homem-envolvido-em-assalto-com-arma-de-fogo-em-criciuma-e-capturado-pela-policia-civil\/#breadcrumb\",\"itemListElement\":[{\"@type\":\"ListItem\",\"position\":1,\"name\":\"In\u00edcio\",\"item\":\"https:\/\/sulsc.com\/\"},{\"@type\":\"ListItem\",\"position\":2,\"name\":\"Homem envolvido em assalto com arma de fogo em Crici\u00fama \u00e9 capturado pela Policia Civil\"}]},{\"@type\":\"WebSite\",\"@id\":\"https:\/\/sulsc.com\/#website\",\"url\":\"https:\/\/sulsc.com\/\",\"name\":\"\",\"description\":\"\",\"potentialAction\":[{\"@type\":\"SearchAction\",\"target\":{\"@type\":\"EntryPoint\",\"urlTemplate\":\"https:\/\/sulsc.com\/?s={search_term_string}\"},\"query-input\":\"required name=search_term_string\"}],\"inLanguage\":\"en-US\"},{\"@type\":\"Person\",\"@id\":\"https:\/\/sulsc.com\/#\/schema\/person\/84d2fc571684f6248ba83092f07750a3\",\"name\":\"Reda\u00e7\u00e3o Sul SC\",\"image\":{\"@type\":\"ImageObject\",\"inLanguage\":\"en-US\",\"@id\":\"https:\/\/sulsc.com\/#\/schema\/person\/image\/e08d7fe2cc4ed596372063bbe852b8d0\",\"url\":\"https:\/\/sulsc.com\/wp-content\/uploads\/2023\/09\/redacao.png\",\"contentUrl\":\"https:\/\/sulsc.com\/wp-content\/uploads\/2023\/09\/redacao.png\",\"caption\":\"Reda\u00e7\u00e3o Sul SC\"},\"description\":\"Foco em um jornalismo imparcial, voltado \u00e0 qualidade dos seus conte\u00fados e, assim, levar informa\u00e7\u00e3o de valor que agregue \u00e0 vida dos leitores. Esta \u00e9 grande miss\u00e3o do Portal de Not\u00edcias Sul SC. N\u00e3o \u00e9 quantidade que muda o mundo, sempre foi e seguir\u00e1 sendo qualidade!\",\"sameAs\":[\"https:\/\/sulsc.com\/\",\"https:\/\/www.facebook.com\/profile.php?id=61559278119680\",\"https:\/\/www.instagram.com\/sulscportal\/?hl=pt-br\",\"https:\/\/twitter.com\/https:\/\/twitter.com\/PortalSulSC\",\"https:\/\/www.youtube.com\/channel\/UCv_BE8GeySluDov2n8qhVmw\"],\"url\":\"https:\/\/sulsc.com\/index.php\/author\/redacao\/\"}]}<\/script>\n<!-- \/ Yoast SEO plugin. -->","yoast_head_json":{"title":"Homem envolvido em assalto com arma de fogo em Crici\u00fama \u00e9 capturado pela Policia Civil -","robots":{"index":"index","follow":"follow","max-snippet":"max-snippet:-1","max-image-preview":"max-image-preview:large","max-video-preview":"max-video-preview:-1"},"canonical":"https:\/\/sulsc.com\/index.php\/2025\/11\/15\/homem-envolvido-em-assalto-com-arma-de-fogo-em-criciuma-e-capturado-pela-policia-civil\/","og_locale":"en_US","og_type":"article","og_title":"Homem envolvido em assalto com arma de fogo em Crici\u00fama \u00e9 capturado pela Policia Civil -","og_description":"A\u00a0Delegacia de Repress\u00e3o a Roubos (DRR\/DIC Crici\u00fama), com refor\u00e7o de outras unidades e do SAER, localizou e prendeu na manh\u00e3 desta sexta-feira (14), um homem de 18 anos, envolvido em um assalto com\u00a0 arma de fogo, em um estacionamento rotativo de Crici\u00fama. A pris\u00e3o ocorreu no \u00e2mbito da Opera\u00e7\u00e3o \u201cRotativo\u201d. O investigado foi localizado e &hellip; Homem envolvido em assalto com arma de fogo em Crici\u00fama \u00e9 capturado pela Policia Civil Read More &raquo;","og_url":"https:\/\/sulsc.com\/index.php\/2025\/11\/15\/homem-envolvido-em-assalto-com-arma-de-fogo-em-criciuma-e-capturado-pela-policia-civil\/","article_author":"https:\/\/www.facebook.com\/profile.php?id=61559278119680","article_published_time":"2025-11-15T11:10:37+00:00","og_image":[{"width":750,"height":831,"url":"http:\/\/sulsc.com\/wp-content\/uploads\/2025\/11\/WhatsApp-Image-2025-11-14-at-14.55.02-1.jpeg","type":"image\/jpeg"}],"author":"Reda\u00e7\u00e3o Sul SC","twitter_card":"summary_large_image","twitter_creator":"@https:\/\/twitter.com\/PortalSulSC","twitter_misc":{"Written by":"Reda\u00e7\u00e3o Sul SC","Est. reading time":"1 minute"},"schema":{"@context":"https:\/\/schema.org","@graph":[{"@type":"WebPage","@id":"https:\/\/sulsc.com\/index.php\/2025\/11\/15\/homem-envolvido-em-assalto-com-arma-de-fogo-em-criciuma-e-capturado-pela-policia-civil\/","url":"https:\/\/sulsc.com\/index.php\/2025\/11\/15\/homem-envolvido-em-assalto-com-arma-de-fogo-em-criciuma-e-capturado-pela-policia-civil\/","name":"Homem envolvido em assalto com arma de fogo em Crici\u00fama \u00e9 capturado pela Policia Civil -","isPartOf":{"@id":"https:\/\/sulsc.com\/#website"},"datePublished":"2025-11-15T11:10:37+00:00","dateModified":"2025-11-15T11:10:37+00:00","author":{"@id":"https:\/\/sulsc.com\/#\/schema\/person\/84d2fc571684f6248ba83092f07750a3"},"breadcrumb":{"@id":"https:\/\/sulsc.com\/index.php\/2025\/11\/15\/homem-envolvido-em-assalto-com-arma-de-fogo-em-criciuma-e-capturado-pela-policia-civil\/#breadcrumb"},"inLanguage":"en-US","potentialAction":[{"@type":"ReadAction","target":["https:\/\/sulsc.com\/index.php\/2025\/11\/15\/homem-envolvido-em-assalto-com-arma-de-fogo-em-criciuma-e-capturado-pela-policia-civil\/"]}]},{"@type":"BreadcrumbList","@id":"https:\/\/sulsc.com\/index.php\/2025\/11\/15\/homem-envolvido-em-assalto-com-arma-de-fogo-em-criciuma-e-capturado-pela-policia-civil\/#breadcrumb","itemListElement":[{"@type":"ListItem","position":1,"name":"In\u00edcio","item":"https:\/\/sulsc.com\/"},{"@type":"ListItem","position":2,"name":"Homem envolvido em assalto com arma de fogo em Crici\u00fama \u00e9 capturado pela Policia Civil"}]},{"@type":"WebSite","@id":"https:\/\/sulsc.com\/#website","url":"https:\/\/sulsc.com\/","name":"","description":"","potentialAction":[{"@type":"SearchAction","target":{"@type":"EntryPoint","urlTemplate":"https:\/\/sulsc.com\/?s={search_term_string}"},"query-input":"required name=search_term_string"}],"inLanguage":"en-US"},{"@type":"Person","@id":"https:\/\/sulsc.com\/#\/schema\/person\/84d2fc571684f6248ba83092f07750a3","name":"Reda\u00e7\u00e3o Sul SC","image":{"@type":"ImageObject","inLanguage":"en-US","@id":"https:\/\/sulsc.com\/#\/schema\/person\/image\/e08d7fe2cc4ed596372063bbe852b8d0","url":"https:\/\/sulsc.com\/wp-content\/uploads\/2023\/09\/redacao.png","contentUrl":"https:\/\/sulsc.com\/wp-content\/uploads\/2023\/09\/redacao.png","caption":"Reda\u00e7\u00e3o Sul SC"},"description":"Foco em um jornalismo imparcial, voltado \u00e0 qualidade dos seus conte\u00fados e, assim, levar informa\u00e7\u00e3o de valor que agregue \u00e0 vida dos leitores. Esta \u00e9 grande miss\u00e3o do Portal de Not\u00edcias Sul SC. N\u00e3o \u00e9 quantidade que muda o mundo, sempre foi e seguir\u00e1 sendo qualidade!","sameAs":["https:\/\/sulsc.com\/","https:\/\/www.facebook.com\/profile.php?id=61559278119680","https:\/\/www.instagram.com\/sulscportal\/?hl=pt-br","https:\/\/twitter.com\/https:\/\/twitter.com\/PortalSulSC","https:\/\/www.youtube.com\/channel\/UCv_BE8GeySluDov2n8qhVmw"],"url":"https:\/\/sulsc.com\/index.php\/author\/redacao\/"}]}},"authors":[],"_links":{"self":[{"href":"https:\/\/sulsc.com\/index.php\/wp-json\/wp\/v2\/posts\/29694"}],"collection":[{"href":"https:\/\/sulsc.com\/index.php\/wp-json\/wp\/v2\/posts"}],"about":[{"href":"https:\/\/sulsc.com\/index.php\/wp-json\/wp\/v2\/types\/post"}],"author":[{"embeddable":true,"href":"https:\/\/sulsc.com\/index.php\/wp-json\/wp\/v2\/users\/3"}],"replies":[{"embeddable":true,"href":"https:\/\/sulsc.com\/index.php\/wp-json\/wp\/v2\/comments?post=29694"}],"version-history":[{"count":1,"href":"https:\/\/sulsc.com\/index.php\/wp-json\/wp\/v2\/posts\/29694\/revisions"}],"predecessor-version":[{"id":29696,"href":"https:\/\/sulsc.com\/index.php\/wp-json\/wp\/v2\/posts\/29694\/revisions\/29696"}],"wp:featuredmedia":[{"embeddable":true,"href":"https:\/\/sulsc.com\/index.php\/wp-json\/wp\/v2\/media\/29695"}],"wp:attachment":[{"href":"https:\/\/sulsc.com\/index.php\/wp-json\/wp\/v2\/media?parent=29694"}],"wp:term":[{"taxonomy":"category","embeddable":true,"href":"https:\/\/sulsc.com\/index.php\/wp-json\/wp\/v2\/categories?post=29694"},{"taxonomy":"post_tag","embeddable":true,"href":"https:\/\/sulsc.com\/index.php\/wp-json\/wp\/v2\/tags?post=29694"}],"curies":[{"name":"wp","href":"https:\/\/api.w.org\/{rel}","templated":true}]}}