{"id":29697,"date":"2025-11-15T08:28:36","date_gmt":"2025-11-15T11:28:36","guid":{"rendered":"https:\/\/sulsc.com\/?p=29697"},"modified":"2025-11-15T08:28:36","modified_gmt":"2025-11-15T11:28:36","slug":"4-050-kg-de-pescados-sem-procedencia-sao-apreendidos-em-laguna","status":"publish","type":"post","link":"https:\/\/sulsc.com\/index.php\/2025\/11\/15\/4-050-kg-de-pescados-sem-procedencia-sao-apreendidos-em-laguna\/","title":{"rendered":"4.050 Kg de pescados sem proced\u00eancia s\u00e3o apreendidos em Laguna"},"content":{"rendered":"<p>Na tarde de ontem sexta-feira (14), por volta das 16h07, a Pol\u00edcia Militar Ambiental informou ao 28\u00ba Batalh\u00e3o de Pol\u00edcia Militar (BPM) sobre um caminh\u00e3o suspeito de transportar pescados de maneira irregular. Ap\u00f3s as informa\u00e7\u00f5es a Policia Militar imediatamente come\u00e7ou o patrulhamento pelo bairro Magalh\u00e3es, onde acabaram localizando o ve\u00edculo.<\/p>\n<div id=\"metaslider-id-25573\" style=\"width: 100%;\" class=\"ml-slider-3-99-0 metaslider metaslider-flex metaslider-25573 ml-slider has-onhover-arrows ms-theme-default-base has-dots-nav\" role=\"region\" aria-label=\"Meio\" data-width=\"1200\">\n    <div id=\"metaslider_container_25573\">\n        <div id=\"metaslider_25573\">\n            <ul class='slides'>\n                <li style=\"display: block; width: 100%;\" class=\"slide-25684 ms-image \" aria-roledescription=\"slide\" data-date=\"2025-07-24 07:55:40\"><img src=\"https:\/\/sulsc.com\/wp-content\/uploads\/2025\/07\/Marr-2-1000x166.jpg\" height=\"200\" width=\"1200\" alt=\"\" class=\"slider-25573 slide-25684 msDefaultImage\" title=\"Marr 2\" \/><\/li>\n                <li style=\"display: none; width: 100%;\" class=\"slide-32412 ms-image \" aria-roledescription=\"slide\" data-date=\"2026-02-18 13:59:46\"><img src=\"https:\/\/sulsc.com\/wp-content\/uploads\/2026\/02\/40dc1580-cad5-4867-bc58-c4243821ad38-1000x166.jpeg\" height=\"200\" width=\"1200\" alt=\"\" class=\"slider-25573 slide-32412 msDefaultImage\" title=\"40dc1580-cad5-4867-bc58-c4243821ad38\" \/><\/li>\n                <li style=\"display: none; width: 100%;\" class=\"slide-32766 ms-image \" aria-roledescription=\"slide\" data-date=\"2026-03-03 17:22:59\"><img src=\"https:\/\/sulsc.com\/wp-content\/uploads\/2026\/03\/271ce739-f268-41c5-8051-3de1a1750359-1000x166.jpeg\" height=\"200\" width=\"1200\" alt=\"\" class=\"slider-25573 slide-32766 msDefaultImage\" title=\"271ce739-f268-41c5-8051-3de1a1750359\" \/><\/li>\n            <\/ul>\n        <\/div>\n        \n    <\/div>\n<\/div>\n<p>Durante a abordagem, os policiais encontraram 4.050kg de pescados da esp\u00e9cie anchova, que n\u00e3o possu\u00edam nota fiscal ou qualquer documenta\u00e7\u00e3o que comprovasse a origem legal do produto. A mercadoria e o caminh\u00e3o foram apreendidos para as devidas provid\u00eancias legais.<\/p>\n<p><img fetchpriority=\"high\" decoding=\"async\" class=\"aligncenter size-full wp-image-20933\" src=\"http:\/\/sulsc.com\/wp-content\/uploads\/2025\/03\/PM-TB.jpg\" alt=\"\" width=\"1080\" height=\"690\" srcset=\"https:\/\/sulsc.com\/wp-content\/uploads\/2025\/03\/PM-TB.jpg 1080w, https:\/\/sulsc.com\/wp-content\/uploads\/2025\/03\/PM-TB-300x192.jpg 300w, https:\/\/sulsc.com\/wp-content\/uploads\/2025\/03\/PM-TB-1024x654.jpg 1024w, https:\/\/sulsc.com\/wp-content\/uploads\/2025\/03\/PM-TB-768x491.jpg 768w\" sizes=\"(max-width: 1080px) 100vw, 1080px\" \/><\/p>\n<p>&nbsp;<\/p>\n<p><strong>PMSC\/Divulga\u00e7\u00e3o\/SulSC<\/strong><\/p>\n<p>A a\u00e7\u00e3o refor\u00e7a o compromisso das policias Ambiental e Militar em combater a pesca irregular na regi\u00e3o.<\/p>\n","protected":false},"excerpt":{"rendered":"<p>Na tarde de ontem sexta-feira (14), por volta das 16h07, a Pol\u00edcia Militar Ambiental informou ao 28\u00ba Batalh\u00e3o de Pol\u00edcia Militar (BPM) sobre um caminh\u00e3o suspeito de transportar pescados de maneira irregular. Ap\u00f3s as informa\u00e7\u00f5es a Policia Militar imediatamente come\u00e7ou o patrulhamento pelo bairro Magalh\u00e3es, onde acabaram localizando o ve\u00edculo. Durante a abordagem, os policiais &hellip;<\/p>\n<p class=\"read-more\"> <a class=\"\" href=\"https:\/\/sulsc.com\/index.php\/2025\/11\/15\/4-050-kg-de-pescados-sem-procedencia-sao-apreendidos-em-laguna\/\"> <span class=\"screen-reader-text\">4.050 Kg de pescados sem proced\u00eancia s\u00e3o apreendidos em Laguna<\/span> Read More &raquo;<\/a><\/p>\n","protected":false},"author":3,"featured_media":24838,"comment_status":"open","ping_status":"open","sticky":false,"template":"","format":"standard","meta":{"site-sidebar-layout":"default","site-content-layout":"","ast-site-content-layout":"default","site-content-style":"default","site-sidebar-style":"default","ast-global-header-display":"","ast-banner-title-visibility":"","ast-main-header-display":"","ast-hfb-above-header-display":"","ast-hfb-below-header-display":"","ast-hfb-mobile-header-display":"","site-post-title":"","ast-breadcrumbs-content":"","ast-featured-img":"","footer-sml-layout":"","theme-transparent-header-meta":"default","adv-header-id-meta":"","stick-header-meta":"","header-above-stick-meta":"","header-main-stick-meta":"","header-below-stick-meta":"","astra-migrate-meta-layouts":"set","footnotes":""},"categories":[2231,1,22,14,8,12],"tags":[65,2243],"yoast_head":"<!-- This site is optimized with the Yoast SEO plugin v21.4 - https:\/\/yoast.com\/wordpress\/plugins\/seo\/ -->\n<title>4.050 Kg de pescados sem proced\u00eancia s\u00e3o apreendidos em Laguna -<\/title>\n<meta name=\"robots\" content=\"index, follow, max-snippet:-1, max-image-preview:large, max-video-preview:-1\" \/>\n<link rel=\"canonical\" href=\"https:\/\/sulsc.com\/index.php\/2025\/11\/15\/4-050-kg-de-pescados-sem-procedencia-sao-apreendidos-em-laguna\/\" \/>\n<meta property=\"og:locale\" content=\"en_US\" \/>\n<meta property=\"og:type\" content=\"article\" \/>\n<meta property=\"og:title\" content=\"4.050 Kg de pescados sem proced\u00eancia s\u00e3o apreendidos em Laguna -\" \/>\n<meta property=\"og:description\" content=\"Na tarde de ontem sexta-feira (14), por volta das 16h07, a Pol\u00edcia Militar Ambiental informou ao 28\u00ba Batalh\u00e3o de Pol\u00edcia Militar (BPM) sobre um caminh\u00e3o suspeito de transportar pescados de maneira irregular. Ap\u00f3s as informa\u00e7\u00f5es a Policia Militar imediatamente come\u00e7ou o patrulhamento pelo bairro Magalh\u00e3es, onde acabaram localizando o ve\u00edculo. Durante a abordagem, os policiais &hellip; 4.050 Kg de pescados sem proced\u00eancia s\u00e3o apreendidos em Laguna Read More &raquo;\" \/>\n<meta property=\"og:url\" content=\"https:\/\/sulsc.com\/index.php\/2025\/11\/15\/4-050-kg-de-pescados-sem-procedencia-sao-apreendidos-em-laguna\/\" \/>\n<meta property=\"article:author\" content=\"https:\/\/www.facebook.com\/profile.php?id=61559278119680\" \/>\n<meta property=\"article:published_time\" content=\"2025-11-15T11:28:36+00:00\" \/>\n<meta property=\"og:image\" content=\"http:\/\/sulsc.com\/wp-content\/uploads\/2025\/06\/PM-3.jpg\" \/>\n\t<meta property=\"og:image:width\" content=\"1080\" \/>\n\t<meta property=\"og:image:height\" content=\"680\" \/>\n\t<meta property=\"og:image:type\" content=\"image\/jpeg\" \/>\n<meta name=\"author\" content=\"Reda\u00e7\u00e3o Sul SC\" \/>\n<meta name=\"twitter:card\" content=\"summary_large_image\" \/>\n<meta name=\"twitter:creator\" content=\"@https:\/\/twitter.com\/PortalSulSC\" \/>\n<meta name=\"twitter:label1\" content=\"Written by\" \/>\n\t<meta name=\"twitter:data1\" content=\"Reda\u00e7\u00e3o Sul SC\" \/>\n\t<meta name=\"twitter:label2\" content=\"Est. reading time\" \/>\n\t<meta name=\"twitter:data2\" content=\"1 minute\" \/>\n<script type=\"application\/ld+json\" class=\"yoast-schema-graph\">{\"@context\":\"https:\/\/schema.org\",\"@graph\":[{\"@type\":\"WebPage\",\"@id\":\"https:\/\/sulsc.com\/index.php\/2025\/11\/15\/4-050-kg-de-pescados-sem-procedencia-sao-apreendidos-em-laguna\/\",\"url\":\"https:\/\/sulsc.com\/index.php\/2025\/11\/15\/4-050-kg-de-pescados-sem-procedencia-sao-apreendidos-em-laguna\/\",\"name\":\"4.050 Kg de pescados sem proced\u00eancia s\u00e3o apreendidos em Laguna -\",\"isPartOf\":{\"@id\":\"https:\/\/sulsc.com\/#website\"},\"datePublished\":\"2025-11-15T11:28:36+00:00\",\"dateModified\":\"2025-11-15T11:28:36+00:00\",\"author\":{\"@id\":\"https:\/\/sulsc.com\/#\/schema\/person\/84d2fc571684f6248ba83092f07750a3\"},\"breadcrumb\":{\"@id\":\"https:\/\/sulsc.com\/index.php\/2025\/11\/15\/4-050-kg-de-pescados-sem-procedencia-sao-apreendidos-em-laguna\/#breadcrumb\"},\"inLanguage\":\"en-US\",\"potentialAction\":[{\"@type\":\"ReadAction\",\"target\":[\"https:\/\/sulsc.com\/index.php\/2025\/11\/15\/4-050-kg-de-pescados-sem-procedencia-sao-apreendidos-em-laguna\/\"]}]},{\"@type\":\"BreadcrumbList\",\"@id\":\"https:\/\/sulsc.com\/index.php\/2025\/11\/15\/4-050-kg-de-pescados-sem-procedencia-sao-apreendidos-em-laguna\/#breadcrumb\",\"itemListElement\":[{\"@type\":\"ListItem\",\"position\":1,\"name\":\"In\u00edcio\",\"item\":\"https:\/\/sulsc.com\/\"},{\"@type\":\"ListItem\",\"position\":2,\"name\":\"4.050 Kg de pescados sem proced\u00eancia s\u00e3o apreendidos em Laguna\"}]},{\"@type\":\"WebSite\",\"@id\":\"https:\/\/sulsc.com\/#website\",\"url\":\"https:\/\/sulsc.com\/\",\"name\":\"\",\"description\":\"\",\"potentialAction\":[{\"@type\":\"SearchAction\",\"target\":{\"@type\":\"EntryPoint\",\"urlTemplate\":\"https:\/\/sulsc.com\/?s={search_term_string}\"},\"query-input\":\"required name=search_term_string\"}],\"inLanguage\":\"en-US\"},{\"@type\":\"Person\",\"@id\":\"https:\/\/sulsc.com\/#\/schema\/person\/84d2fc571684f6248ba83092f07750a3\",\"name\":\"Reda\u00e7\u00e3o Sul SC\",\"image\":{\"@type\":\"ImageObject\",\"inLanguage\":\"en-US\",\"@id\":\"https:\/\/sulsc.com\/#\/schema\/person\/image\/e08d7fe2cc4ed596372063bbe852b8d0\",\"url\":\"https:\/\/sulsc.com\/wp-content\/uploads\/2023\/09\/redacao.png\",\"contentUrl\":\"https:\/\/sulsc.com\/wp-content\/uploads\/2023\/09\/redacao.png\",\"caption\":\"Reda\u00e7\u00e3o Sul SC\"},\"description\":\"Foco em um jornalismo imparcial, voltado \u00e0 qualidade dos seus conte\u00fados e, assim, levar informa\u00e7\u00e3o de valor que agregue \u00e0 vida dos leitores. Esta \u00e9 grande miss\u00e3o do Portal de Not\u00edcias Sul SC. N\u00e3o \u00e9 quantidade que muda o mundo, sempre foi e seguir\u00e1 sendo qualidade!\",\"sameAs\":[\"https:\/\/sulsc.com\/\",\"https:\/\/www.facebook.com\/profile.php?id=61559278119680\",\"https:\/\/www.instagram.com\/sulscportal\/?hl=pt-br\",\"https:\/\/twitter.com\/https:\/\/twitter.com\/PortalSulSC\",\"https:\/\/www.youtube.com\/channel\/UCv_BE8GeySluDov2n8qhVmw\"],\"url\":\"https:\/\/sulsc.com\/index.php\/author\/redacao\/\"}]}<\/script>\n<!-- \/ Yoast SEO plugin. -->","yoast_head_json":{"title":"4.050 Kg de pescados sem proced\u00eancia s\u00e3o apreendidos em Laguna -","robots":{"index":"index","follow":"follow","max-snippet":"max-snippet:-1","max-image-preview":"max-image-preview:large","max-video-preview":"max-video-preview:-1"},"canonical":"https:\/\/sulsc.com\/index.php\/2025\/11\/15\/4-050-kg-de-pescados-sem-procedencia-sao-apreendidos-em-laguna\/","og_locale":"en_US","og_type":"article","og_title":"4.050 Kg de pescados sem proced\u00eancia s\u00e3o apreendidos em Laguna -","og_description":"Na tarde de ontem sexta-feira (14), por volta das 16h07, a Pol\u00edcia Militar Ambiental informou ao 28\u00ba Batalh\u00e3o de Pol\u00edcia Militar (BPM) sobre um caminh\u00e3o suspeito de transportar pescados de maneira irregular. Ap\u00f3s as informa\u00e7\u00f5es a Policia Militar imediatamente come\u00e7ou o patrulhamento pelo bairro Magalh\u00e3es, onde acabaram localizando o ve\u00edculo. Durante a abordagem, os policiais &hellip; 4.050 Kg de pescados sem proced\u00eancia s\u00e3o apreendidos em Laguna Read More &raquo;","og_url":"https:\/\/sulsc.com\/index.php\/2025\/11\/15\/4-050-kg-de-pescados-sem-procedencia-sao-apreendidos-em-laguna\/","article_author":"https:\/\/www.facebook.com\/profile.php?id=61559278119680","article_published_time":"2025-11-15T11:28:36+00:00","og_image":[{"width":1080,"height":680,"url":"http:\/\/sulsc.com\/wp-content\/uploads\/2025\/06\/PM-3.jpg","type":"image\/jpeg"}],"author":"Reda\u00e7\u00e3o Sul SC","twitter_card":"summary_large_image","twitter_creator":"@https:\/\/twitter.com\/PortalSulSC","twitter_misc":{"Written by":"Reda\u00e7\u00e3o Sul SC","Est. reading time":"1 minute"},"schema":{"@context":"https:\/\/schema.org","@graph":[{"@type":"WebPage","@id":"https:\/\/sulsc.com\/index.php\/2025\/11\/15\/4-050-kg-de-pescados-sem-procedencia-sao-apreendidos-em-laguna\/","url":"https:\/\/sulsc.com\/index.php\/2025\/11\/15\/4-050-kg-de-pescados-sem-procedencia-sao-apreendidos-em-laguna\/","name":"4.050 Kg de pescados sem proced\u00eancia s\u00e3o apreendidos em Laguna -","isPartOf":{"@id":"https:\/\/sulsc.com\/#website"},"datePublished":"2025-11-15T11:28:36+00:00","dateModified":"2025-11-15T11:28:36+00:00","author":{"@id":"https:\/\/sulsc.com\/#\/schema\/person\/84d2fc571684f6248ba83092f07750a3"},"breadcrumb":{"@id":"https:\/\/sulsc.com\/index.php\/2025\/11\/15\/4-050-kg-de-pescados-sem-procedencia-sao-apreendidos-em-laguna\/#breadcrumb"},"inLanguage":"en-US","potentialAction":[{"@type":"ReadAction","target":["https:\/\/sulsc.com\/index.php\/2025\/11\/15\/4-050-kg-de-pescados-sem-procedencia-sao-apreendidos-em-laguna\/"]}]},{"@type":"BreadcrumbList","@id":"https:\/\/sulsc.com\/index.php\/2025\/11\/15\/4-050-kg-de-pescados-sem-procedencia-sao-apreendidos-em-laguna\/#breadcrumb","itemListElement":[{"@type":"ListItem","position":1,"name":"In\u00edcio","item":"https:\/\/sulsc.com\/"},{"@type":"ListItem","position":2,"name":"4.050 Kg de pescados sem proced\u00eancia s\u00e3o apreendidos em Laguna"}]},{"@type":"WebSite","@id":"https:\/\/sulsc.com\/#website","url":"https:\/\/sulsc.com\/","name":"","description":"","potentialAction":[{"@type":"SearchAction","target":{"@type":"EntryPoint","urlTemplate":"https:\/\/sulsc.com\/?s={search_term_string}"},"query-input":"required name=search_term_string"}],"inLanguage":"en-US"},{"@type":"Person","@id":"https:\/\/sulsc.com\/#\/schema\/person\/84d2fc571684f6248ba83092f07750a3","name":"Reda\u00e7\u00e3o Sul SC","image":{"@type":"ImageObject","inLanguage":"en-US","@id":"https:\/\/sulsc.com\/#\/schema\/person\/image\/e08d7fe2cc4ed596372063bbe852b8d0","url":"https:\/\/sulsc.com\/wp-content\/uploads\/2023\/09\/redacao.png","contentUrl":"https:\/\/sulsc.com\/wp-content\/uploads\/2023\/09\/redacao.png","caption":"Reda\u00e7\u00e3o Sul SC"},"description":"Foco em um jornalismo imparcial, voltado \u00e0 qualidade dos seus conte\u00fados e, assim, levar informa\u00e7\u00e3o de valor que agregue \u00e0 vida dos leitores. Esta \u00e9 grande miss\u00e3o do Portal de Not\u00edcias Sul SC. N\u00e3o \u00e9 quantidade que muda o mundo, sempre foi e seguir\u00e1 sendo qualidade!","sameAs":["https:\/\/sulsc.com\/","https:\/\/www.facebook.com\/profile.php?id=61559278119680","https:\/\/www.instagram.com\/sulscportal\/?hl=pt-br","https:\/\/twitter.com\/https:\/\/twitter.com\/PortalSulSC","https:\/\/www.youtube.com\/channel\/UCv_BE8GeySluDov2n8qhVmw"],"url":"https:\/\/sulsc.com\/index.php\/author\/redacao\/"}]}},"authors":[],"_links":{"self":[{"href":"https:\/\/sulsc.com\/index.php\/wp-json\/wp\/v2\/posts\/29697"}],"collection":[{"href":"https:\/\/sulsc.com\/index.php\/wp-json\/wp\/v2\/posts"}],"about":[{"href":"https:\/\/sulsc.com\/index.php\/wp-json\/wp\/v2\/types\/post"}],"author":[{"embeddable":true,"href":"https:\/\/sulsc.com\/index.php\/wp-json\/wp\/v2\/users\/3"}],"replies":[{"embeddable":true,"href":"https:\/\/sulsc.com\/index.php\/wp-json\/wp\/v2\/comments?post=29697"}],"version-history":[{"count":1,"href":"https:\/\/sulsc.com\/index.php\/wp-json\/wp\/v2\/posts\/29697\/revisions"}],"predecessor-version":[{"id":29698,"href":"https:\/\/sulsc.com\/index.php\/wp-json\/wp\/v2\/posts\/29697\/revisions\/29698"}],"wp:featuredmedia":[{"embeddable":true,"href":"https:\/\/sulsc.com\/index.php\/wp-json\/wp\/v2\/media\/24838"}],"wp:attachment":[{"href":"https:\/\/sulsc.com\/index.php\/wp-json\/wp\/v2\/media?parent=29697"}],"wp:term":[{"taxonomy":"category","embeddable":true,"href":"https:\/\/sulsc.com\/index.php\/wp-json\/wp\/v2\/categories?post=29697"},{"taxonomy":"post_tag","embeddable":true,"href":"https:\/\/sulsc.com\/index.php\/wp-json\/wp\/v2\/tags?post=29697"}],"curies":[{"name":"wp","href":"https:\/\/api.w.org\/{rel}","templated":true}]}}