{"id":29703,"date":"2025-11-16T08:54:40","date_gmt":"2025-11-16T11:54:40","guid":{"rendered":"https:\/\/sulsc.com\/?p=29703"},"modified":"2025-11-16T08:56:05","modified_gmt":"2025-11-16T11:56:05","slug":"litoral-sul-com-maximas-de-34oc-neste-domingo-mas-com-temporais-entre-final-de-tarde-e-noite","status":"publish","type":"post","link":"https:\/\/sulsc.com\/index.php\/2025\/11\/16\/litoral-sul-com-maximas-de-34oc-neste-domingo-mas-com-temporais-entre-final-de-tarde-e-noite\/","title":{"rendered":"Litoral sul com m\u00e1ximas de 34\u00baC neste domingo mas com temporais entre final de tarde e noite"},"content":{"rendered":"<p><span dir=\"auto\" style=\"vertical-align: inherit;\"><span dir=\"auto\" style=\"vertical-align: inherit;\">O domingo (16), ainda come\u00e7a com tempo est\u00e1vel no estado. No decorrer da manh\u00e3, a nebulosidade aumenta em todas as regi\u00f5es e a chuva associada \u00e0 aproxima\u00e7\u00e3o de uma nova frente fria, que vem acompanhada por temporais com raios, rajadas de vento e granizo retorna pelo Oeste, alcan\u00e7ando as demais regi\u00f5es no decorrer da tarde e da noite. O risco \u00e9 moderado a alto para ocorr\u00eancias associadas a alagamentos, enxurradas, destelhamentos, queda de galhos e \u00e1rvores e danos \u00e0 rede el\u00e9trica, especialmente entre o Oeste e os Planaltos, onde h\u00e1 condi\u00e7\u00e3o para forma\u00e7\u00e3o de tempestades severas.<\/span><\/span><\/p>\n<p><strong><span dir=\"auto\" style=\"vertical-align: inherit;\"><span dir=\"auto\" style=\"vertical-align: inherit;\">Temperaturas<\/span><\/span><\/strong><\/p>\n<p><span dir=\"auto\" style=\"vertical-align: inherit;\"><span dir=\"auto\" style=\"vertical-align: inherit;\">As temperaturas m\u00e1ximas s\u00e3o aproximadas dos 34\u00b0C no Litoral Sul e variam entre 24\u00b0C e 31\u00b0C nas demais regi\u00f5es. Os ventos de nordeste se intensificam ao longo do dia com rajadas pr\u00f3ximas dos 70 km\/h no Litoral Sul.<\/span><\/span><\/p>\n<p><img fetchpriority=\"high\" decoding=\"async\" class=\"aligncenter size-full wp-image-29704\" src=\"http:\/\/sulsc.com\/wp-content\/uploads\/2025\/11\/image-215-1536x1049-1.png\" alt=\"\" width=\"1536\" height=\"1049\" srcset=\"https:\/\/sulsc.com\/wp-content\/uploads\/2025\/11\/image-215-1536x1049-1.png 1536w, https:\/\/sulsc.com\/wp-content\/uploads\/2025\/11\/image-215-1536x1049-1-300x205.png 300w, https:\/\/sulsc.com\/wp-content\/uploads\/2025\/11\/image-215-1536x1049-1-1024x699.png 1024w, https:\/\/sulsc.com\/wp-content\/uploads\/2025\/11\/image-215-1536x1049-1-768x525.png 768w\" sizes=\"(max-width: 1536px) 100vw, 1536px\" \/><\/p>\n<p><img decoding=\"async\" class=\"aligncenter size-full wp-image-22836\" src=\"http:\/\/sulsc.com\/wp-content\/uploads\/2025\/04\/Tempo-2.png\" alt=\"\" width=\"1024\" height=\"189\" srcset=\"https:\/\/sulsc.com\/wp-content\/uploads\/2025\/04\/Tempo-2.png 1024w, https:\/\/sulsc.com\/wp-content\/uploads\/2025\/04\/Tempo-2-300x55.png 300w, https:\/\/sulsc.com\/wp-content\/uploads\/2025\/04\/Tempo-2-768x142.png 768w\" sizes=\"(max-width: 1024px) 100vw, 1024px\" \/><\/p>\n<p><strong><span dir=\"auto\" style=\"vertical-align: inherit;\"><span dir=\"auto\" style=\"vertical-align: inherit;\">Ventos:<\/span><\/span><\/strong><span dir=\"auto\" style=\"vertical-align: inherit;\"><span dir=\"auto\" style=\"vertical-align: inherit;\"> nordeste a noroeste, fraco a moderado, com rajadas, mais intensas do oeste ao sul de SC.<\/span><\/span><\/p>\n<p><strong><span dir=\"auto\" style=\"vertical-align: inherit;\"><span dir=\"auto\" style=\"vertical-align: inherit;\">Sistema predominante:<\/span><\/span><\/strong><span dir=\"auto\" style=\"vertical-align: inherit;\"><span dir=\"auto\" style=\"vertical-align: inherit;\"> frente fria no RS, avan\u00e7ando em dire\u00e7\u00e3o a SC.<\/span><\/span><\/p>\n<div id=\"metaslider-id-25573\" style=\"width: 100%;\" class=\"ml-slider-3-99-0 metaslider metaslider-flex metaslider-25573 ml-slider has-onhover-arrows ms-theme-default-base has-dots-nav\" role=\"region\" aria-label=\"Meio\" data-width=\"1200\">\n    <div id=\"metaslider_container_25573\">\n        <div id=\"metaslider_25573\">\n            <ul class='slides'>\n                <li style=\"display: block; width: 100%;\" class=\"slide-25684 ms-image \" aria-roledescription=\"slide\" data-date=\"2025-07-24 07:55:40\"><img src=\"https:\/\/sulsc.com\/wp-content\/uploads\/2025\/07\/Marr-2-1000x166.jpg\" height=\"200\" width=\"1200\" alt=\"\" class=\"slider-25573 slide-25684 msDefaultImage\" title=\"Marr 2\" \/><\/li>\n                <li style=\"display: none; width: 100%;\" class=\"slide-32412 ms-image \" aria-roledescription=\"slide\" data-date=\"2026-02-18 13:59:46\"><img src=\"https:\/\/sulsc.com\/wp-content\/uploads\/2026\/02\/40dc1580-cad5-4867-bc58-c4243821ad38-1000x166.jpeg\" height=\"200\" width=\"1200\" alt=\"\" class=\"slider-25573 slide-32412 msDefaultImage\" title=\"40dc1580-cad5-4867-bc58-c4243821ad38\" \/><\/li>\n                <li style=\"display: none; width: 100%;\" class=\"slide-32766 ms-image \" aria-roledescription=\"slide\" data-date=\"2026-03-03 17:22:59\"><img src=\"https:\/\/sulsc.com\/wp-content\/uploads\/2026\/03\/271ce739-f268-41c5-8051-3de1a1750359-1000x166.jpeg\" height=\"200\" width=\"1200\" alt=\"\" class=\"slider-25573 slide-32766 msDefaultImage\" title=\"271ce739-f268-41c5-8051-3de1a1750359\" \/><\/li>\n            <\/ul>\n        <\/div>\n        \n    <\/div>\n<\/div>\n<p><strong><span dir=\"auto\" style=\"vertical-align: inherit;\"><span dir=\"auto\" style=\"vertical-align: inherit;\">Amanh\u00e3 segunda-feira (17),<\/span><\/span><\/strong><span dir=\"auto\" style=\"vertical-align: inherit;\"><span dir=\"auto\" style=\"vertical-align: inherit;\"> uma semana come\u00e7a com chuva em SC, mais persistente e com maiores volumes na madrugada e pela manh\u00e3, quando \u00e9 mais favor\u00e1vel a condi\u00e7\u00e3o de temporais. Ao longo do dia, chuva mais isolada no estado. As temperaturas diminuem no estado, devido \u00e0 cobertura de nuvens. Os ventos ficam de sudoeste a sul, com rajadas de fraco a moderado.<\/span><\/span><\/p>\n<p><strong><span dir=\"auto\" style=\"vertical-align: inherit;\"><span dir=\"auto\" style=\"vertical-align: inherit;\">Charges SulSC<\/span><\/span><\/strong><\/p>\n<p><img decoding=\"async\" class=\"aligncenter size-full wp-image-29705\" src=\"http:\/\/sulsc.com\/wp-content\/uploads\/2025\/11\/WhatsApp-Image-2024-06-17-at-15.12.35.jpeg\" alt=\"\" width=\"1600\" height=\"1142\" srcset=\"https:\/\/sulsc.com\/wp-content\/uploads\/2025\/11\/WhatsApp-Image-2024-06-17-at-15.12.35.jpeg 1600w, https:\/\/sulsc.com\/wp-content\/uploads\/2025\/11\/WhatsApp-Image-2024-06-17-at-15.12.35-300x214.jpeg 300w, https:\/\/sulsc.com\/wp-content\/uploads\/2025\/11\/WhatsApp-Image-2024-06-17-at-15.12.35-1024x731.jpeg 1024w, https:\/\/sulsc.com\/wp-content\/uploads\/2025\/11\/WhatsApp-Image-2024-06-17-at-15.12.35-768x548.jpeg 768w, https:\/\/sulsc.com\/wp-content\/uploads\/2025\/11\/WhatsApp-Image-2024-06-17-at-15.12.35-1536x1096.jpeg 1536w\" sizes=\"(max-width: 1600px) 100vw, 1600px\" \/><\/p>\n","protected":false},"excerpt":{"rendered":"<p>O domingo (16), ainda come\u00e7a com tempo est\u00e1vel no estado. No decorrer da manh\u00e3, a nebulosidade aumenta em todas as regi\u00f5es e a chuva associada \u00e0 aproxima\u00e7\u00e3o de uma nova frente fria, que vem acompanhada por temporais com raios, rajadas de vento e granizo retorna pelo Oeste, alcan\u00e7ando as demais regi\u00f5es no decorrer da tarde &hellip;<\/p>\n<p class=\"read-more\"> <a class=\"\" href=\"https:\/\/sulsc.com\/index.php\/2025\/11\/16\/litoral-sul-com-maximas-de-34oc-neste-domingo-mas-com-temporais-entre-final-de-tarde-e-noite\/\"> <span class=\"screen-reader-text\">Litoral sul com m\u00e1ximas de 34\u00baC neste domingo mas com temporais entre final de tarde e noite<\/span> Read More &raquo;<\/a><\/p>\n","protected":false},"author":3,"featured_media":29705,"comment_status":"open","ping_status":"open","sticky":false,"template":"","format":"standard","meta":{"site-sidebar-layout":"default","site-content-layout":"","ast-site-content-layout":"default","site-content-style":"default","site-sidebar-style":"default","ast-global-header-display":"","ast-banner-title-visibility":"","ast-main-header-display":"","ast-hfb-above-header-display":"","ast-hfb-below-header-display":"","ast-hfb-mobile-header-display":"","site-post-title":"","ast-breadcrumbs-content":"","ast-featured-img":"","footer-sml-layout":"","theme-transparent-header-meta":"default","adv-header-id-meta":"","stick-header-meta":"","header-above-stick-meta":"","header-main-stick-meta":"","header-below-stick-meta":"","astra-migrate-meta-layouts":"set","footnotes":""},"categories":[2354,2231,1,14,38,12],"tags":[89],"yoast_head":"<!-- This site is optimized with the Yoast SEO plugin v21.4 - https:\/\/yoast.com\/wordpress\/plugins\/seo\/ -->\n<title>Litoral sul com m\u00e1ximas de 34\u00baC neste domingo mas com temporais entre final de tarde e noite -<\/title>\n<meta name=\"robots\" content=\"index, follow, max-snippet:-1, max-image-preview:large, max-video-preview:-1\" \/>\n<link rel=\"canonical\" href=\"https:\/\/sulsc.com\/index.php\/2025\/11\/16\/litoral-sul-com-maximas-de-34oc-neste-domingo-mas-com-temporais-entre-final-de-tarde-e-noite\/\" \/>\n<meta property=\"og:locale\" content=\"en_US\" \/>\n<meta property=\"og:type\" content=\"article\" \/>\n<meta property=\"og:title\" content=\"Litoral sul com m\u00e1ximas de 34\u00baC neste domingo mas com temporais entre final de tarde e noite -\" \/>\n<meta property=\"og:description\" content=\"O domingo (16), ainda come\u00e7a com tempo est\u00e1vel no estado. No decorrer da manh\u00e3, a nebulosidade aumenta em todas as regi\u00f5es e a chuva associada \u00e0 aproxima\u00e7\u00e3o de uma nova frente fria, que vem acompanhada por temporais com raios, rajadas de vento e granizo retorna pelo Oeste, alcan\u00e7ando as demais regi\u00f5es no decorrer da tarde &hellip; Litoral sul com m\u00e1ximas de 34\u00baC neste domingo mas com temporais entre final de tarde e noite Read More &raquo;\" \/>\n<meta property=\"og:url\" content=\"https:\/\/sulsc.com\/index.php\/2025\/11\/16\/litoral-sul-com-maximas-de-34oc-neste-domingo-mas-com-temporais-entre-final-de-tarde-e-noite\/\" \/>\n<meta property=\"article:author\" content=\"https:\/\/www.facebook.com\/profile.php?id=61559278119680\" \/>\n<meta property=\"article:published_time\" content=\"2025-11-16T11:54:40+00:00\" \/>\n<meta property=\"article:modified_time\" content=\"2025-11-16T11:56:05+00:00\" \/>\n<meta property=\"og:image\" content=\"http:\/\/sulsc.com\/wp-content\/uploads\/2025\/11\/WhatsApp-Image-2024-06-17-at-15.12.35.jpeg\" \/>\n\t<meta property=\"og:image:width\" content=\"1600\" \/>\n\t<meta property=\"og:image:height\" content=\"1142\" \/>\n\t<meta property=\"og:image:type\" content=\"image\/jpeg\" \/>\n<meta name=\"author\" content=\"Reda\u00e7\u00e3o Sul SC\" \/>\n<meta name=\"twitter:card\" content=\"summary_large_image\" \/>\n<meta name=\"twitter:creator\" content=\"@https:\/\/twitter.com\/PortalSulSC\" \/>\n<meta name=\"twitter:label1\" content=\"Written by\" \/>\n\t<meta name=\"twitter:data1\" content=\"Reda\u00e7\u00e3o Sul SC\" \/>\n\t<meta name=\"twitter:label2\" content=\"Est. reading time\" \/>\n\t<meta name=\"twitter:data2\" content=\"2 minutes\" \/>\n<script type=\"application\/ld+json\" class=\"yoast-schema-graph\">{\"@context\":\"https:\/\/schema.org\",\"@graph\":[{\"@type\":\"WebPage\",\"@id\":\"https:\/\/sulsc.com\/index.php\/2025\/11\/16\/litoral-sul-com-maximas-de-34oc-neste-domingo-mas-com-temporais-entre-final-de-tarde-e-noite\/\",\"url\":\"https:\/\/sulsc.com\/index.php\/2025\/11\/16\/litoral-sul-com-maximas-de-34oc-neste-domingo-mas-com-temporais-entre-final-de-tarde-e-noite\/\",\"name\":\"Litoral sul com m\u00e1ximas de 34\u00baC neste domingo mas com temporais entre final de tarde e noite -\",\"isPartOf\":{\"@id\":\"https:\/\/sulsc.com\/#website\"},\"datePublished\":\"2025-11-16T11:54:40+00:00\",\"dateModified\":\"2025-11-16T11:56:05+00:00\",\"author\":{\"@id\":\"https:\/\/sulsc.com\/#\/schema\/person\/84d2fc571684f6248ba83092f07750a3\"},\"breadcrumb\":{\"@id\":\"https:\/\/sulsc.com\/index.php\/2025\/11\/16\/litoral-sul-com-maximas-de-34oc-neste-domingo-mas-com-temporais-entre-final-de-tarde-e-noite\/#breadcrumb\"},\"inLanguage\":\"en-US\",\"potentialAction\":[{\"@type\":\"ReadAction\",\"target\":[\"https:\/\/sulsc.com\/index.php\/2025\/11\/16\/litoral-sul-com-maximas-de-34oc-neste-domingo-mas-com-temporais-entre-final-de-tarde-e-noite\/\"]}]},{\"@type\":\"BreadcrumbList\",\"@id\":\"https:\/\/sulsc.com\/index.php\/2025\/11\/16\/litoral-sul-com-maximas-de-34oc-neste-domingo-mas-com-temporais-entre-final-de-tarde-e-noite\/#breadcrumb\",\"itemListElement\":[{\"@type\":\"ListItem\",\"position\":1,\"name\":\"In\u00edcio\",\"item\":\"https:\/\/sulsc.com\/\"},{\"@type\":\"ListItem\",\"position\":2,\"name\":\"Litoral sul com m\u00e1ximas de 34\u00baC neste domingo mas com temporais entre final de tarde e noite\"}]},{\"@type\":\"WebSite\",\"@id\":\"https:\/\/sulsc.com\/#website\",\"url\":\"https:\/\/sulsc.com\/\",\"name\":\"\",\"description\":\"\",\"potentialAction\":[{\"@type\":\"SearchAction\",\"target\":{\"@type\":\"EntryPoint\",\"urlTemplate\":\"https:\/\/sulsc.com\/?s={search_term_string}\"},\"query-input\":\"required name=search_term_string\"}],\"inLanguage\":\"en-US\"},{\"@type\":\"Person\",\"@id\":\"https:\/\/sulsc.com\/#\/schema\/person\/84d2fc571684f6248ba83092f07750a3\",\"name\":\"Reda\u00e7\u00e3o Sul SC\",\"image\":{\"@type\":\"ImageObject\",\"inLanguage\":\"en-US\",\"@id\":\"https:\/\/sulsc.com\/#\/schema\/person\/image\/e08d7fe2cc4ed596372063bbe852b8d0\",\"url\":\"https:\/\/sulsc.com\/wp-content\/uploads\/2023\/09\/redacao.png\",\"contentUrl\":\"https:\/\/sulsc.com\/wp-content\/uploads\/2023\/09\/redacao.png\",\"caption\":\"Reda\u00e7\u00e3o Sul SC\"},\"description\":\"Foco em um jornalismo imparcial, voltado \u00e0 qualidade dos seus conte\u00fados e, assim, levar informa\u00e7\u00e3o de valor que agregue \u00e0 vida dos leitores. Esta \u00e9 grande miss\u00e3o do Portal de Not\u00edcias Sul SC. N\u00e3o \u00e9 quantidade que muda o mundo, sempre foi e seguir\u00e1 sendo qualidade!\",\"sameAs\":[\"https:\/\/sulsc.com\/\",\"https:\/\/www.facebook.com\/profile.php?id=61559278119680\",\"https:\/\/www.instagram.com\/sulscportal\/?hl=pt-br\",\"https:\/\/twitter.com\/https:\/\/twitter.com\/PortalSulSC\",\"https:\/\/www.youtube.com\/channel\/UCv_BE8GeySluDov2n8qhVmw\"],\"url\":\"https:\/\/sulsc.com\/index.php\/author\/redacao\/\"}]}<\/script>\n<!-- \/ Yoast SEO plugin. -->","yoast_head_json":{"title":"Litoral sul com m\u00e1ximas de 34\u00baC neste domingo mas com temporais entre final de tarde e noite -","robots":{"index":"index","follow":"follow","max-snippet":"max-snippet:-1","max-image-preview":"max-image-preview:large","max-video-preview":"max-video-preview:-1"},"canonical":"https:\/\/sulsc.com\/index.php\/2025\/11\/16\/litoral-sul-com-maximas-de-34oc-neste-domingo-mas-com-temporais-entre-final-de-tarde-e-noite\/","og_locale":"en_US","og_type":"article","og_title":"Litoral sul com m\u00e1ximas de 34\u00baC neste domingo mas com temporais entre final de tarde e noite -","og_description":"O domingo (16), ainda come\u00e7a com tempo est\u00e1vel no estado. No decorrer da manh\u00e3, a nebulosidade aumenta em todas as regi\u00f5es e a chuva associada \u00e0 aproxima\u00e7\u00e3o de uma nova frente fria, que vem acompanhada por temporais com raios, rajadas de vento e granizo retorna pelo Oeste, alcan\u00e7ando as demais regi\u00f5es no decorrer da tarde &hellip; Litoral sul com m\u00e1ximas de 34\u00baC neste domingo mas com temporais entre final de tarde e noite Read More &raquo;","og_url":"https:\/\/sulsc.com\/index.php\/2025\/11\/16\/litoral-sul-com-maximas-de-34oc-neste-domingo-mas-com-temporais-entre-final-de-tarde-e-noite\/","article_author":"https:\/\/www.facebook.com\/profile.php?id=61559278119680","article_published_time":"2025-11-16T11:54:40+00:00","article_modified_time":"2025-11-16T11:56:05+00:00","og_image":[{"width":1600,"height":1142,"url":"http:\/\/sulsc.com\/wp-content\/uploads\/2025\/11\/WhatsApp-Image-2024-06-17-at-15.12.35.jpeg","type":"image\/jpeg"}],"author":"Reda\u00e7\u00e3o Sul SC","twitter_card":"summary_large_image","twitter_creator":"@https:\/\/twitter.com\/PortalSulSC","twitter_misc":{"Written by":"Reda\u00e7\u00e3o Sul SC","Est. reading time":"2 minutes"},"schema":{"@context":"https:\/\/schema.org","@graph":[{"@type":"WebPage","@id":"https:\/\/sulsc.com\/index.php\/2025\/11\/16\/litoral-sul-com-maximas-de-34oc-neste-domingo-mas-com-temporais-entre-final-de-tarde-e-noite\/","url":"https:\/\/sulsc.com\/index.php\/2025\/11\/16\/litoral-sul-com-maximas-de-34oc-neste-domingo-mas-com-temporais-entre-final-de-tarde-e-noite\/","name":"Litoral sul com m\u00e1ximas de 34\u00baC neste domingo mas com temporais entre final de tarde e noite -","isPartOf":{"@id":"https:\/\/sulsc.com\/#website"},"datePublished":"2025-11-16T11:54:40+00:00","dateModified":"2025-11-16T11:56:05+00:00","author":{"@id":"https:\/\/sulsc.com\/#\/schema\/person\/84d2fc571684f6248ba83092f07750a3"},"breadcrumb":{"@id":"https:\/\/sulsc.com\/index.php\/2025\/11\/16\/litoral-sul-com-maximas-de-34oc-neste-domingo-mas-com-temporais-entre-final-de-tarde-e-noite\/#breadcrumb"},"inLanguage":"en-US","potentialAction":[{"@type":"ReadAction","target":["https:\/\/sulsc.com\/index.php\/2025\/11\/16\/litoral-sul-com-maximas-de-34oc-neste-domingo-mas-com-temporais-entre-final-de-tarde-e-noite\/"]}]},{"@type":"BreadcrumbList","@id":"https:\/\/sulsc.com\/index.php\/2025\/11\/16\/litoral-sul-com-maximas-de-34oc-neste-domingo-mas-com-temporais-entre-final-de-tarde-e-noite\/#breadcrumb","itemListElement":[{"@type":"ListItem","position":1,"name":"In\u00edcio","item":"https:\/\/sulsc.com\/"},{"@type":"ListItem","position":2,"name":"Litoral sul com m\u00e1ximas de 34\u00baC neste domingo mas com temporais entre final de tarde e noite"}]},{"@type":"WebSite","@id":"https:\/\/sulsc.com\/#website","url":"https:\/\/sulsc.com\/","name":"","description":"","potentialAction":[{"@type":"SearchAction","target":{"@type":"EntryPoint","urlTemplate":"https:\/\/sulsc.com\/?s={search_term_string}"},"query-input":"required name=search_term_string"}],"inLanguage":"en-US"},{"@type":"Person","@id":"https:\/\/sulsc.com\/#\/schema\/person\/84d2fc571684f6248ba83092f07750a3","name":"Reda\u00e7\u00e3o Sul SC","image":{"@type":"ImageObject","inLanguage":"en-US","@id":"https:\/\/sulsc.com\/#\/schema\/person\/image\/e08d7fe2cc4ed596372063bbe852b8d0","url":"https:\/\/sulsc.com\/wp-content\/uploads\/2023\/09\/redacao.png","contentUrl":"https:\/\/sulsc.com\/wp-content\/uploads\/2023\/09\/redacao.png","caption":"Reda\u00e7\u00e3o Sul SC"},"description":"Foco em um jornalismo imparcial, voltado \u00e0 qualidade dos seus conte\u00fados e, assim, levar informa\u00e7\u00e3o de valor que agregue \u00e0 vida dos leitores. Esta \u00e9 grande miss\u00e3o do Portal de Not\u00edcias Sul SC. N\u00e3o \u00e9 quantidade que muda o mundo, sempre foi e seguir\u00e1 sendo qualidade!","sameAs":["https:\/\/sulsc.com\/","https:\/\/www.facebook.com\/profile.php?id=61559278119680","https:\/\/www.instagram.com\/sulscportal\/?hl=pt-br","https:\/\/twitter.com\/https:\/\/twitter.com\/PortalSulSC","https:\/\/www.youtube.com\/channel\/UCv_BE8GeySluDov2n8qhVmw"],"url":"https:\/\/sulsc.com\/index.php\/author\/redacao\/"}]}},"authors":[],"_links":{"self":[{"href":"https:\/\/sulsc.com\/index.php\/wp-json\/wp\/v2\/posts\/29703"}],"collection":[{"href":"https:\/\/sulsc.com\/index.php\/wp-json\/wp\/v2\/posts"}],"about":[{"href":"https:\/\/sulsc.com\/index.php\/wp-json\/wp\/v2\/types\/post"}],"author":[{"embeddable":true,"href":"https:\/\/sulsc.com\/index.php\/wp-json\/wp\/v2\/users\/3"}],"replies":[{"embeddable":true,"href":"https:\/\/sulsc.com\/index.php\/wp-json\/wp\/v2\/comments?post=29703"}],"version-history":[{"count":3,"href":"https:\/\/sulsc.com\/index.php\/wp-json\/wp\/v2\/posts\/29703\/revisions"}],"predecessor-version":[{"id":29708,"href":"https:\/\/sulsc.com\/index.php\/wp-json\/wp\/v2\/posts\/29703\/revisions\/29708"}],"wp:featuredmedia":[{"embeddable":true,"href":"https:\/\/sulsc.com\/index.php\/wp-json\/wp\/v2\/media\/29705"}],"wp:attachment":[{"href":"https:\/\/sulsc.com\/index.php\/wp-json\/wp\/v2\/media?parent=29703"}],"wp:term":[{"taxonomy":"category","embeddable":true,"href":"https:\/\/sulsc.com\/index.php\/wp-json\/wp\/v2\/categories?post=29703"},{"taxonomy":"post_tag","embeddable":true,"href":"https:\/\/sulsc.com\/index.php\/wp-json\/wp\/v2\/tags?post=29703"}],"curies":[{"name":"wp","href":"https:\/\/api.w.org\/{rel}","templated":true}]}}