{"id":29720,"date":"2025-11-17T06:47:09","date_gmt":"2025-11-17T09:47:09","guid":{"rendered":"https:\/\/sulsc.com\/?p=29720"},"modified":"2025-11-17T07:48:49","modified_gmt":"2025-11-17T10:48:49","slug":"segunda-feira-17-com-persistencia-de-temporais-isolados-e-ventos-fortes-especialmente-nono-litoral","status":"publish","type":"post","link":"https:\/\/sulsc.com\/index.php\/2025\/11\/17\/segunda-feira-17-com-persistencia-de-temporais-isolados-e-ventos-fortes-especialmente-nono-litoral\/","title":{"rendered":"Segunda-feira (17) com persist\u00eancia de temporais isolados e ventos fortes especialmente no litoral"},"content":{"rendered":"<p>Nesta segunda-feira (17), a passagem da frente fria manteve o tempo inst\u00e1vel em todo o estado catarinense durante a madrugada e o in\u00edcio da manh\u00e3, com a ocorr\u00eancia de temporais isolados. As instabilidades em Santa Catarina devem persistir ao longo do dia, com chuvas isoladas e de fraca intensidade. No in\u00edcio da noite, as chuvas devem ganhar for\u00e7a, com pancadas isoladas entre o Oeste e o Litoral, devido a um sistema de baixa press\u00e3o. O risco \u00e9 baixo a moderado para ocorr\u00eancias associadas, principalmente alagamentos e enxurradas pontuais. Al\u00e9m disso, a forma\u00e7\u00e3o de um ciclone em alto mar, distante da costa, favorece a intensifica\u00e7\u00e3o dos ventos do quadrante sul ao longo do litoral, com rajadas entre 50 km\/h e 60 km\/h.<\/p>\n<p><strong>Temperaturas<\/strong><\/p>\n<p>Diminui um pouco comparado ao dia de ontem, devido \u00e0 cobertura de nuvens.<\/p>\n<p><img fetchpriority=\"high\" decoding=\"async\" class=\"aligncenter size-full wp-image-29721\" src=\"http:\/\/sulsc.com\/wp-content\/uploads\/2025\/11\/image-236-1536x1042-1.png\" alt=\"\" width=\"1536\" height=\"1042\" srcset=\"https:\/\/sulsc.com\/wp-content\/uploads\/2025\/11\/image-236-1536x1042-1.png 1536w, https:\/\/sulsc.com\/wp-content\/uploads\/2025\/11\/image-236-1536x1042-1-300x204.png 300w, https:\/\/sulsc.com\/wp-content\/uploads\/2025\/11\/image-236-1536x1042-1-1024x695.png 1024w, https:\/\/sulsc.com\/wp-content\/uploads\/2025\/11\/image-236-1536x1042-1-768x521.png 768w\" sizes=\"(max-width: 1536px) 100vw, 1536px\" \/><\/p>\n<p><img decoding=\"async\" class=\"aligncenter size-full wp-image-22836\" src=\"http:\/\/sulsc.com\/wp-content\/uploads\/2025\/04\/Tempo-2.png\" alt=\"\" width=\"1024\" height=\"189\" srcset=\"https:\/\/sulsc.com\/wp-content\/uploads\/2025\/04\/Tempo-2.png 1024w, https:\/\/sulsc.com\/wp-content\/uploads\/2025\/04\/Tempo-2-300x55.png 300w, https:\/\/sulsc.com\/wp-content\/uploads\/2025\/04\/Tempo-2-768x142.png 768w\" sizes=\"(max-width: 1024px) 100vw, 1024px\" \/><\/p>\n<p><strong>Ventos:<\/strong> noroeste a sul, fraco a moderado, com rajadas no Litoral.<\/p>\n<p><strong>Sistema predominante:<\/strong> frente fria pr\u00f3xima do litoral de SC, afastando-se com chegada de massa de ar mais seco e um pouco mais frio.<\/p>\n<div id=\"metaslider-id-25573\" style=\"width: 100%;\" class=\"ml-slider-3-99-0 metaslider metaslider-flex metaslider-25573 ml-slider has-onhover-arrows ms-theme-default-base has-dots-nav\" role=\"region\" aria-label=\"Meio\" data-width=\"1200\">\n    <div id=\"metaslider_container_25573\">\n        <div id=\"metaslider_25573\">\n            <ul class='slides'>\n                <li style=\"display: block; width: 100%;\" class=\"slide-25684 ms-image \" aria-roledescription=\"slide\" data-date=\"2025-07-24 07:55:40\"><img src=\"https:\/\/sulsc.com\/wp-content\/uploads\/2025\/07\/Marr-2-1000x166.jpg\" height=\"200\" width=\"1200\" alt=\"\" class=\"slider-25573 slide-25684 msDefaultImage\" title=\"Marr 2\" \/><\/li>\n                <li style=\"display: none; width: 100%;\" class=\"slide-32412 ms-image \" aria-roledescription=\"slide\" data-date=\"2026-02-18 13:59:46\"><img src=\"https:\/\/sulsc.com\/wp-content\/uploads\/2026\/02\/40dc1580-cad5-4867-bc58-c4243821ad38-1000x166.jpeg\" height=\"200\" width=\"1200\" alt=\"\" class=\"slider-25573 slide-32412 msDefaultImage\" title=\"40dc1580-cad5-4867-bc58-c4243821ad38\" \/><\/li>\n                <li style=\"display: none; width: 100%;\" class=\"slide-32766 ms-image \" aria-roledescription=\"slide\" data-date=\"2026-03-03 17:22:59\"><img src=\"https:\/\/sulsc.com\/wp-content\/uploads\/2026\/03\/271ce739-f268-41c5-8051-3de1a1750359-1000x166.jpeg\" height=\"200\" width=\"1200\" alt=\"\" class=\"slider-25573 slide-32766 msDefaultImage\" title=\"271ce739-f268-41c5-8051-3de1a1750359\" \/><\/li>\n            <\/ul>\n        <\/div>\n        \n    <\/div>\n<\/div>\n<p><strong>J\u00e1 amanh\u00e3 durante a madrugada de ter\u00e7a-feira (18),<\/strong> o sistema de baixa press\u00e3o respons\u00e1vel pela instabilidade se intensifica sobre toda Santa Catarina. Em todo o estado, a chuva ocorre em forma de temporais isolados. Entre o Meio-Oeste e o Litoral, por\u00e9m, a chuva \u00e9 persistente e, por vezes, intensa ao longo do dia, n\u00e3o sendo descartada a ocorr\u00eancia de temporais isolados. As temperaturas\u00a0 m\u00ednimas variam entre 11\u00b0C e 15\u00b0C no Grande Oeste, 10\u00b0C e 14\u00b0C nos Planaltos e no Vale do Itaja\u00ed, e entre 15\u00b0C e 17\u00b0C no Litoral. Durante a tarde, as temperaturas ficam pr\u00f3ximas de 20\u00b0C a 24\u00b0C no Grande Oeste, em torno de 20\u00b0C no Vale do Itaja\u00ed, e entre 19\u00b0C e 23\u00b0C no Litoral Norte.<\/p>\n<p>Fonte: Defesa Civil-SC \\ Epagi &#8211; Ciram<\/p>\n","protected":false},"excerpt":{"rendered":"<p>Nesta segunda-feira (17), a passagem da frente fria manteve o tempo inst\u00e1vel em todo o estado catarinense durante a madrugada e o in\u00edcio da manh\u00e3, com a ocorr\u00eancia de temporais isolados. As instabilidades em Santa Catarina devem persistir ao longo do dia, com chuvas isoladas e de fraca intensidade. No in\u00edcio da noite, as chuvas &hellip;<\/p>\n<p class=\"read-more\"> <a class=\"\" href=\"https:\/\/sulsc.com\/index.php\/2025\/11\/17\/segunda-feira-17-com-persistencia-de-temporais-isolados-e-ventos-fortes-especialmente-nono-litoral\/\"> <span class=\"screen-reader-text\">Segunda-feira (17) com persist\u00eancia de temporais isolados e ventos fortes especialmente no litoral<\/span> Read More &raquo;<\/a><\/p>\n","protected":false},"author":3,"featured_media":1471,"comment_status":"open","ping_status":"open","sticky":false,"template":"","format":"standard","meta":{"site-sidebar-layout":"default","site-content-layout":"","ast-site-content-layout":"default","site-content-style":"default","site-sidebar-style":"default","ast-global-header-display":"","ast-banner-title-visibility":"","ast-main-header-display":"","ast-hfb-above-header-display":"","ast-hfb-below-header-display":"","ast-hfb-mobile-header-display":"","site-post-title":"","ast-breadcrumbs-content":"","ast-featured-img":"","footer-sml-layout":"","theme-transparent-header-meta":"default","adv-header-id-meta":"","stick-header-meta":"","header-above-stick-meta":"","header-main-stick-meta":"","header-below-stick-meta":"","astra-migrate-meta-layouts":"set","footnotes":""},"categories":[2354,2231,1,14,38,12],"tags":[90],"yoast_head":"<!-- This site is optimized with the Yoast SEO plugin v21.4 - https:\/\/yoast.com\/wordpress\/plugins\/seo\/ -->\n<title>Segunda-feira (17) com persist\u00eancia de temporais isolados e ventos fortes especialmente no litoral -<\/title>\n<meta name=\"robots\" content=\"index, follow, max-snippet:-1, max-image-preview:large, max-video-preview:-1\" \/>\n<link rel=\"canonical\" href=\"https:\/\/sulsc.com\/index.php\/2025\/11\/17\/segunda-feira-17-com-persistencia-de-temporais-isolados-e-ventos-fortes-especialmente-nono-litoral\/\" \/>\n<meta property=\"og:locale\" content=\"en_US\" \/>\n<meta property=\"og:type\" content=\"article\" \/>\n<meta property=\"og:title\" content=\"Segunda-feira (17) com persist\u00eancia de temporais isolados e ventos fortes especialmente no litoral -\" \/>\n<meta property=\"og:description\" content=\"Nesta segunda-feira (17), a passagem da frente fria manteve o tempo inst\u00e1vel em todo o estado catarinense durante a madrugada e o in\u00edcio da manh\u00e3, com a ocorr\u00eancia de temporais isolados. As instabilidades em Santa Catarina devem persistir ao longo do dia, com chuvas isoladas e de fraca intensidade. No in\u00edcio da noite, as chuvas &hellip; Segunda-feira (17) com persist\u00eancia de temporais isolados e ventos fortes especialmente no litoral Read More &raquo;\" \/>\n<meta property=\"og:url\" content=\"https:\/\/sulsc.com\/index.php\/2025\/11\/17\/segunda-feira-17-com-persistencia-de-temporais-isolados-e-ventos-fortes-especialmente-nono-litoral\/\" \/>\n<meta property=\"article:author\" content=\"https:\/\/www.facebook.com\/profile.php?id=61559278119680\" \/>\n<meta property=\"article:published_time\" content=\"2025-11-17T09:47:09+00:00\" \/>\n<meta property=\"article:modified_time\" content=\"2025-11-17T10:48:49+00:00\" \/>\n<meta property=\"og:image\" content=\"https:\/\/sulsc.com\/wp-content\/uploads\/2023\/09\/temporal-scaled.jpg\" \/>\n\t<meta property=\"og:image:width\" content=\"2560\" \/>\n\t<meta property=\"og:image:height\" content=\"2106\" \/>\n\t<meta property=\"og:image:type\" content=\"image\/jpeg\" \/>\n<meta name=\"author\" content=\"Reda\u00e7\u00e3o Sul SC\" \/>\n<meta name=\"twitter:card\" content=\"summary_large_image\" \/>\n<meta name=\"twitter:creator\" content=\"@https:\/\/twitter.com\/PortalSulSC\" \/>\n<meta name=\"twitter:label1\" content=\"Written by\" \/>\n\t<meta name=\"twitter:data1\" content=\"Reda\u00e7\u00e3o Sul SC\" \/>\n\t<meta name=\"twitter:label2\" content=\"Est. reading time\" \/>\n\t<meta name=\"twitter:data2\" content=\"2 minutes\" \/>\n<script type=\"application\/ld+json\" class=\"yoast-schema-graph\">{\"@context\":\"https:\/\/schema.org\",\"@graph\":[{\"@type\":\"WebPage\",\"@id\":\"https:\/\/sulsc.com\/index.php\/2025\/11\/17\/segunda-feira-17-com-persistencia-de-temporais-isolados-e-ventos-fortes-especialmente-nono-litoral\/\",\"url\":\"https:\/\/sulsc.com\/index.php\/2025\/11\/17\/segunda-feira-17-com-persistencia-de-temporais-isolados-e-ventos-fortes-especialmente-nono-litoral\/\",\"name\":\"Segunda-feira (17) com persist\u00eancia de temporais isolados e ventos fortes especialmente no litoral -\",\"isPartOf\":{\"@id\":\"https:\/\/sulsc.com\/#website\"},\"datePublished\":\"2025-11-17T09:47:09+00:00\",\"dateModified\":\"2025-11-17T10:48:49+00:00\",\"author\":{\"@id\":\"https:\/\/sulsc.com\/#\/schema\/person\/84d2fc571684f6248ba83092f07750a3\"},\"breadcrumb\":{\"@id\":\"https:\/\/sulsc.com\/index.php\/2025\/11\/17\/segunda-feira-17-com-persistencia-de-temporais-isolados-e-ventos-fortes-especialmente-nono-litoral\/#breadcrumb\"},\"inLanguage\":\"en-US\",\"potentialAction\":[{\"@type\":\"ReadAction\",\"target\":[\"https:\/\/sulsc.com\/index.php\/2025\/11\/17\/segunda-feira-17-com-persistencia-de-temporais-isolados-e-ventos-fortes-especialmente-nono-litoral\/\"]}]},{\"@type\":\"BreadcrumbList\",\"@id\":\"https:\/\/sulsc.com\/index.php\/2025\/11\/17\/segunda-feira-17-com-persistencia-de-temporais-isolados-e-ventos-fortes-especialmente-nono-litoral\/#breadcrumb\",\"itemListElement\":[{\"@type\":\"ListItem\",\"position\":1,\"name\":\"In\u00edcio\",\"item\":\"https:\/\/sulsc.com\/\"},{\"@type\":\"ListItem\",\"position\":2,\"name\":\"Segunda-feira (17) com persist\u00eancia de temporais isolados e ventos fortes especialmente no litoral\"}]},{\"@type\":\"WebSite\",\"@id\":\"https:\/\/sulsc.com\/#website\",\"url\":\"https:\/\/sulsc.com\/\",\"name\":\"\",\"description\":\"\",\"potentialAction\":[{\"@type\":\"SearchAction\",\"target\":{\"@type\":\"EntryPoint\",\"urlTemplate\":\"https:\/\/sulsc.com\/?s={search_term_string}\"},\"query-input\":\"required name=search_term_string\"}],\"inLanguage\":\"en-US\"},{\"@type\":\"Person\",\"@id\":\"https:\/\/sulsc.com\/#\/schema\/person\/84d2fc571684f6248ba83092f07750a3\",\"name\":\"Reda\u00e7\u00e3o Sul SC\",\"image\":{\"@type\":\"ImageObject\",\"inLanguage\":\"en-US\",\"@id\":\"https:\/\/sulsc.com\/#\/schema\/person\/image\/e08d7fe2cc4ed596372063bbe852b8d0\",\"url\":\"https:\/\/sulsc.com\/wp-content\/uploads\/2023\/09\/redacao.png\",\"contentUrl\":\"https:\/\/sulsc.com\/wp-content\/uploads\/2023\/09\/redacao.png\",\"caption\":\"Reda\u00e7\u00e3o Sul SC\"},\"description\":\"Foco em um jornalismo imparcial, voltado \u00e0 qualidade dos seus conte\u00fados e, assim, levar informa\u00e7\u00e3o de valor que agregue \u00e0 vida dos leitores. Esta \u00e9 grande miss\u00e3o do Portal de Not\u00edcias Sul SC. N\u00e3o \u00e9 quantidade que muda o mundo, sempre foi e seguir\u00e1 sendo qualidade!\",\"sameAs\":[\"https:\/\/sulsc.com\/\",\"https:\/\/www.facebook.com\/profile.php?id=61559278119680\",\"https:\/\/www.instagram.com\/sulscportal\/?hl=pt-br\",\"https:\/\/twitter.com\/https:\/\/twitter.com\/PortalSulSC\",\"https:\/\/www.youtube.com\/channel\/UCv_BE8GeySluDov2n8qhVmw\"],\"url\":\"https:\/\/sulsc.com\/index.php\/author\/redacao\/\"}]}<\/script>\n<!-- \/ Yoast SEO plugin. -->","yoast_head_json":{"title":"Segunda-feira (17) com persist\u00eancia de temporais isolados e ventos fortes especialmente no litoral -","robots":{"index":"index","follow":"follow","max-snippet":"max-snippet:-1","max-image-preview":"max-image-preview:large","max-video-preview":"max-video-preview:-1"},"canonical":"https:\/\/sulsc.com\/index.php\/2025\/11\/17\/segunda-feira-17-com-persistencia-de-temporais-isolados-e-ventos-fortes-especialmente-nono-litoral\/","og_locale":"en_US","og_type":"article","og_title":"Segunda-feira (17) com persist\u00eancia de temporais isolados e ventos fortes especialmente no litoral -","og_description":"Nesta segunda-feira (17), a passagem da frente fria manteve o tempo inst\u00e1vel em todo o estado catarinense durante a madrugada e o in\u00edcio da manh\u00e3, com a ocorr\u00eancia de temporais isolados. As instabilidades em Santa Catarina devem persistir ao longo do dia, com chuvas isoladas e de fraca intensidade. No in\u00edcio da noite, as chuvas &hellip; Segunda-feira (17) com persist\u00eancia de temporais isolados e ventos fortes especialmente no litoral Read More &raquo;","og_url":"https:\/\/sulsc.com\/index.php\/2025\/11\/17\/segunda-feira-17-com-persistencia-de-temporais-isolados-e-ventos-fortes-especialmente-nono-litoral\/","article_author":"https:\/\/www.facebook.com\/profile.php?id=61559278119680","article_published_time":"2025-11-17T09:47:09+00:00","article_modified_time":"2025-11-17T10:48:49+00:00","og_image":[{"width":2560,"height":2106,"url":"https:\/\/sulsc.com\/wp-content\/uploads\/2023\/09\/temporal-scaled.jpg","type":"image\/jpeg"}],"author":"Reda\u00e7\u00e3o Sul SC","twitter_card":"summary_large_image","twitter_creator":"@https:\/\/twitter.com\/PortalSulSC","twitter_misc":{"Written by":"Reda\u00e7\u00e3o Sul SC","Est. reading time":"2 minutes"},"schema":{"@context":"https:\/\/schema.org","@graph":[{"@type":"WebPage","@id":"https:\/\/sulsc.com\/index.php\/2025\/11\/17\/segunda-feira-17-com-persistencia-de-temporais-isolados-e-ventos-fortes-especialmente-nono-litoral\/","url":"https:\/\/sulsc.com\/index.php\/2025\/11\/17\/segunda-feira-17-com-persistencia-de-temporais-isolados-e-ventos-fortes-especialmente-nono-litoral\/","name":"Segunda-feira (17) com persist\u00eancia de temporais isolados e ventos fortes especialmente no litoral -","isPartOf":{"@id":"https:\/\/sulsc.com\/#website"},"datePublished":"2025-11-17T09:47:09+00:00","dateModified":"2025-11-17T10:48:49+00:00","author":{"@id":"https:\/\/sulsc.com\/#\/schema\/person\/84d2fc571684f6248ba83092f07750a3"},"breadcrumb":{"@id":"https:\/\/sulsc.com\/index.php\/2025\/11\/17\/segunda-feira-17-com-persistencia-de-temporais-isolados-e-ventos-fortes-especialmente-nono-litoral\/#breadcrumb"},"inLanguage":"en-US","potentialAction":[{"@type":"ReadAction","target":["https:\/\/sulsc.com\/index.php\/2025\/11\/17\/segunda-feira-17-com-persistencia-de-temporais-isolados-e-ventos-fortes-especialmente-nono-litoral\/"]}]},{"@type":"BreadcrumbList","@id":"https:\/\/sulsc.com\/index.php\/2025\/11\/17\/segunda-feira-17-com-persistencia-de-temporais-isolados-e-ventos-fortes-especialmente-nono-litoral\/#breadcrumb","itemListElement":[{"@type":"ListItem","position":1,"name":"In\u00edcio","item":"https:\/\/sulsc.com\/"},{"@type":"ListItem","position":2,"name":"Segunda-feira (17) com persist\u00eancia de temporais isolados e ventos fortes especialmente no litoral"}]},{"@type":"WebSite","@id":"https:\/\/sulsc.com\/#website","url":"https:\/\/sulsc.com\/","name":"","description":"","potentialAction":[{"@type":"SearchAction","target":{"@type":"EntryPoint","urlTemplate":"https:\/\/sulsc.com\/?s={search_term_string}"},"query-input":"required name=search_term_string"}],"inLanguage":"en-US"},{"@type":"Person","@id":"https:\/\/sulsc.com\/#\/schema\/person\/84d2fc571684f6248ba83092f07750a3","name":"Reda\u00e7\u00e3o Sul SC","image":{"@type":"ImageObject","inLanguage":"en-US","@id":"https:\/\/sulsc.com\/#\/schema\/person\/image\/e08d7fe2cc4ed596372063bbe852b8d0","url":"https:\/\/sulsc.com\/wp-content\/uploads\/2023\/09\/redacao.png","contentUrl":"https:\/\/sulsc.com\/wp-content\/uploads\/2023\/09\/redacao.png","caption":"Reda\u00e7\u00e3o Sul SC"},"description":"Foco em um jornalismo imparcial, voltado \u00e0 qualidade dos seus conte\u00fados e, assim, levar informa\u00e7\u00e3o de valor que agregue \u00e0 vida dos leitores. Esta \u00e9 grande miss\u00e3o do Portal de Not\u00edcias Sul SC. N\u00e3o \u00e9 quantidade que muda o mundo, sempre foi e seguir\u00e1 sendo qualidade!","sameAs":["https:\/\/sulsc.com\/","https:\/\/www.facebook.com\/profile.php?id=61559278119680","https:\/\/www.instagram.com\/sulscportal\/?hl=pt-br","https:\/\/twitter.com\/https:\/\/twitter.com\/PortalSulSC","https:\/\/www.youtube.com\/channel\/UCv_BE8GeySluDov2n8qhVmw"],"url":"https:\/\/sulsc.com\/index.php\/author\/redacao\/"}]}},"authors":[],"_links":{"self":[{"href":"https:\/\/sulsc.com\/index.php\/wp-json\/wp\/v2\/posts\/29720"}],"collection":[{"href":"https:\/\/sulsc.com\/index.php\/wp-json\/wp\/v2\/posts"}],"about":[{"href":"https:\/\/sulsc.com\/index.php\/wp-json\/wp\/v2\/types\/post"}],"author":[{"embeddable":true,"href":"https:\/\/sulsc.com\/index.php\/wp-json\/wp\/v2\/users\/3"}],"replies":[{"embeddable":true,"href":"https:\/\/sulsc.com\/index.php\/wp-json\/wp\/v2\/comments?post=29720"}],"version-history":[{"count":2,"href":"https:\/\/sulsc.com\/index.php\/wp-json\/wp\/v2\/posts\/29720\/revisions"}],"predecessor-version":[{"id":29729,"href":"https:\/\/sulsc.com\/index.php\/wp-json\/wp\/v2\/posts\/29720\/revisions\/29729"}],"wp:featuredmedia":[{"embeddable":true,"href":"https:\/\/sulsc.com\/index.php\/wp-json\/wp\/v2\/media\/1471"}],"wp:attachment":[{"href":"https:\/\/sulsc.com\/index.php\/wp-json\/wp\/v2\/media?parent=29720"}],"wp:term":[{"taxonomy":"category","embeddable":true,"href":"https:\/\/sulsc.com\/index.php\/wp-json\/wp\/v2\/categories?post=29720"},{"taxonomy":"post_tag","embeddable":true,"href":"https:\/\/sulsc.com\/index.php\/wp-json\/wp\/v2\/tags?post=29720"}],"curies":[{"name":"wp","href":"https:\/\/api.w.org\/{rel}","templated":true}]}}