{"id":29726,"date":"2025-11-17T08:00:48","date_gmt":"2025-11-17T11:00:48","guid":{"rendered":"https:\/\/sulsc.com\/?p=29726"},"modified":"2025-11-17T07:42:26","modified_gmt":"2025-11-17T10:42:26","slug":"homem-e-resgatado-em-rio-tubarao","status":"publish","type":"post","link":"https:\/\/sulsc.com\/index.php\/2025\/11\/17\/homem-e-resgatado-em-rio-tubarao\/","title":{"rendered":"Homem \u00e9 resgatado em Rio Tubar\u00e3o"},"content":{"rendered":"<p>Um afogamento foi registrado nesse domingo (16), 8\u00b0 Batalh\u00e3o de Bombeiros Militar, no Rio Tubar\u00e3o. O Corpo de Bombeiros Militar do munic\u00edpio prestou atendimento de resgate de pessoa no Rio Tubar\u00e3o.<\/p>\n<p>No local, os socorristas visualizaram um homem adulto dentro do rio, que apresentava comportamento de evita\u00e7\u00e3o, que mantinha dist\u00e2ncia da equipe e verbalizava para que os bombeiros n\u00e3o se aproximassem.\u00a0Foram iniciadas tentativas de di\u00e1logo e aproxima\u00e7\u00e3o segura, por\u00e9m sem \u00eaxito.<\/p>\n<div id=\"metaslider-id-25573\" style=\"width: 100%;\" class=\"ml-slider-3-99-0 metaslider metaslider-flex metaslider-25573 ml-slider has-onhover-arrows ms-theme-default-base has-dots-nav\" role=\"region\" aria-label=\"Meio\" data-width=\"1200\">\n    <div id=\"metaslider_container_25573\">\n        <div id=\"metaslider_25573\">\n            <ul class='slides'>\n                <li style=\"display: block; width: 100%;\" class=\"slide-25684 ms-image \" aria-roledescription=\"slide\" data-date=\"2025-07-24 07:55:40\"><img src=\"https:\/\/sulsc.com\/wp-content\/uploads\/2025\/07\/Marr-2-1000x166.jpg\" height=\"200\" width=\"1200\" alt=\"\" class=\"slider-25573 slide-25684 msDefaultImage\" title=\"Marr 2\" \/><\/li>\n                <li style=\"display: none; width: 100%;\" class=\"slide-32412 ms-image \" aria-roledescription=\"slide\" data-date=\"2026-02-18 13:59:46\"><img src=\"https:\/\/sulsc.com\/wp-content\/uploads\/2026\/02\/40dc1580-cad5-4867-bc58-c4243821ad38-1000x166.jpeg\" height=\"200\" width=\"1200\" alt=\"\" class=\"slider-25573 slide-32412 msDefaultImage\" title=\"40dc1580-cad5-4867-bc58-c4243821ad38\" \/><\/li>\n                <li style=\"display: none; width: 100%;\" class=\"slide-32766 ms-image \" aria-roledescription=\"slide\" data-date=\"2026-03-03 17:22:59\"><img src=\"https:\/\/sulsc.com\/wp-content\/uploads\/2026\/03\/271ce739-f268-41c5-8051-3de1a1750359-1000x166.jpeg\" height=\"200\" width=\"1200\" alt=\"\" class=\"slider-25573 slide-32766 msDefaultImage\" title=\"271ce739-f268-41c5-8051-3de1a1750359\" \/><\/li>\n            <\/ul>\n        <\/div>\n        \n    <\/div>\n<\/div>\n<p>Em determinado momento, a v\u00edtima submergiu mas foi localizada de imediato e realizado o resgate pela equipe, retirada da \u00e1gua e conduzida at\u00e9 a margem. Em seguida, foi prestado atendimento inicial e a v\u00edtima foi encaminhada pelos bombeiros at\u00e9 o Hospital Nossa Senhora da Concei\u00e7\u00e3o (HNSC) para avalia\u00e7\u00e3o e cuidados m\u00e9dicos.<\/p>\n<p><img fetchpriority=\"high\" decoding=\"async\" class=\"alignnone size-full wp-image-29727\" src=\"http:\/\/sulsc.com\/wp-content\/uploads\/2025\/11\/WhatsApp-Image-2025-11-16-at-20.02.22.jpeg\" alt=\"\" width=\"930\" height=\"1600\" srcset=\"https:\/\/sulsc.com\/wp-content\/uploads\/2025\/11\/WhatsApp-Image-2025-11-16-at-20.02.22.jpeg 930w, https:\/\/sulsc.com\/wp-content\/uploads\/2025\/11\/WhatsApp-Image-2025-11-16-at-20.02.22-174x300.jpeg 174w, https:\/\/sulsc.com\/wp-content\/uploads\/2025\/11\/WhatsApp-Image-2025-11-16-at-20.02.22-595x1024.jpeg 595w, https:\/\/sulsc.com\/wp-content\/uploads\/2025\/11\/WhatsApp-Image-2025-11-16-at-20.02.22-768x1321.jpeg 768w, https:\/\/sulsc.com\/wp-content\/uploads\/2025\/11\/WhatsApp-Image-2025-11-16-at-20.02.22-893x1536.jpeg 893w\" sizes=\"(max-width: 930px) 100vw, 930px\" \/><\/p>\n","protected":false},"excerpt":{"rendered":"<p>Um afogamento foi registrado nesse domingo (16), 8\u00b0 Batalh\u00e3o de Bombeiros Militar, no Rio Tubar\u00e3o. O Corpo de Bombeiros Militar do munic\u00edpio prestou atendimento de resgate de pessoa no Rio Tubar\u00e3o. No local, os socorristas visualizaram um homem adulto dentro do rio, que apresentava comportamento de evita\u00e7\u00e3o, que mantinha dist\u00e2ncia da equipe e verbalizava para &hellip;<\/p>\n<p class=\"read-more\"> <a class=\"\" href=\"https:\/\/sulsc.com\/index.php\/2025\/11\/17\/homem-e-resgatado-em-rio-tubarao\/\"> <span class=\"screen-reader-text\">Homem \u00e9 resgatado em Rio Tubar\u00e3o<\/span> Read More &raquo;<\/a><\/p>\n","protected":false},"author":3,"featured_media":29727,"comment_status":"open","ping_status":"open","sticky":false,"template":"","format":"standard","meta":{"site-sidebar-layout":"default","site-content-layout":"","ast-site-content-layout":"default","site-content-style":"default","site-sidebar-style":"default","ast-global-header-display":"","ast-banner-title-visibility":"","ast-main-header-display":"","ast-hfb-above-header-display":"","ast-hfb-below-header-display":"","ast-hfb-mobile-header-display":"","site-post-title":"","ast-breadcrumbs-content":"","ast-featured-img":"","footer-sml-layout":"","theme-transparent-header-meta":"default","adv-header-id-meta":"","stick-header-meta":"","header-above-stick-meta":"","header-main-stick-meta":"","header-below-stick-meta":"","astra-migrate-meta-layouts":"set","footnotes":""},"categories":[8,21,12],"tags":[],"yoast_head":"<!-- This site is optimized with the Yoast SEO plugin v21.4 - https:\/\/yoast.com\/wordpress\/plugins\/seo\/ -->\n<title>Homem \u00e9 resgatado em Rio Tubar\u00e3o -<\/title>\n<meta name=\"robots\" content=\"index, follow, max-snippet:-1, max-image-preview:large, max-video-preview:-1\" \/>\n<link rel=\"canonical\" href=\"https:\/\/sulsc.com\/index.php\/2025\/11\/17\/homem-e-resgatado-em-rio-tubarao\/\" \/>\n<meta property=\"og:locale\" content=\"en_US\" \/>\n<meta property=\"og:type\" content=\"article\" \/>\n<meta property=\"og:title\" content=\"Homem \u00e9 resgatado em Rio Tubar\u00e3o -\" \/>\n<meta property=\"og:description\" content=\"Um afogamento foi registrado nesse domingo (16), 8\u00b0 Batalh\u00e3o de Bombeiros Militar, no Rio Tubar\u00e3o. O Corpo de Bombeiros Militar do munic\u00edpio prestou atendimento de resgate de pessoa no Rio Tubar\u00e3o. No local, os socorristas visualizaram um homem adulto dentro do rio, que apresentava comportamento de evita\u00e7\u00e3o, que mantinha dist\u00e2ncia da equipe e verbalizava para &hellip; Homem \u00e9 resgatado em Rio Tubar\u00e3o Read More &raquo;\" \/>\n<meta property=\"og:url\" content=\"https:\/\/sulsc.com\/index.php\/2025\/11\/17\/homem-e-resgatado-em-rio-tubarao\/\" \/>\n<meta property=\"article:author\" content=\"https:\/\/www.facebook.com\/profile.php?id=61559278119680\" \/>\n<meta property=\"article:published_time\" content=\"2025-11-17T11:00:48+00:00\" \/>\n<meta property=\"article:modified_time\" content=\"2025-11-17T10:42:26+00:00\" \/>\n<meta property=\"og:image\" content=\"https:\/\/sulsc.com\/wp-content\/uploads\/2025\/11\/WhatsApp-Image-2025-11-16-at-20.02.22.jpeg\" \/>\n\t<meta property=\"og:image:width\" content=\"930\" \/>\n\t<meta property=\"og:image:height\" content=\"1600\" \/>\n\t<meta property=\"og:image:type\" content=\"image\/jpeg\" \/>\n<meta name=\"author\" content=\"Reda\u00e7\u00e3o Sul SC\" \/>\n<meta name=\"twitter:card\" content=\"summary_large_image\" \/>\n<meta name=\"twitter:creator\" content=\"@https:\/\/twitter.com\/PortalSulSC\" \/>\n<meta name=\"twitter:label1\" content=\"Written by\" \/>\n\t<meta name=\"twitter:data1\" content=\"Reda\u00e7\u00e3o Sul SC\" \/>\n\t<meta name=\"twitter:label2\" content=\"Est. reading time\" \/>\n\t<meta name=\"twitter:data2\" content=\"1 minute\" \/>\n<script type=\"application\/ld+json\" class=\"yoast-schema-graph\">{\"@context\":\"https:\/\/schema.org\",\"@graph\":[{\"@type\":\"WebPage\",\"@id\":\"https:\/\/sulsc.com\/index.php\/2025\/11\/17\/homem-e-resgatado-em-rio-tubarao\/\",\"url\":\"https:\/\/sulsc.com\/index.php\/2025\/11\/17\/homem-e-resgatado-em-rio-tubarao\/\",\"name\":\"Homem \u00e9 resgatado em Rio Tubar\u00e3o -\",\"isPartOf\":{\"@id\":\"https:\/\/sulsc.com\/#website\"},\"datePublished\":\"2025-11-17T11:00:48+00:00\",\"dateModified\":\"2025-11-17T10:42:26+00:00\",\"author\":{\"@id\":\"https:\/\/sulsc.com\/#\/schema\/person\/84d2fc571684f6248ba83092f07750a3\"},\"breadcrumb\":{\"@id\":\"https:\/\/sulsc.com\/index.php\/2025\/11\/17\/homem-e-resgatado-em-rio-tubarao\/#breadcrumb\"},\"inLanguage\":\"en-US\",\"potentialAction\":[{\"@type\":\"ReadAction\",\"target\":[\"https:\/\/sulsc.com\/index.php\/2025\/11\/17\/homem-e-resgatado-em-rio-tubarao\/\"]}]},{\"@type\":\"BreadcrumbList\",\"@id\":\"https:\/\/sulsc.com\/index.php\/2025\/11\/17\/homem-e-resgatado-em-rio-tubarao\/#breadcrumb\",\"itemListElement\":[{\"@type\":\"ListItem\",\"position\":1,\"name\":\"In\u00edcio\",\"item\":\"https:\/\/sulsc.com\/\"},{\"@type\":\"ListItem\",\"position\":2,\"name\":\"Homem \u00e9 resgatado em Rio Tubar\u00e3o\"}]},{\"@type\":\"WebSite\",\"@id\":\"https:\/\/sulsc.com\/#website\",\"url\":\"https:\/\/sulsc.com\/\",\"name\":\"\",\"description\":\"\",\"potentialAction\":[{\"@type\":\"SearchAction\",\"target\":{\"@type\":\"EntryPoint\",\"urlTemplate\":\"https:\/\/sulsc.com\/?s={search_term_string}\"},\"query-input\":\"required name=search_term_string\"}],\"inLanguage\":\"en-US\"},{\"@type\":\"Person\",\"@id\":\"https:\/\/sulsc.com\/#\/schema\/person\/84d2fc571684f6248ba83092f07750a3\",\"name\":\"Reda\u00e7\u00e3o Sul SC\",\"image\":{\"@type\":\"ImageObject\",\"inLanguage\":\"en-US\",\"@id\":\"https:\/\/sulsc.com\/#\/schema\/person\/image\/e08d7fe2cc4ed596372063bbe852b8d0\",\"url\":\"https:\/\/sulsc.com\/wp-content\/uploads\/2023\/09\/redacao.png\",\"contentUrl\":\"https:\/\/sulsc.com\/wp-content\/uploads\/2023\/09\/redacao.png\",\"caption\":\"Reda\u00e7\u00e3o Sul SC\"},\"description\":\"Foco em um jornalismo imparcial, voltado \u00e0 qualidade dos seus conte\u00fados e, assim, levar informa\u00e7\u00e3o de valor que agregue \u00e0 vida dos leitores. Esta \u00e9 grande miss\u00e3o do Portal de Not\u00edcias Sul SC. N\u00e3o \u00e9 quantidade que muda o mundo, sempre foi e seguir\u00e1 sendo qualidade!\",\"sameAs\":[\"https:\/\/sulsc.com\/\",\"https:\/\/www.facebook.com\/profile.php?id=61559278119680\",\"https:\/\/www.instagram.com\/sulscportal\/?hl=pt-br\",\"https:\/\/twitter.com\/https:\/\/twitter.com\/PortalSulSC\",\"https:\/\/www.youtube.com\/channel\/UCv_BE8GeySluDov2n8qhVmw\"],\"url\":\"https:\/\/sulsc.com\/index.php\/author\/redacao\/\"}]}<\/script>\n<!-- \/ Yoast SEO plugin. -->","yoast_head_json":{"title":"Homem \u00e9 resgatado em Rio Tubar\u00e3o -","robots":{"index":"index","follow":"follow","max-snippet":"max-snippet:-1","max-image-preview":"max-image-preview:large","max-video-preview":"max-video-preview:-1"},"canonical":"https:\/\/sulsc.com\/index.php\/2025\/11\/17\/homem-e-resgatado-em-rio-tubarao\/","og_locale":"en_US","og_type":"article","og_title":"Homem \u00e9 resgatado em Rio Tubar\u00e3o -","og_description":"Um afogamento foi registrado nesse domingo (16), 8\u00b0 Batalh\u00e3o de Bombeiros Militar, no Rio Tubar\u00e3o. O Corpo de Bombeiros Militar do munic\u00edpio prestou atendimento de resgate de pessoa no Rio Tubar\u00e3o. No local, os socorristas visualizaram um homem adulto dentro do rio, que apresentava comportamento de evita\u00e7\u00e3o, que mantinha dist\u00e2ncia da equipe e verbalizava para &hellip; Homem \u00e9 resgatado em Rio Tubar\u00e3o Read More &raquo;","og_url":"https:\/\/sulsc.com\/index.php\/2025\/11\/17\/homem-e-resgatado-em-rio-tubarao\/","article_author":"https:\/\/www.facebook.com\/profile.php?id=61559278119680","article_published_time":"2025-11-17T11:00:48+00:00","article_modified_time":"2025-11-17T10:42:26+00:00","og_image":[{"width":930,"height":1600,"url":"https:\/\/sulsc.com\/wp-content\/uploads\/2025\/11\/WhatsApp-Image-2025-11-16-at-20.02.22.jpeg","type":"image\/jpeg"}],"author":"Reda\u00e7\u00e3o Sul SC","twitter_card":"summary_large_image","twitter_creator":"@https:\/\/twitter.com\/PortalSulSC","twitter_misc":{"Written by":"Reda\u00e7\u00e3o Sul SC","Est. reading time":"1 minute"},"schema":{"@context":"https:\/\/schema.org","@graph":[{"@type":"WebPage","@id":"https:\/\/sulsc.com\/index.php\/2025\/11\/17\/homem-e-resgatado-em-rio-tubarao\/","url":"https:\/\/sulsc.com\/index.php\/2025\/11\/17\/homem-e-resgatado-em-rio-tubarao\/","name":"Homem \u00e9 resgatado em Rio Tubar\u00e3o -","isPartOf":{"@id":"https:\/\/sulsc.com\/#website"},"datePublished":"2025-11-17T11:00:48+00:00","dateModified":"2025-11-17T10:42:26+00:00","author":{"@id":"https:\/\/sulsc.com\/#\/schema\/person\/84d2fc571684f6248ba83092f07750a3"},"breadcrumb":{"@id":"https:\/\/sulsc.com\/index.php\/2025\/11\/17\/homem-e-resgatado-em-rio-tubarao\/#breadcrumb"},"inLanguage":"en-US","potentialAction":[{"@type":"ReadAction","target":["https:\/\/sulsc.com\/index.php\/2025\/11\/17\/homem-e-resgatado-em-rio-tubarao\/"]}]},{"@type":"BreadcrumbList","@id":"https:\/\/sulsc.com\/index.php\/2025\/11\/17\/homem-e-resgatado-em-rio-tubarao\/#breadcrumb","itemListElement":[{"@type":"ListItem","position":1,"name":"In\u00edcio","item":"https:\/\/sulsc.com\/"},{"@type":"ListItem","position":2,"name":"Homem \u00e9 resgatado em Rio Tubar\u00e3o"}]},{"@type":"WebSite","@id":"https:\/\/sulsc.com\/#website","url":"https:\/\/sulsc.com\/","name":"","description":"","potentialAction":[{"@type":"SearchAction","target":{"@type":"EntryPoint","urlTemplate":"https:\/\/sulsc.com\/?s={search_term_string}"},"query-input":"required name=search_term_string"}],"inLanguage":"en-US"},{"@type":"Person","@id":"https:\/\/sulsc.com\/#\/schema\/person\/84d2fc571684f6248ba83092f07750a3","name":"Reda\u00e7\u00e3o Sul SC","image":{"@type":"ImageObject","inLanguage":"en-US","@id":"https:\/\/sulsc.com\/#\/schema\/person\/image\/e08d7fe2cc4ed596372063bbe852b8d0","url":"https:\/\/sulsc.com\/wp-content\/uploads\/2023\/09\/redacao.png","contentUrl":"https:\/\/sulsc.com\/wp-content\/uploads\/2023\/09\/redacao.png","caption":"Reda\u00e7\u00e3o Sul SC"},"description":"Foco em um jornalismo imparcial, voltado \u00e0 qualidade dos seus conte\u00fados e, assim, levar informa\u00e7\u00e3o de valor que agregue \u00e0 vida dos leitores. Esta \u00e9 grande miss\u00e3o do Portal de Not\u00edcias Sul SC. N\u00e3o \u00e9 quantidade que muda o mundo, sempre foi e seguir\u00e1 sendo qualidade!","sameAs":["https:\/\/sulsc.com\/","https:\/\/www.facebook.com\/profile.php?id=61559278119680","https:\/\/www.instagram.com\/sulscportal\/?hl=pt-br","https:\/\/twitter.com\/https:\/\/twitter.com\/PortalSulSC","https:\/\/www.youtube.com\/channel\/UCv_BE8GeySluDov2n8qhVmw"],"url":"https:\/\/sulsc.com\/index.php\/author\/redacao\/"}]}},"authors":[],"_links":{"self":[{"href":"https:\/\/sulsc.com\/index.php\/wp-json\/wp\/v2\/posts\/29726"}],"collection":[{"href":"https:\/\/sulsc.com\/index.php\/wp-json\/wp\/v2\/posts"}],"about":[{"href":"https:\/\/sulsc.com\/index.php\/wp-json\/wp\/v2\/types\/post"}],"author":[{"embeddable":true,"href":"https:\/\/sulsc.com\/index.php\/wp-json\/wp\/v2\/users\/3"}],"replies":[{"embeddable":true,"href":"https:\/\/sulsc.com\/index.php\/wp-json\/wp\/v2\/comments?post=29726"}],"version-history":[{"count":1,"href":"https:\/\/sulsc.com\/index.php\/wp-json\/wp\/v2\/posts\/29726\/revisions"}],"predecessor-version":[{"id":29728,"href":"https:\/\/sulsc.com\/index.php\/wp-json\/wp\/v2\/posts\/29726\/revisions\/29728"}],"wp:featuredmedia":[{"embeddable":true,"href":"https:\/\/sulsc.com\/index.php\/wp-json\/wp\/v2\/media\/29727"}],"wp:attachment":[{"href":"https:\/\/sulsc.com\/index.php\/wp-json\/wp\/v2\/media?parent=29726"}],"wp:term":[{"taxonomy":"category","embeddable":true,"href":"https:\/\/sulsc.com\/index.php\/wp-json\/wp\/v2\/categories?post=29726"},{"taxonomy":"post_tag","embeddable":true,"href":"https:\/\/sulsc.com\/index.php\/wp-json\/wp\/v2\/tags?post=29726"}],"curies":[{"name":"wp","href":"https:\/\/api.w.org\/{rel}","templated":true}]}}