{"id":29768,"date":"2025-11-17T18:21:57","date_gmt":"2025-11-17T21:21:57","guid":{"rendered":"https:\/\/sulsc.com\/?p=29768"},"modified":"2025-11-17T18:21:57","modified_gmt":"2025-11-17T21:21:57","slug":"sc-tem-queda-expressiva-em-mortes-violentas-roubos-e-furtos-em-outubro","status":"publish","type":"post","link":"https:\/\/sulsc.com\/index.php\/2025\/11\/17\/sc-tem-queda-expressiva-em-mortes-violentas-roubos-e-furtos-em-outubro\/","title":{"rendered":"SC tem queda expressiva em mortes violentas, roubos e furtos, em outubro"},"content":{"rendered":"<p>Uma redu\u00e7\u00e3o consistente nos principais indicadores de viol\u00eancia letal e crimes patrimoniais, foi apresentada no m\u00eas de outubro deste ano, em Santa Catarina. O destaque \u00e9 para o \u00edndice de mortes violentas, que caiu 21,7% em rela\u00e7\u00e3o ao mesmo per\u00edodo de 2024.<\/p>\n<p>No ano passado foram registrados 60 crimes contra a vida e, neste ano, 47. \u00c9 o segundo menor resultado para o per\u00edodo desde 2008, quando iniciou a contagem da s\u00e9rie hist\u00f3rica. No mesmo embalo, o n\u00famero de homic\u00eddios caiu 15,4%, o de feminic\u00eddios reduziu 20%, e o de latroc\u00ednios, que \u00e9 o assalto seguido de morte, caiu 50%.<\/p>\n<p>O governador Jorginho Mello afirma que o Estado est\u00e1 fazendo a sua parte e trabalha em parceria com outros estados para implementar legisla\u00e7\u00e3o mais severa de combate \u00e0s organiza\u00e7\u00f5es criminosas. Al\u00e9m disso, que SC tem a melhor seguran\u00e7a p\u00fablica do Brasil e que n\u00e3o se pode baixar a guarda.<\/p>\n<p>&#8220;Temos homens e mulheres que atuam de forma exemplar em todas as nossas for\u00e7as de seguran\u00e7a e o Governo do Estado t\u00e1 investindo cada vez mais em armamento, intelig\u00eancia, qualifica\u00e7\u00e3o e tecnologia. \u00c9 uma engrenagem onde todo mundo trabalha integrado, com uma atua\u00e7\u00e3o muito clara: linha dura contra o crime \u00e9 mais prote\u00e7\u00e3o pras pessoas\u201d, disse o governador.<\/p>\n<p>Outra boa not\u00edcia \u00e9 que os \u00edndices de crimes contra o patrim\u00f4nio tamb\u00e9m ca\u00edram. O indicador de roubo no m\u00eas de outubro despencou 27,4% em compara\u00e7\u00e3o com outubro do ano anterior, diminuindo de 497 para 361 crimes. J\u00e1 o n\u00famero de furtos sofreu redu\u00e7\u00e3o de 18,4%, representando 1.688 ocorr\u00eancias a menos que no ano passado.<\/p>\n<div id=\"metaslider-id-25573\" style=\"width: 100%;\" class=\"ml-slider-3-99-0 metaslider metaslider-flex metaslider-25573 ml-slider has-onhover-arrows ms-theme-default-base has-dots-nav\" role=\"region\" aria-label=\"Meio\" data-width=\"1200\">\n    <div id=\"metaslider_container_25573\">\n        <div id=\"metaslider_25573\">\n            <ul class='slides'>\n                <li style=\"display: block; width: 100%;\" class=\"slide-25684 ms-image \" aria-roledescription=\"slide\" data-date=\"2025-07-24 07:55:40\"><img src=\"https:\/\/sulsc.com\/wp-content\/uploads\/2025\/07\/Marr-2-1000x166.jpg\" height=\"200\" width=\"1200\" alt=\"\" class=\"slider-25573 slide-25684 msDefaultImage\" title=\"Marr 2\" \/><\/li>\n                <li style=\"display: none; width: 100%;\" class=\"slide-32412 ms-image \" aria-roledescription=\"slide\" data-date=\"2026-02-18 13:59:46\"><img src=\"https:\/\/sulsc.com\/wp-content\/uploads\/2026\/02\/40dc1580-cad5-4867-bc58-c4243821ad38-1000x166.jpeg\" height=\"200\" width=\"1200\" alt=\"\" class=\"slider-25573 slide-32412 msDefaultImage\" title=\"40dc1580-cad5-4867-bc58-c4243821ad38\" \/><\/li>\n                <li style=\"display: none; width: 100%;\" class=\"slide-32766 ms-image \" aria-roledescription=\"slide\" data-date=\"2026-03-03 17:22:59\"><img src=\"https:\/\/sulsc.com\/wp-content\/uploads\/2026\/03\/271ce739-f268-41c5-8051-3de1a1750359-1000x166.jpeg\" height=\"200\" width=\"1200\" alt=\"\" class=\"slider-25573 slide-32766 msDefaultImage\" title=\"271ce739-f268-41c5-8051-3de1a1750359\" \/><\/li>\n            <\/ul>\n        <\/div>\n        \n    <\/div>\n<\/div>\n<p>Em rela\u00e7\u00e3o ao furto de ve\u00edculos, quando o bem \u00e9 levado sem o conhecimento direto da v\u00edtima, foram registrados 473 casos, contra 570 no ano anterior. Uma diminui\u00e7\u00e3o de 17%, com quase 100 crimes a menos. No caso do roubo de ve\u00edculos, quando o bem \u00e9 tomado por meio de for\u00e7a ou amea\u00e7a \u00e0 v\u00edtima, o Estado alcan\u00e7ou uma retra\u00e7\u00e3o de 38,5%, com 30 crimes a menos.<\/p>\n<p>O secret\u00e1rio da Seguran\u00e7a P\u00fablica, coronel Fl\u00e1vio Graff, destaca que o cen\u00e1rio de redu\u00e7\u00e3o, apesar de consistente ao longo do ano, n\u00e3o est\u00e1 isento de mudan\u00e7as repentinas. Por isso a necessidade de buscar permanentemente melhorias.<\/p>\n<p>Ainda conforme o secret\u00e1rio, entre os novos refor\u00e7os est\u00e3o os recentes avan\u00e7os dos sistemas integrados de coopera\u00e7\u00e3o interestadual promovidos entre os cinco estados que comp\u00f5em o SulMaSSP \u2013 Santa Catarina, Paran\u00e1, Rio Grande do Sul, S\u00e3o Paulo e Mato Grosso do Sul. Segundo ele, s\u00e3o solu\u00e7\u00f5es voltadas a aumentar a precis\u00e3o investigativa e a velocidade de resposta operacional.<\/p>\n<p>Em parceria com os estados do SulMaSSP, Fl\u00e1vio explica que ir\u00e3o expandir o sistema de leitura autom\u00e1tica de placas (LPR), permitindo o compartilhamento em tempo real de informa\u00e7\u00f5es sobre ve\u00edculos furtados ou roubados, suspeitas associadas a mandados de pris\u00e3o e rotas utilizadas por criminosos itinerantes.<\/p>\n<p>&#8220;Tamb\u00e9m firmamos o compromisso para cria\u00e7\u00e3o do novo sistema interestadual de intelig\u00eancia, uma plataforma pr\u00f3pria que permitir\u00e1 aos cinco estados acessarem dados de ocorr\u00eancias policiais de forma integrada. S\u00e3o medidas extremamente relevantes para ampliarmos o combate \u00e0 criminalidade na regi\u00e3o, com reflexo direto no territ\u00f3rio catarinense\u201d, destacou.<\/p>\n<p>Os dados referentes ao m\u00eas de outubro de 2025 foram divulgados pela Ger\u00eancia de Estat\u00edstica e An\u00e1lise Criminal (GEAC), da Diretoria de Intelig\u00eancia Estrat\u00e9gica (DINE) da SSP-SC.<\/p>\n<p><img fetchpriority=\"high\" decoding=\"async\" class=\"alignnone size-full wp-image-16614\" src=\"http:\/\/sulsc.com\/wp-content\/uploads\/2024\/10\/Policia-Militar.png\" alt=\"\" width=\"1080\" height=\"614\" srcset=\"https:\/\/sulsc.com\/wp-content\/uploads\/2024\/10\/Policia-Militar.png 1080w, https:\/\/sulsc.com\/wp-content\/uploads\/2024\/10\/Policia-Militar-300x171.png 300w, https:\/\/sulsc.com\/wp-content\/uploads\/2024\/10\/Policia-Militar-1024x582.png 1024w, https:\/\/sulsc.com\/wp-content\/uploads\/2024\/10\/Policia-Militar-768x437.png 768w\" sizes=\"(max-width: 1080px) 100vw, 1080px\" \/><\/p>\n","protected":false},"excerpt":{"rendered":"<p>Uma redu\u00e7\u00e3o consistente nos principais indicadores de viol\u00eancia letal e crimes patrimoniais, foi apresentada no m\u00eas de outubro deste ano, em Santa Catarina. O destaque \u00e9 para o \u00edndice de mortes violentas, que caiu 21,7% em rela\u00e7\u00e3o ao mesmo per\u00edodo de 2024. No ano passado foram registrados 60 crimes contra a vida e, neste ano, &hellip;<\/p>\n<p class=\"read-more\"> <a class=\"\" href=\"https:\/\/sulsc.com\/index.php\/2025\/11\/17\/sc-tem-queda-expressiva-em-mortes-violentas-roubos-e-furtos-em-outubro\/\"> <span class=\"screen-reader-text\">SC tem queda expressiva em mortes violentas, roubos e furtos, em outubro<\/span> Read More &raquo;<\/a><\/p>\n","protected":false},"author":3,"featured_media":23749,"comment_status":"open","ping_status":"open","sticky":false,"template":"","format":"standard","meta":{"site-sidebar-layout":"default","site-content-layout":"","ast-site-content-layout":"default","site-content-style":"default","site-sidebar-style":"default","ast-global-header-display":"","ast-banner-title-visibility":"","ast-main-header-display":"","ast-hfb-above-header-display":"","ast-hfb-below-header-display":"","ast-hfb-mobile-header-display":"","site-post-title":"","ast-breadcrumbs-content":"","ast-featured-img":"","footer-sml-layout":"","theme-transparent-header-meta":"default","adv-header-id-meta":"","stick-header-meta":"","header-above-stick-meta":"","header-main-stick-meta":"","header-below-stick-meta":"","astra-migrate-meta-layouts":"set","footnotes":""},"categories":[14,8,12],"tags":[],"yoast_head":"<!-- This site is optimized with the Yoast SEO plugin v21.4 - https:\/\/yoast.com\/wordpress\/plugins\/seo\/ -->\n<title>SC tem queda expressiva em mortes violentas, roubos e furtos, em outubro -<\/title>\n<meta name=\"robots\" content=\"index, follow, max-snippet:-1, max-image-preview:large, max-video-preview:-1\" \/>\n<link rel=\"canonical\" href=\"https:\/\/sulsc.com\/index.php\/2025\/11\/17\/sc-tem-queda-expressiva-em-mortes-violentas-roubos-e-furtos-em-outubro\/\" \/>\n<meta property=\"og:locale\" content=\"en_US\" \/>\n<meta property=\"og:type\" content=\"article\" \/>\n<meta property=\"og:title\" content=\"SC tem queda expressiva em mortes violentas, roubos e furtos, em outubro -\" \/>\n<meta property=\"og:description\" content=\"Uma redu\u00e7\u00e3o consistente nos principais indicadores de viol\u00eancia letal e crimes patrimoniais, foi apresentada no m\u00eas de outubro deste ano, em Santa Catarina. O destaque \u00e9 para o \u00edndice de mortes violentas, que caiu 21,7% em rela\u00e7\u00e3o ao mesmo per\u00edodo de 2024. No ano passado foram registrados 60 crimes contra a vida e, neste ano, &hellip; SC tem queda expressiva em mortes violentas, roubos e furtos, em outubro Read More &raquo;\" \/>\n<meta property=\"og:url\" content=\"https:\/\/sulsc.com\/index.php\/2025\/11\/17\/sc-tem-queda-expressiva-em-mortes-violentas-roubos-e-furtos-em-outubro\/\" \/>\n<meta property=\"article:author\" content=\"https:\/\/www.facebook.com\/profile.php?id=61559278119680\" \/>\n<meta property=\"article:published_time\" content=\"2025-11-17T21:21:57+00:00\" \/>\n<meta property=\"og:image\" content=\"http:\/\/sulsc.com\/wp-content\/uploads\/2025\/05\/Giroflex-Policia.jpg\" \/>\n\t<meta property=\"og:image:width\" content=\"800\" \/>\n\t<meta property=\"og:image:height\" content=\"500\" \/>\n\t<meta property=\"og:image:type\" content=\"image\/jpeg\" \/>\n<meta name=\"author\" content=\"Reda\u00e7\u00e3o Sul SC\" \/>\n<meta name=\"twitter:card\" content=\"summary_large_image\" \/>\n<meta name=\"twitter:creator\" content=\"@https:\/\/twitter.com\/PortalSulSC\" \/>\n<meta name=\"twitter:label1\" content=\"Written by\" \/>\n\t<meta name=\"twitter:data1\" content=\"Reda\u00e7\u00e3o Sul SC\" \/>\n\t<meta name=\"twitter:label2\" content=\"Est. reading time\" \/>\n\t<meta name=\"twitter:data2\" content=\"3 minutes\" \/>\n<script type=\"application\/ld+json\" class=\"yoast-schema-graph\">{\"@context\":\"https:\/\/schema.org\",\"@graph\":[{\"@type\":\"WebPage\",\"@id\":\"https:\/\/sulsc.com\/index.php\/2025\/11\/17\/sc-tem-queda-expressiva-em-mortes-violentas-roubos-e-furtos-em-outubro\/\",\"url\":\"https:\/\/sulsc.com\/index.php\/2025\/11\/17\/sc-tem-queda-expressiva-em-mortes-violentas-roubos-e-furtos-em-outubro\/\",\"name\":\"SC tem queda expressiva em mortes violentas, roubos e furtos, em outubro -\",\"isPartOf\":{\"@id\":\"https:\/\/sulsc.com\/#website\"},\"datePublished\":\"2025-11-17T21:21:57+00:00\",\"dateModified\":\"2025-11-17T21:21:57+00:00\",\"author\":{\"@id\":\"https:\/\/sulsc.com\/#\/schema\/person\/84d2fc571684f6248ba83092f07750a3\"},\"breadcrumb\":{\"@id\":\"https:\/\/sulsc.com\/index.php\/2025\/11\/17\/sc-tem-queda-expressiva-em-mortes-violentas-roubos-e-furtos-em-outubro\/#breadcrumb\"},\"inLanguage\":\"en-US\",\"potentialAction\":[{\"@type\":\"ReadAction\",\"target\":[\"https:\/\/sulsc.com\/index.php\/2025\/11\/17\/sc-tem-queda-expressiva-em-mortes-violentas-roubos-e-furtos-em-outubro\/\"]}]},{\"@type\":\"BreadcrumbList\",\"@id\":\"https:\/\/sulsc.com\/index.php\/2025\/11\/17\/sc-tem-queda-expressiva-em-mortes-violentas-roubos-e-furtos-em-outubro\/#breadcrumb\",\"itemListElement\":[{\"@type\":\"ListItem\",\"position\":1,\"name\":\"In\u00edcio\",\"item\":\"https:\/\/sulsc.com\/\"},{\"@type\":\"ListItem\",\"position\":2,\"name\":\"SC tem queda expressiva em mortes violentas, roubos e furtos, em outubro\"}]},{\"@type\":\"WebSite\",\"@id\":\"https:\/\/sulsc.com\/#website\",\"url\":\"https:\/\/sulsc.com\/\",\"name\":\"\",\"description\":\"\",\"potentialAction\":[{\"@type\":\"SearchAction\",\"target\":{\"@type\":\"EntryPoint\",\"urlTemplate\":\"https:\/\/sulsc.com\/?s={search_term_string}\"},\"query-input\":\"required name=search_term_string\"}],\"inLanguage\":\"en-US\"},{\"@type\":\"Person\",\"@id\":\"https:\/\/sulsc.com\/#\/schema\/person\/84d2fc571684f6248ba83092f07750a3\",\"name\":\"Reda\u00e7\u00e3o Sul SC\",\"image\":{\"@type\":\"ImageObject\",\"inLanguage\":\"en-US\",\"@id\":\"https:\/\/sulsc.com\/#\/schema\/person\/image\/e08d7fe2cc4ed596372063bbe852b8d0\",\"url\":\"https:\/\/sulsc.com\/wp-content\/uploads\/2023\/09\/redacao.png\",\"contentUrl\":\"https:\/\/sulsc.com\/wp-content\/uploads\/2023\/09\/redacao.png\",\"caption\":\"Reda\u00e7\u00e3o Sul SC\"},\"description\":\"Foco em um jornalismo imparcial, voltado \u00e0 qualidade dos seus conte\u00fados e, assim, levar informa\u00e7\u00e3o de valor que agregue \u00e0 vida dos leitores. Esta \u00e9 grande miss\u00e3o do Portal de Not\u00edcias Sul SC. N\u00e3o \u00e9 quantidade que muda o mundo, sempre foi e seguir\u00e1 sendo qualidade!\",\"sameAs\":[\"https:\/\/sulsc.com\/\",\"https:\/\/www.facebook.com\/profile.php?id=61559278119680\",\"https:\/\/www.instagram.com\/sulscportal\/?hl=pt-br\",\"https:\/\/twitter.com\/https:\/\/twitter.com\/PortalSulSC\",\"https:\/\/www.youtube.com\/channel\/UCv_BE8GeySluDov2n8qhVmw\"],\"url\":\"https:\/\/sulsc.com\/index.php\/author\/redacao\/\"}]}<\/script>\n<!-- \/ Yoast SEO plugin. -->","yoast_head_json":{"title":"SC tem queda expressiva em mortes violentas, roubos e furtos, em outubro -","robots":{"index":"index","follow":"follow","max-snippet":"max-snippet:-1","max-image-preview":"max-image-preview:large","max-video-preview":"max-video-preview:-1"},"canonical":"https:\/\/sulsc.com\/index.php\/2025\/11\/17\/sc-tem-queda-expressiva-em-mortes-violentas-roubos-e-furtos-em-outubro\/","og_locale":"en_US","og_type":"article","og_title":"SC tem queda expressiva em mortes violentas, roubos e furtos, em outubro -","og_description":"Uma redu\u00e7\u00e3o consistente nos principais indicadores de viol\u00eancia letal e crimes patrimoniais, foi apresentada no m\u00eas de outubro deste ano, em Santa Catarina. O destaque \u00e9 para o \u00edndice de mortes violentas, que caiu 21,7% em rela\u00e7\u00e3o ao mesmo per\u00edodo de 2024. No ano passado foram registrados 60 crimes contra a vida e, neste ano, &hellip; SC tem queda expressiva em mortes violentas, roubos e furtos, em outubro Read More &raquo;","og_url":"https:\/\/sulsc.com\/index.php\/2025\/11\/17\/sc-tem-queda-expressiva-em-mortes-violentas-roubos-e-furtos-em-outubro\/","article_author":"https:\/\/www.facebook.com\/profile.php?id=61559278119680","article_published_time":"2025-11-17T21:21:57+00:00","og_image":[{"width":800,"height":500,"url":"http:\/\/sulsc.com\/wp-content\/uploads\/2025\/05\/Giroflex-Policia.jpg","type":"image\/jpeg"}],"author":"Reda\u00e7\u00e3o Sul SC","twitter_card":"summary_large_image","twitter_creator":"@https:\/\/twitter.com\/PortalSulSC","twitter_misc":{"Written by":"Reda\u00e7\u00e3o Sul SC","Est. reading time":"3 minutes"},"schema":{"@context":"https:\/\/schema.org","@graph":[{"@type":"WebPage","@id":"https:\/\/sulsc.com\/index.php\/2025\/11\/17\/sc-tem-queda-expressiva-em-mortes-violentas-roubos-e-furtos-em-outubro\/","url":"https:\/\/sulsc.com\/index.php\/2025\/11\/17\/sc-tem-queda-expressiva-em-mortes-violentas-roubos-e-furtos-em-outubro\/","name":"SC tem queda expressiva em mortes violentas, roubos e furtos, em outubro -","isPartOf":{"@id":"https:\/\/sulsc.com\/#website"},"datePublished":"2025-11-17T21:21:57+00:00","dateModified":"2025-11-17T21:21:57+00:00","author":{"@id":"https:\/\/sulsc.com\/#\/schema\/person\/84d2fc571684f6248ba83092f07750a3"},"breadcrumb":{"@id":"https:\/\/sulsc.com\/index.php\/2025\/11\/17\/sc-tem-queda-expressiva-em-mortes-violentas-roubos-e-furtos-em-outubro\/#breadcrumb"},"inLanguage":"en-US","potentialAction":[{"@type":"ReadAction","target":["https:\/\/sulsc.com\/index.php\/2025\/11\/17\/sc-tem-queda-expressiva-em-mortes-violentas-roubos-e-furtos-em-outubro\/"]}]},{"@type":"BreadcrumbList","@id":"https:\/\/sulsc.com\/index.php\/2025\/11\/17\/sc-tem-queda-expressiva-em-mortes-violentas-roubos-e-furtos-em-outubro\/#breadcrumb","itemListElement":[{"@type":"ListItem","position":1,"name":"In\u00edcio","item":"https:\/\/sulsc.com\/"},{"@type":"ListItem","position":2,"name":"SC tem queda expressiva em mortes violentas, roubos e furtos, em outubro"}]},{"@type":"WebSite","@id":"https:\/\/sulsc.com\/#website","url":"https:\/\/sulsc.com\/","name":"","description":"","potentialAction":[{"@type":"SearchAction","target":{"@type":"EntryPoint","urlTemplate":"https:\/\/sulsc.com\/?s={search_term_string}"},"query-input":"required name=search_term_string"}],"inLanguage":"en-US"},{"@type":"Person","@id":"https:\/\/sulsc.com\/#\/schema\/person\/84d2fc571684f6248ba83092f07750a3","name":"Reda\u00e7\u00e3o Sul SC","image":{"@type":"ImageObject","inLanguage":"en-US","@id":"https:\/\/sulsc.com\/#\/schema\/person\/image\/e08d7fe2cc4ed596372063bbe852b8d0","url":"https:\/\/sulsc.com\/wp-content\/uploads\/2023\/09\/redacao.png","contentUrl":"https:\/\/sulsc.com\/wp-content\/uploads\/2023\/09\/redacao.png","caption":"Reda\u00e7\u00e3o Sul SC"},"description":"Foco em um jornalismo imparcial, voltado \u00e0 qualidade dos seus conte\u00fados e, assim, levar informa\u00e7\u00e3o de valor que agregue \u00e0 vida dos leitores. Esta \u00e9 grande miss\u00e3o do Portal de Not\u00edcias Sul SC. N\u00e3o \u00e9 quantidade que muda o mundo, sempre foi e seguir\u00e1 sendo qualidade!","sameAs":["https:\/\/sulsc.com\/","https:\/\/www.facebook.com\/profile.php?id=61559278119680","https:\/\/www.instagram.com\/sulscportal\/?hl=pt-br","https:\/\/twitter.com\/https:\/\/twitter.com\/PortalSulSC","https:\/\/www.youtube.com\/channel\/UCv_BE8GeySluDov2n8qhVmw"],"url":"https:\/\/sulsc.com\/index.php\/author\/redacao\/"}]}},"authors":[],"_links":{"self":[{"href":"https:\/\/sulsc.com\/index.php\/wp-json\/wp\/v2\/posts\/29768"}],"collection":[{"href":"https:\/\/sulsc.com\/index.php\/wp-json\/wp\/v2\/posts"}],"about":[{"href":"https:\/\/sulsc.com\/index.php\/wp-json\/wp\/v2\/types\/post"}],"author":[{"embeddable":true,"href":"https:\/\/sulsc.com\/index.php\/wp-json\/wp\/v2\/users\/3"}],"replies":[{"embeddable":true,"href":"https:\/\/sulsc.com\/index.php\/wp-json\/wp\/v2\/comments?post=29768"}],"version-history":[{"count":1,"href":"https:\/\/sulsc.com\/index.php\/wp-json\/wp\/v2\/posts\/29768\/revisions"}],"predecessor-version":[{"id":29780,"href":"https:\/\/sulsc.com\/index.php\/wp-json\/wp\/v2\/posts\/29768\/revisions\/29780"}],"wp:featuredmedia":[{"embeddable":true,"href":"https:\/\/sulsc.com\/index.php\/wp-json\/wp\/v2\/media\/23749"}],"wp:attachment":[{"href":"https:\/\/sulsc.com\/index.php\/wp-json\/wp\/v2\/media?parent=29768"}],"wp:term":[{"taxonomy":"category","embeddable":true,"href":"https:\/\/sulsc.com\/index.php\/wp-json\/wp\/v2\/categories?post=29768"},{"taxonomy":"post_tag","embeddable":true,"href":"https:\/\/sulsc.com\/index.php\/wp-json\/wp\/v2\/tags?post=29768"}],"curies":[{"name":"wp","href":"https:\/\/api.w.org\/{rel}","templated":true}]}}