{"id":29772,"date":"2025-11-17T17:57:45","date_gmt":"2025-11-17T20:57:45","guid":{"rendered":"https:\/\/sulsc.com\/?p=29772"},"modified":"2025-11-17T17:58:28","modified_gmt":"2025-11-17T20:58:28","slug":"homem-e-denunciado-pelo-mpsc-por-roubar-e-estuprar-idosa-no-meio-oeste-catarinense","status":"publish","type":"post","link":"https:\/\/sulsc.com\/index.php\/2025\/11\/17\/homem-e-denunciado-pelo-mpsc-por-roubar-e-estuprar-idosa-no-meio-oeste-catarinense\/","title":{"rendered":"Homem \u00e9 denunciado pelo MPSC por roubar e estuprar idosa no Meio-Oeste Catarinense"},"content":{"rendered":"<p>O homem suspeito de roubar e estuprar uma senhora de mais de 70 anos no Meio-Oeste, em 1\u00b0 de novembro deste ano, foi denunciado pelo Minist\u00e9rio P\u00fablico de Santa Catarina (MPSC) ao Poder Judici\u00e1rio. Ele est\u00e1 preso preventivamente e agora responde a uma a\u00e7\u00e3o penal, podendo ser condenado a at\u00e9 30 anos de reclus\u00e3o pelos supostos crimes.<\/p>\n<p>Segundo a den\u00fancia, no final daquela tarde, o homem de 35 anos teria invadido a casa da idosa e roubado dinheiro, al\u00e9m de agredi-la com socos, causando les\u00f5es no rosto e no cr\u00e2nio. Na sequ\u00eancia, ele teria obrigado a v\u00edtima a dirigir o pr\u00f3prio carro para um rumo incerto, mediante grave amea\u00e7a.<\/p>\n<div id=\"metaslider-id-25573\" style=\"width: 100%;\" class=\"ml-slider-3-99-0 metaslider metaslider-flex metaslider-25573 ml-slider has-onhover-arrows ms-theme-default-base has-dots-nav\" role=\"region\" aria-label=\"Meio\" data-width=\"1200\">\n    <div id=\"metaslider_container_25573\">\n        <div id=\"metaslider_25573\">\n            <ul class='slides'>\n                <li style=\"display: block; width: 100%;\" class=\"slide-25684 ms-image \" aria-roledescription=\"slide\" data-date=\"2025-07-24 07:55:40\"><img src=\"https:\/\/sulsc.com\/wp-content\/uploads\/2025\/07\/Marr-2-1000x166.jpg\" height=\"200\" width=\"1200\" alt=\"\" class=\"slider-25573 slide-25684 msDefaultImage\" title=\"Marr 2\" \/><\/li>\n                <li style=\"display: none; width: 100%;\" class=\"slide-32412 ms-image \" aria-roledescription=\"slide\" data-date=\"2026-02-18 13:59:46\"><img src=\"https:\/\/sulsc.com\/wp-content\/uploads\/2026\/02\/40dc1580-cad5-4867-bc58-c4243821ad38-1000x166.jpeg\" height=\"200\" width=\"1200\" alt=\"\" class=\"slider-25573 slide-32412 msDefaultImage\" title=\"40dc1580-cad5-4867-bc58-c4243821ad38\" \/><\/li>\n                <li style=\"display: none; width: 100%;\" class=\"slide-32766 ms-image \" aria-roledescription=\"slide\" data-date=\"2026-03-03 17:22:59\"><img src=\"https:\/\/sulsc.com\/wp-content\/uploads\/2026\/03\/271ce739-f268-41c5-8051-3de1a1750359-1000x166.jpeg\" height=\"200\" width=\"1200\" alt=\"\" class=\"slider-25573 slide-32766 msDefaultImage\" title=\"271ce739-f268-41c5-8051-3de1a1750359\" \/><\/li>\n            <\/ul>\n        <\/div>\n        \n    <\/div>\n<\/div>\n<p>Ao chegar em uma regi\u00e3o de mata, ele teria a arrastado para fora do autom\u00f3vel e a estuprado, provocando mais les\u00f5es pelo corpo. Por fim, o homem teria ido embora, deixando a v\u00edtima \u00e0 merc\u00ea da pr\u00f3pria sorte.<\/p>\n<p>Mesmo debilitada, a idosa conseguiu pedir ajuda em um estabelecimento localizado pr\u00f3ximo a BR-116 e foi encaminhada para atendimento m\u00e9dico, permanecendo internada por v\u00e1rios dias, sem poder realizar as atividades rotineiras devido aos traumas f\u00edsicos e psicol\u00f3gicos.<\/p>\n<p>O homem foi localizado e preso tr\u00eas dias depois e agora responde criminalmente por subtrair coisa m\u00f3vel de uma idosa, mediante viol\u00eancia e grave amea\u00e7a, causando les\u00f5es corporais; e por constranger algu\u00e9m, de forma violenta, a ter conjun\u00e7\u00e3o carnal, provocando ferimentos. Esses s\u00e3o as descri\u00e7\u00f5es dos crimes de roubo e estupro, respectivamente, no C\u00f3digo Penal.<\/p>\n<p>A den\u00fancia \u00e9 assinada pelo <strong>Promotor de Justi\u00e7a Murilo Rodrigues da Rosa<\/strong>.<strong> \u201c<\/strong>A viol\u00eancia extrema empregada contra uma mulher idosa revela total desprezo pela dignidade humana. O Minist\u00e9rio P\u00fablico de Santa Catarina est\u00e1 atuando firmemente para que isso n\u00e3o fique impune<strong>\u201d, afirma.<\/strong><\/p>\n<p><img fetchpriority=\"high\" decoding=\"async\" class=\"aligncenter size-full wp-image-1661\" src=\"http:\/\/sulsc.com\/wp-content\/uploads\/2023\/10\/sede-mpsc-laguna.jpg\" alt=\"\" width=\"800\" height=\"534\" srcset=\"https:\/\/sulsc.com\/wp-content\/uploads\/2023\/10\/sede-mpsc-laguna.jpg 800w, https:\/\/sulsc.com\/wp-content\/uploads\/2023\/10\/sede-mpsc-laguna-300x200.jpg 300w, https:\/\/sulsc.com\/wp-content\/uploads\/2023\/10\/sede-mpsc-laguna-768x513.jpg 768w\" sizes=\"(max-width: 800px) 100vw, 800px\" \/><\/p>\n<p>MPSC\/Divulga\u00e7\u00e3o\/SulSC<\/p>\n<p><strong>Denuncie<\/strong><\/p>\n<p><strong>Se voc\u00ea foi v\u00edtima de furto, viol\u00eancia ou estupro, procure a Delegacia de Pol\u00edcia Civil da sua cidade. Em caso de emerg\u00eancia, ligue para a Pol\u00edcia Militar por meio do disque 190. Algumas situa\u00e7\u00f5es podem ser reportadas por meio de boletins de ocorr\u00eancia e da Central de Den\u00fancias da Pol\u00edcia Civil, por meio da Delegacia Virtual ou do n\u00famero 181.<\/strong><\/p>\n<p>Fonte\/MPSC<\/p>\n","protected":false},"excerpt":{"rendered":"<p>O homem suspeito de roubar e estuprar uma senhora de mais de 70 anos no Meio-Oeste, em 1\u00b0 de novembro deste ano, foi denunciado pelo Minist\u00e9rio P\u00fablico de Santa Catarina (MPSC) ao Poder Judici\u00e1rio. Ele est\u00e1 preso preventivamente e agora responde a uma a\u00e7\u00e3o penal, podendo ser condenado a at\u00e9 30 anos de reclus\u00e3o pelos &hellip;<\/p>\n<p class=\"read-more\"> <a class=\"\" href=\"https:\/\/sulsc.com\/index.php\/2025\/11\/17\/homem-e-denunciado-pelo-mpsc-por-roubar-e-estuprar-idosa-no-meio-oeste-catarinense\/\"> <span class=\"screen-reader-text\">Homem \u00e9 denunciado pelo MPSC por roubar e estuprar idosa no Meio-Oeste Catarinense<\/span> Read More &raquo;<\/a><\/p>\n","protected":false},"author":3,"featured_media":29773,"comment_status":"open","ping_status":"open","sticky":false,"template":"","format":"standard","meta":{"site-sidebar-layout":"default","site-content-layout":"","ast-site-content-layout":"default","site-content-style":"default","site-sidebar-style":"default","ast-global-header-display":"","ast-banner-title-visibility":"","ast-main-header-display":"","ast-hfb-above-header-display":"","ast-hfb-below-header-display":"","ast-hfb-mobile-header-display":"","site-post-title":"","ast-breadcrumbs-content":"","ast-featured-img":"","footer-sml-layout":"","theme-transparent-header-meta":"default","adv-header-id-meta":"","stick-header-meta":"","header-above-stick-meta":"","header-main-stick-meta":"","header-below-stick-meta":"","astra-migrate-meta-layouts":"set","footnotes":""},"categories":[2313,8,12],"tags":[146,100],"yoast_head":"<!-- This site is optimized with the Yoast SEO plugin v21.4 - https:\/\/yoast.com\/wordpress\/plugins\/seo\/ -->\n<title>Homem \u00e9 denunciado pelo MPSC por roubar e estuprar idosa no Meio-Oeste Catarinense -<\/title>\n<meta name=\"robots\" content=\"index, follow, max-snippet:-1, max-image-preview:large, max-video-preview:-1\" \/>\n<link rel=\"canonical\" href=\"https:\/\/sulsc.com\/index.php\/2025\/11\/17\/homem-e-denunciado-pelo-mpsc-por-roubar-e-estuprar-idosa-no-meio-oeste-catarinense\/\" \/>\n<meta property=\"og:locale\" content=\"en_US\" \/>\n<meta property=\"og:type\" content=\"article\" \/>\n<meta property=\"og:title\" content=\"Homem \u00e9 denunciado pelo MPSC por roubar e estuprar idosa no Meio-Oeste Catarinense -\" \/>\n<meta property=\"og:description\" content=\"O homem suspeito de roubar e estuprar uma senhora de mais de 70 anos no Meio-Oeste, em 1\u00b0 de novembro deste ano, foi denunciado pelo Minist\u00e9rio P\u00fablico de Santa Catarina (MPSC) ao Poder Judici\u00e1rio. Ele est\u00e1 preso preventivamente e agora responde a uma a\u00e7\u00e3o penal, podendo ser condenado a at\u00e9 30 anos de reclus\u00e3o pelos &hellip; Homem \u00e9 denunciado pelo MPSC por roubar e estuprar idosa no Meio-Oeste Catarinense Read More &raquo;\" \/>\n<meta property=\"og:url\" content=\"https:\/\/sulsc.com\/index.php\/2025\/11\/17\/homem-e-denunciado-pelo-mpsc-por-roubar-e-estuprar-idosa-no-meio-oeste-catarinense\/\" \/>\n<meta property=\"article:author\" content=\"https:\/\/www.facebook.com\/profile.php?id=61559278119680\" \/>\n<meta property=\"article:published_time\" content=\"2025-11-17T20:57:45+00:00\" \/>\n<meta property=\"article:modified_time\" content=\"2025-11-17T20:58:28+00:00\" \/>\n<meta property=\"og:image\" content=\"http:\/\/sulsc.com\/wp-content\/uploads\/2025\/11\/closeup-de-martelo-julgamento-conceito-scaled.jpg\" \/>\n\t<meta property=\"og:image:width\" content=\"2560\" \/>\n\t<meta property=\"og:image:height\" content=\"1811\" \/>\n\t<meta property=\"og:image:type\" content=\"image\/jpeg\" \/>\n<meta name=\"author\" content=\"Reda\u00e7\u00e3o Sul SC\" \/>\n<meta name=\"twitter:card\" content=\"summary_large_image\" \/>\n<meta name=\"twitter:creator\" content=\"@https:\/\/twitter.com\/PortalSulSC\" \/>\n<meta name=\"twitter:label1\" content=\"Written by\" \/>\n\t<meta name=\"twitter:data1\" content=\"Reda\u00e7\u00e3o Sul SC\" \/>\n\t<meta name=\"twitter:label2\" content=\"Est. reading time\" \/>\n\t<meta name=\"twitter:data2\" content=\"2 minutes\" \/>\n<script type=\"application\/ld+json\" class=\"yoast-schema-graph\">{\"@context\":\"https:\/\/schema.org\",\"@graph\":[{\"@type\":\"WebPage\",\"@id\":\"https:\/\/sulsc.com\/index.php\/2025\/11\/17\/homem-e-denunciado-pelo-mpsc-por-roubar-e-estuprar-idosa-no-meio-oeste-catarinense\/\",\"url\":\"https:\/\/sulsc.com\/index.php\/2025\/11\/17\/homem-e-denunciado-pelo-mpsc-por-roubar-e-estuprar-idosa-no-meio-oeste-catarinense\/\",\"name\":\"Homem \u00e9 denunciado pelo MPSC por roubar e estuprar idosa no Meio-Oeste Catarinense -\",\"isPartOf\":{\"@id\":\"https:\/\/sulsc.com\/#website\"},\"datePublished\":\"2025-11-17T20:57:45+00:00\",\"dateModified\":\"2025-11-17T20:58:28+00:00\",\"author\":{\"@id\":\"https:\/\/sulsc.com\/#\/schema\/person\/84d2fc571684f6248ba83092f07750a3\"},\"breadcrumb\":{\"@id\":\"https:\/\/sulsc.com\/index.php\/2025\/11\/17\/homem-e-denunciado-pelo-mpsc-por-roubar-e-estuprar-idosa-no-meio-oeste-catarinense\/#breadcrumb\"},\"inLanguage\":\"en-US\",\"potentialAction\":[{\"@type\":\"ReadAction\",\"target\":[\"https:\/\/sulsc.com\/index.php\/2025\/11\/17\/homem-e-denunciado-pelo-mpsc-por-roubar-e-estuprar-idosa-no-meio-oeste-catarinense\/\"]}]},{\"@type\":\"BreadcrumbList\",\"@id\":\"https:\/\/sulsc.com\/index.php\/2025\/11\/17\/homem-e-denunciado-pelo-mpsc-por-roubar-e-estuprar-idosa-no-meio-oeste-catarinense\/#breadcrumb\",\"itemListElement\":[{\"@type\":\"ListItem\",\"position\":1,\"name\":\"In\u00edcio\",\"item\":\"https:\/\/sulsc.com\/\"},{\"@type\":\"ListItem\",\"position\":2,\"name\":\"Homem \u00e9 denunciado pelo MPSC por roubar e estuprar idosa no Meio-Oeste Catarinense\"}]},{\"@type\":\"WebSite\",\"@id\":\"https:\/\/sulsc.com\/#website\",\"url\":\"https:\/\/sulsc.com\/\",\"name\":\"\",\"description\":\"\",\"potentialAction\":[{\"@type\":\"SearchAction\",\"target\":{\"@type\":\"EntryPoint\",\"urlTemplate\":\"https:\/\/sulsc.com\/?s={search_term_string}\"},\"query-input\":\"required name=search_term_string\"}],\"inLanguage\":\"en-US\"},{\"@type\":\"Person\",\"@id\":\"https:\/\/sulsc.com\/#\/schema\/person\/84d2fc571684f6248ba83092f07750a3\",\"name\":\"Reda\u00e7\u00e3o Sul SC\",\"image\":{\"@type\":\"ImageObject\",\"inLanguage\":\"en-US\",\"@id\":\"https:\/\/sulsc.com\/#\/schema\/person\/image\/e08d7fe2cc4ed596372063bbe852b8d0\",\"url\":\"https:\/\/sulsc.com\/wp-content\/uploads\/2023\/09\/redacao.png\",\"contentUrl\":\"https:\/\/sulsc.com\/wp-content\/uploads\/2023\/09\/redacao.png\",\"caption\":\"Reda\u00e7\u00e3o Sul SC\"},\"description\":\"Foco em um jornalismo imparcial, voltado \u00e0 qualidade dos seus conte\u00fados e, assim, levar informa\u00e7\u00e3o de valor que agregue \u00e0 vida dos leitores. Esta \u00e9 grande miss\u00e3o do Portal de Not\u00edcias Sul SC. N\u00e3o \u00e9 quantidade que muda o mundo, sempre foi e seguir\u00e1 sendo qualidade!\",\"sameAs\":[\"https:\/\/sulsc.com\/\",\"https:\/\/www.facebook.com\/profile.php?id=61559278119680\",\"https:\/\/www.instagram.com\/sulscportal\/?hl=pt-br\",\"https:\/\/twitter.com\/https:\/\/twitter.com\/PortalSulSC\",\"https:\/\/www.youtube.com\/channel\/UCv_BE8GeySluDov2n8qhVmw\"],\"url\":\"https:\/\/sulsc.com\/index.php\/author\/redacao\/\"}]}<\/script>\n<!-- \/ Yoast SEO plugin. -->","yoast_head_json":{"title":"Homem \u00e9 denunciado pelo MPSC por roubar e estuprar idosa no Meio-Oeste Catarinense -","robots":{"index":"index","follow":"follow","max-snippet":"max-snippet:-1","max-image-preview":"max-image-preview:large","max-video-preview":"max-video-preview:-1"},"canonical":"https:\/\/sulsc.com\/index.php\/2025\/11\/17\/homem-e-denunciado-pelo-mpsc-por-roubar-e-estuprar-idosa-no-meio-oeste-catarinense\/","og_locale":"en_US","og_type":"article","og_title":"Homem \u00e9 denunciado pelo MPSC por roubar e estuprar idosa no Meio-Oeste Catarinense -","og_description":"O homem suspeito de roubar e estuprar uma senhora de mais de 70 anos no Meio-Oeste, em 1\u00b0 de novembro deste ano, foi denunciado pelo Minist\u00e9rio P\u00fablico de Santa Catarina (MPSC) ao Poder Judici\u00e1rio. Ele est\u00e1 preso preventivamente e agora responde a uma a\u00e7\u00e3o penal, podendo ser condenado a at\u00e9 30 anos de reclus\u00e3o pelos &hellip; Homem \u00e9 denunciado pelo MPSC por roubar e estuprar idosa no Meio-Oeste Catarinense Read More &raquo;","og_url":"https:\/\/sulsc.com\/index.php\/2025\/11\/17\/homem-e-denunciado-pelo-mpsc-por-roubar-e-estuprar-idosa-no-meio-oeste-catarinense\/","article_author":"https:\/\/www.facebook.com\/profile.php?id=61559278119680","article_published_time":"2025-11-17T20:57:45+00:00","article_modified_time":"2025-11-17T20:58:28+00:00","og_image":[{"width":2560,"height":1811,"url":"http:\/\/sulsc.com\/wp-content\/uploads\/2025\/11\/closeup-de-martelo-julgamento-conceito-scaled.jpg","type":"image\/jpeg"}],"author":"Reda\u00e7\u00e3o Sul SC","twitter_card":"summary_large_image","twitter_creator":"@https:\/\/twitter.com\/PortalSulSC","twitter_misc":{"Written by":"Reda\u00e7\u00e3o Sul SC","Est. reading time":"2 minutes"},"schema":{"@context":"https:\/\/schema.org","@graph":[{"@type":"WebPage","@id":"https:\/\/sulsc.com\/index.php\/2025\/11\/17\/homem-e-denunciado-pelo-mpsc-por-roubar-e-estuprar-idosa-no-meio-oeste-catarinense\/","url":"https:\/\/sulsc.com\/index.php\/2025\/11\/17\/homem-e-denunciado-pelo-mpsc-por-roubar-e-estuprar-idosa-no-meio-oeste-catarinense\/","name":"Homem \u00e9 denunciado pelo MPSC por roubar e estuprar idosa no Meio-Oeste Catarinense -","isPartOf":{"@id":"https:\/\/sulsc.com\/#website"},"datePublished":"2025-11-17T20:57:45+00:00","dateModified":"2025-11-17T20:58:28+00:00","author":{"@id":"https:\/\/sulsc.com\/#\/schema\/person\/84d2fc571684f6248ba83092f07750a3"},"breadcrumb":{"@id":"https:\/\/sulsc.com\/index.php\/2025\/11\/17\/homem-e-denunciado-pelo-mpsc-por-roubar-e-estuprar-idosa-no-meio-oeste-catarinense\/#breadcrumb"},"inLanguage":"en-US","potentialAction":[{"@type":"ReadAction","target":["https:\/\/sulsc.com\/index.php\/2025\/11\/17\/homem-e-denunciado-pelo-mpsc-por-roubar-e-estuprar-idosa-no-meio-oeste-catarinense\/"]}]},{"@type":"BreadcrumbList","@id":"https:\/\/sulsc.com\/index.php\/2025\/11\/17\/homem-e-denunciado-pelo-mpsc-por-roubar-e-estuprar-idosa-no-meio-oeste-catarinense\/#breadcrumb","itemListElement":[{"@type":"ListItem","position":1,"name":"In\u00edcio","item":"https:\/\/sulsc.com\/"},{"@type":"ListItem","position":2,"name":"Homem \u00e9 denunciado pelo MPSC por roubar e estuprar idosa no Meio-Oeste Catarinense"}]},{"@type":"WebSite","@id":"https:\/\/sulsc.com\/#website","url":"https:\/\/sulsc.com\/","name":"","description":"","potentialAction":[{"@type":"SearchAction","target":{"@type":"EntryPoint","urlTemplate":"https:\/\/sulsc.com\/?s={search_term_string}"},"query-input":"required name=search_term_string"}],"inLanguage":"en-US"},{"@type":"Person","@id":"https:\/\/sulsc.com\/#\/schema\/person\/84d2fc571684f6248ba83092f07750a3","name":"Reda\u00e7\u00e3o Sul SC","image":{"@type":"ImageObject","inLanguage":"en-US","@id":"https:\/\/sulsc.com\/#\/schema\/person\/image\/e08d7fe2cc4ed596372063bbe852b8d0","url":"https:\/\/sulsc.com\/wp-content\/uploads\/2023\/09\/redacao.png","contentUrl":"https:\/\/sulsc.com\/wp-content\/uploads\/2023\/09\/redacao.png","caption":"Reda\u00e7\u00e3o Sul SC"},"description":"Foco em um jornalismo imparcial, voltado \u00e0 qualidade dos seus conte\u00fados e, assim, levar informa\u00e7\u00e3o de valor que agregue \u00e0 vida dos leitores. Esta \u00e9 grande miss\u00e3o do Portal de Not\u00edcias Sul SC. N\u00e3o \u00e9 quantidade que muda o mundo, sempre foi e seguir\u00e1 sendo qualidade!","sameAs":["https:\/\/sulsc.com\/","https:\/\/www.facebook.com\/profile.php?id=61559278119680","https:\/\/www.instagram.com\/sulscportal\/?hl=pt-br","https:\/\/twitter.com\/https:\/\/twitter.com\/PortalSulSC","https:\/\/www.youtube.com\/channel\/UCv_BE8GeySluDov2n8qhVmw"],"url":"https:\/\/sulsc.com\/index.php\/author\/redacao\/"}]}},"authors":[],"_links":{"self":[{"href":"https:\/\/sulsc.com\/index.php\/wp-json\/wp\/v2\/posts\/29772"}],"collection":[{"href":"https:\/\/sulsc.com\/index.php\/wp-json\/wp\/v2\/posts"}],"about":[{"href":"https:\/\/sulsc.com\/index.php\/wp-json\/wp\/v2\/types\/post"}],"author":[{"embeddable":true,"href":"https:\/\/sulsc.com\/index.php\/wp-json\/wp\/v2\/users\/3"}],"replies":[{"embeddable":true,"href":"https:\/\/sulsc.com\/index.php\/wp-json\/wp\/v2\/comments?post=29772"}],"version-history":[{"count":1,"href":"https:\/\/sulsc.com\/index.php\/wp-json\/wp\/v2\/posts\/29772\/revisions"}],"predecessor-version":[{"id":29774,"href":"https:\/\/sulsc.com\/index.php\/wp-json\/wp\/v2\/posts\/29772\/revisions\/29774"}],"wp:featuredmedia":[{"embeddable":true,"href":"https:\/\/sulsc.com\/index.php\/wp-json\/wp\/v2\/media\/29773"}],"wp:attachment":[{"href":"https:\/\/sulsc.com\/index.php\/wp-json\/wp\/v2\/media?parent=29772"}],"wp:term":[{"taxonomy":"category","embeddable":true,"href":"https:\/\/sulsc.com\/index.php\/wp-json\/wp\/v2\/categories?post=29772"},{"taxonomy":"post_tag","embeddable":true,"href":"https:\/\/sulsc.com\/index.php\/wp-json\/wp\/v2\/tags?post=29772"}],"curies":[{"name":"wp","href":"https:\/\/api.w.org\/{rel}","templated":true}]}}