{"id":29798,"date":"2025-11-18T08:17:03","date_gmt":"2025-11-18T11:17:03","guid":{"rendered":"https:\/\/sulsc.com\/?p=29798"},"modified":"2025-11-18T08:18:27","modified_gmt":"2025-11-18T11:18:27","slug":"29798","status":"publish","type":"post","link":"https:\/\/sulsc.com\/index.php\/2025\/11\/18\/29798\/","title":{"rendered":"Autoridades investigam suposto caso de viol\u00eancia sexual no Hospital Bom Jesus dos Passos em Laguna"},"content":{"rendered":"<p><span dir=\"auto\" style=\"vertical-align: inherit;\"><span dir=\"auto\" style=\"vertical-align: inherit;\"><span dir=\"auto\" style=\"vertical-align: inherit;\"><span dir=\"auto\" style=\"vertical-align: inherit;\">Nesta \u00faltima sexta-feira(14), a dire\u00e7\u00e3o do Hospital Bom Jesus dos Passos em Laguna recebeu den\u00fancias de um poss\u00edvel caso de viol\u00eancia sexual que teria ocorrido dentro da institui\u00e7\u00e3o.<\/span><\/span><\/span><\/span><\/p>\n<p><span dir=\"auto\" style=\"vertical-align: inherit;\"><span dir=\"auto\" style=\"vertical-align: inherit;\"><span dir=\"auto\" style=\"vertical-align: inherit;\"><span dir=\"auto\" style=\"vertical-align: inherit;\">De acordo com o hospital, assim que a diretoria tomou conhecimento das den\u00fancias, foram imediatamente iniciados os procedimentos internos para apura\u00e7\u00e3o dos fatos.<\/span><\/span><\/span><\/span><\/p>\n<div id=\"metaslider-id-25573\" style=\"width: 100%;\" class=\"ml-slider-3-99-0 metaslider metaslider-flex metaslider-25573 ml-slider has-onhover-arrows ms-theme-default-base has-dots-nav\" role=\"region\" aria-label=\"Meio\" data-width=\"1200\">\n    <div id=\"metaslider_container_25573\">\n        <div id=\"metaslider_25573\">\n            <ul class='slides'>\n                <li style=\"display: block; width: 100%;\" class=\"slide-25684 ms-image \" aria-roledescription=\"slide\" data-date=\"2025-07-24 07:55:40\"><img src=\"https:\/\/sulsc.com\/wp-content\/uploads\/2025\/07\/Marr-2-1000x166.jpg\" height=\"200\" width=\"1200\" alt=\"\" class=\"slider-25573 slide-25684 msDefaultImage\" title=\"Marr 2\" \/><\/li>\n                <li style=\"display: none; width: 100%;\" class=\"slide-32412 ms-image \" aria-roledescription=\"slide\" data-date=\"2026-02-18 13:59:46\"><img src=\"https:\/\/sulsc.com\/wp-content\/uploads\/2026\/02\/40dc1580-cad5-4867-bc58-c4243821ad38-1000x166.jpeg\" height=\"200\" width=\"1200\" alt=\"\" class=\"slider-25573 slide-32412 msDefaultImage\" title=\"40dc1580-cad5-4867-bc58-c4243821ad38\" \/><\/li>\n                <li style=\"display: none; width: 100%;\" class=\"slide-32766 ms-image \" aria-roledescription=\"slide\" data-date=\"2026-03-03 17:22:59\"><img src=\"https:\/\/sulsc.com\/wp-content\/uploads\/2026\/03\/271ce739-f268-41c5-8051-3de1a1750359-1000x166.jpeg\" height=\"200\" width=\"1200\" alt=\"\" class=\"slider-25573 slide-32766 msDefaultImage\" title=\"271ce739-f268-41c5-8051-3de1a1750359\" \/><\/li>\n            <\/ul>\n        <\/div>\n        \n    <\/div>\n<\/div>\n<p><span dir=\"auto\" style=\"vertical-align: inherit;\"><span dir=\"auto\" style=\"vertical-align: inherit;\"><span dir=\"auto\" style=\"vertical-align: inherit;\"><span dir=\"auto\" style=\"vertical-align: inherit;\">O caso foi comunicado \u00e0s autoridades competentes, que agora est\u00e3o analisando as situa\u00e7\u00f5es relacionadas \u00e0 den\u00fancia. Como medida preventiva, as a\u00e7\u00f5es foram renovadas para garantir a seguran\u00e7a do paciente e proteger a integridade do processo investigativo.<\/span><\/span><\/span><\/span><\/p>\n<p><span dir=\"auto\" style=\"vertical-align: inherit;\"><span dir=\"auto\" style=\"vertical-align: inherit;\"><span dir=\"auto\" style=\"vertical-align: inherit;\"><span dir=\"auto\" style=\"vertical-align: inherit;\">Em nota oficial, a Dire\u00e7\u00e3o T\u00e9cnica do hospital declarou que a institui\u00e7\u00e3o tem um compromisso <\/span><\/span><\/span><\/span><strong><span dir=\"auto\" style=\"vertical-align: inherit;\"><span dir=\"auto\" style=\"vertical-align: inherit;\"><span dir=\"auto\" style=\"vertical-align: inherit;\"><span dir=\"auto\" style=\"vertical-align: inherit;\">&#8220;absoluto com a seguran\u00e7a, o bem-estar e a dignidade dos pacientes&#8221;<\/span><\/span><\/span><\/span><\/strong><span dir=\"auto\" style=\"vertical-align: inherit;\"><span dir=\"auto\" style=\"vertical-align: inherit;\"><span dir=\"auto\" style=\"vertical-align: inherit;\"><span dir=\"auto\" style=\"vertical-align: inherit;\"> , enfatizando que est\u00e1 colaborando plenamente com a investiga\u00e7\u00e3o em andamento.<\/span><\/span><\/span><\/span><\/p>\n<p><img fetchpriority=\"high\" decoding=\"async\" class=\"aligncenter size-full wp-image-23689\" src=\"http:\/\/sulsc.com\/wp-content\/uploads\/2025\/05\/Hospital-de-Laguna.jpg\" alt=\"\" width=\"477\" height=\"329\" srcset=\"https:\/\/sulsc.com\/wp-content\/uploads\/2025\/05\/Hospital-de-Laguna.jpg 477w, https:\/\/sulsc.com\/wp-content\/uploads\/2025\/05\/Hospital-de-Laguna-300x207.jpg 300w\" sizes=\"(max-width: 477px) 100vw, 477px\" \/><\/p>\n<p><span dir=\"auto\" style=\"vertical-align: inherit;\"><span dir=\"auto\" style=\"vertical-align: inherit;\">Fotos\/SulSC<\/span><\/span><\/p>\n<p><span dir=\"auto\" style=\"vertical-align: inherit;\"><span dir=\"auto\" style=\"vertical-align: inherit;\"><span dir=\"auto\" style=\"vertical-align: inherit;\"><span dir=\"auto\" style=\"vertical-align: inherit;\">A dire\u00e7\u00e3o tamb\u00e9m afirmou que n\u00e3o tolera qualquer forma de viola\u00e7\u00e3o \u00e9tica e que tomar\u00e1 todas as medidas necess\u00e1rias ap\u00f3s a conclus\u00e3o das investiga\u00e7\u00f5es.<\/span><\/span><\/span><\/span><\/p>\n<p><span dir=\"auto\" style=\"vertical-align: inherit;\"><span dir=\"auto\" style=\"vertical-align: inherit;\"><span dir=\"auto\" style=\"vertical-align: inherit;\"><span dir=\"auto\" style=\"vertical-align: inherit;\">O Portal SulSC entrou em contato com a Pol\u00edcia Civil de Laguna na tarde desta segunda-feira (17), onde informou que um inqu\u00e9rito foi aberto e que a investiga\u00e7\u00e3o segue sob sigilo.<\/span><\/span><\/span><\/span><\/p>\n","protected":false},"excerpt":{"rendered":"<p>Nesta \u00faltima sexta-feira(14), a dire\u00e7\u00e3o do Hospital Bom Jesus dos Passos em Laguna recebeu den\u00fancias de um poss\u00edvel caso de viol\u00eancia sexual que teria ocorrido dentro da institui\u00e7\u00e3o. De acordo com o hospital, assim que a diretoria tomou conhecimento das den\u00fancias, foram imediatamente iniciados os procedimentos internos para apura\u00e7\u00e3o dos fatos. O caso foi comunicado &hellip;<\/p>\n<p class=\"read-more\"> <a class=\"\" href=\"https:\/\/sulsc.com\/index.php\/2025\/11\/18\/29798\/\"> <span class=\"screen-reader-text\">Autoridades investigam suposto caso de viol\u00eancia sexual no Hospital Bom Jesus dos Passos em Laguna<\/span> Read More &raquo;<\/a><\/p>\n","protected":false},"author":3,"featured_media":3082,"comment_status":"open","ping_status":"open","sticky":false,"template":"","format":"standard","meta":{"site-sidebar-layout":"default","site-content-layout":"","ast-site-content-layout":"default","site-content-style":"default","site-sidebar-style":"default","ast-global-header-display":"","ast-banner-title-visibility":"","ast-main-header-display":"","ast-hfb-above-header-display":"","ast-hfb-below-header-display":"","ast-hfb-mobile-header-display":"","site-post-title":"","ast-breadcrumbs-content":"","ast-featured-img":"","footer-sml-layout":"","theme-transparent-header-meta":"default","adv-header-id-meta":"","stick-header-meta":"","header-above-stick-meta":"","header-main-stick-meta":"","header-below-stick-meta":"","astra-migrate-meta-layouts":"set","footnotes":""},"categories":[2231,1,22,8,12],"tags":[2732],"yoast_head":"<!-- This site is optimized with the Yoast SEO plugin v21.4 - https:\/\/yoast.com\/wordpress\/plugins\/seo\/ -->\n<title>Autoridades investigam suposto caso de viol\u00eancia sexual no Hospital Bom Jesus dos Passos em Laguna -<\/title>\n<meta name=\"robots\" content=\"index, follow, max-snippet:-1, max-image-preview:large, max-video-preview:-1\" \/>\n<link rel=\"canonical\" href=\"https:\/\/sulsc.com\/index.php\/2025\/11\/18\/29798\/\" \/>\n<meta property=\"og:locale\" content=\"en_US\" \/>\n<meta property=\"og:type\" content=\"article\" \/>\n<meta property=\"og:title\" content=\"Autoridades investigam suposto caso de viol\u00eancia sexual no Hospital Bom Jesus dos Passos em Laguna -\" \/>\n<meta property=\"og:description\" content=\"Nesta \u00faltima sexta-feira(14), a dire\u00e7\u00e3o do Hospital Bom Jesus dos Passos em Laguna recebeu den\u00fancias de um poss\u00edvel caso de viol\u00eancia sexual que teria ocorrido dentro da institui\u00e7\u00e3o. De acordo com o hospital, assim que a diretoria tomou conhecimento das den\u00fancias, foram imediatamente iniciados os procedimentos internos para apura\u00e7\u00e3o dos fatos. O caso foi comunicado &hellip; Autoridades investigam suposto caso de viol\u00eancia sexual no Hospital Bom Jesus dos Passos em Laguna Read More &raquo;\" \/>\n<meta property=\"og:url\" content=\"https:\/\/sulsc.com\/index.php\/2025\/11\/18\/29798\/\" \/>\n<meta property=\"article:author\" content=\"https:\/\/www.facebook.com\/profile.php?id=61559278119680\" \/>\n<meta property=\"article:published_time\" content=\"2025-11-18T11:17:03+00:00\" \/>\n<meta property=\"article:modified_time\" content=\"2025-11-18T11:18:27+00:00\" \/>\n<meta property=\"og:image\" content=\"http:\/\/sulsc.com\/wp-content\/uploads\/2023\/10\/Governo-do-Estado-renova-convenio-de-repasse-de-recursos-ao-hospital-de-Laguna.jpeg\" \/>\n\t<meta property=\"og:image:width\" content=\"800\" \/>\n\t<meta property=\"og:image:height\" content=\"445\" \/>\n\t<meta property=\"og:image:type\" content=\"image\/jpeg\" \/>\n<meta name=\"author\" content=\"Reda\u00e7\u00e3o Sul SC\" \/>\n<meta name=\"twitter:card\" content=\"summary_large_image\" \/>\n<meta name=\"twitter:creator\" content=\"@https:\/\/twitter.com\/PortalSulSC\" \/>\n<meta name=\"twitter:label1\" content=\"Written by\" \/>\n\t<meta name=\"twitter:data1\" content=\"Reda\u00e7\u00e3o Sul SC\" \/>\n\t<meta name=\"twitter:label2\" content=\"Est. reading time\" \/>\n\t<meta name=\"twitter:data2\" content=\"1 minute\" \/>\n<script type=\"application\/ld+json\" class=\"yoast-schema-graph\">{\"@context\":\"https:\/\/schema.org\",\"@graph\":[{\"@type\":\"WebPage\",\"@id\":\"https:\/\/sulsc.com\/index.php\/2025\/11\/18\/29798\/\",\"url\":\"https:\/\/sulsc.com\/index.php\/2025\/11\/18\/29798\/\",\"name\":\"Autoridades investigam suposto caso de viol\u00eancia sexual no Hospital Bom Jesus dos Passos em Laguna -\",\"isPartOf\":{\"@id\":\"https:\/\/sulsc.com\/#website\"},\"datePublished\":\"2025-11-18T11:17:03+00:00\",\"dateModified\":\"2025-11-18T11:18:27+00:00\",\"author\":{\"@id\":\"https:\/\/sulsc.com\/#\/schema\/person\/84d2fc571684f6248ba83092f07750a3\"},\"breadcrumb\":{\"@id\":\"https:\/\/sulsc.com\/index.php\/2025\/11\/18\/29798\/#breadcrumb\"},\"inLanguage\":\"en-US\",\"potentialAction\":[{\"@type\":\"ReadAction\",\"target\":[\"https:\/\/sulsc.com\/index.php\/2025\/11\/18\/29798\/\"]}]},{\"@type\":\"BreadcrumbList\",\"@id\":\"https:\/\/sulsc.com\/index.php\/2025\/11\/18\/29798\/#breadcrumb\",\"itemListElement\":[{\"@type\":\"ListItem\",\"position\":1,\"name\":\"In\u00edcio\",\"item\":\"https:\/\/sulsc.com\/\"},{\"@type\":\"ListItem\",\"position\":2,\"name\":\"Autoridades investigam suposto caso de viol\u00eancia sexual no Hospital Bom Jesus dos Passos em Laguna\"}]},{\"@type\":\"WebSite\",\"@id\":\"https:\/\/sulsc.com\/#website\",\"url\":\"https:\/\/sulsc.com\/\",\"name\":\"\",\"description\":\"\",\"potentialAction\":[{\"@type\":\"SearchAction\",\"target\":{\"@type\":\"EntryPoint\",\"urlTemplate\":\"https:\/\/sulsc.com\/?s={search_term_string}\"},\"query-input\":\"required name=search_term_string\"}],\"inLanguage\":\"en-US\"},{\"@type\":\"Person\",\"@id\":\"https:\/\/sulsc.com\/#\/schema\/person\/84d2fc571684f6248ba83092f07750a3\",\"name\":\"Reda\u00e7\u00e3o Sul SC\",\"image\":{\"@type\":\"ImageObject\",\"inLanguage\":\"en-US\",\"@id\":\"https:\/\/sulsc.com\/#\/schema\/person\/image\/e08d7fe2cc4ed596372063bbe852b8d0\",\"url\":\"https:\/\/sulsc.com\/wp-content\/uploads\/2023\/09\/redacao.png\",\"contentUrl\":\"https:\/\/sulsc.com\/wp-content\/uploads\/2023\/09\/redacao.png\",\"caption\":\"Reda\u00e7\u00e3o Sul SC\"},\"description\":\"Foco em um jornalismo imparcial, voltado \u00e0 qualidade dos seus conte\u00fados e, assim, levar informa\u00e7\u00e3o de valor que agregue \u00e0 vida dos leitores. Esta \u00e9 grande miss\u00e3o do Portal de Not\u00edcias Sul SC. N\u00e3o \u00e9 quantidade que muda o mundo, sempre foi e seguir\u00e1 sendo qualidade!\",\"sameAs\":[\"https:\/\/sulsc.com\/\",\"https:\/\/www.facebook.com\/profile.php?id=61559278119680\",\"https:\/\/www.instagram.com\/sulscportal\/?hl=pt-br\",\"https:\/\/twitter.com\/https:\/\/twitter.com\/PortalSulSC\",\"https:\/\/www.youtube.com\/channel\/UCv_BE8GeySluDov2n8qhVmw\"],\"url\":\"https:\/\/sulsc.com\/index.php\/author\/redacao\/\"}]}<\/script>\n<!-- \/ Yoast SEO plugin. -->","yoast_head_json":{"title":"Autoridades investigam suposto caso de viol\u00eancia sexual no Hospital Bom Jesus dos Passos em Laguna -","robots":{"index":"index","follow":"follow","max-snippet":"max-snippet:-1","max-image-preview":"max-image-preview:large","max-video-preview":"max-video-preview:-1"},"canonical":"https:\/\/sulsc.com\/index.php\/2025\/11\/18\/29798\/","og_locale":"en_US","og_type":"article","og_title":"Autoridades investigam suposto caso de viol\u00eancia sexual no Hospital Bom Jesus dos Passos em Laguna -","og_description":"Nesta \u00faltima sexta-feira(14), a dire\u00e7\u00e3o do Hospital Bom Jesus dos Passos em Laguna recebeu den\u00fancias de um poss\u00edvel caso de viol\u00eancia sexual que teria ocorrido dentro da institui\u00e7\u00e3o. De acordo com o hospital, assim que a diretoria tomou conhecimento das den\u00fancias, foram imediatamente iniciados os procedimentos internos para apura\u00e7\u00e3o dos fatos. O caso foi comunicado &hellip; Autoridades investigam suposto caso de viol\u00eancia sexual no Hospital Bom Jesus dos Passos em Laguna Read More &raquo;","og_url":"https:\/\/sulsc.com\/index.php\/2025\/11\/18\/29798\/","article_author":"https:\/\/www.facebook.com\/profile.php?id=61559278119680","article_published_time":"2025-11-18T11:17:03+00:00","article_modified_time":"2025-11-18T11:18:27+00:00","og_image":[{"width":800,"height":445,"url":"http:\/\/sulsc.com\/wp-content\/uploads\/2023\/10\/Governo-do-Estado-renova-convenio-de-repasse-de-recursos-ao-hospital-de-Laguna.jpeg","type":"image\/jpeg"}],"author":"Reda\u00e7\u00e3o Sul SC","twitter_card":"summary_large_image","twitter_creator":"@https:\/\/twitter.com\/PortalSulSC","twitter_misc":{"Written by":"Reda\u00e7\u00e3o Sul SC","Est. reading time":"1 minute"},"schema":{"@context":"https:\/\/schema.org","@graph":[{"@type":"WebPage","@id":"https:\/\/sulsc.com\/index.php\/2025\/11\/18\/29798\/","url":"https:\/\/sulsc.com\/index.php\/2025\/11\/18\/29798\/","name":"Autoridades investigam suposto caso de viol\u00eancia sexual no Hospital Bom Jesus dos Passos em Laguna -","isPartOf":{"@id":"https:\/\/sulsc.com\/#website"},"datePublished":"2025-11-18T11:17:03+00:00","dateModified":"2025-11-18T11:18:27+00:00","author":{"@id":"https:\/\/sulsc.com\/#\/schema\/person\/84d2fc571684f6248ba83092f07750a3"},"breadcrumb":{"@id":"https:\/\/sulsc.com\/index.php\/2025\/11\/18\/29798\/#breadcrumb"},"inLanguage":"en-US","potentialAction":[{"@type":"ReadAction","target":["https:\/\/sulsc.com\/index.php\/2025\/11\/18\/29798\/"]}]},{"@type":"BreadcrumbList","@id":"https:\/\/sulsc.com\/index.php\/2025\/11\/18\/29798\/#breadcrumb","itemListElement":[{"@type":"ListItem","position":1,"name":"In\u00edcio","item":"https:\/\/sulsc.com\/"},{"@type":"ListItem","position":2,"name":"Autoridades investigam suposto caso de viol\u00eancia sexual no Hospital Bom Jesus dos Passos em Laguna"}]},{"@type":"WebSite","@id":"https:\/\/sulsc.com\/#website","url":"https:\/\/sulsc.com\/","name":"","description":"","potentialAction":[{"@type":"SearchAction","target":{"@type":"EntryPoint","urlTemplate":"https:\/\/sulsc.com\/?s={search_term_string}"},"query-input":"required name=search_term_string"}],"inLanguage":"en-US"},{"@type":"Person","@id":"https:\/\/sulsc.com\/#\/schema\/person\/84d2fc571684f6248ba83092f07750a3","name":"Reda\u00e7\u00e3o Sul SC","image":{"@type":"ImageObject","inLanguage":"en-US","@id":"https:\/\/sulsc.com\/#\/schema\/person\/image\/e08d7fe2cc4ed596372063bbe852b8d0","url":"https:\/\/sulsc.com\/wp-content\/uploads\/2023\/09\/redacao.png","contentUrl":"https:\/\/sulsc.com\/wp-content\/uploads\/2023\/09\/redacao.png","caption":"Reda\u00e7\u00e3o Sul SC"},"description":"Foco em um jornalismo imparcial, voltado \u00e0 qualidade dos seus conte\u00fados e, assim, levar informa\u00e7\u00e3o de valor que agregue \u00e0 vida dos leitores. Esta \u00e9 grande miss\u00e3o do Portal de Not\u00edcias Sul SC. N\u00e3o \u00e9 quantidade que muda o mundo, sempre foi e seguir\u00e1 sendo qualidade!","sameAs":["https:\/\/sulsc.com\/","https:\/\/www.facebook.com\/profile.php?id=61559278119680","https:\/\/www.instagram.com\/sulscportal\/?hl=pt-br","https:\/\/twitter.com\/https:\/\/twitter.com\/PortalSulSC","https:\/\/www.youtube.com\/channel\/UCv_BE8GeySluDov2n8qhVmw"],"url":"https:\/\/sulsc.com\/index.php\/author\/redacao\/"}]}},"authors":[],"_links":{"self":[{"href":"https:\/\/sulsc.com\/index.php\/wp-json\/wp\/v2\/posts\/29798"}],"collection":[{"href":"https:\/\/sulsc.com\/index.php\/wp-json\/wp\/v2\/posts"}],"about":[{"href":"https:\/\/sulsc.com\/index.php\/wp-json\/wp\/v2\/types\/post"}],"author":[{"embeddable":true,"href":"https:\/\/sulsc.com\/index.php\/wp-json\/wp\/v2\/users\/3"}],"replies":[{"embeddable":true,"href":"https:\/\/sulsc.com\/index.php\/wp-json\/wp\/v2\/comments?post=29798"}],"version-history":[{"count":3,"href":"https:\/\/sulsc.com\/index.php\/wp-json\/wp\/v2\/posts\/29798\/revisions"}],"predecessor-version":[{"id":29804,"href":"https:\/\/sulsc.com\/index.php\/wp-json\/wp\/v2\/posts\/29798\/revisions\/29804"}],"wp:featuredmedia":[{"embeddable":true,"href":"https:\/\/sulsc.com\/index.php\/wp-json\/wp\/v2\/media\/3082"}],"wp:attachment":[{"href":"https:\/\/sulsc.com\/index.php\/wp-json\/wp\/v2\/media?parent=29798"}],"wp:term":[{"taxonomy":"category","embeddable":true,"href":"https:\/\/sulsc.com\/index.php\/wp-json\/wp\/v2\/categories?post=29798"},{"taxonomy":"post_tag","embeddable":true,"href":"https:\/\/sulsc.com\/index.php\/wp-json\/wp\/v2\/tags?post=29798"}],"curies":[{"name":"wp","href":"https:\/\/api.w.org\/{rel}","templated":true}]}}