{"id":29810,"date":"2025-11-18T09:21:04","date_gmt":"2025-11-18T12:21:04","guid":{"rendered":"https:\/\/sulsc.com\/?p=29810"},"modified":"2025-11-18T09:23:22","modified_gmt":"2025-11-18T12:23:22","slug":"governo-de-sc-prepara-lancamento-do-programa-voa-sc","status":"publish","type":"post","link":"https:\/\/sulsc.com\/index.php\/2025\/11\/18\/governo-de-sc-prepara-lancamento-do-programa-voa-sc\/","title":{"rendered":"Governo de SC prepara lan\u00e7amento do Programa VOA + SC"},"content":{"rendered":"<p>Para estimular e desenvolver o transporte a\u00e9reo regional de passageiros e cargas em Santa Catarina, o definiu o formato do programa VOA + SC. O modelo do programa foi delineado pelo Grupo de Trabalho designado pelo governador Jorginho Mello, com a participa\u00e7\u00e3o de membros da SPAF, Fazenda, Planejamento, PGE e Casa Civil.<\/p>\n<p>O texto da Lei que cria o programa j\u00e1 foi enviado para a Assembleia Legislativa e ap\u00f3s sua aprova\u00e7\u00e3o existe a expectativa de que entre em opera\u00e7\u00e3o em 2026. De acordo com o governador Jorginho Mello, foram feitos investimentos e a prepara\u00e7\u00e3o dos aeroportos catarinenses para conectar o Estado.<\/p>\n<div id=\"metaslider-id-25573\" style=\"width: 100%;\" class=\"ml-slider-3-99-0 metaslider metaslider-flex metaslider-25573 ml-slider has-onhover-arrows ms-theme-default-base has-dots-nav\" role=\"region\" aria-label=\"Meio\" data-width=\"1200\">\n    <div id=\"metaslider_container_25573\">\n        <div id=\"metaslider_25573\">\n            <ul class='slides'>\n                <li style=\"display: block; width: 100%;\" class=\"slide-25684 ms-image \" aria-roledescription=\"slide\" data-date=\"2025-07-24 07:55:40\"><img src=\"https:\/\/sulsc.com\/wp-content\/uploads\/2025\/07\/Marr-2-1000x166.jpg\" height=\"200\" width=\"1200\" alt=\"\" class=\"slider-25573 slide-25684 msDefaultImage\" title=\"Marr 2\" \/><\/li>\n                <li style=\"display: none; width: 100%;\" class=\"slide-32412 ms-image \" aria-roledescription=\"slide\" data-date=\"2026-02-18 13:59:46\"><img src=\"https:\/\/sulsc.com\/wp-content\/uploads\/2026\/02\/40dc1580-cad5-4867-bc58-c4243821ad38-1000x166.jpeg\" height=\"200\" width=\"1200\" alt=\"\" class=\"slider-25573 slide-32412 msDefaultImage\" title=\"40dc1580-cad5-4867-bc58-c4243821ad38\" \/><\/li>\n                <li style=\"display: none; width: 100%;\" class=\"slide-32766 ms-image \" aria-roledescription=\"slide\" data-date=\"2026-03-03 17:22:59\"><img src=\"https:\/\/sulsc.com\/wp-content\/uploads\/2026\/03\/271ce739-f268-41c5-8051-3de1a1750359-1000x166.jpeg\" height=\"200\" width=\"1200\" alt=\"\" class=\"slider-25573 slide-32766 msDefaultImage\" title=\"271ce739-f268-41c5-8051-3de1a1750359\" \/><\/li>\n            <\/ul>\n        <\/div>\n        \n    <\/div>\n<\/div>\n<p>&#8220;Conectar Santa Catarina n\u00e3o s\u00f3 aos grandes centros do pa\u00eds, mas pra encurtar dist\u00e2ncias entre as regi\u00f5es e acelerar o desenvolvimento aqui dentro do estado. Fortalecer a avia\u00e7\u00e3o regional \u00e9 fortalecer o nosso turismo, as rela\u00e7\u00f5es comerciais e a nossa economia que j\u00e1 \u00e9 uma das mais s\u00f3lidas e competitivas do Brasil\u201d, disse.<\/p>\n<p>O edital que ser\u00e1 lan\u00e7ado ap\u00f3s a aprova\u00e7\u00e3o da Lei apresentar\u00e1 os requisitos necess\u00e1rios para que operadoras a\u00e9reas possam aderir ao programa. Os crit\u00e9rios foram discutidos e avaliados pelo GT ap\u00f3s ouvir empresas interessadas em participar do programa.<\/p>\n<p>\u201cDesde o in\u00edcio de 2023 o Estado vem investindo nos aeroportos regionais e locais. O desenvolvimento da avia\u00e7\u00e3o regional \u00e9 uma reivindica\u00e7\u00e3o dos munic\u00edpios que foi ouvida pelo governador Jorginho Mello. A cria\u00e7\u00e3o do programa \u00e9 resultado desse compromisso para contribuir com a mobilidade dos catarinenses\u201d, conclui o secret\u00e1rio da SPAF, Beto Martins.<\/p>\n<p><img fetchpriority=\"high\" decoding=\"async\" class=\"alignnone size-full wp-image-29811\" src=\"http:\/\/sulsc.com\/wp-content\/uploads\/2025\/11\/ZACA3659.jpg\" alt=\"\" width=\"1500\" height=\"1000\" srcset=\"https:\/\/sulsc.com\/wp-content\/uploads\/2025\/11\/ZACA3659.jpg 1500w, https:\/\/sulsc.com\/wp-content\/uploads\/2025\/11\/ZACA3659-300x200.jpg 300w, https:\/\/sulsc.com\/wp-content\/uploads\/2025\/11\/ZACA3659-1024x683.jpg 1024w, https:\/\/sulsc.com\/wp-content\/uploads\/2025\/11\/ZACA3659-768x512.jpg 768w\" sizes=\"(max-width: 1500px) 100vw, 1500px\" \/><\/p>\n","protected":false},"excerpt":{"rendered":"<p>Para estimular e desenvolver o transporte a\u00e9reo regional de passageiros e cargas em Santa Catarina, o definiu o formato do programa VOA + SC. O modelo do programa foi delineado pelo Grupo de Trabalho designado pelo governador Jorginho Mello, com a participa\u00e7\u00e3o de membros da SPAF, Fazenda, Planejamento, PGE e Casa Civil. O texto da &hellip;<\/p>\n<p class=\"read-more\"> <a class=\"\" href=\"https:\/\/sulsc.com\/index.php\/2025\/11\/18\/governo-de-sc-prepara-lancamento-do-programa-voa-sc\/\"> <span class=\"screen-reader-text\">Governo de SC prepara lan\u00e7amento do Programa VOA + SC<\/span> Read More &raquo;<\/a><\/p>\n","protected":false},"author":3,"featured_media":29811,"comment_status":"open","ping_status":"open","sticky":false,"template":"","format":"standard","meta":{"site-sidebar-layout":"default","site-content-layout":"","ast-site-content-layout":"default","site-content-style":"default","site-sidebar-style":"default","ast-global-header-display":"","ast-banner-title-visibility":"","ast-main-header-display":"","ast-hfb-above-header-display":"","ast-hfb-below-header-display":"","ast-hfb-mobile-header-display":"","site-post-title":"","ast-breadcrumbs-content":"","ast-featured-img":"","footer-sml-layout":"","theme-transparent-header-meta":"default","adv-header-id-meta":"","stick-header-meta":"","header-above-stick-meta":"","header-main-stick-meta":"","header-below-stick-meta":"","astra-migrate-meta-layouts":"set","footnotes":""},"categories":[1,14,12],"tags":[2735,2734,2736],"yoast_head":"<!-- This site is optimized with the Yoast SEO plugin v21.4 - https:\/\/yoast.com\/wordpress\/plugins\/seo\/ -->\n<title>Governo de SC prepara lan\u00e7amento do Programa VOA + SC -<\/title>\n<meta name=\"robots\" content=\"index, follow, max-snippet:-1, max-image-preview:large, max-video-preview:-1\" \/>\n<link rel=\"canonical\" href=\"https:\/\/sulsc.com\/index.php\/2025\/11\/18\/governo-de-sc-prepara-lancamento-do-programa-voa-sc\/\" \/>\n<meta property=\"og:locale\" content=\"en_US\" \/>\n<meta property=\"og:type\" content=\"article\" \/>\n<meta property=\"og:title\" content=\"Governo de SC prepara lan\u00e7amento do Programa VOA + SC -\" \/>\n<meta property=\"og:description\" content=\"Para estimular e desenvolver o transporte a\u00e9reo regional de passageiros e cargas em Santa Catarina, o definiu o formato do programa VOA + SC. O modelo do programa foi delineado pelo Grupo de Trabalho designado pelo governador Jorginho Mello, com a participa\u00e7\u00e3o de membros da SPAF, Fazenda, Planejamento, PGE e Casa Civil. O texto da &hellip; Governo de SC prepara lan\u00e7amento do Programa VOA + SC Read More &raquo;\" \/>\n<meta property=\"og:url\" content=\"https:\/\/sulsc.com\/index.php\/2025\/11\/18\/governo-de-sc-prepara-lancamento-do-programa-voa-sc\/\" \/>\n<meta property=\"article:author\" content=\"https:\/\/www.facebook.com\/profile.php?id=61559278119680\" \/>\n<meta property=\"article:published_time\" content=\"2025-11-18T12:21:04+00:00\" \/>\n<meta property=\"article:modified_time\" content=\"2025-11-18T12:23:22+00:00\" \/>\n<meta property=\"og:image\" content=\"http:\/\/sulsc.com\/wp-content\/uploads\/2025\/11\/ZACA3659.jpg\" \/>\n\t<meta property=\"og:image:width\" content=\"1500\" \/>\n\t<meta property=\"og:image:height\" content=\"1000\" \/>\n\t<meta property=\"og:image:type\" content=\"image\/jpeg\" \/>\n<meta name=\"author\" content=\"Reda\u00e7\u00e3o Sul SC\" \/>\n<meta name=\"twitter:card\" content=\"summary_large_image\" \/>\n<meta name=\"twitter:creator\" content=\"@https:\/\/twitter.com\/PortalSulSC\" \/>\n<meta name=\"twitter:label1\" content=\"Written by\" \/>\n\t<meta name=\"twitter:data1\" content=\"Reda\u00e7\u00e3o Sul SC\" \/>\n\t<meta name=\"twitter:label2\" content=\"Est. reading time\" \/>\n\t<meta name=\"twitter:data2\" content=\"2 minutes\" \/>\n<script type=\"application\/ld+json\" class=\"yoast-schema-graph\">{\"@context\":\"https:\/\/schema.org\",\"@graph\":[{\"@type\":\"WebPage\",\"@id\":\"https:\/\/sulsc.com\/index.php\/2025\/11\/18\/governo-de-sc-prepara-lancamento-do-programa-voa-sc\/\",\"url\":\"https:\/\/sulsc.com\/index.php\/2025\/11\/18\/governo-de-sc-prepara-lancamento-do-programa-voa-sc\/\",\"name\":\"Governo de SC prepara lan\u00e7amento do Programa VOA + SC -\",\"isPartOf\":{\"@id\":\"https:\/\/sulsc.com\/#website\"},\"datePublished\":\"2025-11-18T12:21:04+00:00\",\"dateModified\":\"2025-11-18T12:23:22+00:00\",\"author\":{\"@id\":\"https:\/\/sulsc.com\/#\/schema\/person\/84d2fc571684f6248ba83092f07750a3\"},\"breadcrumb\":{\"@id\":\"https:\/\/sulsc.com\/index.php\/2025\/11\/18\/governo-de-sc-prepara-lancamento-do-programa-voa-sc\/#breadcrumb\"},\"inLanguage\":\"en-US\",\"potentialAction\":[{\"@type\":\"ReadAction\",\"target\":[\"https:\/\/sulsc.com\/index.php\/2025\/11\/18\/governo-de-sc-prepara-lancamento-do-programa-voa-sc\/\"]}]},{\"@type\":\"BreadcrumbList\",\"@id\":\"https:\/\/sulsc.com\/index.php\/2025\/11\/18\/governo-de-sc-prepara-lancamento-do-programa-voa-sc\/#breadcrumb\",\"itemListElement\":[{\"@type\":\"ListItem\",\"position\":1,\"name\":\"In\u00edcio\",\"item\":\"https:\/\/sulsc.com\/\"},{\"@type\":\"ListItem\",\"position\":2,\"name\":\"Governo de SC prepara lan\u00e7amento do Programa VOA + SC\"}]},{\"@type\":\"WebSite\",\"@id\":\"https:\/\/sulsc.com\/#website\",\"url\":\"https:\/\/sulsc.com\/\",\"name\":\"\",\"description\":\"\",\"potentialAction\":[{\"@type\":\"SearchAction\",\"target\":{\"@type\":\"EntryPoint\",\"urlTemplate\":\"https:\/\/sulsc.com\/?s={search_term_string}\"},\"query-input\":\"required name=search_term_string\"}],\"inLanguage\":\"en-US\"},{\"@type\":\"Person\",\"@id\":\"https:\/\/sulsc.com\/#\/schema\/person\/84d2fc571684f6248ba83092f07750a3\",\"name\":\"Reda\u00e7\u00e3o Sul SC\",\"image\":{\"@type\":\"ImageObject\",\"inLanguage\":\"en-US\",\"@id\":\"https:\/\/sulsc.com\/#\/schema\/person\/image\/e08d7fe2cc4ed596372063bbe852b8d0\",\"url\":\"https:\/\/sulsc.com\/wp-content\/uploads\/2023\/09\/redacao.png\",\"contentUrl\":\"https:\/\/sulsc.com\/wp-content\/uploads\/2023\/09\/redacao.png\",\"caption\":\"Reda\u00e7\u00e3o Sul SC\"},\"description\":\"Foco em um jornalismo imparcial, voltado \u00e0 qualidade dos seus conte\u00fados e, assim, levar informa\u00e7\u00e3o de valor que agregue \u00e0 vida dos leitores. Esta \u00e9 grande miss\u00e3o do Portal de Not\u00edcias Sul SC. N\u00e3o \u00e9 quantidade que muda o mundo, sempre foi e seguir\u00e1 sendo qualidade!\",\"sameAs\":[\"https:\/\/sulsc.com\/\",\"https:\/\/www.facebook.com\/profile.php?id=61559278119680\",\"https:\/\/www.instagram.com\/sulscportal\/?hl=pt-br\",\"https:\/\/twitter.com\/https:\/\/twitter.com\/PortalSulSC\",\"https:\/\/www.youtube.com\/channel\/UCv_BE8GeySluDov2n8qhVmw\"],\"url\":\"https:\/\/sulsc.com\/index.php\/author\/redacao\/\"}]}<\/script>\n<!-- \/ Yoast SEO plugin. -->","yoast_head_json":{"title":"Governo de SC prepara lan\u00e7amento do Programa VOA + SC -","robots":{"index":"index","follow":"follow","max-snippet":"max-snippet:-1","max-image-preview":"max-image-preview:large","max-video-preview":"max-video-preview:-1"},"canonical":"https:\/\/sulsc.com\/index.php\/2025\/11\/18\/governo-de-sc-prepara-lancamento-do-programa-voa-sc\/","og_locale":"en_US","og_type":"article","og_title":"Governo de SC prepara lan\u00e7amento do Programa VOA + SC -","og_description":"Para estimular e desenvolver o transporte a\u00e9reo regional de passageiros e cargas em Santa Catarina, o definiu o formato do programa VOA + SC. O modelo do programa foi delineado pelo Grupo de Trabalho designado pelo governador Jorginho Mello, com a participa\u00e7\u00e3o de membros da SPAF, Fazenda, Planejamento, PGE e Casa Civil. O texto da &hellip; Governo de SC prepara lan\u00e7amento do Programa VOA + SC Read More &raquo;","og_url":"https:\/\/sulsc.com\/index.php\/2025\/11\/18\/governo-de-sc-prepara-lancamento-do-programa-voa-sc\/","article_author":"https:\/\/www.facebook.com\/profile.php?id=61559278119680","article_published_time":"2025-11-18T12:21:04+00:00","article_modified_time":"2025-11-18T12:23:22+00:00","og_image":[{"width":1500,"height":1000,"url":"http:\/\/sulsc.com\/wp-content\/uploads\/2025\/11\/ZACA3659.jpg","type":"image\/jpeg"}],"author":"Reda\u00e7\u00e3o Sul SC","twitter_card":"summary_large_image","twitter_creator":"@https:\/\/twitter.com\/PortalSulSC","twitter_misc":{"Written by":"Reda\u00e7\u00e3o Sul SC","Est. reading time":"2 minutes"},"schema":{"@context":"https:\/\/schema.org","@graph":[{"@type":"WebPage","@id":"https:\/\/sulsc.com\/index.php\/2025\/11\/18\/governo-de-sc-prepara-lancamento-do-programa-voa-sc\/","url":"https:\/\/sulsc.com\/index.php\/2025\/11\/18\/governo-de-sc-prepara-lancamento-do-programa-voa-sc\/","name":"Governo de SC prepara lan\u00e7amento do Programa VOA + SC -","isPartOf":{"@id":"https:\/\/sulsc.com\/#website"},"datePublished":"2025-11-18T12:21:04+00:00","dateModified":"2025-11-18T12:23:22+00:00","author":{"@id":"https:\/\/sulsc.com\/#\/schema\/person\/84d2fc571684f6248ba83092f07750a3"},"breadcrumb":{"@id":"https:\/\/sulsc.com\/index.php\/2025\/11\/18\/governo-de-sc-prepara-lancamento-do-programa-voa-sc\/#breadcrumb"},"inLanguage":"en-US","potentialAction":[{"@type":"ReadAction","target":["https:\/\/sulsc.com\/index.php\/2025\/11\/18\/governo-de-sc-prepara-lancamento-do-programa-voa-sc\/"]}]},{"@type":"BreadcrumbList","@id":"https:\/\/sulsc.com\/index.php\/2025\/11\/18\/governo-de-sc-prepara-lancamento-do-programa-voa-sc\/#breadcrumb","itemListElement":[{"@type":"ListItem","position":1,"name":"In\u00edcio","item":"https:\/\/sulsc.com\/"},{"@type":"ListItem","position":2,"name":"Governo de SC prepara lan\u00e7amento do Programa VOA + SC"}]},{"@type":"WebSite","@id":"https:\/\/sulsc.com\/#website","url":"https:\/\/sulsc.com\/","name":"","description":"","potentialAction":[{"@type":"SearchAction","target":{"@type":"EntryPoint","urlTemplate":"https:\/\/sulsc.com\/?s={search_term_string}"},"query-input":"required name=search_term_string"}],"inLanguage":"en-US"},{"@type":"Person","@id":"https:\/\/sulsc.com\/#\/schema\/person\/84d2fc571684f6248ba83092f07750a3","name":"Reda\u00e7\u00e3o Sul SC","image":{"@type":"ImageObject","inLanguage":"en-US","@id":"https:\/\/sulsc.com\/#\/schema\/person\/image\/e08d7fe2cc4ed596372063bbe852b8d0","url":"https:\/\/sulsc.com\/wp-content\/uploads\/2023\/09\/redacao.png","contentUrl":"https:\/\/sulsc.com\/wp-content\/uploads\/2023\/09\/redacao.png","caption":"Reda\u00e7\u00e3o Sul SC"},"description":"Foco em um jornalismo imparcial, voltado \u00e0 qualidade dos seus conte\u00fados e, assim, levar informa\u00e7\u00e3o de valor que agregue \u00e0 vida dos leitores. Esta \u00e9 grande miss\u00e3o do Portal de Not\u00edcias Sul SC. N\u00e3o \u00e9 quantidade que muda o mundo, sempre foi e seguir\u00e1 sendo qualidade!","sameAs":["https:\/\/sulsc.com\/","https:\/\/www.facebook.com\/profile.php?id=61559278119680","https:\/\/www.instagram.com\/sulscportal\/?hl=pt-br","https:\/\/twitter.com\/https:\/\/twitter.com\/PortalSulSC","https:\/\/www.youtube.com\/channel\/UCv_BE8GeySluDov2n8qhVmw"],"url":"https:\/\/sulsc.com\/index.php\/author\/redacao\/"}]}},"authors":[],"_links":{"self":[{"href":"https:\/\/sulsc.com\/index.php\/wp-json\/wp\/v2\/posts\/29810"}],"collection":[{"href":"https:\/\/sulsc.com\/index.php\/wp-json\/wp\/v2\/posts"}],"about":[{"href":"https:\/\/sulsc.com\/index.php\/wp-json\/wp\/v2\/types\/post"}],"author":[{"embeddable":true,"href":"https:\/\/sulsc.com\/index.php\/wp-json\/wp\/v2\/users\/3"}],"replies":[{"embeddable":true,"href":"https:\/\/sulsc.com\/index.php\/wp-json\/wp\/v2\/comments?post=29810"}],"version-history":[{"count":1,"href":"https:\/\/sulsc.com\/index.php\/wp-json\/wp\/v2\/posts\/29810\/revisions"}],"predecessor-version":[{"id":29812,"href":"https:\/\/sulsc.com\/index.php\/wp-json\/wp\/v2\/posts\/29810\/revisions\/29812"}],"wp:featuredmedia":[{"embeddable":true,"href":"https:\/\/sulsc.com\/index.php\/wp-json\/wp\/v2\/media\/29811"}],"wp:attachment":[{"href":"https:\/\/sulsc.com\/index.php\/wp-json\/wp\/v2\/media?parent=29810"}],"wp:term":[{"taxonomy":"category","embeddable":true,"href":"https:\/\/sulsc.com\/index.php\/wp-json\/wp\/v2\/categories?post=29810"},{"taxonomy":"post_tag","embeddable":true,"href":"https:\/\/sulsc.com\/index.php\/wp-json\/wp\/v2\/tags?post=29810"}],"curies":[{"name":"wp","href":"https:\/\/api.w.org\/{rel}","templated":true}]}}