{"id":29813,"date":"2025-11-18T09:37:07","date_gmt":"2025-11-18T12:37:07","guid":{"rendered":"https:\/\/sulsc.com\/?p=29813"},"modified":"2025-11-18T09:39:08","modified_gmt":"2025-11-18T12:39:08","slug":"29813","status":"publish","type":"post","link":"https:\/\/sulsc.com\/index.php\/2025\/11\/18\/29813\/","title":{"rendered":"Duas pessoas s\u00e3o presas por tr\u00e1fico de drogas, associa\u00e7\u00e3o ao tr\u00e1fico, dire\u00e7\u00e3o perigosa e adultera\u00e7\u00e3o, em Lages"},"content":{"rendered":"<p>Uma ocorr\u00eancia de tr\u00e1fico de drogas, associa\u00e7\u00e3o ao tr\u00e1fico, dire\u00e7\u00e3o perigosa em via p\u00fablica sem CNH e adultera\u00e7\u00e3o de sinal identificador de ve\u00edculo automotor, foi registrada nessa segunda-feira (17), em Lages.\u00a0Por volta das 22h30, na Rodovia BR282, km 220, no combate aos crimes transfronteiri\u00e7os,\u00a0foi dada ordem de parada para um Jeep Renegade cor prata, placas de Itapema\/SC, onde o condutor n\u00e3o acatou e passou a se evadir em alta velocidade, sentido \u00e0 Florian\u00f3polis\/SC.<\/p>\n<p>A a\u00e7\u00e3o ocorreu ap\u00f3s trocas de informa\u00e7\u00f5es e em trabalho conjunto entre Pol\u00edcia Militar Rodovi\u00e1ria (PMRv), 8\u00baBPM, 6\u00baBPM, 20\u00baBPM, 1\u00baBPR, al\u00e9m da For\u00e7a Integrada de Combate ao Crime Organizado de Santa Catarina (Ficco\/SC). Ap\u00f3s 5 Km de fuga e ter avan\u00e7ado com o carro nos militares, o fugitivo atravessou a rodovia pela contram\u00e3o e parou em uma via transversal \u00e0 BR, pr\u00f3ximo \u00e0 \u00e1rea de mata.<\/p>\n<div id=\"metaslider-id-25573\" style=\"width: 100%;\" class=\"ml-slider-3-99-0 metaslider metaslider-flex metaslider-25573 ml-slider has-onhover-arrows ms-theme-default-base has-dots-nav\" role=\"region\" aria-label=\"Meio\" data-width=\"1200\">\n    <div id=\"metaslider_container_25573\">\n        <div id=\"metaslider_25573\">\n            <ul class='slides'>\n                <li style=\"display: block; width: 100%;\" class=\"slide-25684 ms-image \" aria-roledescription=\"slide\" data-date=\"2025-07-24 07:55:40\"><img src=\"https:\/\/sulsc.com\/wp-content\/uploads\/2025\/07\/Marr-2-1000x166.jpg\" height=\"200\" width=\"1200\" alt=\"\" class=\"slider-25573 slide-25684 msDefaultImage\" title=\"Marr 2\" \/><\/li>\n                <li style=\"display: none; width: 100%;\" class=\"slide-32412 ms-image \" aria-roledescription=\"slide\" data-date=\"2026-02-18 13:59:46\"><img src=\"https:\/\/sulsc.com\/wp-content\/uploads\/2026\/02\/40dc1580-cad5-4867-bc58-c4243821ad38-1000x166.jpeg\" height=\"200\" width=\"1200\" alt=\"\" class=\"slider-25573 slide-32412 msDefaultImage\" title=\"40dc1580-cad5-4867-bc58-c4243821ad38\" \/><\/li>\n                <li style=\"display: none; width: 100%;\" class=\"slide-32766 ms-image \" aria-roledescription=\"slide\" data-date=\"2026-03-03 17:22:59\"><img src=\"https:\/\/sulsc.com\/wp-content\/uploads\/2026\/03\/271ce739-f268-41c5-8051-3de1a1750359-1000x166.jpeg\" height=\"200\" width=\"1200\" alt=\"\" class=\"slider-25573 slide-32766 msDefaultImage\" title=\"271ce739-f268-41c5-8051-3de1a1750359\" \/><\/li>\n            <\/ul>\n        <\/div>\n        \n    <\/div>\n<\/div>\n<p>A seguir, foi realizado o cerco policial e logrado \u00eaxito na localiza\u00e7\u00e3o e pris\u00e3o de um homem de 22 anos, e uma mulher de 28 anos, ambos natural de Joinville. Durante a busca veicular foram encontrados cerca de 495Kg e 294g de maconha.\u00a0Foi verificado a adultera\u00e7\u00e3o das placas de identifica\u00e7\u00e3o do Jeep, o qual \u00e9 oriundo de S\u00e3o Jos\u00e9, todavia, utilizava placas de um carro igual, de Itapema.<\/p>\n<p>Em verifica\u00e7\u00e3o documental, foi constatado que o condutor n\u00e3o possu\u00eda habilita\u00e7\u00e3o legal para dirigir ve\u00edculos em via p\u00fablica.\u00a0Diante dos fatos, a carga, o ve\u00edculo e os abordados foram apreendidos\/presos e encaminhados \u00e0 Delegacia da Policia Federal em Lages, para as demais provid\u00eancias pertinentes.<\/p>\n<p><img fetchpriority=\"high\" decoding=\"async\" class=\"alignnone size-full wp-image-29814\" src=\"http:\/\/sulsc.com\/wp-content\/uploads\/2025\/11\/WhatsApp-Image-2025-11-18-at-06.24.06.jpeg\" alt=\"\" width=\"1280\" height=\"960\" srcset=\"https:\/\/sulsc.com\/wp-content\/uploads\/2025\/11\/WhatsApp-Image-2025-11-18-at-06.24.06.jpeg 1280w, https:\/\/sulsc.com\/wp-content\/uploads\/2025\/11\/WhatsApp-Image-2025-11-18-at-06.24.06-300x225.jpeg 300w, https:\/\/sulsc.com\/wp-content\/uploads\/2025\/11\/WhatsApp-Image-2025-11-18-at-06.24.06-1024x768.jpeg 1024w, https:\/\/sulsc.com\/wp-content\/uploads\/2025\/11\/WhatsApp-Image-2025-11-18-at-06.24.06-768x576.jpeg 768w\" sizes=\"(max-width: 1280px) 100vw, 1280px\" \/><\/p>\n","protected":false},"excerpt":{"rendered":"<p>Uma ocorr\u00eancia de tr\u00e1fico de drogas, associa\u00e7\u00e3o ao tr\u00e1fico, dire\u00e7\u00e3o perigosa em via p\u00fablica sem CNH e adultera\u00e7\u00e3o de sinal identificador de ve\u00edculo automotor, foi registrada nessa segunda-feira (17), em Lages.\u00a0Por volta das 22h30, na Rodovia BR282, km 220, no combate aos crimes transfronteiri\u00e7os,\u00a0foi dada ordem de parada para um Jeep Renegade cor prata, placas &hellip;<\/p>\n<p class=\"read-more\"> <a class=\"\" href=\"https:\/\/sulsc.com\/index.php\/2025\/11\/18\/29813\/\"> <span class=\"screen-reader-text\">Duas pessoas s\u00e3o presas por tr\u00e1fico de drogas, associa\u00e7\u00e3o ao tr\u00e1fico, dire\u00e7\u00e3o perigosa e adultera\u00e7\u00e3o, em Lages<\/span> Read More &raquo;<\/a><\/p>\n","protected":false},"author":3,"featured_media":29814,"comment_status":"open","ping_status":"open","sticky":false,"template":"","format":"standard","meta":{"site-sidebar-layout":"default","site-content-layout":"","ast-site-content-layout":"default","site-content-style":"default","site-sidebar-style":"default","ast-global-header-display":"","ast-banner-title-visibility":"","ast-main-header-display":"","ast-hfb-above-header-display":"","ast-hfb-below-header-display":"","ast-hfb-mobile-header-display":"","site-post-title":"","ast-breadcrumbs-content":"","ast-featured-img":"","footer-sml-layout":"","theme-transparent-header-meta":"default","adv-header-id-meta":"","stick-header-meta":"","header-above-stick-meta":"","header-main-stick-meta":"","header-below-stick-meta":"","astra-migrate-meta-layouts":"set","footnotes":""},"categories":[8,12],"tags":[1662,538,345],"yoast_head":"<!-- This site is optimized with the Yoast SEO plugin v21.4 - https:\/\/yoast.com\/wordpress\/plugins\/seo\/ -->\n<title>Duas pessoas s\u00e3o presas por tr\u00e1fico de drogas, associa\u00e7\u00e3o ao tr\u00e1fico, dire\u00e7\u00e3o perigosa e adultera\u00e7\u00e3o, em Lages -<\/title>\n<meta name=\"robots\" content=\"index, follow, max-snippet:-1, max-image-preview:large, max-video-preview:-1\" \/>\n<link rel=\"canonical\" href=\"https:\/\/sulsc.com\/index.php\/2025\/11\/18\/29813\/\" \/>\n<meta property=\"og:locale\" content=\"en_US\" \/>\n<meta property=\"og:type\" content=\"article\" \/>\n<meta property=\"og:title\" content=\"Duas pessoas s\u00e3o presas por tr\u00e1fico de drogas, associa\u00e7\u00e3o ao tr\u00e1fico, dire\u00e7\u00e3o perigosa e adultera\u00e7\u00e3o, em Lages -\" \/>\n<meta property=\"og:description\" content=\"Uma ocorr\u00eancia de tr\u00e1fico de drogas, associa\u00e7\u00e3o ao tr\u00e1fico, dire\u00e7\u00e3o perigosa em via p\u00fablica sem CNH e adultera\u00e7\u00e3o de sinal identificador de ve\u00edculo automotor, foi registrada nessa segunda-feira (17), em Lages.\u00a0Por volta das 22h30, na Rodovia BR282, km 220, no combate aos crimes transfronteiri\u00e7os,\u00a0foi dada ordem de parada para um Jeep Renegade cor prata, placas &hellip; Duas pessoas s\u00e3o presas por tr\u00e1fico de drogas, associa\u00e7\u00e3o ao tr\u00e1fico, dire\u00e7\u00e3o perigosa e adultera\u00e7\u00e3o, em Lages Read More &raquo;\" \/>\n<meta property=\"og:url\" content=\"https:\/\/sulsc.com\/index.php\/2025\/11\/18\/29813\/\" \/>\n<meta property=\"article:author\" content=\"https:\/\/www.facebook.com\/profile.php?id=61559278119680\" \/>\n<meta property=\"article:published_time\" content=\"2025-11-18T12:37:07+00:00\" \/>\n<meta property=\"article:modified_time\" content=\"2025-11-18T12:39:08+00:00\" \/>\n<meta property=\"og:image\" content=\"http:\/\/sulsc.com\/wp-content\/uploads\/2025\/11\/WhatsApp-Image-2025-11-18-at-06.24.06.jpeg\" \/>\n\t<meta property=\"og:image:width\" content=\"1280\" \/>\n\t<meta property=\"og:image:height\" content=\"960\" \/>\n\t<meta property=\"og:image:type\" content=\"image\/jpeg\" \/>\n<meta name=\"author\" content=\"Reda\u00e7\u00e3o Sul SC\" \/>\n<meta name=\"twitter:card\" content=\"summary_large_image\" \/>\n<meta name=\"twitter:creator\" content=\"@https:\/\/twitter.com\/PortalSulSC\" \/>\n<meta name=\"twitter:label1\" content=\"Written by\" \/>\n\t<meta name=\"twitter:data1\" content=\"Reda\u00e7\u00e3o Sul SC\" \/>\n\t<meta name=\"twitter:label2\" content=\"Est. reading time\" \/>\n\t<meta name=\"twitter:data2\" content=\"2 minutes\" \/>\n<script type=\"application\/ld+json\" class=\"yoast-schema-graph\">{\"@context\":\"https:\/\/schema.org\",\"@graph\":[{\"@type\":\"WebPage\",\"@id\":\"https:\/\/sulsc.com\/index.php\/2025\/11\/18\/29813\/\",\"url\":\"https:\/\/sulsc.com\/index.php\/2025\/11\/18\/29813\/\",\"name\":\"Duas pessoas s\u00e3o presas por tr\u00e1fico de drogas, associa\u00e7\u00e3o ao tr\u00e1fico, dire\u00e7\u00e3o perigosa e adultera\u00e7\u00e3o, em Lages -\",\"isPartOf\":{\"@id\":\"https:\/\/sulsc.com\/#website\"},\"datePublished\":\"2025-11-18T12:37:07+00:00\",\"dateModified\":\"2025-11-18T12:39:08+00:00\",\"author\":{\"@id\":\"https:\/\/sulsc.com\/#\/schema\/person\/84d2fc571684f6248ba83092f07750a3\"},\"breadcrumb\":{\"@id\":\"https:\/\/sulsc.com\/index.php\/2025\/11\/18\/29813\/#breadcrumb\"},\"inLanguage\":\"en-US\",\"potentialAction\":[{\"@type\":\"ReadAction\",\"target\":[\"https:\/\/sulsc.com\/index.php\/2025\/11\/18\/29813\/\"]}]},{\"@type\":\"BreadcrumbList\",\"@id\":\"https:\/\/sulsc.com\/index.php\/2025\/11\/18\/29813\/#breadcrumb\",\"itemListElement\":[{\"@type\":\"ListItem\",\"position\":1,\"name\":\"In\u00edcio\",\"item\":\"https:\/\/sulsc.com\/\"},{\"@type\":\"ListItem\",\"position\":2,\"name\":\"Duas pessoas s\u00e3o presas por tr\u00e1fico de drogas, associa\u00e7\u00e3o ao tr\u00e1fico, dire\u00e7\u00e3o perigosa e adultera\u00e7\u00e3o, em Lages\"}]},{\"@type\":\"WebSite\",\"@id\":\"https:\/\/sulsc.com\/#website\",\"url\":\"https:\/\/sulsc.com\/\",\"name\":\"\",\"description\":\"\",\"potentialAction\":[{\"@type\":\"SearchAction\",\"target\":{\"@type\":\"EntryPoint\",\"urlTemplate\":\"https:\/\/sulsc.com\/?s={search_term_string}\"},\"query-input\":\"required name=search_term_string\"}],\"inLanguage\":\"en-US\"},{\"@type\":\"Person\",\"@id\":\"https:\/\/sulsc.com\/#\/schema\/person\/84d2fc571684f6248ba83092f07750a3\",\"name\":\"Reda\u00e7\u00e3o Sul SC\",\"image\":{\"@type\":\"ImageObject\",\"inLanguage\":\"en-US\",\"@id\":\"https:\/\/sulsc.com\/#\/schema\/person\/image\/e08d7fe2cc4ed596372063bbe852b8d0\",\"url\":\"https:\/\/sulsc.com\/wp-content\/uploads\/2023\/09\/redacao.png\",\"contentUrl\":\"https:\/\/sulsc.com\/wp-content\/uploads\/2023\/09\/redacao.png\",\"caption\":\"Reda\u00e7\u00e3o Sul SC\"},\"description\":\"Foco em um jornalismo imparcial, voltado \u00e0 qualidade dos seus conte\u00fados e, assim, levar informa\u00e7\u00e3o de valor que agregue \u00e0 vida dos leitores. Esta \u00e9 grande miss\u00e3o do Portal de Not\u00edcias Sul SC. N\u00e3o \u00e9 quantidade que muda o mundo, sempre foi e seguir\u00e1 sendo qualidade!\",\"sameAs\":[\"https:\/\/sulsc.com\/\",\"https:\/\/www.facebook.com\/profile.php?id=61559278119680\",\"https:\/\/www.instagram.com\/sulscportal\/?hl=pt-br\",\"https:\/\/twitter.com\/https:\/\/twitter.com\/PortalSulSC\",\"https:\/\/www.youtube.com\/channel\/UCv_BE8GeySluDov2n8qhVmw\"],\"url\":\"https:\/\/sulsc.com\/index.php\/author\/redacao\/\"}]}<\/script>\n<!-- \/ Yoast SEO plugin. -->","yoast_head_json":{"title":"Duas pessoas s\u00e3o presas por tr\u00e1fico de drogas, associa\u00e7\u00e3o ao tr\u00e1fico, dire\u00e7\u00e3o perigosa e adultera\u00e7\u00e3o, em Lages -","robots":{"index":"index","follow":"follow","max-snippet":"max-snippet:-1","max-image-preview":"max-image-preview:large","max-video-preview":"max-video-preview:-1"},"canonical":"https:\/\/sulsc.com\/index.php\/2025\/11\/18\/29813\/","og_locale":"en_US","og_type":"article","og_title":"Duas pessoas s\u00e3o presas por tr\u00e1fico de drogas, associa\u00e7\u00e3o ao tr\u00e1fico, dire\u00e7\u00e3o perigosa e adultera\u00e7\u00e3o, em Lages -","og_description":"Uma ocorr\u00eancia de tr\u00e1fico de drogas, associa\u00e7\u00e3o ao tr\u00e1fico, dire\u00e7\u00e3o perigosa em via p\u00fablica sem CNH e adultera\u00e7\u00e3o de sinal identificador de ve\u00edculo automotor, foi registrada nessa segunda-feira (17), em Lages.\u00a0Por volta das 22h30, na Rodovia BR282, km 220, no combate aos crimes transfronteiri\u00e7os,\u00a0foi dada ordem de parada para um Jeep Renegade cor prata, placas &hellip; Duas pessoas s\u00e3o presas por tr\u00e1fico de drogas, associa\u00e7\u00e3o ao tr\u00e1fico, dire\u00e7\u00e3o perigosa e adultera\u00e7\u00e3o, em Lages Read More &raquo;","og_url":"https:\/\/sulsc.com\/index.php\/2025\/11\/18\/29813\/","article_author":"https:\/\/www.facebook.com\/profile.php?id=61559278119680","article_published_time":"2025-11-18T12:37:07+00:00","article_modified_time":"2025-11-18T12:39:08+00:00","og_image":[{"width":1280,"height":960,"url":"http:\/\/sulsc.com\/wp-content\/uploads\/2025\/11\/WhatsApp-Image-2025-11-18-at-06.24.06.jpeg","type":"image\/jpeg"}],"author":"Reda\u00e7\u00e3o Sul SC","twitter_card":"summary_large_image","twitter_creator":"@https:\/\/twitter.com\/PortalSulSC","twitter_misc":{"Written by":"Reda\u00e7\u00e3o Sul SC","Est. reading time":"2 minutes"},"schema":{"@context":"https:\/\/schema.org","@graph":[{"@type":"WebPage","@id":"https:\/\/sulsc.com\/index.php\/2025\/11\/18\/29813\/","url":"https:\/\/sulsc.com\/index.php\/2025\/11\/18\/29813\/","name":"Duas pessoas s\u00e3o presas por tr\u00e1fico de drogas, associa\u00e7\u00e3o ao tr\u00e1fico, dire\u00e7\u00e3o perigosa e adultera\u00e7\u00e3o, em Lages -","isPartOf":{"@id":"https:\/\/sulsc.com\/#website"},"datePublished":"2025-11-18T12:37:07+00:00","dateModified":"2025-11-18T12:39:08+00:00","author":{"@id":"https:\/\/sulsc.com\/#\/schema\/person\/84d2fc571684f6248ba83092f07750a3"},"breadcrumb":{"@id":"https:\/\/sulsc.com\/index.php\/2025\/11\/18\/29813\/#breadcrumb"},"inLanguage":"en-US","potentialAction":[{"@type":"ReadAction","target":["https:\/\/sulsc.com\/index.php\/2025\/11\/18\/29813\/"]}]},{"@type":"BreadcrumbList","@id":"https:\/\/sulsc.com\/index.php\/2025\/11\/18\/29813\/#breadcrumb","itemListElement":[{"@type":"ListItem","position":1,"name":"In\u00edcio","item":"https:\/\/sulsc.com\/"},{"@type":"ListItem","position":2,"name":"Duas pessoas s\u00e3o presas por tr\u00e1fico de drogas, associa\u00e7\u00e3o ao tr\u00e1fico, dire\u00e7\u00e3o perigosa e adultera\u00e7\u00e3o, em Lages"}]},{"@type":"WebSite","@id":"https:\/\/sulsc.com\/#website","url":"https:\/\/sulsc.com\/","name":"","description":"","potentialAction":[{"@type":"SearchAction","target":{"@type":"EntryPoint","urlTemplate":"https:\/\/sulsc.com\/?s={search_term_string}"},"query-input":"required name=search_term_string"}],"inLanguage":"en-US"},{"@type":"Person","@id":"https:\/\/sulsc.com\/#\/schema\/person\/84d2fc571684f6248ba83092f07750a3","name":"Reda\u00e7\u00e3o Sul SC","image":{"@type":"ImageObject","inLanguage":"en-US","@id":"https:\/\/sulsc.com\/#\/schema\/person\/image\/e08d7fe2cc4ed596372063bbe852b8d0","url":"https:\/\/sulsc.com\/wp-content\/uploads\/2023\/09\/redacao.png","contentUrl":"https:\/\/sulsc.com\/wp-content\/uploads\/2023\/09\/redacao.png","caption":"Reda\u00e7\u00e3o Sul SC"},"description":"Foco em um jornalismo imparcial, voltado \u00e0 qualidade dos seus conte\u00fados e, assim, levar informa\u00e7\u00e3o de valor que agregue \u00e0 vida dos leitores. Esta \u00e9 grande miss\u00e3o do Portal de Not\u00edcias Sul SC. N\u00e3o \u00e9 quantidade que muda o mundo, sempre foi e seguir\u00e1 sendo qualidade!","sameAs":["https:\/\/sulsc.com\/","https:\/\/www.facebook.com\/profile.php?id=61559278119680","https:\/\/www.instagram.com\/sulscportal\/?hl=pt-br","https:\/\/twitter.com\/https:\/\/twitter.com\/PortalSulSC","https:\/\/www.youtube.com\/channel\/UCv_BE8GeySluDov2n8qhVmw"],"url":"https:\/\/sulsc.com\/index.php\/author\/redacao\/"}]}},"authors":[],"_links":{"self":[{"href":"https:\/\/sulsc.com\/index.php\/wp-json\/wp\/v2\/posts\/29813"}],"collection":[{"href":"https:\/\/sulsc.com\/index.php\/wp-json\/wp\/v2\/posts"}],"about":[{"href":"https:\/\/sulsc.com\/index.php\/wp-json\/wp\/v2\/types\/post"}],"author":[{"embeddable":true,"href":"https:\/\/sulsc.com\/index.php\/wp-json\/wp\/v2\/users\/3"}],"replies":[{"embeddable":true,"href":"https:\/\/sulsc.com\/index.php\/wp-json\/wp\/v2\/comments?post=29813"}],"version-history":[{"count":3,"href":"https:\/\/sulsc.com\/index.php\/wp-json\/wp\/v2\/posts\/29813\/revisions"}],"predecessor-version":[{"id":29817,"href":"https:\/\/sulsc.com\/index.php\/wp-json\/wp\/v2\/posts\/29813\/revisions\/29817"}],"wp:featuredmedia":[{"embeddable":true,"href":"https:\/\/sulsc.com\/index.php\/wp-json\/wp\/v2\/media\/29814"}],"wp:attachment":[{"href":"https:\/\/sulsc.com\/index.php\/wp-json\/wp\/v2\/media?parent=29813"}],"wp:term":[{"taxonomy":"category","embeddable":true,"href":"https:\/\/sulsc.com\/index.php\/wp-json\/wp\/v2\/categories?post=29813"},{"taxonomy":"post_tag","embeddable":true,"href":"https:\/\/sulsc.com\/index.php\/wp-json\/wp\/v2\/tags?post=29813"}],"curies":[{"name":"wp","href":"https:\/\/api.w.org\/{rel}","templated":true}]}}