{"id":2982,"date":"2023-10-27T10:30:34","date_gmt":"2023-10-27T13:30:34","guid":{"rendered":"https:\/\/sulsc.com\/?p=2982"},"modified":"2023-10-27T07:51:14","modified_gmt":"2023-10-27T10:51:14","slug":"semana-da-consciencia-negra-sera-comemorada-em-tubarao","status":"publish","type":"post","link":"https:\/\/sulsc.com\/index.php\/2023\/10\/27\/semana-da-consciencia-negra-sera-comemorada-em-tubarao\/","title":{"rendered":"Semana da Consci\u00eancia Negra ser\u00e1 comemorada em Tubar\u00e3o"},"content":{"rendered":"<p>A Semana da Consci\u00eancia Negra ser\u00e1 celebrada em Tubar\u00e3o por meio de uma s\u00e9rie de eventos, que ser\u00e3o realizadas no Centro Municipal de Cultura Willy Zumblick e em outros espa\u00e7os da cidade. Os eventos, com o tema \u201cRetratos de Consci\u00eancia e Inspira\u00e7\u00e3o\u201d, foram idealizados por um grupo de volunt\u00e1rios.<\/p>\n<p>As atividades ocorrer\u00e3o entre 19 de novembro e 3 de dezembro, e ter\u00e3o o apoio da Funda\u00e7\u00e3o Municipal de Cultura.\u00a0Na programa\u00e7\u00e3o, atra\u00e7\u00f5es diversas como homenagens a personalidades negras, exposi\u00e7\u00e3o fotogr\u00e1fica, apresenta\u00e7\u00f5es art\u00edsticas, rodas de conversa, conta\u00e7\u00e3o de hist\u00f3rias e o lan\u00e7amento do projeto \u201cSextou Cultura\u201d, da Funda\u00e7\u00e3o Municipal de Cultura.<\/p>\n<p>\u201cO evento servir\u00e1 para valorizar cada vez mais a cultura afro e a popula\u00e7\u00e3o negra do munic\u00edpio, pois, anualmente, em novembro, este tema \u00e9 lembrado e discutido em Tubar\u00e3o e, este ano, com um projeto elaborado por um grupo de professores e l\u00edderes ligados a movimentos afros, juntamos for\u00e7as para organizar essa semana, que est\u00e1 recheada de boas atra\u00e7\u00f5es\u201d, explica o diretor-presidente da funda\u00e7\u00e3o Ramires Sartor Linhares.<\/p>\n<p>Para a exposi\u00e7\u00e3o fotogr\u00e1fica, que ocorre durante o evento, a comiss\u00e3o organizadora promove uma consulta p\u00fablica, por meio da qual a popula\u00e7\u00e3o pode indicar tubaronenses que ter\u00e3o suas fotos estilizadas expostas na mostra. Qualquer pessoa pode votar na consulta e indicar at\u00e9 tr\u00eas nomes de personalidades tubaronenses, negros e negras, que s\u00e3o ou foram inspira\u00e7\u00e3o, exemplo, ou tenham em sua trajet\u00f3ria contribu\u00eddo com o desenvolvimento da cidade.<\/p>\n<p>As 40 pessoas mais votadas ter\u00e3o suas imagens, ap\u00f3s autoriza\u00e7\u00e3o pr\u00f3pria ou de suas fam\u00edlias, expostas. Para participar da indica\u00e7\u00e3o, acesse aqui e preencha o formul\u00e1rio. A programa\u00e7\u00e3o completa ser\u00e1 divulgada em breve.<\/p>\n<p><img fetchpriority=\"high\" decoding=\"async\" class=\"alignnone size-large wp-image-2983\" src=\"http:\/\/sulsc.com\/wp-content\/uploads\/2023\/10\/vista-lateral-do-casal-com-espaco-de-copia-1024x576.jpg\" alt=\"\" width=\"1024\" height=\"576\" srcset=\"https:\/\/sulsc.com\/wp-content\/uploads\/2023\/10\/vista-lateral-do-casal-com-espaco-de-copia-1024x576.jpg 1024w, https:\/\/sulsc.com\/wp-content\/uploads\/2023\/10\/vista-lateral-do-casal-com-espaco-de-copia-300x169.jpg 300w, https:\/\/sulsc.com\/wp-content\/uploads\/2023\/10\/vista-lateral-do-casal-com-espaco-de-copia-768x432.jpg 768w, https:\/\/sulsc.com\/wp-content\/uploads\/2023\/10\/vista-lateral-do-casal-com-espaco-de-copia-1536x864.jpg 1536w, https:\/\/sulsc.com\/wp-content\/uploads\/2023\/10\/vista-lateral-do-casal-com-espaco-de-copia-2048x1152.jpg 2048w\" sizes=\"(max-width: 1024px) 100vw, 1024px\" \/><\/p>\n<p>Fonte: Pref. Tubar\u00e3o<\/p>\n","protected":false},"excerpt":{"rendered":"<p>A Semana da Consci\u00eancia Negra ser\u00e1 celebrada em Tubar\u00e3o por meio de uma s\u00e9rie de eventos, que ser\u00e3o realizadas no Centro Municipal de Cultura Willy Zumblick e em outros espa\u00e7os da cidade. Os eventos, com o tema \u201cRetratos de Consci\u00eancia e Inspira\u00e7\u00e3o\u201d, foram idealizados por um grupo de volunt\u00e1rios. As atividades ocorrer\u00e3o entre 19 de &hellip;<\/p>\n<p class=\"read-more\"> <a class=\"\" href=\"https:\/\/sulsc.com\/index.php\/2023\/10\/27\/semana-da-consciencia-negra-sera-comemorada-em-tubarao\/\"> <span class=\"screen-reader-text\">Semana da Consci\u00eancia Negra ser\u00e1 comemorada em Tubar\u00e3o<\/span> Read More &raquo;<\/a><\/p>\n","protected":false},"author":3,"featured_media":2984,"comment_status":"open","ping_status":"open","sticky":false,"template":"","format":"standard","meta":{"site-sidebar-layout":"default","site-content-layout":"","ast-site-content-layout":"default","site-content-style":"default","site-sidebar-style":"default","ast-global-header-display":"","ast-banner-title-visibility":"","ast-main-header-display":"","ast-hfb-above-header-display":"","ast-hfb-below-header-display":"","ast-hfb-mobile-header-display":"","site-post-title":"","ast-breadcrumbs-content":"","ast-featured-img":"","footer-sml-layout":"","theme-transparent-header-meta":"default","adv-header-id-meta":"","stick-header-meta":"","header-above-stick-meta":"","header-main-stick-meta":"","header-below-stick-meta":"","astra-migrate-meta-layouts":"set","footnotes":""},"categories":[1,21],"tags":[],"yoast_head":"<!-- This site is optimized with the Yoast SEO plugin v21.4 - https:\/\/yoast.com\/wordpress\/plugins\/seo\/ -->\n<title>Semana da Consci\u00eancia Negra ser\u00e1 comemorada em Tubar\u00e3o -<\/title>\n<meta name=\"robots\" content=\"index, follow, max-snippet:-1, max-image-preview:large, max-video-preview:-1\" \/>\n<link rel=\"canonical\" href=\"https:\/\/sulsc.com\/index.php\/2023\/10\/27\/semana-da-consciencia-negra-sera-comemorada-em-tubarao\/\" \/>\n<meta property=\"og:locale\" content=\"en_US\" \/>\n<meta property=\"og:type\" content=\"article\" \/>\n<meta property=\"og:title\" content=\"Semana da Consci\u00eancia Negra ser\u00e1 comemorada em Tubar\u00e3o -\" \/>\n<meta property=\"og:description\" content=\"A Semana da Consci\u00eancia Negra ser\u00e1 celebrada em Tubar\u00e3o por meio de uma s\u00e9rie de eventos, que ser\u00e3o realizadas no Centro Municipal de Cultura Willy Zumblick e em outros espa\u00e7os da cidade. Os eventos, com o tema \u201cRetratos de Consci\u00eancia e Inspira\u00e7\u00e3o\u201d, foram idealizados por um grupo de volunt\u00e1rios. As atividades ocorrer\u00e3o entre 19 de &hellip; Semana da Consci\u00eancia Negra ser\u00e1 comemorada em Tubar\u00e3o Read More &raquo;\" \/>\n<meta property=\"og:url\" content=\"https:\/\/sulsc.com\/index.php\/2023\/10\/27\/semana-da-consciencia-negra-sera-comemorada-em-tubarao\/\" \/>\n<meta property=\"article:author\" content=\"https:\/\/www.facebook.com\/profile.php?id=61559278119680\" \/>\n<meta property=\"article:published_time\" content=\"2023-10-27T13:30:34+00:00\" \/>\n<meta property=\"article:modified_time\" content=\"2023-10-27T10:51:14+00:00\" \/>\n<meta property=\"og:image\" content=\"https:\/\/sulsc.com\/wp-content\/uploads\/2023\/10\/close-up-de-maos-inter-raciais-abracadas-scaled.jpg\" \/>\n\t<meta property=\"og:image:width\" content=\"1707\" \/>\n\t<meta property=\"og:image:height\" content=\"2560\" \/>\n\t<meta property=\"og:image:type\" content=\"image\/jpeg\" \/>\n<meta name=\"author\" content=\"Reda\u00e7\u00e3o Sul SC\" \/>\n<meta name=\"twitter:card\" content=\"summary_large_image\" \/>\n<meta name=\"twitter:creator\" content=\"@https:\/\/twitter.com\/PortalSulSC\" \/>\n<meta name=\"twitter:label1\" content=\"Written by\" \/>\n\t<meta name=\"twitter:data1\" content=\"Reda\u00e7\u00e3o Sul SC\" \/>\n\t<meta name=\"twitter:label2\" content=\"Est. reading time\" \/>\n\t<meta name=\"twitter:data2\" content=\"2 minutes\" \/>\n<script type=\"application\/ld+json\" class=\"yoast-schema-graph\">{\"@context\":\"https:\/\/schema.org\",\"@graph\":[{\"@type\":\"WebPage\",\"@id\":\"https:\/\/sulsc.com\/index.php\/2023\/10\/27\/semana-da-consciencia-negra-sera-comemorada-em-tubarao\/\",\"url\":\"https:\/\/sulsc.com\/index.php\/2023\/10\/27\/semana-da-consciencia-negra-sera-comemorada-em-tubarao\/\",\"name\":\"Semana da Consci\u00eancia Negra ser\u00e1 comemorada em Tubar\u00e3o -\",\"isPartOf\":{\"@id\":\"https:\/\/sulsc.com\/#website\"},\"datePublished\":\"2023-10-27T13:30:34+00:00\",\"dateModified\":\"2023-10-27T10:51:14+00:00\",\"author\":{\"@id\":\"https:\/\/sulsc.com\/#\/schema\/person\/84d2fc571684f6248ba83092f07750a3\"},\"breadcrumb\":{\"@id\":\"https:\/\/sulsc.com\/index.php\/2023\/10\/27\/semana-da-consciencia-negra-sera-comemorada-em-tubarao\/#breadcrumb\"},\"inLanguage\":\"en-US\",\"potentialAction\":[{\"@type\":\"ReadAction\",\"target\":[\"https:\/\/sulsc.com\/index.php\/2023\/10\/27\/semana-da-consciencia-negra-sera-comemorada-em-tubarao\/\"]}]},{\"@type\":\"BreadcrumbList\",\"@id\":\"https:\/\/sulsc.com\/index.php\/2023\/10\/27\/semana-da-consciencia-negra-sera-comemorada-em-tubarao\/#breadcrumb\",\"itemListElement\":[{\"@type\":\"ListItem\",\"position\":1,\"name\":\"In\u00edcio\",\"item\":\"https:\/\/sulsc.com\/\"},{\"@type\":\"ListItem\",\"position\":2,\"name\":\"Semana da Consci\u00eancia Negra ser\u00e1 comemorada em Tubar\u00e3o\"}]},{\"@type\":\"WebSite\",\"@id\":\"https:\/\/sulsc.com\/#website\",\"url\":\"https:\/\/sulsc.com\/\",\"name\":\"\",\"description\":\"\",\"potentialAction\":[{\"@type\":\"SearchAction\",\"target\":{\"@type\":\"EntryPoint\",\"urlTemplate\":\"https:\/\/sulsc.com\/?s={search_term_string}\"},\"query-input\":\"required name=search_term_string\"}],\"inLanguage\":\"en-US\"},{\"@type\":\"Person\",\"@id\":\"https:\/\/sulsc.com\/#\/schema\/person\/84d2fc571684f6248ba83092f07750a3\",\"name\":\"Reda\u00e7\u00e3o Sul SC\",\"image\":{\"@type\":\"ImageObject\",\"inLanguage\":\"en-US\",\"@id\":\"https:\/\/sulsc.com\/#\/schema\/person\/image\/e08d7fe2cc4ed596372063bbe852b8d0\",\"url\":\"https:\/\/sulsc.com\/wp-content\/uploads\/2023\/09\/redacao.png\",\"contentUrl\":\"https:\/\/sulsc.com\/wp-content\/uploads\/2023\/09\/redacao.png\",\"caption\":\"Reda\u00e7\u00e3o Sul SC\"},\"description\":\"Foco em um jornalismo imparcial, voltado \u00e0 qualidade dos seus conte\u00fados e, assim, levar informa\u00e7\u00e3o de valor que agregue \u00e0 vida dos leitores. Esta \u00e9 grande miss\u00e3o do Portal de Not\u00edcias Sul SC. N\u00e3o \u00e9 quantidade que muda o mundo, sempre foi e seguir\u00e1 sendo qualidade!\",\"sameAs\":[\"https:\/\/sulsc.com\/\",\"https:\/\/www.facebook.com\/profile.php?id=61559278119680\",\"https:\/\/www.instagram.com\/sulscportal\/?hl=pt-br\",\"https:\/\/twitter.com\/https:\/\/twitter.com\/PortalSulSC\",\"https:\/\/www.youtube.com\/channel\/UCv_BE8GeySluDov2n8qhVmw\"],\"url\":\"https:\/\/sulsc.com\/index.php\/author\/redacao\/\"}]}<\/script>\n<!-- \/ Yoast SEO plugin. -->","yoast_head_json":{"title":"Semana da Consci\u00eancia Negra ser\u00e1 comemorada em Tubar\u00e3o -","robots":{"index":"index","follow":"follow","max-snippet":"max-snippet:-1","max-image-preview":"max-image-preview:large","max-video-preview":"max-video-preview:-1"},"canonical":"https:\/\/sulsc.com\/index.php\/2023\/10\/27\/semana-da-consciencia-negra-sera-comemorada-em-tubarao\/","og_locale":"en_US","og_type":"article","og_title":"Semana da Consci\u00eancia Negra ser\u00e1 comemorada em Tubar\u00e3o -","og_description":"A Semana da Consci\u00eancia Negra ser\u00e1 celebrada em Tubar\u00e3o por meio de uma s\u00e9rie de eventos, que ser\u00e3o realizadas no Centro Municipal de Cultura Willy Zumblick e em outros espa\u00e7os da cidade. Os eventos, com o tema \u201cRetratos de Consci\u00eancia e Inspira\u00e7\u00e3o\u201d, foram idealizados por um grupo de volunt\u00e1rios. As atividades ocorrer\u00e3o entre 19 de &hellip; Semana da Consci\u00eancia Negra ser\u00e1 comemorada em Tubar\u00e3o Read More &raquo;","og_url":"https:\/\/sulsc.com\/index.php\/2023\/10\/27\/semana-da-consciencia-negra-sera-comemorada-em-tubarao\/","article_author":"https:\/\/www.facebook.com\/profile.php?id=61559278119680","article_published_time":"2023-10-27T13:30:34+00:00","article_modified_time":"2023-10-27T10:51:14+00:00","og_image":[{"width":1707,"height":2560,"url":"https:\/\/sulsc.com\/wp-content\/uploads\/2023\/10\/close-up-de-maos-inter-raciais-abracadas-scaled.jpg","type":"image\/jpeg"}],"author":"Reda\u00e7\u00e3o Sul SC","twitter_card":"summary_large_image","twitter_creator":"@https:\/\/twitter.com\/PortalSulSC","twitter_misc":{"Written by":"Reda\u00e7\u00e3o Sul SC","Est. reading time":"2 minutes"},"schema":{"@context":"https:\/\/schema.org","@graph":[{"@type":"WebPage","@id":"https:\/\/sulsc.com\/index.php\/2023\/10\/27\/semana-da-consciencia-negra-sera-comemorada-em-tubarao\/","url":"https:\/\/sulsc.com\/index.php\/2023\/10\/27\/semana-da-consciencia-negra-sera-comemorada-em-tubarao\/","name":"Semana da Consci\u00eancia Negra ser\u00e1 comemorada em Tubar\u00e3o -","isPartOf":{"@id":"https:\/\/sulsc.com\/#website"},"datePublished":"2023-10-27T13:30:34+00:00","dateModified":"2023-10-27T10:51:14+00:00","author":{"@id":"https:\/\/sulsc.com\/#\/schema\/person\/84d2fc571684f6248ba83092f07750a3"},"breadcrumb":{"@id":"https:\/\/sulsc.com\/index.php\/2023\/10\/27\/semana-da-consciencia-negra-sera-comemorada-em-tubarao\/#breadcrumb"},"inLanguage":"en-US","potentialAction":[{"@type":"ReadAction","target":["https:\/\/sulsc.com\/index.php\/2023\/10\/27\/semana-da-consciencia-negra-sera-comemorada-em-tubarao\/"]}]},{"@type":"BreadcrumbList","@id":"https:\/\/sulsc.com\/index.php\/2023\/10\/27\/semana-da-consciencia-negra-sera-comemorada-em-tubarao\/#breadcrumb","itemListElement":[{"@type":"ListItem","position":1,"name":"In\u00edcio","item":"https:\/\/sulsc.com\/"},{"@type":"ListItem","position":2,"name":"Semana da Consci\u00eancia Negra ser\u00e1 comemorada em Tubar\u00e3o"}]},{"@type":"WebSite","@id":"https:\/\/sulsc.com\/#website","url":"https:\/\/sulsc.com\/","name":"","description":"","potentialAction":[{"@type":"SearchAction","target":{"@type":"EntryPoint","urlTemplate":"https:\/\/sulsc.com\/?s={search_term_string}"},"query-input":"required name=search_term_string"}],"inLanguage":"en-US"},{"@type":"Person","@id":"https:\/\/sulsc.com\/#\/schema\/person\/84d2fc571684f6248ba83092f07750a3","name":"Reda\u00e7\u00e3o Sul SC","image":{"@type":"ImageObject","inLanguage":"en-US","@id":"https:\/\/sulsc.com\/#\/schema\/person\/image\/e08d7fe2cc4ed596372063bbe852b8d0","url":"https:\/\/sulsc.com\/wp-content\/uploads\/2023\/09\/redacao.png","contentUrl":"https:\/\/sulsc.com\/wp-content\/uploads\/2023\/09\/redacao.png","caption":"Reda\u00e7\u00e3o Sul SC"},"description":"Foco em um jornalismo imparcial, voltado \u00e0 qualidade dos seus conte\u00fados e, assim, levar informa\u00e7\u00e3o de valor que agregue \u00e0 vida dos leitores. Esta \u00e9 grande miss\u00e3o do Portal de Not\u00edcias Sul SC. N\u00e3o \u00e9 quantidade que muda o mundo, sempre foi e seguir\u00e1 sendo qualidade!","sameAs":["https:\/\/sulsc.com\/","https:\/\/www.facebook.com\/profile.php?id=61559278119680","https:\/\/www.instagram.com\/sulscportal\/?hl=pt-br","https:\/\/twitter.com\/https:\/\/twitter.com\/PortalSulSC","https:\/\/www.youtube.com\/channel\/UCv_BE8GeySluDov2n8qhVmw"],"url":"https:\/\/sulsc.com\/index.php\/author\/redacao\/"}]}},"authors":[],"_links":{"self":[{"href":"https:\/\/sulsc.com\/index.php\/wp-json\/wp\/v2\/posts\/2982"}],"collection":[{"href":"https:\/\/sulsc.com\/index.php\/wp-json\/wp\/v2\/posts"}],"about":[{"href":"https:\/\/sulsc.com\/index.php\/wp-json\/wp\/v2\/types\/post"}],"author":[{"embeddable":true,"href":"https:\/\/sulsc.com\/index.php\/wp-json\/wp\/v2\/users\/3"}],"replies":[{"embeddable":true,"href":"https:\/\/sulsc.com\/index.php\/wp-json\/wp\/v2\/comments?post=2982"}],"version-history":[{"count":1,"href":"https:\/\/sulsc.com\/index.php\/wp-json\/wp\/v2\/posts\/2982\/revisions"}],"predecessor-version":[{"id":2985,"href":"https:\/\/sulsc.com\/index.php\/wp-json\/wp\/v2\/posts\/2982\/revisions\/2985"}],"wp:featuredmedia":[{"embeddable":true,"href":"https:\/\/sulsc.com\/index.php\/wp-json\/wp\/v2\/media\/2984"}],"wp:attachment":[{"href":"https:\/\/sulsc.com\/index.php\/wp-json\/wp\/v2\/media?parent=2982"}],"wp:term":[{"taxonomy":"category","embeddable":true,"href":"https:\/\/sulsc.com\/index.php\/wp-json\/wp\/v2\/categories?post=2982"},{"taxonomy":"post_tag","embeddable":true,"href":"https:\/\/sulsc.com\/index.php\/wp-json\/wp\/v2\/tags?post=2982"}],"curies":[{"name":"wp","href":"https:\/\/api.w.org\/{rel}","templated":true}]}}