{"id":29828,"date":"2025-11-18T16:04:38","date_gmt":"2025-11-18T19:04:38","guid":{"rendered":"https:\/\/sulsc.com\/?p=29828"},"modified":"2025-11-18T16:04:38","modified_gmt":"2025-11-18T19:04:38","slug":"pf-deflagra-operacao-mentor-no-combate-a-importacao-ilegal-de-aparelhos-de-telefone-celular-em-sc","status":"publish","type":"post","link":"https:\/\/sulsc.com\/index.php\/2025\/11\/18\/pf-deflagra-operacao-mentor-no-combate-a-importacao-ilegal-de-aparelhos-de-telefone-celular-em-sc\/","title":{"rendered":"PF deflagra &#8220;Opera\u00e7\u00e3o Mentor&#8221; no combate \u00e0 importa\u00e7\u00e3o ilegal de aparelhos de telefone celular em SC"},"content":{"rendered":"<p>Nesta ter\u00e7a-feira (18), a Pol\u00edcia Federal deflagrou a &#8220;<strong>Opera\u00e7\u00e3o Mentor<\/strong>&#8220;, que investiga a importa\u00e7\u00e3o ilegal de aparelhos de telefones celulares em Santa Catarina.\u00a0 Na a\u00e7\u00e3o, est\u00e3o sendo cumpridos quatro mandados de busca e apreens\u00e3o em resid\u00eancias e estabelecimentos comerciais ligados ao grupo criminoso.<\/p>\n<div id=\"metaslider-id-25573\" style=\"width: 100%;\" class=\"ml-slider-3-99-0 metaslider metaslider-flex metaslider-25573 ml-slider has-onhover-arrows ms-theme-default-base has-dots-nav\" role=\"region\" aria-label=\"Meio\" data-width=\"1200\">\n    <div id=\"metaslider_container_25573\">\n        <div id=\"metaslider_25573\">\n            <ul class='slides'>\n                <li style=\"display: block; width: 100%;\" class=\"slide-25684 ms-image \" aria-roledescription=\"slide\" data-date=\"2025-07-24 07:55:40\"><img src=\"https:\/\/sulsc.com\/wp-content\/uploads\/2025\/07\/Marr-2-1000x166.jpg\" height=\"200\" width=\"1200\" alt=\"\" class=\"slider-25573 slide-25684 msDefaultImage\" title=\"Marr 2\" \/><\/li>\n                <li style=\"display: none; width: 100%;\" class=\"slide-32412 ms-image \" aria-roledescription=\"slide\" data-date=\"2026-02-18 13:59:46\"><img src=\"https:\/\/sulsc.com\/wp-content\/uploads\/2026\/02\/40dc1580-cad5-4867-bc58-c4243821ad38-1000x166.jpeg\" height=\"200\" width=\"1200\" alt=\"\" class=\"slider-25573 slide-32412 msDefaultImage\" title=\"40dc1580-cad5-4867-bc58-c4243821ad38\" \/><\/li>\n                <li style=\"display: none; width: 100%;\" class=\"slide-32766 ms-image \" aria-roledescription=\"slide\" data-date=\"2026-03-03 17:22:59\"><img src=\"https:\/\/sulsc.com\/wp-content\/uploads\/2026\/03\/271ce739-f268-41c5-8051-3de1a1750359-1000x166.jpeg\" height=\"200\" width=\"1200\" alt=\"\" class=\"slider-25573 slide-32766 msDefaultImage\" title=\"271ce739-f268-41c5-8051-3de1a1750359\" \/><\/li>\n            <\/ul>\n        <\/div>\n        \n    <\/div>\n<\/div>\n<p>A opera\u00e7\u00e3o ainda contou com o apoio da Receita Federal.\u00a0As investiga\u00e7\u00f5es tiveram in\u00edcio em 2023 quando foi detectada a a\u00e7\u00e3o criminosa de importa\u00e7\u00e3o de aparelhos de telefone celular de forma ilegal, sem o devido pagamento de tributos, os quais eram revendidos nos munic\u00edpios de Florian\u00f3polis\/SC e Joinville\/SC.<\/p>\n<p><img fetchpriority=\"high\" decoding=\"async\" class=\"aligncenter size-full wp-image-29829\" src=\"http:\/\/sulsc.com\/wp-content\/uploads\/2025\/11\/1890174a-19e7-47f1-ab9f-a2d818cf175d.jpeg\" alt=\"\" width=\"768\" height=\"542\" srcset=\"https:\/\/sulsc.com\/wp-content\/uploads\/2025\/11\/1890174a-19e7-47f1-ab9f-a2d818cf175d.jpeg 768w, https:\/\/sulsc.com\/wp-content\/uploads\/2025\/11\/1890174a-19e7-47f1-ab9f-a2d818cf175d-300x212.jpeg 300w\" sizes=\"(max-width: 768px) 100vw, 768px\" \/><\/p>\n<p>Fotos: PF-SC\/Divulga\u00e7\u00e3o\/SulSC<\/p>\n<p>Durante a deflagra\u00e7\u00e3o, os policiais apreenderam dezenas de aparelhos importados de forma ilegal.<\/p>\n<p>Todo o material apreendido foi encaminhado para a Receita Federal para ser avaliado, e os envolvidos poder\u00e3o responder pelo crime de descaminho.<\/p>\n","protected":false},"excerpt":{"rendered":"<p>Nesta ter\u00e7a-feira (18), a Pol\u00edcia Federal deflagrou a &#8220;Opera\u00e7\u00e3o Mentor&#8220;, que investiga a importa\u00e7\u00e3o ilegal de aparelhos de telefones celulares em Santa Catarina.\u00a0 Na a\u00e7\u00e3o, est\u00e3o sendo cumpridos quatro mandados de busca e apreens\u00e3o em resid\u00eancias e estabelecimentos comerciais ligados ao grupo criminoso. A opera\u00e7\u00e3o ainda contou com o apoio da Receita Federal.\u00a0As investiga\u00e7\u00f5es tiveram &hellip;<\/p>\n<p class=\"read-more\"> <a class=\"\" href=\"https:\/\/sulsc.com\/index.php\/2025\/11\/18\/pf-deflagra-operacao-mentor-no-combate-a-importacao-ilegal-de-aparelhos-de-telefone-celular-em-sc\/\"> <span class=\"screen-reader-text\">PF deflagra &#8220;Opera\u00e7\u00e3o Mentor&#8221; no combate \u00e0 importa\u00e7\u00e3o ilegal de aparelhos de telefone celular em SC<\/span> Read More &raquo;<\/a><\/p>\n","protected":false},"author":3,"featured_media":29830,"comment_status":"open","ping_status":"open","sticky":false,"template":"","format":"standard","meta":{"site-sidebar-layout":"default","site-content-layout":"","ast-site-content-layout":"default","site-content-style":"default","site-sidebar-style":"default","ast-global-header-display":"","ast-banner-title-visibility":"","ast-main-header-display":"","ast-hfb-above-header-display":"","ast-hfb-below-header-display":"","ast-hfb-mobile-header-display":"","site-post-title":"","ast-breadcrumbs-content":"","ast-featured-img":"","footer-sml-layout":"","theme-transparent-header-meta":"default","adv-header-id-meta":"","stick-header-meta":"","header-above-stick-meta":"","header-main-stick-meta":"","header-below-stick-meta":"","astra-migrate-meta-layouts":"set","footnotes":""},"categories":[1,2107,14,8],"tags":[2737],"yoast_head":"<!-- This site is optimized with the Yoast SEO plugin v21.4 - https:\/\/yoast.com\/wordpress\/plugins\/seo\/ -->\n<title>PF deflagra &quot;Opera\u00e7\u00e3o Mentor&quot; no combate \u00e0 importa\u00e7\u00e3o ilegal de aparelhos de telefone celular em SC -<\/title>\n<meta name=\"robots\" content=\"index, follow, max-snippet:-1, max-image-preview:large, max-video-preview:-1\" \/>\n<link rel=\"canonical\" href=\"https:\/\/sulsc.com\/index.php\/2025\/11\/18\/pf-deflagra-operacao-mentor-no-combate-a-importacao-ilegal-de-aparelhos-de-telefone-celular-em-sc\/\" \/>\n<meta property=\"og:locale\" content=\"en_US\" \/>\n<meta property=\"og:type\" content=\"article\" \/>\n<meta property=\"og:title\" content=\"PF deflagra &quot;Opera\u00e7\u00e3o Mentor&quot; no combate \u00e0 importa\u00e7\u00e3o ilegal de aparelhos de telefone celular em SC -\" \/>\n<meta property=\"og:description\" content=\"Nesta ter\u00e7a-feira (18), a Pol\u00edcia Federal deflagrou a &#8220;Opera\u00e7\u00e3o Mentor&#8220;, que investiga a importa\u00e7\u00e3o ilegal de aparelhos de telefones celulares em Santa Catarina.\u00a0 Na a\u00e7\u00e3o, est\u00e3o sendo cumpridos quatro mandados de busca e apreens\u00e3o em resid\u00eancias e estabelecimentos comerciais ligados ao grupo criminoso. A opera\u00e7\u00e3o ainda contou com o apoio da Receita Federal.\u00a0As investiga\u00e7\u00f5es tiveram &hellip; PF deflagra &#8220;Opera\u00e7\u00e3o Mentor&#8221; no combate \u00e0 importa\u00e7\u00e3o ilegal de aparelhos de telefone celular em SC Read More &raquo;\" \/>\n<meta property=\"og:url\" content=\"https:\/\/sulsc.com\/index.php\/2025\/11\/18\/pf-deflagra-operacao-mentor-no-combate-a-importacao-ilegal-de-aparelhos-de-telefone-celular-em-sc\/\" \/>\n<meta property=\"article:author\" content=\"https:\/\/www.facebook.com\/profile.php?id=61559278119680\" \/>\n<meta property=\"article:published_time\" content=\"2025-11-18T19:04:38+00:00\" \/>\n<meta property=\"og:image\" content=\"http:\/\/sulsc.com\/wp-content\/uploads\/2025\/11\/4edd30f5-a89c-4ce0-bdb4-462ee56366ab.jpeg\" \/>\n\t<meta property=\"og:image:width\" content=\"768\" \/>\n\t<meta property=\"og:image:height\" content=\"597\" \/>\n\t<meta property=\"og:image:type\" content=\"image\/jpeg\" \/>\n<meta name=\"author\" content=\"Reda\u00e7\u00e3o Sul SC\" \/>\n<meta name=\"twitter:card\" content=\"summary_large_image\" \/>\n<meta name=\"twitter:creator\" content=\"@https:\/\/twitter.com\/PortalSulSC\" \/>\n<meta name=\"twitter:label1\" content=\"Written by\" \/>\n\t<meta name=\"twitter:data1\" content=\"Reda\u00e7\u00e3o Sul SC\" \/>\n\t<meta name=\"twitter:label2\" content=\"Est. reading time\" \/>\n\t<meta name=\"twitter:data2\" content=\"1 minute\" \/>\n<script type=\"application\/ld+json\" class=\"yoast-schema-graph\">{\"@context\":\"https:\/\/schema.org\",\"@graph\":[{\"@type\":\"WebPage\",\"@id\":\"https:\/\/sulsc.com\/index.php\/2025\/11\/18\/pf-deflagra-operacao-mentor-no-combate-a-importacao-ilegal-de-aparelhos-de-telefone-celular-em-sc\/\",\"url\":\"https:\/\/sulsc.com\/index.php\/2025\/11\/18\/pf-deflagra-operacao-mentor-no-combate-a-importacao-ilegal-de-aparelhos-de-telefone-celular-em-sc\/\",\"name\":\"PF deflagra \\\"Opera\u00e7\u00e3o Mentor\\\" no combate \u00e0 importa\u00e7\u00e3o ilegal de aparelhos de telefone celular em SC -\",\"isPartOf\":{\"@id\":\"https:\/\/sulsc.com\/#website\"},\"datePublished\":\"2025-11-18T19:04:38+00:00\",\"dateModified\":\"2025-11-18T19:04:38+00:00\",\"author\":{\"@id\":\"https:\/\/sulsc.com\/#\/schema\/person\/84d2fc571684f6248ba83092f07750a3\"},\"breadcrumb\":{\"@id\":\"https:\/\/sulsc.com\/index.php\/2025\/11\/18\/pf-deflagra-operacao-mentor-no-combate-a-importacao-ilegal-de-aparelhos-de-telefone-celular-em-sc\/#breadcrumb\"},\"inLanguage\":\"en-US\",\"potentialAction\":[{\"@type\":\"ReadAction\",\"target\":[\"https:\/\/sulsc.com\/index.php\/2025\/11\/18\/pf-deflagra-operacao-mentor-no-combate-a-importacao-ilegal-de-aparelhos-de-telefone-celular-em-sc\/\"]}]},{\"@type\":\"BreadcrumbList\",\"@id\":\"https:\/\/sulsc.com\/index.php\/2025\/11\/18\/pf-deflagra-operacao-mentor-no-combate-a-importacao-ilegal-de-aparelhos-de-telefone-celular-em-sc\/#breadcrumb\",\"itemListElement\":[{\"@type\":\"ListItem\",\"position\":1,\"name\":\"In\u00edcio\",\"item\":\"https:\/\/sulsc.com\/\"},{\"@type\":\"ListItem\",\"position\":2,\"name\":\"PF deflagra &#8220;Opera\u00e7\u00e3o Mentor&#8221; no combate \u00e0 importa\u00e7\u00e3o ilegal de aparelhos de telefone celular em SC\"}]},{\"@type\":\"WebSite\",\"@id\":\"https:\/\/sulsc.com\/#website\",\"url\":\"https:\/\/sulsc.com\/\",\"name\":\"\",\"description\":\"\",\"potentialAction\":[{\"@type\":\"SearchAction\",\"target\":{\"@type\":\"EntryPoint\",\"urlTemplate\":\"https:\/\/sulsc.com\/?s={search_term_string}\"},\"query-input\":\"required name=search_term_string\"}],\"inLanguage\":\"en-US\"},{\"@type\":\"Person\",\"@id\":\"https:\/\/sulsc.com\/#\/schema\/person\/84d2fc571684f6248ba83092f07750a3\",\"name\":\"Reda\u00e7\u00e3o Sul SC\",\"image\":{\"@type\":\"ImageObject\",\"inLanguage\":\"en-US\",\"@id\":\"https:\/\/sulsc.com\/#\/schema\/person\/image\/e08d7fe2cc4ed596372063bbe852b8d0\",\"url\":\"https:\/\/sulsc.com\/wp-content\/uploads\/2023\/09\/redacao.png\",\"contentUrl\":\"https:\/\/sulsc.com\/wp-content\/uploads\/2023\/09\/redacao.png\",\"caption\":\"Reda\u00e7\u00e3o Sul SC\"},\"description\":\"Foco em um jornalismo imparcial, voltado \u00e0 qualidade dos seus conte\u00fados e, assim, levar informa\u00e7\u00e3o de valor que agregue \u00e0 vida dos leitores. Esta \u00e9 grande miss\u00e3o do Portal de Not\u00edcias Sul SC. N\u00e3o \u00e9 quantidade que muda o mundo, sempre foi e seguir\u00e1 sendo qualidade!\",\"sameAs\":[\"https:\/\/sulsc.com\/\",\"https:\/\/www.facebook.com\/profile.php?id=61559278119680\",\"https:\/\/www.instagram.com\/sulscportal\/?hl=pt-br\",\"https:\/\/twitter.com\/https:\/\/twitter.com\/PortalSulSC\",\"https:\/\/www.youtube.com\/channel\/UCv_BE8GeySluDov2n8qhVmw\"],\"url\":\"https:\/\/sulsc.com\/index.php\/author\/redacao\/\"}]}<\/script>\n<!-- \/ Yoast SEO plugin. -->","yoast_head_json":{"title":"PF deflagra \"Opera\u00e7\u00e3o Mentor\" no combate \u00e0 importa\u00e7\u00e3o ilegal de aparelhos de telefone celular em SC -","robots":{"index":"index","follow":"follow","max-snippet":"max-snippet:-1","max-image-preview":"max-image-preview:large","max-video-preview":"max-video-preview:-1"},"canonical":"https:\/\/sulsc.com\/index.php\/2025\/11\/18\/pf-deflagra-operacao-mentor-no-combate-a-importacao-ilegal-de-aparelhos-de-telefone-celular-em-sc\/","og_locale":"en_US","og_type":"article","og_title":"PF deflagra \"Opera\u00e7\u00e3o Mentor\" no combate \u00e0 importa\u00e7\u00e3o ilegal de aparelhos de telefone celular em SC -","og_description":"Nesta ter\u00e7a-feira (18), a Pol\u00edcia Federal deflagrou a &#8220;Opera\u00e7\u00e3o Mentor&#8220;, que investiga a importa\u00e7\u00e3o ilegal de aparelhos de telefones celulares em Santa Catarina.\u00a0 Na a\u00e7\u00e3o, est\u00e3o sendo cumpridos quatro mandados de busca e apreens\u00e3o em resid\u00eancias e estabelecimentos comerciais ligados ao grupo criminoso. A opera\u00e7\u00e3o ainda contou com o apoio da Receita Federal.\u00a0As investiga\u00e7\u00f5es tiveram &hellip; PF deflagra &#8220;Opera\u00e7\u00e3o Mentor&#8221; no combate \u00e0 importa\u00e7\u00e3o ilegal de aparelhos de telefone celular em SC Read More &raquo;","og_url":"https:\/\/sulsc.com\/index.php\/2025\/11\/18\/pf-deflagra-operacao-mentor-no-combate-a-importacao-ilegal-de-aparelhos-de-telefone-celular-em-sc\/","article_author":"https:\/\/www.facebook.com\/profile.php?id=61559278119680","article_published_time":"2025-11-18T19:04:38+00:00","og_image":[{"width":768,"height":597,"url":"http:\/\/sulsc.com\/wp-content\/uploads\/2025\/11\/4edd30f5-a89c-4ce0-bdb4-462ee56366ab.jpeg","type":"image\/jpeg"}],"author":"Reda\u00e7\u00e3o Sul SC","twitter_card":"summary_large_image","twitter_creator":"@https:\/\/twitter.com\/PortalSulSC","twitter_misc":{"Written by":"Reda\u00e7\u00e3o Sul SC","Est. reading time":"1 minute"},"schema":{"@context":"https:\/\/schema.org","@graph":[{"@type":"WebPage","@id":"https:\/\/sulsc.com\/index.php\/2025\/11\/18\/pf-deflagra-operacao-mentor-no-combate-a-importacao-ilegal-de-aparelhos-de-telefone-celular-em-sc\/","url":"https:\/\/sulsc.com\/index.php\/2025\/11\/18\/pf-deflagra-operacao-mentor-no-combate-a-importacao-ilegal-de-aparelhos-de-telefone-celular-em-sc\/","name":"PF deflagra \"Opera\u00e7\u00e3o Mentor\" no combate \u00e0 importa\u00e7\u00e3o ilegal de aparelhos de telefone celular em SC -","isPartOf":{"@id":"https:\/\/sulsc.com\/#website"},"datePublished":"2025-11-18T19:04:38+00:00","dateModified":"2025-11-18T19:04:38+00:00","author":{"@id":"https:\/\/sulsc.com\/#\/schema\/person\/84d2fc571684f6248ba83092f07750a3"},"breadcrumb":{"@id":"https:\/\/sulsc.com\/index.php\/2025\/11\/18\/pf-deflagra-operacao-mentor-no-combate-a-importacao-ilegal-de-aparelhos-de-telefone-celular-em-sc\/#breadcrumb"},"inLanguage":"en-US","potentialAction":[{"@type":"ReadAction","target":["https:\/\/sulsc.com\/index.php\/2025\/11\/18\/pf-deflagra-operacao-mentor-no-combate-a-importacao-ilegal-de-aparelhos-de-telefone-celular-em-sc\/"]}]},{"@type":"BreadcrumbList","@id":"https:\/\/sulsc.com\/index.php\/2025\/11\/18\/pf-deflagra-operacao-mentor-no-combate-a-importacao-ilegal-de-aparelhos-de-telefone-celular-em-sc\/#breadcrumb","itemListElement":[{"@type":"ListItem","position":1,"name":"In\u00edcio","item":"https:\/\/sulsc.com\/"},{"@type":"ListItem","position":2,"name":"PF deflagra &#8220;Opera\u00e7\u00e3o Mentor&#8221; no combate \u00e0 importa\u00e7\u00e3o ilegal de aparelhos de telefone celular em SC"}]},{"@type":"WebSite","@id":"https:\/\/sulsc.com\/#website","url":"https:\/\/sulsc.com\/","name":"","description":"","potentialAction":[{"@type":"SearchAction","target":{"@type":"EntryPoint","urlTemplate":"https:\/\/sulsc.com\/?s={search_term_string}"},"query-input":"required name=search_term_string"}],"inLanguage":"en-US"},{"@type":"Person","@id":"https:\/\/sulsc.com\/#\/schema\/person\/84d2fc571684f6248ba83092f07750a3","name":"Reda\u00e7\u00e3o Sul SC","image":{"@type":"ImageObject","inLanguage":"en-US","@id":"https:\/\/sulsc.com\/#\/schema\/person\/image\/e08d7fe2cc4ed596372063bbe852b8d0","url":"https:\/\/sulsc.com\/wp-content\/uploads\/2023\/09\/redacao.png","contentUrl":"https:\/\/sulsc.com\/wp-content\/uploads\/2023\/09\/redacao.png","caption":"Reda\u00e7\u00e3o Sul SC"},"description":"Foco em um jornalismo imparcial, voltado \u00e0 qualidade dos seus conte\u00fados e, assim, levar informa\u00e7\u00e3o de valor que agregue \u00e0 vida dos leitores. Esta \u00e9 grande miss\u00e3o do Portal de Not\u00edcias Sul SC. N\u00e3o \u00e9 quantidade que muda o mundo, sempre foi e seguir\u00e1 sendo qualidade!","sameAs":["https:\/\/sulsc.com\/","https:\/\/www.facebook.com\/profile.php?id=61559278119680","https:\/\/www.instagram.com\/sulscportal\/?hl=pt-br","https:\/\/twitter.com\/https:\/\/twitter.com\/PortalSulSC","https:\/\/www.youtube.com\/channel\/UCv_BE8GeySluDov2n8qhVmw"],"url":"https:\/\/sulsc.com\/index.php\/author\/redacao\/"}]}},"authors":[],"_links":{"self":[{"href":"https:\/\/sulsc.com\/index.php\/wp-json\/wp\/v2\/posts\/29828"}],"collection":[{"href":"https:\/\/sulsc.com\/index.php\/wp-json\/wp\/v2\/posts"}],"about":[{"href":"https:\/\/sulsc.com\/index.php\/wp-json\/wp\/v2\/types\/post"}],"author":[{"embeddable":true,"href":"https:\/\/sulsc.com\/index.php\/wp-json\/wp\/v2\/users\/3"}],"replies":[{"embeddable":true,"href":"https:\/\/sulsc.com\/index.php\/wp-json\/wp\/v2\/comments?post=29828"}],"version-history":[{"count":1,"href":"https:\/\/sulsc.com\/index.php\/wp-json\/wp\/v2\/posts\/29828\/revisions"}],"predecessor-version":[{"id":29831,"href":"https:\/\/sulsc.com\/index.php\/wp-json\/wp\/v2\/posts\/29828\/revisions\/29831"}],"wp:featuredmedia":[{"embeddable":true,"href":"https:\/\/sulsc.com\/index.php\/wp-json\/wp\/v2\/media\/29830"}],"wp:attachment":[{"href":"https:\/\/sulsc.com\/index.php\/wp-json\/wp\/v2\/media?parent=29828"}],"wp:term":[{"taxonomy":"category","embeddable":true,"href":"https:\/\/sulsc.com\/index.php\/wp-json\/wp\/v2\/categories?post=29828"},{"taxonomy":"post_tag","embeddable":true,"href":"https:\/\/sulsc.com\/index.php\/wp-json\/wp\/v2\/tags?post=29828"}],"curies":[{"name":"wp","href":"https:\/\/api.w.org\/{rel}","templated":true}]}}