{"id":29832,"date":"2025-11-18T16:18:26","date_gmt":"2025-11-18T19:18:26","guid":{"rendered":"https:\/\/sulsc.com\/?p=29832"},"modified":"2025-11-18T16:18:26","modified_gmt":"2025-11-18T19:18:26","slug":"comunidade-terapeutica-em-garopaba-e-interditada-pelo-mpsc-por-carcere-privado","status":"publish","type":"post","link":"https:\/\/sulsc.com\/index.php\/2025\/11\/18\/comunidade-terapeutica-em-garopaba-e-interditada-pelo-mpsc-por-carcere-privado\/","title":{"rendered":"Comunidade terap\u00eautica em Garopaba \u00e9 interditada pelo MPSC por c\u00e1rcere privado"},"content":{"rendered":"<p>O Minist\u00e9rio P\u00fablico SC nesta segunda-feira (17), chegou ao local ap\u00f3s den\u00fancias de que pacientes estavam sendo mantidos contra a vontade, sem respaldo legal para interna\u00e7\u00e3o involunt\u00e1ria. A fiscaliza\u00e7\u00e3o confirmou que os internos eram levados \u00e0 for\u00e7a, em uma pr\u00e1tica conhecida como \u201cresgate\u201d, e impedidos de sair at\u00e9 completarem um tempo m\u00e9dio de tr\u00eas meses.<\/p>\n<p>Cinco funcion\u00e1rios foram presos em flagrante por c\u00e1rcere privado, durante uma fiscaliza\u00e7\u00e3o realizada pelo Minist\u00e9rio P\u00fablico de Santa Catarina (MPSC). A cl\u00ednica de Garopaba foi interditada parcialmente, segundo o <strong>Promotor de Justi\u00e7a Guilherme Brito Laus Simas,<\/strong> que coordenou a a\u00e7\u00e3o com suporte do Centro de Apoio Operacional da Sa\u00fade P\u00fablica (CSP) do MPSC.<\/p>\n<p><strong>\u201c<\/strong>Nenhum deles possu\u00eda laudo m\u00e9dico que justificasse a perman\u00eancia compuls\u00f3ria. O local s\u00f3 poderia receber interna\u00e7\u00f5es volunt\u00e1rias<strong>\u201d, explicou Simas.<\/strong><\/p>\n<p>Durante a inspe\u00e7\u00e3o, os internos relataram epis\u00f3dios de viol\u00eancia f\u00edsica e psicol\u00f3gica, alimenta\u00e7\u00e3o insuficiente, falta de higiene no preparo dos alimentos e uso de medica\u00e7\u00e3o for\u00e7ada como forma de puni\u00e7\u00e3o, o que os deixava inconscientes.<\/p>\n<p><strong>\u201c<\/strong>Os relatos de sequestro, viol\u00eancia e medica\u00e7\u00e3o for\u00e7ada s\u00e3o grav\u00edssimos e exigem resposta imediata do sistema de justi\u00e7a e da rede de prote\u00e7\u00e3o<strong>\u201d, afirmou o Promotor.<\/strong><\/p>\n<p><img fetchpriority=\"high\" decoding=\"async\" class=\"aligncenter size-full wp-image-29833\" src=\"http:\/\/sulsc.com\/wp-content\/uploads\/2025\/11\/Media.jpg\" alt=\"\" width=\"960\" height=\"1280\" srcset=\"https:\/\/sulsc.com\/wp-content\/uploads\/2025\/11\/Media.jpg 960w, https:\/\/sulsc.com\/wp-content\/uploads\/2025\/11\/Media-225x300.jpg 225w, https:\/\/sulsc.com\/wp-content\/uploads\/2025\/11\/Media-768x1024.jpg 768w\" sizes=\"(max-width: 960px) 100vw, 960px\" \/><\/p>\n<p>Foto\/MPSC\/Divulga\u00e7\u00e3o\/SulSC<\/p>\n<p>Ao todo, 35 pessoas estavam internadas na institui\u00e7\u00e3o, que cobrava entre R$ 2 mil e R$ 5 mil mensais por paciente. Desses, 22 manifestaram desejo de sair e foram encaminhados \u00e0 assist\u00eancia social do munic\u00edpio. As equipes tamb\u00e9m entraram em contato com os familiares para organizar o retorno dos pacientes \u00e0s suas casas. Os que optaram por permanecer voluntariamente foram autorizados a ficar.<\/p>\n<p>Os cinco funcion\u00e1rios presos foram encaminhados ao pres\u00eddio e passar\u00e3o por audi\u00eancia de cust\u00f3dia. Tamb\u00e9m participaram da a\u00e7\u00e3o as Vigil\u00e2ncias Sanit\u00e1rias municipal e regional, os Conselhos Regionais de Medicina e Psicologia, a Assist\u00eancia Social municipal, al\u00e9m das Pol\u00edcias Civil e Militar.<\/p>\n","protected":false},"excerpt":{"rendered":"<p>O Minist\u00e9rio P\u00fablico SC nesta segunda-feira (17), chegou ao local ap\u00f3s den\u00fancias de que pacientes estavam sendo mantidos contra a vontade, sem respaldo legal para interna\u00e7\u00e3o involunt\u00e1ria. A fiscaliza\u00e7\u00e3o confirmou que os internos eram levados \u00e0 for\u00e7a, em uma pr\u00e1tica conhecida como \u201cresgate\u201d, e impedidos de sair at\u00e9 completarem um tempo m\u00e9dio de tr\u00eas meses. &hellip;<\/p>\n<p class=\"read-more\"> <a class=\"\" href=\"https:\/\/sulsc.com\/index.php\/2025\/11\/18\/comunidade-terapeutica-em-garopaba-e-interditada-pelo-mpsc-por-carcere-privado\/\"> <span class=\"screen-reader-text\">Comunidade terap\u00eautica em Garopaba \u00e9 interditada pelo MPSC por c\u00e1rcere privado<\/span> Read More &raquo;<\/a><\/p>\n","protected":false},"author":3,"featured_media":29833,"comment_status":"open","ping_status":"open","sticky":false,"template":"","format":"standard","meta":{"site-sidebar-layout":"default","site-content-layout":"","ast-site-content-layout":"default","site-content-style":"default","site-sidebar-style":"default","ast-global-header-display":"","ast-banner-title-visibility":"","ast-main-header-display":"","ast-hfb-above-header-display":"","ast-hfb-below-header-display":"","ast-hfb-mobile-header-display":"","site-post-title":"","ast-breadcrumbs-content":"","ast-featured-img":"","footer-sml-layout":"","theme-transparent-header-meta":"default","adv-header-id-meta":"","stick-header-meta":"","header-above-stick-meta":"","header-main-stick-meta":"","header-below-stick-meta":"","astra-migrate-meta-layouts":"set","footnotes":""},"categories":[2231,1982,1,2313,14,8,12],"tags":[2738,100],"yoast_head":"<!-- This site is optimized with the Yoast SEO plugin v21.4 - https:\/\/yoast.com\/wordpress\/plugins\/seo\/ -->\n<title>Comunidade terap\u00eautica em Garopaba \u00e9 interditada pelo MPSC por c\u00e1rcere privado -<\/title>\n<meta name=\"robots\" content=\"index, follow, max-snippet:-1, max-image-preview:large, max-video-preview:-1\" \/>\n<link rel=\"canonical\" href=\"https:\/\/sulsc.com\/index.php\/2025\/11\/18\/comunidade-terapeutica-em-garopaba-e-interditada-pelo-mpsc-por-carcere-privado\/\" \/>\n<meta property=\"og:locale\" content=\"en_US\" \/>\n<meta property=\"og:type\" content=\"article\" \/>\n<meta property=\"og:title\" content=\"Comunidade terap\u00eautica em Garopaba \u00e9 interditada pelo MPSC por c\u00e1rcere privado -\" \/>\n<meta property=\"og:description\" content=\"O Minist\u00e9rio P\u00fablico SC nesta segunda-feira (17), chegou ao local ap\u00f3s den\u00fancias de que pacientes estavam sendo mantidos contra a vontade, sem respaldo legal para interna\u00e7\u00e3o involunt\u00e1ria. A fiscaliza\u00e7\u00e3o confirmou que os internos eram levados \u00e0 for\u00e7a, em uma pr\u00e1tica conhecida como \u201cresgate\u201d, e impedidos de sair at\u00e9 completarem um tempo m\u00e9dio de tr\u00eas meses. &hellip; Comunidade terap\u00eautica em Garopaba \u00e9 interditada pelo MPSC por c\u00e1rcere privado Read More &raquo;\" \/>\n<meta property=\"og:url\" content=\"https:\/\/sulsc.com\/index.php\/2025\/11\/18\/comunidade-terapeutica-em-garopaba-e-interditada-pelo-mpsc-por-carcere-privado\/\" \/>\n<meta property=\"article:author\" content=\"https:\/\/www.facebook.com\/profile.php?id=61559278119680\" \/>\n<meta property=\"article:published_time\" content=\"2025-11-18T19:18:26+00:00\" \/>\n<meta property=\"og:image\" content=\"http:\/\/sulsc.com\/wp-content\/uploads\/2025\/11\/Media.jpg\" \/>\n\t<meta property=\"og:image:width\" content=\"960\" \/>\n\t<meta property=\"og:image:height\" content=\"1280\" \/>\n\t<meta property=\"og:image:type\" content=\"image\/jpeg\" \/>\n<meta name=\"author\" content=\"Reda\u00e7\u00e3o Sul SC\" \/>\n<meta name=\"twitter:card\" content=\"summary_large_image\" \/>\n<meta name=\"twitter:creator\" content=\"@https:\/\/twitter.com\/PortalSulSC\" \/>\n<meta name=\"twitter:label1\" content=\"Written by\" \/>\n\t<meta name=\"twitter:data1\" content=\"Reda\u00e7\u00e3o Sul SC\" \/>\n\t<meta name=\"twitter:label2\" content=\"Est. reading time\" \/>\n\t<meta name=\"twitter:data2\" content=\"2 minutes\" \/>\n<script type=\"application\/ld+json\" class=\"yoast-schema-graph\">{\"@context\":\"https:\/\/schema.org\",\"@graph\":[{\"@type\":\"WebPage\",\"@id\":\"https:\/\/sulsc.com\/index.php\/2025\/11\/18\/comunidade-terapeutica-em-garopaba-e-interditada-pelo-mpsc-por-carcere-privado\/\",\"url\":\"https:\/\/sulsc.com\/index.php\/2025\/11\/18\/comunidade-terapeutica-em-garopaba-e-interditada-pelo-mpsc-por-carcere-privado\/\",\"name\":\"Comunidade terap\u00eautica em Garopaba \u00e9 interditada pelo MPSC por c\u00e1rcere privado -\",\"isPartOf\":{\"@id\":\"https:\/\/sulsc.com\/#website\"},\"datePublished\":\"2025-11-18T19:18:26+00:00\",\"dateModified\":\"2025-11-18T19:18:26+00:00\",\"author\":{\"@id\":\"https:\/\/sulsc.com\/#\/schema\/person\/84d2fc571684f6248ba83092f07750a3\"},\"breadcrumb\":{\"@id\":\"https:\/\/sulsc.com\/index.php\/2025\/11\/18\/comunidade-terapeutica-em-garopaba-e-interditada-pelo-mpsc-por-carcere-privado\/#breadcrumb\"},\"inLanguage\":\"en-US\",\"potentialAction\":[{\"@type\":\"ReadAction\",\"target\":[\"https:\/\/sulsc.com\/index.php\/2025\/11\/18\/comunidade-terapeutica-em-garopaba-e-interditada-pelo-mpsc-por-carcere-privado\/\"]}]},{\"@type\":\"BreadcrumbList\",\"@id\":\"https:\/\/sulsc.com\/index.php\/2025\/11\/18\/comunidade-terapeutica-em-garopaba-e-interditada-pelo-mpsc-por-carcere-privado\/#breadcrumb\",\"itemListElement\":[{\"@type\":\"ListItem\",\"position\":1,\"name\":\"In\u00edcio\",\"item\":\"https:\/\/sulsc.com\/\"},{\"@type\":\"ListItem\",\"position\":2,\"name\":\"Comunidade terap\u00eautica em Garopaba \u00e9 interditada pelo MPSC por c\u00e1rcere privado\"}]},{\"@type\":\"WebSite\",\"@id\":\"https:\/\/sulsc.com\/#website\",\"url\":\"https:\/\/sulsc.com\/\",\"name\":\"\",\"description\":\"\",\"potentialAction\":[{\"@type\":\"SearchAction\",\"target\":{\"@type\":\"EntryPoint\",\"urlTemplate\":\"https:\/\/sulsc.com\/?s={search_term_string}\"},\"query-input\":\"required name=search_term_string\"}],\"inLanguage\":\"en-US\"},{\"@type\":\"Person\",\"@id\":\"https:\/\/sulsc.com\/#\/schema\/person\/84d2fc571684f6248ba83092f07750a3\",\"name\":\"Reda\u00e7\u00e3o Sul SC\",\"image\":{\"@type\":\"ImageObject\",\"inLanguage\":\"en-US\",\"@id\":\"https:\/\/sulsc.com\/#\/schema\/person\/image\/e08d7fe2cc4ed596372063bbe852b8d0\",\"url\":\"https:\/\/sulsc.com\/wp-content\/uploads\/2023\/09\/redacao.png\",\"contentUrl\":\"https:\/\/sulsc.com\/wp-content\/uploads\/2023\/09\/redacao.png\",\"caption\":\"Reda\u00e7\u00e3o Sul SC\"},\"description\":\"Foco em um jornalismo imparcial, voltado \u00e0 qualidade dos seus conte\u00fados e, assim, levar informa\u00e7\u00e3o de valor que agregue \u00e0 vida dos leitores. Esta \u00e9 grande miss\u00e3o do Portal de Not\u00edcias Sul SC. N\u00e3o \u00e9 quantidade que muda o mundo, sempre foi e seguir\u00e1 sendo qualidade!\",\"sameAs\":[\"https:\/\/sulsc.com\/\",\"https:\/\/www.facebook.com\/profile.php?id=61559278119680\",\"https:\/\/www.instagram.com\/sulscportal\/?hl=pt-br\",\"https:\/\/twitter.com\/https:\/\/twitter.com\/PortalSulSC\",\"https:\/\/www.youtube.com\/channel\/UCv_BE8GeySluDov2n8qhVmw\"],\"url\":\"https:\/\/sulsc.com\/index.php\/author\/redacao\/\"}]}<\/script>\n<!-- \/ Yoast SEO plugin. -->","yoast_head_json":{"title":"Comunidade terap\u00eautica em Garopaba \u00e9 interditada pelo MPSC por c\u00e1rcere privado -","robots":{"index":"index","follow":"follow","max-snippet":"max-snippet:-1","max-image-preview":"max-image-preview:large","max-video-preview":"max-video-preview:-1"},"canonical":"https:\/\/sulsc.com\/index.php\/2025\/11\/18\/comunidade-terapeutica-em-garopaba-e-interditada-pelo-mpsc-por-carcere-privado\/","og_locale":"en_US","og_type":"article","og_title":"Comunidade terap\u00eautica em Garopaba \u00e9 interditada pelo MPSC por c\u00e1rcere privado -","og_description":"O Minist\u00e9rio P\u00fablico SC nesta segunda-feira (17), chegou ao local ap\u00f3s den\u00fancias de que pacientes estavam sendo mantidos contra a vontade, sem respaldo legal para interna\u00e7\u00e3o involunt\u00e1ria. A fiscaliza\u00e7\u00e3o confirmou que os internos eram levados \u00e0 for\u00e7a, em uma pr\u00e1tica conhecida como \u201cresgate\u201d, e impedidos de sair at\u00e9 completarem um tempo m\u00e9dio de tr\u00eas meses. &hellip; Comunidade terap\u00eautica em Garopaba \u00e9 interditada pelo MPSC por c\u00e1rcere privado Read More &raquo;","og_url":"https:\/\/sulsc.com\/index.php\/2025\/11\/18\/comunidade-terapeutica-em-garopaba-e-interditada-pelo-mpsc-por-carcere-privado\/","article_author":"https:\/\/www.facebook.com\/profile.php?id=61559278119680","article_published_time":"2025-11-18T19:18:26+00:00","og_image":[{"width":960,"height":1280,"url":"http:\/\/sulsc.com\/wp-content\/uploads\/2025\/11\/Media.jpg","type":"image\/jpeg"}],"author":"Reda\u00e7\u00e3o Sul SC","twitter_card":"summary_large_image","twitter_creator":"@https:\/\/twitter.com\/PortalSulSC","twitter_misc":{"Written by":"Reda\u00e7\u00e3o Sul SC","Est. reading time":"2 minutes"},"schema":{"@context":"https:\/\/schema.org","@graph":[{"@type":"WebPage","@id":"https:\/\/sulsc.com\/index.php\/2025\/11\/18\/comunidade-terapeutica-em-garopaba-e-interditada-pelo-mpsc-por-carcere-privado\/","url":"https:\/\/sulsc.com\/index.php\/2025\/11\/18\/comunidade-terapeutica-em-garopaba-e-interditada-pelo-mpsc-por-carcere-privado\/","name":"Comunidade terap\u00eautica em Garopaba \u00e9 interditada pelo MPSC por c\u00e1rcere privado -","isPartOf":{"@id":"https:\/\/sulsc.com\/#website"},"datePublished":"2025-11-18T19:18:26+00:00","dateModified":"2025-11-18T19:18:26+00:00","author":{"@id":"https:\/\/sulsc.com\/#\/schema\/person\/84d2fc571684f6248ba83092f07750a3"},"breadcrumb":{"@id":"https:\/\/sulsc.com\/index.php\/2025\/11\/18\/comunidade-terapeutica-em-garopaba-e-interditada-pelo-mpsc-por-carcere-privado\/#breadcrumb"},"inLanguage":"en-US","potentialAction":[{"@type":"ReadAction","target":["https:\/\/sulsc.com\/index.php\/2025\/11\/18\/comunidade-terapeutica-em-garopaba-e-interditada-pelo-mpsc-por-carcere-privado\/"]}]},{"@type":"BreadcrumbList","@id":"https:\/\/sulsc.com\/index.php\/2025\/11\/18\/comunidade-terapeutica-em-garopaba-e-interditada-pelo-mpsc-por-carcere-privado\/#breadcrumb","itemListElement":[{"@type":"ListItem","position":1,"name":"In\u00edcio","item":"https:\/\/sulsc.com\/"},{"@type":"ListItem","position":2,"name":"Comunidade terap\u00eautica em Garopaba \u00e9 interditada pelo MPSC por c\u00e1rcere privado"}]},{"@type":"WebSite","@id":"https:\/\/sulsc.com\/#website","url":"https:\/\/sulsc.com\/","name":"","description":"","potentialAction":[{"@type":"SearchAction","target":{"@type":"EntryPoint","urlTemplate":"https:\/\/sulsc.com\/?s={search_term_string}"},"query-input":"required name=search_term_string"}],"inLanguage":"en-US"},{"@type":"Person","@id":"https:\/\/sulsc.com\/#\/schema\/person\/84d2fc571684f6248ba83092f07750a3","name":"Reda\u00e7\u00e3o Sul SC","image":{"@type":"ImageObject","inLanguage":"en-US","@id":"https:\/\/sulsc.com\/#\/schema\/person\/image\/e08d7fe2cc4ed596372063bbe852b8d0","url":"https:\/\/sulsc.com\/wp-content\/uploads\/2023\/09\/redacao.png","contentUrl":"https:\/\/sulsc.com\/wp-content\/uploads\/2023\/09\/redacao.png","caption":"Reda\u00e7\u00e3o Sul SC"},"description":"Foco em um jornalismo imparcial, voltado \u00e0 qualidade dos seus conte\u00fados e, assim, levar informa\u00e7\u00e3o de valor que agregue \u00e0 vida dos leitores. Esta \u00e9 grande miss\u00e3o do Portal de Not\u00edcias Sul SC. N\u00e3o \u00e9 quantidade que muda o mundo, sempre foi e seguir\u00e1 sendo qualidade!","sameAs":["https:\/\/sulsc.com\/","https:\/\/www.facebook.com\/profile.php?id=61559278119680","https:\/\/www.instagram.com\/sulscportal\/?hl=pt-br","https:\/\/twitter.com\/https:\/\/twitter.com\/PortalSulSC","https:\/\/www.youtube.com\/channel\/UCv_BE8GeySluDov2n8qhVmw"],"url":"https:\/\/sulsc.com\/index.php\/author\/redacao\/"}]}},"authors":[],"_links":{"self":[{"href":"https:\/\/sulsc.com\/index.php\/wp-json\/wp\/v2\/posts\/29832"}],"collection":[{"href":"https:\/\/sulsc.com\/index.php\/wp-json\/wp\/v2\/posts"}],"about":[{"href":"https:\/\/sulsc.com\/index.php\/wp-json\/wp\/v2\/types\/post"}],"author":[{"embeddable":true,"href":"https:\/\/sulsc.com\/index.php\/wp-json\/wp\/v2\/users\/3"}],"replies":[{"embeddable":true,"href":"https:\/\/sulsc.com\/index.php\/wp-json\/wp\/v2\/comments?post=29832"}],"version-history":[{"count":1,"href":"https:\/\/sulsc.com\/index.php\/wp-json\/wp\/v2\/posts\/29832\/revisions"}],"predecessor-version":[{"id":29834,"href":"https:\/\/sulsc.com\/index.php\/wp-json\/wp\/v2\/posts\/29832\/revisions\/29834"}],"wp:featuredmedia":[{"embeddable":true,"href":"https:\/\/sulsc.com\/index.php\/wp-json\/wp\/v2\/media\/29833"}],"wp:attachment":[{"href":"https:\/\/sulsc.com\/index.php\/wp-json\/wp\/v2\/media?parent=29832"}],"wp:term":[{"taxonomy":"category","embeddable":true,"href":"https:\/\/sulsc.com\/index.php\/wp-json\/wp\/v2\/categories?post=29832"},{"taxonomy":"post_tag","embeddable":true,"href":"https:\/\/sulsc.com\/index.php\/wp-json\/wp\/v2\/tags?post=29832"}],"curies":[{"name":"wp","href":"https:\/\/api.w.org\/{rel}","templated":true}]}}