{"id":29835,"date":"2025-11-18T16:42:33","date_gmt":"2025-11-18T19:42:33","guid":{"rendered":"https:\/\/sulsc.com\/?p=29835"},"modified":"2025-11-18T16:44:49","modified_gmt":"2025-11-18T19:44:49","slug":"procon-de-tubarao-divulga-pesquisa-e-aponta-variacao-nos-precos-das-carnes-em-novembro","status":"publish","type":"post","link":"https:\/\/sulsc.com\/index.php\/2025\/11\/18\/procon-de-tubarao-divulga-pesquisa-e-aponta-variacao-nos-precos-das-carnes-em-novembro\/","title":{"rendered":"Procon de Tubar\u00e3o &#8211; Divulga pesquisa e aponta varia\u00e7\u00e3o nos pre\u00e7os das carnes em novembro"},"content":{"rendered":"<p><span dir=\"auto\" style=\"vertical-align: inherit;\"><span dir=\"auto\" style=\"vertical-align: inherit;\"><span dir=\"auto\" style=\"vertical-align: inherit;\"><span dir=\"auto\" style=\"vertical-align: inherit;\">Uma pesquisa comparativa de pre\u00e7os das carnes, referente ao m\u00eas de novembro de 2025, foi realizada pelo Procon de tubar\u00e3o nos principais supermercados do munic\u00edpio. O levantamento avaliou a evolu\u00e7\u00e3o dos pre\u00e7os em rela\u00e7\u00e3o \u00e0 pesquisa anterior, de outubro, e apresentou varia\u00e7\u00f5es expressivas entre cortes e estabelecimentos, principalmente entre as carnes bovinas.<\/span><\/span><\/span><\/span><\/p>\n<div id=\"metaslider-id-25573\" style=\"width: 100%;\" class=\"ml-slider-3-99-0 metaslider metaslider-flex metaslider-25573 ml-slider has-onhover-arrows ms-theme-default-base has-dots-nav\" role=\"region\" aria-label=\"Meio\" data-width=\"1200\">\n    <div id=\"metaslider_container_25573\">\n        <div id=\"metaslider_25573\">\n            <ul class='slides'>\n                <li style=\"display: block; width: 100%;\" class=\"slide-25684 ms-image \" aria-roledescription=\"slide\" data-date=\"2025-07-24 07:55:40\"><img src=\"https:\/\/sulsc.com\/wp-content\/uploads\/2025\/07\/Marr-2-1000x166.jpg\" height=\"200\" width=\"1200\" alt=\"\" class=\"slider-25573 slide-25684 msDefaultImage\" title=\"Marr 2\" \/><\/li>\n                <li style=\"display: none; width: 100%;\" class=\"slide-32412 ms-image \" aria-roledescription=\"slide\" data-date=\"2026-02-18 13:59:46\"><img src=\"https:\/\/sulsc.com\/wp-content\/uploads\/2026\/02\/40dc1580-cad5-4867-bc58-c4243821ad38-1000x166.jpeg\" height=\"200\" width=\"1200\" alt=\"\" class=\"slider-25573 slide-32412 msDefaultImage\" title=\"40dc1580-cad5-4867-bc58-c4243821ad38\" \/><\/li>\n                <li style=\"display: none; width: 100%;\" class=\"slide-32766 ms-image \" aria-roledescription=\"slide\" data-date=\"2026-03-03 17:22:59\"><img src=\"https:\/\/sulsc.com\/wp-content\/uploads\/2026\/03\/271ce739-f268-41c5-8051-3de1a1750359-1000x166.jpeg\" height=\"200\" width=\"1200\" alt=\"\" class=\"slider-25573 slide-32766 msDefaultImage\" title=\"271ce739-f268-41c5-8051-3de1a1750359\" \/><\/li>\n            <\/ul>\n        <\/div>\n        \n    <\/div>\n<\/div>\n<p><span dir=\"auto\" style=\"vertical-align: inherit;\"><span dir=\"auto\" style=\"vertical-align: inherit;\"><span dir=\"auto\" style=\"vertical-align: inherit;\"><span dir=\"auto\" style=\"vertical-align: inherit;\">Com base na varia\u00e7\u00e3o entre o menor e o maior pre\u00e7o encontrado em cada estabelecimento, os cortes que consideraram as <\/span><\/span><\/span><\/span><strong><span dir=\"auto\" style=\"vertical-align: inherit;\"><span dir=\"auto\" style=\"vertical-align: inherit;\"><span dir=\"auto\" style=\"vertical-align: inherit;\"><span dir=\"auto\" style=\"vertical-align: inherit;\">maiores diferen\u00e7as <\/span><\/span><\/span><\/span><\/strong> <strong><span dir=\"auto\" style=\"vertical-align: inherit;\"><span dir=\"auto\" style=\"vertical-align: inherit;\"><span dir=\"auto\" style=\"vertical-align: inherit;\"><span dir=\"auto\" style=\"vertical-align: inherit;\">foram:<\/span><\/span><\/span><\/span><\/strong><\/p>\n<p><strong><span dir=\"auto\" style=\"vertical-align: inherit;\"><span dir=\"auto\" style=\"vertical-align: inherit;\"><span dir=\"auto\" style=\"vertical-align: inherit;\"><span dir=\"auto\" style=\"vertical-align: inherit;\">Picanha:<\/span><\/span><\/span><\/span><\/strong><span dir=\"auto\" style=\"vertical-align: inherit;\"><span dir=\"auto\" style=\"vertical-align: inherit;\"><span dir=\"auto\" style=\"vertical-align: inherit;\"><span dir=\"auto\" style=\"vertical-align: inherit;\"> diferen\u00e7a de R$ 52,10 (menor: R$ 46,90 | maior: R$ 99,00) <\/span><\/span><\/span><\/span><br \/>\n<strong><span dir=\"auto\" style=\"vertical-align: inherit;\"><span dir=\"auto\" style=\"vertical-align: inherit;\"><span dir=\"auto\" style=\"vertical-align: inherit;\"><span dir=\"auto\" style=\"vertical-align: inherit;\">Fil\u00e9 Mignon:<\/span><\/span><\/span><\/span><\/strong><span dir=\"auto\" style=\"vertical-align: inherit;\"><span dir=\"auto\" style=\"vertical-align: inherit;\"><span dir=\"auto\" style=\"vertical-align: inherit;\"><span dir=\"auto\" style=\"vertical-align: inherit;\"> diferen\u00e7a de R$ 48,00 (menor: R$ 64,90 | maior: R$ 112,90) <\/span><\/span><\/span><\/span><br \/>\n<strong><span dir=\"auto\" style=\"vertical-align: inherit;\"><span dir=\"auto\" style=\"vertical-align: inherit;\"><span dir=\"auto\" style=\"vertical-align: inherit;\"><span dir=\"auto\" style=\"vertical-align: inherit;\">Alcatra:<\/span><\/span><\/span><\/span><\/strong><span dir=\"auto\" style=\"vertical-align: inherit;\"><span dir=\"auto\" style=\"vertical-align: inherit;\"><span dir=\"auto\" style=\"vertical-align: inherit;\"><span dir=\"auto\" style=\"vertical-align: inherit;\"> diferen\u00e7a de R$ 20,00 (menor: R$ 42,90 | maior: R$ 62,90) <\/span><\/span><\/span><\/span><br \/>\n<strong><span dir=\"auto\" style=\"vertical-align: inherit;\"><span dir=\"auto\" style=\"vertical-align: inherit;\"><span dir=\"auto\" style=\"vertical-align: inherit;\"><span dir=\"auto\" style=\"vertical-align: inherit;\">Contrafil\u00e9:<\/span><\/span><\/span><\/span><\/strong><span dir=\"auto\" style=\"vertical-align: inherit;\"><span dir=\"auto\" style=\"vertical-align: inherit;\"><span dir=\"auto\" style=\"vertical-align: inherit;\"><span dir=\"auto\" style=\"vertical-align: inherit;\"> diferen\u00e7a de R$ 20,00 (menor: R$ 39,90 | maior: R$ 59,90) <\/span><\/span><\/span><\/span><br \/>\n<strong><span dir=\"auto\" style=\"vertical-align: inherit;\"><span dir=\"auto\" style=\"vertical-align: inherit;\"><span dir=\"auto\" style=\"vertical-align: inherit;\"><span dir=\"auto\" style=\"vertical-align: inherit;\">Maminha:<\/span><\/span><\/span><\/span><\/strong><span dir=\"auto\" style=\"vertical-align: inherit;\"><span dir=\"auto\" style=\"vertical-align: inherit;\"><span dir=\"auto\" style=\"vertical-align: inherit;\"><span dir=\"auto\" style=\"vertical-align: inherit;\"> diferen\u00e7a de R$ 18,85 (menor: R$ 42,90 | maior: R$ 61,75)<\/span><\/span><\/span><\/span><\/p>\n<p><span dir=\"auto\" style=\"vertical-align: inherit;\"><span dir=\"auto\" style=\"vertical-align: inherit;\"><span dir=\"auto\" style=\"vertical-align: inherit;\"><span dir=\"auto\" style=\"vertical-align: inherit;\">Entre os cortes bovinos, os que tiveram <\/span><\/span><\/span><\/span><strong><span dir=\"auto\" style=\"vertical-align: inherit;\"><span dir=\"auto\" style=\"vertical-align: inherit;\"><span dir=\"auto\" style=\"vertical-align: inherit;\"><span dir=\"auto\" style=\"vertical-align: inherit;\">redu\u00e7\u00e3o foram:<\/span><\/span><\/span><\/span><\/strong><\/p>\n<p><strong><span dir=\"auto\" style=\"vertical-align: inherit;\"><span dir=\"auto\" style=\"vertical-align: inherit;\"><span dir=\"auto\" style=\"vertical-align: inherit;\"><span dir=\"auto\" style=\"vertical-align: inherit;\">Fil\u00e9 mignon:<\/span><\/span><\/span><\/span><\/strong><span dir=\"auto\" style=\"vertical-align: inherit;\"><span dir=\"auto\" style=\"vertical-align: inherit;\"><span dir=\"auto\" style=\"vertical-align: inherit;\"><span dir=\"auto\" style=\"vertical-align: inherit;\"> que passou do menor pre\u00e7o de R$ 65,90 para R$ 64,90.<\/span><\/span><\/span><\/span><\/p>\n<p><strong><span dir=\"auto\" style=\"vertical-align: inherit;\"><span dir=\"auto\" style=\"vertical-align: inherit;\"><span dir=\"auto\" style=\"vertical-align: inherit;\"><span dir=\"auto\" style=\"vertical-align: inherit;\">Contrafil\u00e9:<\/span><\/span><\/span><\/span><\/strong><span dir=\"auto\" style=\"vertical-align: inherit;\"><span dir=\"auto\" style=\"vertical-align: inherit;\"><span dir=\"auto\" style=\"vertical-align: inherit;\"><span dir=\"auto\" style=\"vertical-align: inherit;\"> \u00a0que manteve estabilidade, variando de R$ 39,98 para R$ 39,90.<\/span><\/span><\/span><\/span><\/p>\n<p><strong><span dir=\"auto\" style=\"vertical-align: inherit;\"><span dir=\"auto\" style=\"vertical-align: inherit;\"><span dir=\"auto\" style=\"vertical-align: inherit;\"><span dir=\"auto\" style=\"vertical-align: inherit;\">Costela bovina:<\/span><\/span><\/span><\/span><\/strong><span dir=\"auto\" style=\"vertical-align: inherit;\"><span dir=\"auto\" style=\"vertical-align: inherit;\"><span dir=\"auto\" style=\"vertical-align: inherit;\"><span dir=\"auto\" style=\"vertical-align: inherit;\"> tamb\u00e9m apresentou queda, indo de R$ 19,99 para R$ 17,99, consolidando-se como uma das op\u00e7\u00f5es mais acess\u00edveis do m\u00eas.<\/span><\/span><\/span><\/span><\/p>\n<p><span dir=\"auto\" style=\"vertical-align: inherit;\"><span dir=\"auto\" style=\"vertical-align: inherit;\"><span dir=\"auto\" style=\"vertical-align: inherit;\"><span dir=\"auto\" style=\"vertical-align: inherit;\">Em sentido contr\u00e1rio, algumas cortes tiveram aumento, como a fraldinha, cujo menor pre\u00e7o passou de R$ 32,99 em outubro para R$ 39,90 em novembro. A picanha, embora apresente grande disparidade entre os supermercados, manteve-se dentro da faixa observada no m\u00eas anterior, com menor pre\u00e7o de R$ 46,90.<\/span><\/span><\/span><\/span><\/p>\n<p><img fetchpriority=\"high\" decoding=\"async\" class=\"size-full wp-image-29836\" src=\"http:\/\/sulsc.com\/wp-content\/uploads\/2025\/11\/carne-de-costeletas-de-porco-crua-na-tabua-de-madeira-rustica-preparada-para-cozinhar-com-especiarias-de-tomilho-de-alho-e-pimenta-vista-superior-da-mesa-de-cozinha-de-madeira-velha-scaled.jpg\" alt=\"\" width=\"2560\" height=\"1707\" srcset=\"https:\/\/sulsc.com\/wp-content\/uploads\/2025\/11\/carne-de-costeletas-de-porco-crua-na-tabua-de-madeira-rustica-preparada-para-cozinhar-com-especiarias-de-tomilho-de-alho-e-pimenta-vista-superior-da-mesa-de-cozinha-de-madeira-velha-scaled.jpg 2560w, https:\/\/sulsc.com\/wp-content\/uploads\/2025\/11\/carne-de-costeletas-de-porco-crua-na-tabua-de-madeira-rustica-preparada-para-cozinhar-com-especiarias-de-tomilho-de-alho-e-pimenta-vista-superior-da-mesa-de-cozinha-de-madeira-velha-300x200.jpg 300w, https:\/\/sulsc.com\/wp-content\/uploads\/2025\/11\/carne-de-costeletas-de-porco-crua-na-tabua-de-madeira-rustica-preparada-para-cozinhar-com-especiarias-de-tomilho-de-alho-e-pimenta-vista-superior-da-mesa-de-cozinha-de-madeira-velha-1024x683.jpg 1024w, https:\/\/sulsc.com\/wp-content\/uploads\/2025\/11\/carne-de-costeletas-de-porco-crua-na-tabua-de-madeira-rustica-preparada-para-cozinhar-com-especiarias-de-tomilho-de-alho-e-pimenta-vista-superior-da-mesa-de-cozinha-de-madeira-velha-768x512.jpg 768w, https:\/\/sulsc.com\/wp-content\/uploads\/2025\/11\/carne-de-costeletas-de-porco-crua-na-tabua-de-madeira-rustica-preparada-para-cozinhar-com-especiarias-de-tomilho-de-alho-e-pimenta-vista-superior-da-mesa-de-cozinha-de-madeira-velha-1536x1024.jpg 1536w, https:\/\/sulsc.com\/wp-content\/uploads\/2025\/11\/carne-de-costeletas-de-porco-crua-na-tabua-de-madeira-rustica-preparada-para-cozinhar-com-especiarias-de-tomilho-de-alho-e-pimenta-vista-superior-da-mesa-de-cozinha-de-madeira-velha-2048x1365.jpg 2048w\" sizes=\"(max-width: 2560px) 100vw, 2560px\" \/><\/p>\n<p><span dir=\"auto\" style=\"vertical-align: inherit;\"><span dir=\"auto\" style=\"vertical-align: inherit;\"><span dir=\"auto\" style=\"vertical-align: inherit;\"><span dir=\"auto\" style=\"vertical-align: inherit;\">Imagens\/Freepik<\/span><\/span><\/span><\/span><\/p>\n<p><strong><span dir=\"auto\" style=\"vertical-align: inherit;\"><span dir=\"auto\" style=\"vertical-align: inherit;\"><span dir=\"auto\" style=\"vertical-align: inherit;\"><span dir=\"auto\" style=\"vertical-align: inherit;\">Nas carnes su\u00ednas,<\/span><\/span><\/span><\/span><\/strong><span dir=\"auto\" style=\"vertical-align: inherit;\"><span dir=\"auto\" style=\"vertical-align: inherit;\"><span dir=\"auto\" style=\"vertical-align: inherit;\"><span dir=\"auto\" style=\"vertical-align: inherit;\"> o cen\u00e1rio foi de estabilidade. O pernil caiu de R$ 15,98 para R$ 14,99, enquanto o lombo teve varia\u00e7\u00e3o m\u00ednima, de R$ 24,90 para R$ 24,99. A costela su\u00edna apresentou leve alta, indo de R$ 20,38 para R$ 20,99.<\/span><\/span><\/span><\/span><\/p>\n<p><img decoding=\"async\" class=\"size-full wp-image-29837\" src=\"http:\/\/sulsc.com\/wp-content\/uploads\/2025\/11\/porcoes-de-carne-de-frango-fresca-para-cozinhar-e-grelhar-com-temperos-frescos-coxa-de-frango-cru-cru-na-tabua-scaled.jpg\" alt=\"\" width=\"2560\" height=\"1709\" srcset=\"https:\/\/sulsc.com\/wp-content\/uploads\/2025\/11\/porcoes-de-carne-de-frango-fresca-para-cozinhar-e-grelhar-com-temperos-frescos-coxa-de-frango-cru-cru-na-tabua-scaled.jpg 2560w, https:\/\/sulsc.com\/wp-content\/uploads\/2025\/11\/porcoes-de-carne-de-frango-fresca-para-cozinhar-e-grelhar-com-temperos-frescos-coxa-de-frango-cru-cru-na-tabua-300x200.jpg 300w, https:\/\/sulsc.com\/wp-content\/uploads\/2025\/11\/porcoes-de-carne-de-frango-fresca-para-cozinhar-e-grelhar-com-temperos-frescos-coxa-de-frango-cru-cru-na-tabua-1024x683.jpg 1024w, https:\/\/sulsc.com\/wp-content\/uploads\/2025\/11\/porcoes-de-carne-de-frango-fresca-para-cozinhar-e-grelhar-com-temperos-frescos-coxa-de-frango-cru-cru-na-tabua-768x513.jpg 768w, https:\/\/sulsc.com\/wp-content\/uploads\/2025\/11\/porcoes-de-carne-de-frango-fresca-para-cozinhar-e-grelhar-com-temperos-frescos-coxa-de-frango-cru-cru-na-tabua-1536x1025.jpg 1536w, https:\/\/sulsc.com\/wp-content\/uploads\/2025\/11\/porcoes-de-carne-de-frango-fresca-para-cozinhar-e-grelhar-com-temperos-frescos-coxa-de-frango-cru-cru-na-tabua-2048x1367.jpg 2048w\" sizes=\"(max-width: 2560px) 100vw, 2560px\" \/><\/p>\n<p><span dir=\"auto\" style=\"vertical-align: inherit;\"><span dir=\"auto\" style=\"vertical-align: inherit;\"><span dir=\"auto\" style=\"vertical-align: inherit;\"><span dir=\"auto\" style=\"vertical-align: inherit;\">J\u00e1 entre as <\/span><\/span><\/span><\/span><strong><span dir=\"auto\" style=\"vertical-align: inherit;\"><span dir=\"auto\" style=\"vertical-align: inherit;\"><span dir=\"auto\" style=\"vertical-align: inherit;\"><span dir=\"auto\" style=\"vertical-align: inherit;\">carnes de frango<\/span><\/span><\/span><\/span><\/strong><span dir=\"auto\" style=\"vertical-align: inherit;\"><span dir=\"auto\" style=\"vertical-align: inherit;\"><span dir=\"auto\" style=\"vertical-align: inherit;\"><span dir=\"auto\" style=\"vertical-align: inherit;\"> , as oscila\u00e7\u00f5es foram pequenas. A sobrecoxa manteve-se desde ent\u00e3o o mesmo valor, e o peito de frango registrado caiu mais significativamente, passando de R$ 14,68 para R$ 13,49 no menor pre\u00e7o identificado.<\/span><\/span><\/span><\/span><\/p>\n<p><span dir=\"auto\" style=\"vertical-align: inherit;\"><span dir=\"auto\" style=\"vertical-align: inherit;\"><span dir=\"auto\" style=\"vertical-align: inherit;\"><span dir=\"auto\" style=\"vertical-align: inherit;\">As diferen\u00e7as expressivas entre os supermercados continuam sendo um dos principais pontos de aten\u00e7\u00e3o, especialmente nos cortes bovinos, refor\u00e7ando a import\u00e2ncia da pesquisa antes de efetuar uma compra.<\/span><\/span><\/span><\/span><\/p>\n<p><strong><span dir=\"auto\" style=\"vertical-align: inherit;\"><span dir=\"auto\" style=\"vertical-align: inherit;\"><span dir=\"auto\" style=\"vertical-align: inherit;\"><span dir=\"auto\" style=\"vertical-align: inherit;\">A pesquisa completa voc\u00ea encontra clicando aqui: <\/span><\/span><\/span><\/span><a class=\"edital-list-item-file\" href=\"https:\/\/tubarao.sc.gov.br\/uploads\/sites\/265\/2025\/11\/PESQUISA-CARNES-Novembro.pdf\"><span dir=\"auto\" style=\"vertical-align: inherit;\"><span dir=\"auto\" style=\"vertical-align: inherit;\"><span dir=\"auto\" style=\"vertical-align: inherit;\"><span dir=\"auto\" style=\"vertical-align: inherit;\">[18\/11\/2025] Pesquisa Procon &#8211; Carnes &#8211; Novembro 2025<\/span><\/span><\/span><\/span><\/a><\/strong><\/p>\n<p><span dir=\"auto\" style=\"vertical-align: inherit;\"><span dir=\"auto\" style=\"vertical-align: inherit;\"><span dir=\"auto\" style=\"vertical-align: inherit;\"><span dir=\"auto\" style=\"vertical-align: inherit;\">O Procon destaca que as pesquisas s\u00e3o realizadas em dias que n\u00e3o coincidem com promo\u00e7\u00f5es espec\u00edficas, garantindo maior neutralidade e um retrato mais fiel dos pre\u00e7os praticados no dia a dia. O acompanhamento cont\u00ednuo desses valores busca orientar o consumidor, auxiliar no equil\u00edbrio do or\u00e7amento familiar e promover a transpar\u00eancia nas rela\u00e7\u00f5es de consumo.<\/span><\/span><\/span><\/span><\/p>\n","protected":false},"excerpt":{"rendered":"<p>Uma pesquisa comparativa de pre\u00e7os das carnes, referente ao m\u00eas de novembro de 2025, foi realizada pelo Procon de tubar\u00e3o nos principais supermercados do munic\u00edpio. O levantamento avaliou a evolu\u00e7\u00e3o dos pre\u00e7os em rela\u00e7\u00e3o \u00e0 pesquisa anterior, de outubro, e apresentou varia\u00e7\u00f5es expressivas entre cortes e estabelecimentos, principalmente entre as carnes bovinas. Com base na &hellip;<\/p>\n<p class=\"read-more\"> <a class=\"\" href=\"https:\/\/sulsc.com\/index.php\/2025\/11\/18\/procon-de-tubarao-divulga-pesquisa-e-aponta-variacao-nos-precos-das-carnes-em-novembro\/\"> <span class=\"screen-reader-text\">Procon de Tubar\u00e3o &#8211; Divulga pesquisa e aponta varia\u00e7\u00e3o nos pre\u00e7os das carnes em novembro<\/span> Read More &raquo;<\/a><\/p>\n","protected":false},"author":3,"featured_media":29838,"comment_status":"open","ping_status":"open","sticky":false,"template":"","format":"standard","meta":{"site-sidebar-layout":"default","site-content-layout":"","ast-site-content-layout":"default","site-content-style":"default","site-sidebar-style":"default","ast-global-header-display":"","ast-banner-title-visibility":"","ast-main-header-display":"","ast-hfb-above-header-display":"","ast-hfb-below-header-display":"","ast-hfb-mobile-header-display":"","site-post-title":"","ast-breadcrumbs-content":"","ast-featured-img":"","footer-sml-layout":"","theme-transparent-header-meta":"default","adv-header-id-meta":"","stick-header-meta":"","header-above-stick-meta":"","header-main-stick-meta":"","header-below-stick-meta":"","astra-migrate-meta-layouts":"set","footnotes":""},"categories":[2231,11,1,21,12],"tags":[2440],"yoast_head":"<!-- This site is optimized with the Yoast SEO plugin v21.4 - https:\/\/yoast.com\/wordpress\/plugins\/seo\/ -->\n<title>Procon de Tubar\u00e3o - Divulga pesquisa e aponta varia\u00e7\u00e3o nos pre\u00e7os das carnes em novembro -<\/title>\n<meta name=\"robots\" content=\"index, follow, max-snippet:-1, max-image-preview:large, max-video-preview:-1\" \/>\n<link rel=\"canonical\" href=\"https:\/\/sulsc.com\/index.php\/2025\/11\/18\/procon-de-tubarao-divulga-pesquisa-e-aponta-variacao-nos-precos-das-carnes-em-novembro\/\" \/>\n<meta property=\"og:locale\" content=\"en_US\" \/>\n<meta property=\"og:type\" content=\"article\" \/>\n<meta property=\"og:title\" content=\"Procon de Tubar\u00e3o - Divulga pesquisa e aponta varia\u00e7\u00e3o nos pre\u00e7os das carnes em novembro -\" \/>\n<meta property=\"og:description\" content=\"Uma pesquisa comparativa de pre\u00e7os das carnes, referente ao m\u00eas de novembro de 2025, foi realizada pelo Procon de tubar\u00e3o nos principais supermercados do munic\u00edpio. O levantamento avaliou a evolu\u00e7\u00e3o dos pre\u00e7os em rela\u00e7\u00e3o \u00e0 pesquisa anterior, de outubro, e apresentou varia\u00e7\u00f5es expressivas entre cortes e estabelecimentos, principalmente entre as carnes bovinas. Com base na &hellip; Procon de Tubar\u00e3o &#8211; Divulga pesquisa e aponta varia\u00e7\u00e3o nos pre\u00e7os das carnes em novembro Read More &raquo;\" \/>\n<meta property=\"og:url\" content=\"https:\/\/sulsc.com\/index.php\/2025\/11\/18\/procon-de-tubarao-divulga-pesquisa-e-aponta-variacao-nos-precos-das-carnes-em-novembro\/\" \/>\n<meta property=\"article:author\" content=\"https:\/\/www.facebook.com\/profile.php?id=61559278119680\" \/>\n<meta property=\"article:published_time\" content=\"2025-11-18T19:42:33+00:00\" \/>\n<meta property=\"article:modified_time\" content=\"2025-11-18T19:44:49+00:00\" \/>\n<meta property=\"og:image\" content=\"http:\/\/sulsc.com\/wp-content\/uploads\/2025\/11\/bifes-de-tira-crua-de-nova-york-em-uma-tabua-de-madeira-scaled.jpg\" \/>\n\t<meta property=\"og:image:width\" content=\"2560\" \/>\n\t<meta property=\"og:image:height\" content=\"1440\" \/>\n\t<meta property=\"og:image:type\" content=\"image\/jpeg\" \/>\n<meta name=\"author\" content=\"Reda\u00e7\u00e3o Sul SC\" \/>\n<meta name=\"twitter:card\" content=\"summary_large_image\" \/>\n<meta name=\"twitter:creator\" content=\"@https:\/\/twitter.com\/PortalSulSC\" \/>\n<meta name=\"twitter:label1\" content=\"Written by\" \/>\n\t<meta name=\"twitter:data1\" content=\"Reda\u00e7\u00e3o Sul SC\" \/>\n\t<meta name=\"twitter:label2\" content=\"Est. reading time\" \/>\n\t<meta name=\"twitter:data2\" content=\"3 minutes\" \/>\n<script type=\"application\/ld+json\" class=\"yoast-schema-graph\">{\"@context\":\"https:\/\/schema.org\",\"@graph\":[{\"@type\":\"WebPage\",\"@id\":\"https:\/\/sulsc.com\/index.php\/2025\/11\/18\/procon-de-tubarao-divulga-pesquisa-e-aponta-variacao-nos-precos-das-carnes-em-novembro\/\",\"url\":\"https:\/\/sulsc.com\/index.php\/2025\/11\/18\/procon-de-tubarao-divulga-pesquisa-e-aponta-variacao-nos-precos-das-carnes-em-novembro\/\",\"name\":\"Procon de Tubar\u00e3o - Divulga pesquisa e aponta varia\u00e7\u00e3o nos pre\u00e7os das carnes em novembro -\",\"isPartOf\":{\"@id\":\"https:\/\/sulsc.com\/#website\"},\"datePublished\":\"2025-11-18T19:42:33+00:00\",\"dateModified\":\"2025-11-18T19:44:49+00:00\",\"author\":{\"@id\":\"https:\/\/sulsc.com\/#\/schema\/person\/84d2fc571684f6248ba83092f07750a3\"},\"breadcrumb\":{\"@id\":\"https:\/\/sulsc.com\/index.php\/2025\/11\/18\/procon-de-tubarao-divulga-pesquisa-e-aponta-variacao-nos-precos-das-carnes-em-novembro\/#breadcrumb\"},\"inLanguage\":\"en-US\",\"potentialAction\":[{\"@type\":\"ReadAction\",\"target\":[\"https:\/\/sulsc.com\/index.php\/2025\/11\/18\/procon-de-tubarao-divulga-pesquisa-e-aponta-variacao-nos-precos-das-carnes-em-novembro\/\"]}]},{\"@type\":\"BreadcrumbList\",\"@id\":\"https:\/\/sulsc.com\/index.php\/2025\/11\/18\/procon-de-tubarao-divulga-pesquisa-e-aponta-variacao-nos-precos-das-carnes-em-novembro\/#breadcrumb\",\"itemListElement\":[{\"@type\":\"ListItem\",\"position\":1,\"name\":\"In\u00edcio\",\"item\":\"https:\/\/sulsc.com\/\"},{\"@type\":\"ListItem\",\"position\":2,\"name\":\"Procon de Tubar\u00e3o &#8211; Divulga pesquisa e aponta varia\u00e7\u00e3o nos pre\u00e7os das carnes em novembro\"}]},{\"@type\":\"WebSite\",\"@id\":\"https:\/\/sulsc.com\/#website\",\"url\":\"https:\/\/sulsc.com\/\",\"name\":\"\",\"description\":\"\",\"potentialAction\":[{\"@type\":\"SearchAction\",\"target\":{\"@type\":\"EntryPoint\",\"urlTemplate\":\"https:\/\/sulsc.com\/?s={search_term_string}\"},\"query-input\":\"required name=search_term_string\"}],\"inLanguage\":\"en-US\"},{\"@type\":\"Person\",\"@id\":\"https:\/\/sulsc.com\/#\/schema\/person\/84d2fc571684f6248ba83092f07750a3\",\"name\":\"Reda\u00e7\u00e3o Sul SC\",\"image\":{\"@type\":\"ImageObject\",\"inLanguage\":\"en-US\",\"@id\":\"https:\/\/sulsc.com\/#\/schema\/person\/image\/e08d7fe2cc4ed596372063bbe852b8d0\",\"url\":\"https:\/\/sulsc.com\/wp-content\/uploads\/2023\/09\/redacao.png\",\"contentUrl\":\"https:\/\/sulsc.com\/wp-content\/uploads\/2023\/09\/redacao.png\",\"caption\":\"Reda\u00e7\u00e3o Sul SC\"},\"description\":\"Foco em um jornalismo imparcial, voltado \u00e0 qualidade dos seus conte\u00fados e, assim, levar informa\u00e7\u00e3o de valor que agregue \u00e0 vida dos leitores. Esta \u00e9 grande miss\u00e3o do Portal de Not\u00edcias Sul SC. N\u00e3o \u00e9 quantidade que muda o mundo, sempre foi e seguir\u00e1 sendo qualidade!\",\"sameAs\":[\"https:\/\/sulsc.com\/\",\"https:\/\/www.facebook.com\/profile.php?id=61559278119680\",\"https:\/\/www.instagram.com\/sulscportal\/?hl=pt-br\",\"https:\/\/twitter.com\/https:\/\/twitter.com\/PortalSulSC\",\"https:\/\/www.youtube.com\/channel\/UCv_BE8GeySluDov2n8qhVmw\"],\"url\":\"https:\/\/sulsc.com\/index.php\/author\/redacao\/\"}]}<\/script>\n<!-- \/ Yoast SEO plugin. -->","yoast_head_json":{"title":"Procon de Tubar\u00e3o - Divulga pesquisa e aponta varia\u00e7\u00e3o nos pre\u00e7os das carnes em novembro -","robots":{"index":"index","follow":"follow","max-snippet":"max-snippet:-1","max-image-preview":"max-image-preview:large","max-video-preview":"max-video-preview:-1"},"canonical":"https:\/\/sulsc.com\/index.php\/2025\/11\/18\/procon-de-tubarao-divulga-pesquisa-e-aponta-variacao-nos-precos-das-carnes-em-novembro\/","og_locale":"en_US","og_type":"article","og_title":"Procon de Tubar\u00e3o - Divulga pesquisa e aponta varia\u00e7\u00e3o nos pre\u00e7os das carnes em novembro -","og_description":"Uma pesquisa comparativa de pre\u00e7os das carnes, referente ao m\u00eas de novembro de 2025, foi realizada pelo Procon de tubar\u00e3o nos principais supermercados do munic\u00edpio. O levantamento avaliou a evolu\u00e7\u00e3o dos pre\u00e7os em rela\u00e7\u00e3o \u00e0 pesquisa anterior, de outubro, e apresentou varia\u00e7\u00f5es expressivas entre cortes e estabelecimentos, principalmente entre as carnes bovinas. Com base na &hellip; Procon de Tubar\u00e3o &#8211; Divulga pesquisa e aponta varia\u00e7\u00e3o nos pre\u00e7os das carnes em novembro Read More &raquo;","og_url":"https:\/\/sulsc.com\/index.php\/2025\/11\/18\/procon-de-tubarao-divulga-pesquisa-e-aponta-variacao-nos-precos-das-carnes-em-novembro\/","article_author":"https:\/\/www.facebook.com\/profile.php?id=61559278119680","article_published_time":"2025-11-18T19:42:33+00:00","article_modified_time":"2025-11-18T19:44:49+00:00","og_image":[{"width":2560,"height":1440,"url":"http:\/\/sulsc.com\/wp-content\/uploads\/2025\/11\/bifes-de-tira-crua-de-nova-york-em-uma-tabua-de-madeira-scaled.jpg","type":"image\/jpeg"}],"author":"Reda\u00e7\u00e3o Sul SC","twitter_card":"summary_large_image","twitter_creator":"@https:\/\/twitter.com\/PortalSulSC","twitter_misc":{"Written by":"Reda\u00e7\u00e3o Sul SC","Est. reading time":"3 minutes"},"schema":{"@context":"https:\/\/schema.org","@graph":[{"@type":"WebPage","@id":"https:\/\/sulsc.com\/index.php\/2025\/11\/18\/procon-de-tubarao-divulga-pesquisa-e-aponta-variacao-nos-precos-das-carnes-em-novembro\/","url":"https:\/\/sulsc.com\/index.php\/2025\/11\/18\/procon-de-tubarao-divulga-pesquisa-e-aponta-variacao-nos-precos-das-carnes-em-novembro\/","name":"Procon de Tubar\u00e3o - Divulga pesquisa e aponta varia\u00e7\u00e3o nos pre\u00e7os das carnes em novembro -","isPartOf":{"@id":"https:\/\/sulsc.com\/#website"},"datePublished":"2025-11-18T19:42:33+00:00","dateModified":"2025-11-18T19:44:49+00:00","author":{"@id":"https:\/\/sulsc.com\/#\/schema\/person\/84d2fc571684f6248ba83092f07750a3"},"breadcrumb":{"@id":"https:\/\/sulsc.com\/index.php\/2025\/11\/18\/procon-de-tubarao-divulga-pesquisa-e-aponta-variacao-nos-precos-das-carnes-em-novembro\/#breadcrumb"},"inLanguage":"en-US","potentialAction":[{"@type":"ReadAction","target":["https:\/\/sulsc.com\/index.php\/2025\/11\/18\/procon-de-tubarao-divulga-pesquisa-e-aponta-variacao-nos-precos-das-carnes-em-novembro\/"]}]},{"@type":"BreadcrumbList","@id":"https:\/\/sulsc.com\/index.php\/2025\/11\/18\/procon-de-tubarao-divulga-pesquisa-e-aponta-variacao-nos-precos-das-carnes-em-novembro\/#breadcrumb","itemListElement":[{"@type":"ListItem","position":1,"name":"In\u00edcio","item":"https:\/\/sulsc.com\/"},{"@type":"ListItem","position":2,"name":"Procon de Tubar\u00e3o &#8211; Divulga pesquisa e aponta varia\u00e7\u00e3o nos pre\u00e7os das carnes em novembro"}]},{"@type":"WebSite","@id":"https:\/\/sulsc.com\/#website","url":"https:\/\/sulsc.com\/","name":"","description":"","potentialAction":[{"@type":"SearchAction","target":{"@type":"EntryPoint","urlTemplate":"https:\/\/sulsc.com\/?s={search_term_string}"},"query-input":"required name=search_term_string"}],"inLanguage":"en-US"},{"@type":"Person","@id":"https:\/\/sulsc.com\/#\/schema\/person\/84d2fc571684f6248ba83092f07750a3","name":"Reda\u00e7\u00e3o Sul SC","image":{"@type":"ImageObject","inLanguage":"en-US","@id":"https:\/\/sulsc.com\/#\/schema\/person\/image\/e08d7fe2cc4ed596372063bbe852b8d0","url":"https:\/\/sulsc.com\/wp-content\/uploads\/2023\/09\/redacao.png","contentUrl":"https:\/\/sulsc.com\/wp-content\/uploads\/2023\/09\/redacao.png","caption":"Reda\u00e7\u00e3o Sul SC"},"description":"Foco em um jornalismo imparcial, voltado \u00e0 qualidade dos seus conte\u00fados e, assim, levar informa\u00e7\u00e3o de valor que agregue \u00e0 vida dos leitores. Esta \u00e9 grande miss\u00e3o do Portal de Not\u00edcias Sul SC. N\u00e3o \u00e9 quantidade que muda o mundo, sempre foi e seguir\u00e1 sendo qualidade!","sameAs":["https:\/\/sulsc.com\/","https:\/\/www.facebook.com\/profile.php?id=61559278119680","https:\/\/www.instagram.com\/sulscportal\/?hl=pt-br","https:\/\/twitter.com\/https:\/\/twitter.com\/PortalSulSC","https:\/\/www.youtube.com\/channel\/UCv_BE8GeySluDov2n8qhVmw"],"url":"https:\/\/sulsc.com\/index.php\/author\/redacao\/"}]}},"authors":[],"_links":{"self":[{"href":"https:\/\/sulsc.com\/index.php\/wp-json\/wp\/v2\/posts\/29835"}],"collection":[{"href":"https:\/\/sulsc.com\/index.php\/wp-json\/wp\/v2\/posts"}],"about":[{"href":"https:\/\/sulsc.com\/index.php\/wp-json\/wp\/v2\/types\/post"}],"author":[{"embeddable":true,"href":"https:\/\/sulsc.com\/index.php\/wp-json\/wp\/v2\/users\/3"}],"replies":[{"embeddable":true,"href":"https:\/\/sulsc.com\/index.php\/wp-json\/wp\/v2\/comments?post=29835"}],"version-history":[{"count":4,"href":"https:\/\/sulsc.com\/index.php\/wp-json\/wp\/v2\/posts\/29835\/revisions"}],"predecessor-version":[{"id":29842,"href":"https:\/\/sulsc.com\/index.php\/wp-json\/wp\/v2\/posts\/29835\/revisions\/29842"}],"wp:featuredmedia":[{"embeddable":true,"href":"https:\/\/sulsc.com\/index.php\/wp-json\/wp\/v2\/media\/29838"}],"wp:attachment":[{"href":"https:\/\/sulsc.com\/index.php\/wp-json\/wp\/v2\/media?parent=29835"}],"wp:term":[{"taxonomy":"category","embeddable":true,"href":"https:\/\/sulsc.com\/index.php\/wp-json\/wp\/v2\/categories?post=29835"},{"taxonomy":"post_tag","embeddable":true,"href":"https:\/\/sulsc.com\/index.php\/wp-json\/wp\/v2\/tags?post=29835"}],"curies":[{"name":"wp","href":"https:\/\/api.w.org\/{rel}","templated":true}]}}