{"id":29848,"date":"2025-11-18T19:52:58","date_gmt":"2025-11-18T22:52:58","guid":{"rendered":"https:\/\/sulsc.com\/?p=29848"},"modified":"2025-11-18T19:52:58","modified_gmt":"2025-11-18T22:52:58","slug":"inscricoes-para-segunda-edicao-da-maior-operacao-de-preparacao-para-desastres-de-sc-estao-abertas","status":"publish","type":"post","link":"https:\/\/sulsc.com\/index.php\/2025\/11\/18\/inscricoes-para-segunda-edicao-da-maior-operacao-de-preparacao-para-desastres-de-sc-estao-abertas\/","title":{"rendered":"Inscri\u00e7\u00f5es para segunda edi\u00e7\u00e3o da maior opera\u00e7\u00e3o de prepara\u00e7\u00e3o para desastres de SC est\u00e3o abertas"},"content":{"rendered":"<p>As inscri\u00e7\u00f5es para o 2\u00ba Exerc\u00edcio Geral de Gest\u00e3o de Desastres, que ser\u00e1 realizado em 1\u00ba de mar\u00e7o de 2026, envolvendo simultaneamente os munic\u00edpios catarinenses, est\u00e3o abertas. Este ser\u00e1 o segundo simulado geral de prepara\u00e7\u00e3o do Estado, consolidando o maior esfor\u00e7o integrado de treinamento j\u00e1 realizado pela Prote\u00e7\u00e3o e Defesa Civil do pa\u00eds. A a\u00e7\u00e3o \u00e9 da Secretaria de Estado da Prote\u00e7\u00e3o e Defesa Civil de Santa Catarina.<\/p>\n<p>O primeiro Exerc\u00edcio Geral, realizado em 2025, contou com a participa\u00e7\u00e3o efetiva de 212 munic\u00edpios. O relat\u00f3rio t\u00e9cnico apresentado ap\u00f3s o simulado revelou indicadores importantes sobre a evolu\u00e7\u00e3o do sistema de prepara\u00e7\u00e3o e resposta do Estado. Entre os principais dados est\u00e3o o registro de mais de 4.500 agentes mobilizados, a realiza\u00e7\u00e3o de 1.380 atividades operacionais simult\u00e2neas, incluindo evacua\u00e7\u00f5es simuladas, acionamento de sirenes, testes de comunica\u00e7\u00e3o por r\u00e1dio e opera\u00e7\u00e3o de salas de situa\u00e7\u00e3o municipais.<\/p>\n<p>O documento tamb\u00e9m apontou que 87% dos munic\u00edpios participantes atualizaram seus Planos de Conting\u00eancia ap\u00f3s o exerc\u00edcio e que houve redu\u00e7\u00e3o m\u00e9dia de 22% no tempo de resposta \u00e0s situa\u00e7\u00f5es simuladas, especialmente nos cen\u00e1rios de enxurradas e deslizamentos. Al\u00e9m disso, 318 institui\u00e7\u00f5es parceiras participaram diretamente, entre for\u00e7as de seguran\u00e7a, secretarias municipais, concession\u00e1rias, escolas, organiza\u00e7\u00f5es comunit\u00e1rias e volunt\u00e1rios.<\/p>\n<div id=\"metaslider-id-25573\" style=\"width: 100%;\" class=\"ml-slider-3-99-0 metaslider metaslider-flex metaslider-25573 ml-slider has-onhover-arrows ms-theme-default-base has-dots-nav\" role=\"region\" aria-label=\"Meio\" data-width=\"1200\">\n    <div id=\"metaslider_container_25573\">\n        <div id=\"metaslider_25573\">\n            <ul class='slides'>\n                <li style=\"display: block; width: 100%;\" class=\"slide-25684 ms-image \" aria-roledescription=\"slide\" data-date=\"2025-07-24 07:55:40\"><img src=\"https:\/\/sulsc.com\/wp-content\/uploads\/2025\/07\/Marr-2-1000x166.jpg\" height=\"200\" width=\"1200\" alt=\"\" class=\"slider-25573 slide-25684 msDefaultImage\" title=\"Marr 2\" \/><\/li>\n                <li style=\"display: none; width: 100%;\" class=\"slide-32412 ms-image \" aria-roledescription=\"slide\" data-date=\"2026-02-18 13:59:46\"><img src=\"https:\/\/sulsc.com\/wp-content\/uploads\/2026\/02\/40dc1580-cad5-4867-bc58-c4243821ad38-1000x166.jpeg\" height=\"200\" width=\"1200\" alt=\"\" class=\"slider-25573 slide-32412 msDefaultImage\" title=\"40dc1580-cad5-4867-bc58-c4243821ad38\" \/><\/li>\n                <li style=\"display: none; width: 100%;\" class=\"slide-32766 ms-image \" aria-roledescription=\"slide\" data-date=\"2026-03-03 17:22:59\"><img src=\"https:\/\/sulsc.com\/wp-content\/uploads\/2026\/03\/271ce739-f268-41c5-8051-3de1a1750359-1000x166.jpeg\" height=\"200\" width=\"1200\" alt=\"\" class=\"slider-25573 slide-32766 msDefaultImage\" title=\"271ce739-f268-41c5-8051-3de1a1750359\" \/><\/li>\n            <\/ul>\n        <\/div>\n        \n    <\/div>\n<\/div>\n<p>De acordo com o secret\u00e1rio M\u00e1rio Hildebrandt a participa\u00e7\u00e3o dos munic\u00edpios \u00e9 a pe\u00e7a central para o fortalecimento do sistema. Para ele o Exerc\u00edcio Geral de Gest\u00e3o de Desastres representa um marco para Santa Catarina. &#8220;Quando todos os 295 munic\u00edpios se mobilizam ao mesmo tempo para testar suas capacidades, n\u00f3s fortalecemos toda a estrutura de prote\u00e7\u00e3o \u00e0 popula\u00e7\u00e3o&#8221;, explicou.<\/p>\n<p>&#8220;O primeiro simulado mostrou o quanto evolu\u00edmos e tamb\u00e9m onde precisamos melhorar. Agora, com essa segunda edi\u00e7\u00e3o, queremos avan\u00e7ar ainda mais, consolidando pr\u00e1ticas, ampliando integra\u00e7\u00e3o e garantindo que o Estado esteja cada vez mais preparado para enfrentar situa\u00e7\u00f5es de emerg\u00eancia. A participa\u00e7\u00e3o de cada munic\u00edpio \u00e9 essencial para que possamos salvar vidas e reduzir impactos quando um desastre realmente acontecer\u201d, acrescentou.<\/p>\n<p>Com base nos resultados, a expectativa para 2026 \u00e9 ampliar ainda mais a participa\u00e7\u00e3o, alcan\u00e7ando a ades\u00e3o dos 295 munic\u00edpios catarinenses, consolidando um exerc\u00edcio verdadeiramente estadual e integrado. A realiza\u00e7\u00e3o do simulado em larga escala \u00e9 essencial para identificar fragilidades, aperfei\u00e7oar rotinas, testar equipes e equipamentos e fortalecer a cultura de preven\u00e7\u00e3o e prote\u00e7\u00e3o \u00e0 vida em todas as regi\u00f5es.<\/p>\n<p>As inscri\u00e7\u00f5es devem ser feitas pelas Defesas Civis Municipais diretamente com seus Coordenadores Regionais ou com a DIGD\/GEROP, por meio do telefone (48) 3664-7046 ou pelo e-mail gerop.at01@defesacivil.sc.gov.br.<\/p>\n<p><img fetchpriority=\"high\" decoding=\"async\" class=\"alignnone size-full wp-image-29849\" src=\"http:\/\/sulsc.com\/wp-content\/uploads\/2025\/11\/1o-Simulado-Gestao-de-desastres-SDC-1292-2-scaled.jpg\" alt=\"\" width=\"2560\" height=\"1616\" srcset=\"https:\/\/sulsc.com\/wp-content\/uploads\/2025\/11\/1o-Simulado-Gestao-de-desastres-SDC-1292-2-scaled.jpg 2560w, https:\/\/sulsc.com\/wp-content\/uploads\/2025\/11\/1o-Simulado-Gestao-de-desastres-SDC-1292-2-300x189.jpg 300w, https:\/\/sulsc.com\/wp-content\/uploads\/2025\/11\/1o-Simulado-Gestao-de-desastres-SDC-1292-2-1024x646.jpg 1024w, https:\/\/sulsc.com\/wp-content\/uploads\/2025\/11\/1o-Simulado-Gestao-de-desastres-SDC-1292-2-768x485.jpg 768w, https:\/\/sulsc.com\/wp-content\/uploads\/2025\/11\/1o-Simulado-Gestao-de-desastres-SDC-1292-2-1536x970.jpg 1536w, https:\/\/sulsc.com\/wp-content\/uploads\/2025\/11\/1o-Simulado-Gestao-de-desastres-SDC-1292-2-2048x1293.jpg 2048w\" sizes=\"(max-width: 2560px) 100vw, 2560px\" \/><\/p>\n","protected":false},"excerpt":{"rendered":"<p>As inscri\u00e7\u00f5es para o 2\u00ba Exerc\u00edcio Geral de Gest\u00e3o de Desastres, que ser\u00e1 realizado em 1\u00ba de mar\u00e7o de 2026, envolvendo simultaneamente os munic\u00edpios catarinenses, est\u00e3o abertas. Este ser\u00e1 o segundo simulado geral de prepara\u00e7\u00e3o do Estado, consolidando o maior esfor\u00e7o integrado de treinamento j\u00e1 realizado pela Prote\u00e7\u00e3o e Defesa Civil do pa\u00eds. A a\u00e7\u00e3o &hellip;<\/p>\n<p class=\"read-more\"> <a class=\"\" href=\"https:\/\/sulsc.com\/index.php\/2025\/11\/18\/inscricoes-para-segunda-edicao-da-maior-operacao-de-preparacao-para-desastres-de-sc-estao-abertas\/\"> <span class=\"screen-reader-text\">Inscri\u00e7\u00f5es para segunda edi\u00e7\u00e3o da maior opera\u00e7\u00e3o de prepara\u00e7\u00e3o para desastres de SC est\u00e3o abertas<\/span> Read More &raquo;<\/a><\/p>\n","protected":false},"author":3,"featured_media":29849,"comment_status":"open","ping_status":"open","sticky":false,"template":"","format":"standard","meta":{"site-sidebar-layout":"default","site-content-layout":"","ast-site-content-layout":"default","site-content-style":"default","site-sidebar-style":"default","ast-global-header-display":"","ast-banner-title-visibility":"","ast-main-header-display":"","ast-hfb-above-header-display":"","ast-hfb-below-header-display":"","ast-hfb-mobile-header-display":"","site-post-title":"","ast-breadcrumbs-content":"","ast-featured-img":"","footer-sml-layout":"","theme-transparent-header-meta":"default","adv-header-id-meta":"","stick-header-meta":"","header-above-stick-meta":"","header-main-stick-meta":"","header-below-stick-meta":"","astra-migrate-meta-layouts":"set","footnotes":""},"categories":[14,8,12],"tags":[],"yoast_head":"<!-- This site is optimized with the Yoast SEO plugin v21.4 - https:\/\/yoast.com\/wordpress\/plugins\/seo\/ -->\n<title>Inscri\u00e7\u00f5es para segunda edi\u00e7\u00e3o da maior opera\u00e7\u00e3o de prepara\u00e7\u00e3o para desastres de SC est\u00e3o abertas -<\/title>\n<meta name=\"robots\" content=\"index, follow, max-snippet:-1, max-image-preview:large, max-video-preview:-1\" \/>\n<link rel=\"canonical\" href=\"https:\/\/sulsc.com\/index.php\/2025\/11\/18\/inscricoes-para-segunda-edicao-da-maior-operacao-de-preparacao-para-desastres-de-sc-estao-abertas\/\" \/>\n<meta property=\"og:locale\" content=\"en_US\" \/>\n<meta property=\"og:type\" content=\"article\" \/>\n<meta property=\"og:title\" content=\"Inscri\u00e7\u00f5es para segunda edi\u00e7\u00e3o da maior opera\u00e7\u00e3o de prepara\u00e7\u00e3o para desastres de SC est\u00e3o abertas -\" \/>\n<meta property=\"og:description\" content=\"As inscri\u00e7\u00f5es para o 2\u00ba Exerc\u00edcio Geral de Gest\u00e3o de Desastres, que ser\u00e1 realizado em 1\u00ba de mar\u00e7o de 2026, envolvendo simultaneamente os munic\u00edpios catarinenses, est\u00e3o abertas. Este ser\u00e1 o segundo simulado geral de prepara\u00e7\u00e3o do Estado, consolidando o maior esfor\u00e7o integrado de treinamento j\u00e1 realizado pela Prote\u00e7\u00e3o e Defesa Civil do pa\u00eds. A a\u00e7\u00e3o &hellip; Inscri\u00e7\u00f5es para segunda edi\u00e7\u00e3o da maior opera\u00e7\u00e3o de prepara\u00e7\u00e3o para desastres de SC est\u00e3o abertas Read More &raquo;\" \/>\n<meta property=\"og:url\" content=\"https:\/\/sulsc.com\/index.php\/2025\/11\/18\/inscricoes-para-segunda-edicao-da-maior-operacao-de-preparacao-para-desastres-de-sc-estao-abertas\/\" \/>\n<meta property=\"article:author\" content=\"https:\/\/www.facebook.com\/profile.php?id=61559278119680\" \/>\n<meta property=\"article:published_time\" content=\"2025-11-18T22:52:58+00:00\" \/>\n<meta property=\"og:image\" content=\"http:\/\/sulsc.com\/wp-content\/uploads\/2025\/11\/1o-Simulado-Gestao-de-desastres-SDC-1292-2-scaled.jpg\" \/>\n\t<meta property=\"og:image:width\" content=\"2560\" \/>\n\t<meta property=\"og:image:height\" content=\"1616\" \/>\n\t<meta property=\"og:image:type\" content=\"image\/jpeg\" \/>\n<meta name=\"author\" content=\"Reda\u00e7\u00e3o Sul SC\" \/>\n<meta name=\"twitter:card\" content=\"summary_large_image\" \/>\n<meta name=\"twitter:creator\" content=\"@https:\/\/twitter.com\/PortalSulSC\" \/>\n<meta name=\"twitter:label1\" content=\"Written by\" \/>\n\t<meta name=\"twitter:data1\" content=\"Reda\u00e7\u00e3o Sul SC\" \/>\n\t<meta name=\"twitter:label2\" content=\"Est. reading time\" \/>\n\t<meta name=\"twitter:data2\" content=\"2 minutes\" \/>\n<script type=\"application\/ld+json\" class=\"yoast-schema-graph\">{\"@context\":\"https:\/\/schema.org\",\"@graph\":[{\"@type\":\"WebPage\",\"@id\":\"https:\/\/sulsc.com\/index.php\/2025\/11\/18\/inscricoes-para-segunda-edicao-da-maior-operacao-de-preparacao-para-desastres-de-sc-estao-abertas\/\",\"url\":\"https:\/\/sulsc.com\/index.php\/2025\/11\/18\/inscricoes-para-segunda-edicao-da-maior-operacao-de-preparacao-para-desastres-de-sc-estao-abertas\/\",\"name\":\"Inscri\u00e7\u00f5es para segunda edi\u00e7\u00e3o da maior opera\u00e7\u00e3o de prepara\u00e7\u00e3o para desastres de SC est\u00e3o abertas -\",\"isPartOf\":{\"@id\":\"https:\/\/sulsc.com\/#website\"},\"datePublished\":\"2025-11-18T22:52:58+00:00\",\"dateModified\":\"2025-11-18T22:52:58+00:00\",\"author\":{\"@id\":\"https:\/\/sulsc.com\/#\/schema\/person\/84d2fc571684f6248ba83092f07750a3\"},\"breadcrumb\":{\"@id\":\"https:\/\/sulsc.com\/index.php\/2025\/11\/18\/inscricoes-para-segunda-edicao-da-maior-operacao-de-preparacao-para-desastres-de-sc-estao-abertas\/#breadcrumb\"},\"inLanguage\":\"en-US\",\"potentialAction\":[{\"@type\":\"ReadAction\",\"target\":[\"https:\/\/sulsc.com\/index.php\/2025\/11\/18\/inscricoes-para-segunda-edicao-da-maior-operacao-de-preparacao-para-desastres-de-sc-estao-abertas\/\"]}]},{\"@type\":\"BreadcrumbList\",\"@id\":\"https:\/\/sulsc.com\/index.php\/2025\/11\/18\/inscricoes-para-segunda-edicao-da-maior-operacao-de-preparacao-para-desastres-de-sc-estao-abertas\/#breadcrumb\",\"itemListElement\":[{\"@type\":\"ListItem\",\"position\":1,\"name\":\"In\u00edcio\",\"item\":\"https:\/\/sulsc.com\/\"},{\"@type\":\"ListItem\",\"position\":2,\"name\":\"Inscri\u00e7\u00f5es para segunda edi\u00e7\u00e3o da maior opera\u00e7\u00e3o de prepara\u00e7\u00e3o para desastres de SC est\u00e3o abertas\"}]},{\"@type\":\"WebSite\",\"@id\":\"https:\/\/sulsc.com\/#website\",\"url\":\"https:\/\/sulsc.com\/\",\"name\":\"\",\"description\":\"\",\"potentialAction\":[{\"@type\":\"SearchAction\",\"target\":{\"@type\":\"EntryPoint\",\"urlTemplate\":\"https:\/\/sulsc.com\/?s={search_term_string}\"},\"query-input\":\"required name=search_term_string\"}],\"inLanguage\":\"en-US\"},{\"@type\":\"Person\",\"@id\":\"https:\/\/sulsc.com\/#\/schema\/person\/84d2fc571684f6248ba83092f07750a3\",\"name\":\"Reda\u00e7\u00e3o Sul SC\",\"image\":{\"@type\":\"ImageObject\",\"inLanguage\":\"en-US\",\"@id\":\"https:\/\/sulsc.com\/#\/schema\/person\/image\/e08d7fe2cc4ed596372063bbe852b8d0\",\"url\":\"https:\/\/sulsc.com\/wp-content\/uploads\/2023\/09\/redacao.png\",\"contentUrl\":\"https:\/\/sulsc.com\/wp-content\/uploads\/2023\/09\/redacao.png\",\"caption\":\"Reda\u00e7\u00e3o Sul SC\"},\"description\":\"Foco em um jornalismo imparcial, voltado \u00e0 qualidade dos seus conte\u00fados e, assim, levar informa\u00e7\u00e3o de valor que agregue \u00e0 vida dos leitores. Esta \u00e9 grande miss\u00e3o do Portal de Not\u00edcias Sul SC. N\u00e3o \u00e9 quantidade que muda o mundo, sempre foi e seguir\u00e1 sendo qualidade!\",\"sameAs\":[\"https:\/\/sulsc.com\/\",\"https:\/\/www.facebook.com\/profile.php?id=61559278119680\",\"https:\/\/www.instagram.com\/sulscportal\/?hl=pt-br\",\"https:\/\/twitter.com\/https:\/\/twitter.com\/PortalSulSC\",\"https:\/\/www.youtube.com\/channel\/UCv_BE8GeySluDov2n8qhVmw\"],\"url\":\"https:\/\/sulsc.com\/index.php\/author\/redacao\/\"}]}<\/script>\n<!-- \/ Yoast SEO plugin. -->","yoast_head_json":{"title":"Inscri\u00e7\u00f5es para segunda edi\u00e7\u00e3o da maior opera\u00e7\u00e3o de prepara\u00e7\u00e3o para desastres de SC est\u00e3o abertas -","robots":{"index":"index","follow":"follow","max-snippet":"max-snippet:-1","max-image-preview":"max-image-preview:large","max-video-preview":"max-video-preview:-1"},"canonical":"https:\/\/sulsc.com\/index.php\/2025\/11\/18\/inscricoes-para-segunda-edicao-da-maior-operacao-de-preparacao-para-desastres-de-sc-estao-abertas\/","og_locale":"en_US","og_type":"article","og_title":"Inscri\u00e7\u00f5es para segunda edi\u00e7\u00e3o da maior opera\u00e7\u00e3o de prepara\u00e7\u00e3o para desastres de SC est\u00e3o abertas -","og_description":"As inscri\u00e7\u00f5es para o 2\u00ba Exerc\u00edcio Geral de Gest\u00e3o de Desastres, que ser\u00e1 realizado em 1\u00ba de mar\u00e7o de 2026, envolvendo simultaneamente os munic\u00edpios catarinenses, est\u00e3o abertas. Este ser\u00e1 o segundo simulado geral de prepara\u00e7\u00e3o do Estado, consolidando o maior esfor\u00e7o integrado de treinamento j\u00e1 realizado pela Prote\u00e7\u00e3o e Defesa Civil do pa\u00eds. A a\u00e7\u00e3o &hellip; Inscri\u00e7\u00f5es para segunda edi\u00e7\u00e3o da maior opera\u00e7\u00e3o de prepara\u00e7\u00e3o para desastres de SC est\u00e3o abertas Read More &raquo;","og_url":"https:\/\/sulsc.com\/index.php\/2025\/11\/18\/inscricoes-para-segunda-edicao-da-maior-operacao-de-preparacao-para-desastres-de-sc-estao-abertas\/","article_author":"https:\/\/www.facebook.com\/profile.php?id=61559278119680","article_published_time":"2025-11-18T22:52:58+00:00","og_image":[{"width":2560,"height":1616,"url":"http:\/\/sulsc.com\/wp-content\/uploads\/2025\/11\/1o-Simulado-Gestao-de-desastres-SDC-1292-2-scaled.jpg","type":"image\/jpeg"}],"author":"Reda\u00e7\u00e3o Sul SC","twitter_card":"summary_large_image","twitter_creator":"@https:\/\/twitter.com\/PortalSulSC","twitter_misc":{"Written by":"Reda\u00e7\u00e3o Sul SC","Est. reading time":"2 minutes"},"schema":{"@context":"https:\/\/schema.org","@graph":[{"@type":"WebPage","@id":"https:\/\/sulsc.com\/index.php\/2025\/11\/18\/inscricoes-para-segunda-edicao-da-maior-operacao-de-preparacao-para-desastres-de-sc-estao-abertas\/","url":"https:\/\/sulsc.com\/index.php\/2025\/11\/18\/inscricoes-para-segunda-edicao-da-maior-operacao-de-preparacao-para-desastres-de-sc-estao-abertas\/","name":"Inscri\u00e7\u00f5es para segunda edi\u00e7\u00e3o da maior opera\u00e7\u00e3o de prepara\u00e7\u00e3o para desastres de SC est\u00e3o abertas -","isPartOf":{"@id":"https:\/\/sulsc.com\/#website"},"datePublished":"2025-11-18T22:52:58+00:00","dateModified":"2025-11-18T22:52:58+00:00","author":{"@id":"https:\/\/sulsc.com\/#\/schema\/person\/84d2fc571684f6248ba83092f07750a3"},"breadcrumb":{"@id":"https:\/\/sulsc.com\/index.php\/2025\/11\/18\/inscricoes-para-segunda-edicao-da-maior-operacao-de-preparacao-para-desastres-de-sc-estao-abertas\/#breadcrumb"},"inLanguage":"en-US","potentialAction":[{"@type":"ReadAction","target":["https:\/\/sulsc.com\/index.php\/2025\/11\/18\/inscricoes-para-segunda-edicao-da-maior-operacao-de-preparacao-para-desastres-de-sc-estao-abertas\/"]}]},{"@type":"BreadcrumbList","@id":"https:\/\/sulsc.com\/index.php\/2025\/11\/18\/inscricoes-para-segunda-edicao-da-maior-operacao-de-preparacao-para-desastres-de-sc-estao-abertas\/#breadcrumb","itemListElement":[{"@type":"ListItem","position":1,"name":"In\u00edcio","item":"https:\/\/sulsc.com\/"},{"@type":"ListItem","position":2,"name":"Inscri\u00e7\u00f5es para segunda edi\u00e7\u00e3o da maior opera\u00e7\u00e3o de prepara\u00e7\u00e3o para desastres de SC est\u00e3o abertas"}]},{"@type":"WebSite","@id":"https:\/\/sulsc.com\/#website","url":"https:\/\/sulsc.com\/","name":"","description":"","potentialAction":[{"@type":"SearchAction","target":{"@type":"EntryPoint","urlTemplate":"https:\/\/sulsc.com\/?s={search_term_string}"},"query-input":"required name=search_term_string"}],"inLanguage":"en-US"},{"@type":"Person","@id":"https:\/\/sulsc.com\/#\/schema\/person\/84d2fc571684f6248ba83092f07750a3","name":"Reda\u00e7\u00e3o Sul SC","image":{"@type":"ImageObject","inLanguage":"en-US","@id":"https:\/\/sulsc.com\/#\/schema\/person\/image\/e08d7fe2cc4ed596372063bbe852b8d0","url":"https:\/\/sulsc.com\/wp-content\/uploads\/2023\/09\/redacao.png","contentUrl":"https:\/\/sulsc.com\/wp-content\/uploads\/2023\/09\/redacao.png","caption":"Reda\u00e7\u00e3o Sul SC"},"description":"Foco em um jornalismo imparcial, voltado \u00e0 qualidade dos seus conte\u00fados e, assim, levar informa\u00e7\u00e3o de valor que agregue \u00e0 vida dos leitores. Esta \u00e9 grande miss\u00e3o do Portal de Not\u00edcias Sul SC. N\u00e3o \u00e9 quantidade que muda o mundo, sempre foi e seguir\u00e1 sendo qualidade!","sameAs":["https:\/\/sulsc.com\/","https:\/\/www.facebook.com\/profile.php?id=61559278119680","https:\/\/www.instagram.com\/sulscportal\/?hl=pt-br","https:\/\/twitter.com\/https:\/\/twitter.com\/PortalSulSC","https:\/\/www.youtube.com\/channel\/UCv_BE8GeySluDov2n8qhVmw"],"url":"https:\/\/sulsc.com\/index.php\/author\/redacao\/"}]}},"authors":[],"_links":{"self":[{"href":"https:\/\/sulsc.com\/index.php\/wp-json\/wp\/v2\/posts\/29848"}],"collection":[{"href":"https:\/\/sulsc.com\/index.php\/wp-json\/wp\/v2\/posts"}],"about":[{"href":"https:\/\/sulsc.com\/index.php\/wp-json\/wp\/v2\/types\/post"}],"author":[{"embeddable":true,"href":"https:\/\/sulsc.com\/index.php\/wp-json\/wp\/v2\/users\/3"}],"replies":[{"embeddable":true,"href":"https:\/\/sulsc.com\/index.php\/wp-json\/wp\/v2\/comments?post=29848"}],"version-history":[{"count":1,"href":"https:\/\/sulsc.com\/index.php\/wp-json\/wp\/v2\/posts\/29848\/revisions"}],"predecessor-version":[{"id":29850,"href":"https:\/\/sulsc.com\/index.php\/wp-json\/wp\/v2\/posts\/29848\/revisions\/29850"}],"wp:featuredmedia":[{"embeddable":true,"href":"https:\/\/sulsc.com\/index.php\/wp-json\/wp\/v2\/media\/29849"}],"wp:attachment":[{"href":"https:\/\/sulsc.com\/index.php\/wp-json\/wp\/v2\/media?parent=29848"}],"wp:term":[{"taxonomy":"category","embeddable":true,"href":"https:\/\/sulsc.com\/index.php\/wp-json\/wp\/v2\/categories?post=29848"},{"taxonomy":"post_tag","embeddable":true,"href":"https:\/\/sulsc.com\/index.php\/wp-json\/wp\/v2\/tags?post=29848"}],"curies":[{"name":"wp","href":"https:\/\/api.w.org\/{rel}","templated":true}]}}